{"id":1972,"date":"2023-10-06T17:10:50","date_gmt":"2023-10-06T20:10:50","guid":{"rendered":"https:\/\/sulsc.com\/?p=1972"},"modified":"2023-10-06T17:04:25","modified_gmt":"2023-10-06T20:04:25","slug":"mais-familias-de-tubarao-podem-ser-beneficiadas-com-a-tarifa-residencial-social-da-agua","status":"publish","type":"post","link":"https:\/\/sulsc.com\/index.php\/2023\/10\/06\/mais-familias-de-tubarao-podem-ser-beneficiadas-com-a-tarifa-residencial-social-da-agua\/","title":{"rendered":"Mais fam\u00edlias de Tubar\u00e3o podem ser beneficiadas com a Tarifa Residencial Social da \u00c1gua"},"content":{"rendered":"<p>As fam\u00edlias de Tubar\u00e3o inscritas no Cadastro \u00danico para Programas Sociais do Governo Federal (CAD\u00danico) e que se enquadram em outros requisitos especificados por Lei podem ter direito a desconto na fatura de \u00e1gua por meio da Tarifa Residencial Social. Para a tarifa m\u00ednima de \u00e1gua de 10 metros c\u00fabicos mensais, por exemplo, a conta tem uma redu\u00e7\u00e3o de R$ 45,94 para R$ 8,49.<\/p>\n<p>O benef\u00edcio \u00e9 regulamentado pela Resolu\u00e7\u00e3o n\u00ba 036, de 4 de maio de 2023, e ainda \u00e9 pouco conhecido pelos usu\u00e1rios. Atualmente, 592 fam\u00edlias t\u00eam acesso ao benef\u00edcio, cerca de 2% das economias residenciais com \u00e1gua dispon\u00edvel. Como 4% da popula\u00e7\u00e3o abastecida tem esse direito, quase 600 fam\u00edlias ainda podem requerer.<\/p>\n<p>Para se candidatar, al\u00e9m do CAD\u00danico, \u00e9 necess\u00e1rio tamb\u00e9m residir em im\u00f3vel de uso exclusivamente residencial e o consumo m\u00e9dio mensal dos \u00faltimos 12 meses deve ter sido igual ou inferior a 20 metros c\u00fabicos por m\u00eas. A Tarifa Social \u00e9 v\u00e1lida pelo per\u00edodo de 24 meses, com possibilidade de novos pedidos de inclus\u00e3o.<\/p>\n<p>\u201cCaso o usu\u00e1rio n\u00e3o se enquadre somente na quest\u00e3o do consumo m\u00e1ximo permitido, poder\u00e1 ser concedido o desconto por um per\u00edodo de seis meses, em car\u00e1ter provis\u00f3rio, condicionado \u00e0 ado\u00e7\u00e3o pelo usu\u00e1rio de h\u00e1bitos econ\u00f4micos visando a redu\u00e7\u00e3o do consumo e o seu enquadramento\u201d, explica a Superintendente Geral interina da AGR TB, Madelon Peters.<\/p>\n<p>Em casos excepcionais, em raz\u00e3o de condi\u00e7\u00e3o de sa\u00fade que leve a um consumo maior, \u00e9 dispensada a obrigatoriedade de gasto m\u00e1ximo de 20 metros c\u00fabicos, mediante comprova\u00e7\u00e3o. Os interessados em solicitar a Tarifa Social devem procurar a Funda\u00e7\u00e3o Municipal de Desenvolvimento Social.<\/p>\n<p>&nbsp;<\/p>\n<p>Fonte: Hora Hiper<\/p>\n","protected":false},"excerpt":{"rendered":"<p>As fam\u00edlias de Tubar\u00e3o inscritas no Cadastro \u00danico para Programas Sociais do Governo Federal (CAD\u00danico) e que se enquadram em outros requisitos especificados por Lei podem ter direito a desconto na fatura de \u00e1gua por meio da Tarifa Residencial Social. Para a tarifa m\u00ednima de \u00e1gua de 10 metros c\u00fabicos mensais, por exemplo, a conta &hellip;<\/p>\n<p class=\"read-more\"> <a class=\"\" href=\"https:\/\/sulsc.com\/index.php\/2023\/10\/06\/mais-familias-de-tubarao-podem-ser-beneficiadas-com-a-tarifa-residencial-social-da-agua\/\"> <span class=\"screen-reader-text\">Mais fam\u00edlias de Tubar\u00e3o podem ser beneficiadas com a Tarifa Residencial Social da \u00c1gua<\/span> Read More &raquo;<\/a><\/p>\n","protected":false},"author":3,"featured_media":1973,"comment_status":"open","ping_status":"open","sticky":false,"template":"","format":"standard","meta":{"site-sidebar-layout":"default","site-content-layout":"","ast-site-content-layout":"default","site-content-style":"default","site-sidebar-style":"default","ast-global-header-display":"","ast-banner-title-visibility":"","ast-main-header-display":"","ast-hfb-above-header-display":"","ast-hfb-below-header-display":"","ast-hfb-mobile-header-display":"","site-post-title":"","ast-breadcrumbs-content":"","ast-featured-img":"","footer-sml-layout":"","theme-transparent-header-meta":"default","adv-header-id-meta":"","stick-header-meta":"","header-above-stick-meta":"","header-main-stick-meta":"","header-below-stick-meta":"","astra-migrate-meta-layouts":"set","footnotes":""},"categories":[1],"tags":[],"yoast_head":"<!-- This site is optimized with the Yoast SEO plugin v21.4 - https:\/\/yoast.com\/wordpress\/plugins\/seo\/ -->\n<title>Mais fam\u00edlias de Tubar\u00e3o podem ser beneficiadas com a Tarifa Residencial Social da \u00c1gua -<\/title>\n<meta name=\"robots\" content=\"index, follow, max-snippet:-1, max-image-preview:large, max-video-preview:-1\" \/>\n<link rel=\"canonical\" href=\"https:\/\/sulsc.com\/index.php\/2023\/10\/06\/mais-familias-de-tubarao-podem-ser-beneficiadas-com-a-tarifa-residencial-social-da-agua\/\" \/>\n<meta property=\"og:locale\" content=\"en_US\" \/>\n<meta property=\"og:type\" content=\"article\" \/>\n<meta property=\"og:title\" content=\"Mais fam\u00edlias de Tubar\u00e3o podem ser beneficiadas com a Tarifa Residencial Social da \u00c1gua -\" \/>\n<meta property=\"og:description\" content=\"As fam\u00edlias de Tubar\u00e3o inscritas no Cadastro \u00danico para Programas Sociais do Governo Federal (CAD\u00danico) e que se enquadram em outros requisitos especificados por Lei podem ter direito a desconto na fatura de \u00e1gua por meio da Tarifa Residencial Social. Para a tarifa m\u00ednima de \u00e1gua de 10 metros c\u00fabicos mensais, por exemplo, a conta &hellip; Mais fam\u00edlias de Tubar\u00e3o podem ser beneficiadas com a Tarifa Residencial Social da \u00c1gua Read More &raquo;\" \/>\n<meta property=\"og:url\" content=\"https:\/\/sulsc.com\/index.php\/2023\/10\/06\/mais-familias-de-tubarao-podem-ser-beneficiadas-com-a-tarifa-residencial-social-da-agua\/\" \/>\n<meta property=\"article:author\" content=\"https:\/\/www.facebook.com\/profile.php?id=61559278119680\" \/>\n<meta property=\"article:published_time\" content=\"2023-10-06T20:10:50+00:00\" \/>\n<meta property=\"article:modified_time\" content=\"2023-10-06T20:04:25+00:00\" \/>\n<meta property=\"og:image\" content=\"https:\/\/sulsc.com\/wp-content\/uploads\/2023\/10\/copo-com-agua.jpg\" \/>\n\t<meta property=\"og:image:width\" content=\"700\" \/>\n\t<meta property=\"og:image:height\" content=\"550\" \/>\n\t<meta property=\"og:image:type\" content=\"image\/jpeg\" \/>\n<meta name=\"author\" content=\"Reda\u00e7\u00e3o Sul SC\" \/>\n<meta name=\"twitter:card\" content=\"summary_large_image\" \/>\n<meta name=\"twitter:creator\" content=\"@https:\/\/twitter.com\/PortalSulSC\" \/>\n<meta name=\"twitter:label1\" content=\"Written by\" \/>\n\t<meta name=\"twitter:data1\" content=\"Reda\u00e7\u00e3o Sul SC\" \/>\n\t<meta name=\"twitter:label2\" content=\"Est. reading time\" \/>\n\t<meta name=\"twitter:data2\" content=\"1 minute\" \/>\n<script type=\"application\/ld+json\" class=\"yoast-schema-graph\">{\"@context\":\"https:\/\/schema.org\",\"@graph\":[{\"@type\":\"WebPage\",\"@id\":\"https:\/\/sulsc.com\/index.php\/2023\/10\/06\/mais-familias-de-tubarao-podem-ser-beneficiadas-com-a-tarifa-residencial-social-da-agua\/\",\"url\":\"https:\/\/sulsc.com\/index.php\/2023\/10\/06\/mais-familias-de-tubarao-podem-ser-beneficiadas-com-a-tarifa-residencial-social-da-agua\/\",\"name\":\"Mais fam\u00edlias de Tubar\u00e3o podem ser beneficiadas com a Tarifa Residencial Social da \u00c1gua -\",\"isPartOf\":{\"@id\":\"https:\/\/sulsc.com\/#website\"},\"datePublished\":\"2023-10-06T20:10:50+00:00\",\"dateModified\":\"2023-10-06T20:04:25+00:00\",\"author\":{\"@id\":\"https:\/\/sulsc.com\/#\/schema\/person\/84d2fc571684f6248ba83092f07750a3\"},\"breadcrumb\":{\"@id\":\"https:\/\/sulsc.com\/index.php\/2023\/10\/06\/mais-familias-de-tubarao-podem-ser-beneficiadas-com-a-tarifa-residencial-social-da-agua\/#breadcrumb\"},\"inLanguage\":\"en-US\",\"potentialAction\":[{\"@type\":\"ReadAction\",\"target\":[\"https:\/\/sulsc.com\/index.php\/2023\/10\/06\/mais-familias-de-tubarao-podem-ser-beneficiadas-com-a-tarifa-residencial-social-da-agua\/\"]}]},{\"@type\":\"BreadcrumbList\",\"@id\":\"https:\/\/sulsc.com\/index.php\/2023\/10\/06\/mais-familias-de-tubarao-podem-ser-beneficiadas-com-a-tarifa-residencial-social-da-agua\/#breadcrumb\",\"itemListElement\":[{\"@type\":\"ListItem\",\"position\":1,\"name\":\"In\u00edcio\",\"item\":\"https:\/\/sulsc.com\/\"},{\"@type\":\"ListItem\",\"position\":2,\"name\":\"Mais fam\u00edlias de Tubar\u00e3o podem ser beneficiadas com a Tarifa Residencial Social da \u00c1gua\"}]},{\"@type\":\"WebSite\",\"@id\":\"https:\/\/sulsc.com\/#website\",\"url\":\"https:\/\/sulsc.com\/\",\"name\":\"\",\"description\":\"\",\"potentialAction\":[{\"@type\":\"SearchAction\",\"target\":{\"@type\":\"EntryPoint\",\"urlTemplate\":\"https:\/\/sulsc.com\/?s={search_term_string}\"},\"query-input\":\"required name=search_term_string\"}],\"inLanguage\":\"en-US\"},{\"@type\":\"Person\",\"@id\":\"https:\/\/sulsc.com\/#\/schema\/person\/84d2fc571684f6248ba83092f07750a3\",\"name\":\"Reda\u00e7\u00e3o Sul SC\",\"image\":{\"@type\":\"ImageObject\",\"inLanguage\":\"en-US\",\"@id\":\"https:\/\/sulsc.com\/#\/schema\/person\/image\/e08d7fe2cc4ed596372063bbe852b8d0\",\"url\":\"https:\/\/sulsc.com\/wp-content\/uploads\/2023\/09\/redacao.png\",\"contentUrl\":\"https:\/\/sulsc.com\/wp-content\/uploads\/2023\/09\/redacao.png\",\"caption\":\"Reda\u00e7\u00e3o Sul SC\"},\"description\":\"Foco em um jornalismo imparcial, voltado \u00e0 qualidade dos seus conte\u00fados e, assim, levar informa\u00e7\u00e3o de valor que agregue \u00e0 vida dos leitores. Esta \u00e9 grande miss\u00e3o do Portal de Not\u00edcias Sul SC. N\u00e3o \u00e9 quantidade que muda o mundo, sempre foi e seguir\u00e1 sendo qualidade!\",\"sameAs\":[\"https:\/\/sulsc.com\/\",\"https:\/\/www.facebook.com\/profile.php?id=61559278119680\",\"https:\/\/www.instagram.com\/sulscportal\/?hl=pt-br\",\"https:\/\/twitter.com\/https:\/\/twitter.com\/PortalSulSC\",\"https:\/\/www.youtube.com\/channel\/UCv_BE8GeySluDov2n8qhVmw\"],\"url\":\"https:\/\/sulsc.com\/index.php\/author\/redacao\/\"}]}<\/script>\n<!-- \/ Yoast SEO plugin. -->","yoast_head_json":{"title":"Mais fam\u00edlias de Tubar\u00e3o podem ser beneficiadas com a Tarifa Residencial Social da \u00c1gua -","robots":{"index":"index","follow":"follow","max-snippet":"max-snippet:-1","max-image-preview":"max-image-preview:large","max-video-preview":"max-video-preview:-1"},"canonical":"https:\/\/sulsc.com\/index.php\/2023\/10\/06\/mais-familias-de-tubarao-podem-ser-beneficiadas-com-a-tarifa-residencial-social-da-agua\/","og_locale":"en_US","og_type":"article","og_title":"Mais fam\u00edlias de Tubar\u00e3o podem ser beneficiadas com a Tarifa Residencial Social da \u00c1gua -","og_description":"As fam\u00edlias de Tubar\u00e3o inscritas no Cadastro \u00danico para Programas Sociais do Governo Federal (CAD\u00danico) e que se enquadram em outros requisitos especificados por Lei podem ter direito a desconto na fatura de \u00e1gua por meio da Tarifa Residencial Social. Para a tarifa m\u00ednima de \u00e1gua de 10 metros c\u00fabicos mensais, por exemplo, a conta &hellip; Mais fam\u00edlias de Tubar\u00e3o podem ser beneficiadas com a Tarifa Residencial Social da \u00c1gua Read More &raquo;","og_url":"https:\/\/sulsc.com\/index.php\/2023\/10\/06\/mais-familias-de-tubarao-podem-ser-beneficiadas-com-a-tarifa-residencial-social-da-agua\/","article_author":"https:\/\/www.facebook.com\/profile.php?id=61559278119680","article_published_time":"2023-10-06T20:10:50+00:00","article_modified_time":"2023-10-06T20:04:25+00:00","og_image":[{"width":700,"height":550,"url":"https:\/\/sulsc.com\/wp-content\/uploads\/2023\/10\/copo-com-agua.jpg","type":"image\/jpeg"}],"author":"Reda\u00e7\u00e3o Sul SC","twitter_card":"summary_large_image","twitter_creator":"@https:\/\/twitter.com\/PortalSulSC","twitter_misc":{"Written by":"Reda\u00e7\u00e3o Sul SC","Est. reading time":"1 minute"},"schema":{"@context":"https:\/\/schema.org","@graph":[{"@type":"WebPage","@id":"https:\/\/sulsc.com\/index.php\/2023\/10\/06\/mais-familias-de-tubarao-podem-ser-beneficiadas-com-a-tarifa-residencial-social-da-agua\/","url":"https:\/\/sulsc.com\/index.php\/2023\/10\/06\/mais-familias-de-tubarao-podem-ser-beneficiadas-com-a-tarifa-residencial-social-da-agua\/","name":"Mais fam\u00edlias de Tubar\u00e3o podem ser beneficiadas com a Tarifa Residencial Social da \u00c1gua -","isPartOf":{"@id":"https:\/\/sulsc.com\/#website"},"datePublished":"2023-10-06T20:10:50+00:00","dateModified":"2023-10-06T20:04:25+00:00","author":{"@id":"https:\/\/sulsc.com\/#\/schema\/person\/84d2fc571684f6248ba83092f07750a3"},"breadcrumb":{"@id":"https:\/\/sulsc.com\/index.php\/2023\/10\/06\/mais-familias-de-tubarao-podem-ser-beneficiadas-com-a-tarifa-residencial-social-da-agua\/#breadcrumb"},"inLanguage":"en-US","potentialAction":[{"@type":"ReadAction","target":["https:\/\/sulsc.com\/index.php\/2023\/10\/06\/mais-familias-de-tubarao-podem-ser-beneficiadas-com-a-tarifa-residencial-social-da-agua\/"]}]},{"@type":"BreadcrumbList","@id":"https:\/\/sulsc.com\/index.php\/2023\/10\/06\/mais-familias-de-tubarao-podem-ser-beneficiadas-com-a-tarifa-residencial-social-da-agua\/#breadcrumb","itemListElement":[{"@type":"ListItem","position":1,"name":"In\u00edcio","item":"https:\/\/sulsc.com\/"},{"@type":"ListItem","position":2,"name":"Mais fam\u00edlias de Tubar\u00e3o podem ser beneficiadas com a Tarifa Residencial Social da \u00c1gua"}]},{"@type":"WebSite","@id":"https:\/\/sulsc.com\/#website","url":"https:\/\/sulsc.com\/","name":"","description":"","potentialAction":[{"@type":"SearchAction","target":{"@type":"EntryPoint","urlTemplate":"https:\/\/sulsc.com\/?s={search_term_string}"},"query-input":"required name=search_term_string"}],"inLanguage":"en-US"},{"@type":"Person","@id":"https:\/\/sulsc.com\/#\/schema\/person\/84d2fc571684f6248ba83092f07750a3","name":"Reda\u00e7\u00e3o Sul SC","image":{"@type":"ImageObject","inLanguage":"en-US","@id":"https:\/\/sulsc.com\/#\/schema\/person\/image\/e08d7fe2cc4ed596372063bbe852b8d0","url":"https:\/\/sulsc.com\/wp-content\/uploads\/2023\/09\/redacao.png","contentUrl":"https:\/\/sulsc.com\/wp-content\/uploads\/2023\/09\/redacao.png","caption":"Reda\u00e7\u00e3o Sul SC"},"description":"Foco em um jornalismo imparcial, voltado \u00e0 qualidade dos seus conte\u00fados e, assim, levar informa\u00e7\u00e3o de valor que agregue \u00e0 vida dos leitores. Esta \u00e9 grande miss\u00e3o do Portal de Not\u00edcias Sul SC. N\u00e3o \u00e9 quantidade que muda o mundo, sempre foi e seguir\u00e1 sendo qualidade!","sameAs":["https:\/\/sulsc.com\/","https:\/\/www.facebook.com\/profile.php?id=61559278119680","https:\/\/www.instagram.com\/sulscportal\/?hl=pt-br","https:\/\/twitter.com\/https:\/\/twitter.com\/PortalSulSC","https:\/\/www.youtube.com\/channel\/UCv_BE8GeySluDov2n8qhVmw"],"url":"https:\/\/sulsc.com\/index.php\/author\/redacao\/"}]}},"authors":[],"_links":{"self":[{"href":"https:\/\/sulsc.com\/index.php\/wp-json\/wp\/v2\/posts\/1972"}],"collection":[{"href":"https:\/\/sulsc.com\/index.php\/wp-json\/wp\/v2\/posts"}],"about":[{"href":"https:\/\/sulsc.com\/index.php\/wp-json\/wp\/v2\/types\/post"}],"author":[{"embeddable":true,"href":"https:\/\/sulsc.com\/index.php\/wp-json\/wp\/v2\/users\/3"}],"replies":[{"embeddable":true,"href":"https:\/\/sulsc.com\/index.php\/wp-json\/wp\/v2\/comments?post=1972"}],"version-history":[{"count":1,"href":"https:\/\/sulsc.com\/index.php\/wp-json\/wp\/v2\/posts\/1972\/revisions"}],"predecessor-version":[{"id":1974,"href":"https:\/\/sulsc.com\/index.php\/wp-json\/wp\/v2\/posts\/1972\/revisions\/1974"}],"wp:featuredmedia":[{"embeddable":true,"href":"https:\/\/sulsc.com\/index.php\/wp-json\/wp\/v2\/media\/1973"}],"wp:attachment":[{"href":"https:\/\/sulsc.com\/index.php\/wp-json\/wp\/v2\/media?parent=1972"}],"wp:term":[{"taxonomy":"category","embeddable":true,"href":"https:\/\/sulsc.com\/index.php\/wp-json\/wp\/v2\/categories?post=1972"},{"taxonomy":"post_tag","embeddable":true,"href":"https:\/\/sulsc.com\/index.php\/wp-json\/wp\/v2\/tags?post=1972"}],"curies":[{"name":"wp","href":"https:\/\/api.w.org\/{rel}","templated":true}]}}