{"id":19771,"date":"2025-01-30T08:15:51","date_gmt":"2025-01-30T11:15:51","guid":{"rendered":"https:\/\/sulsc.com\/?p=19771"},"modified":"2025-01-30T08:15:51","modified_gmt":"2025-01-30T11:15:51","slug":"tempo-segue-instavel-em-santa-catarina","status":"publish","type":"post","link":"https:\/\/sulsc.com\/index.php\/2025\/01\/30\/tempo-segue-instavel-em-santa-catarina\/","title":{"rendered":"Tempo segue inst\u00e1vel em Santa Catarina"},"content":{"rendered":"<p data-sourcepos=\"7:1-7:273\">A quinta-feira (30) em Santa Catarina exige aten\u00e7\u00e3o redobrada devido \u00e0 previs\u00e3o de tempo inst\u00e1vel em todo o estado. O dia come\u00e7a com nebulosidade e possibilidade de chuvas fracas no leste, especialmente no Litoral Sul, por causa da circula\u00e7\u00e3o mar\u00edtima.<\/p>\n<p data-sourcepos=\"9:1-9:239\">Nas demais regi\u00f5es, o sol aparece entre nuvens pela manh\u00e3. No entanto, a partir do final da manh\u00e3 e, principalmente, entre a tarde e a noite, a combina\u00e7\u00e3o de calor, umidade e instabilidade atmosf\u00e9rica aumenta o risco de temporais isolados.<\/p>\n<p data-sourcepos=\"11:1-11:265\">A previs\u00e3o indica chuva pontualmente intensa, fortes rajadas de vento e granizo, especialmente entre o Grande Oeste, Planaltos e Vale do Itaja\u00ed. H\u00e1 risco moderado a alto para alagamentos e enxurradas, e baixo a moderado para destelhamentos e danos na rede el\u00e9trica.<\/p>\n<p data-sourcepos=\"11:1-11:265\"><img fetchpriority=\"high\" decoding=\"async\" class=\"aligncenter  wp-image-19737\" src=\"http:\/\/sulsc.com\/wp-content\/uploads\/2025\/01\/unnamed-3.png\" alt=\"\" width=\"362\" height=\"248\" srcset=\"https:\/\/sulsc.com\/wp-content\/uploads\/2025\/01\/unnamed-3.png 879w, https:\/\/sulsc.com\/wp-content\/uploads\/2025\/01\/unnamed-3-300x205.png 300w, https:\/\/sulsc.com\/wp-content\/uploads\/2025\/01\/unnamed-3-768x526.png 768w\" sizes=\"(max-width: 362px) 100vw, 362px\" \/><\/p>\n<p data-sourcepos=\"13:1-13:134\">No Litoral Sul e Norte, a chuva deve ser persistente e, por vezes, mais intensa, principalmente nas \u00e1reas de encosta pr\u00f3ximas \u00e0 Serra.<\/p>\n","protected":false},"excerpt":{"rendered":"<p>A quinta-feira (30) em Santa Catarina exige aten\u00e7\u00e3o redobrada devido \u00e0 previs\u00e3o de tempo inst\u00e1vel em todo o estado. O dia come\u00e7a com nebulosidade e possibilidade de chuvas fracas no leste, especialmente no Litoral Sul, por causa da circula\u00e7\u00e3o mar\u00edtima. Nas demais regi\u00f5es, o sol aparece entre nuvens pela manh\u00e3. No entanto, a partir do &hellip;<\/p>\n<p class=\"read-more\"> <a class=\"\" href=\"https:\/\/sulsc.com\/index.php\/2025\/01\/30\/tempo-segue-instavel-em-santa-catarina\/\"> <span class=\"screen-reader-text\">Tempo segue inst\u00e1vel em Santa Catarina<\/span> Read More &raquo;<\/a><\/p>\n","protected":false},"author":3,"featured_media":19737,"comment_status":"open","ping_status":"open","sticky":false,"template":"","format":"standard","meta":{"site-sidebar-layout":"default","site-content-layout":"","ast-site-content-layout":"default","site-content-style":"default","site-sidebar-style":"default","ast-global-header-display":"","ast-banner-title-visibility":"","ast-main-header-display":"","ast-hfb-above-header-display":"","ast-hfb-below-header-display":"","ast-hfb-mobile-header-display":"","site-post-title":"","ast-breadcrumbs-content":"","ast-featured-img":"","footer-sml-layout":"","theme-transparent-header-meta":"default","adv-header-id-meta":"","stick-header-meta":"","header-above-stick-meta":"","header-main-stick-meta":"","header-below-stick-meta":"","astra-migrate-meta-layouts":"set","footnotes":""},"categories":[38],"tags":[],"yoast_head":"<!-- This site is optimized with the Yoast SEO plugin v21.4 - https:\/\/yoast.com\/wordpress\/plugins\/seo\/ -->\n<title>Tempo segue inst\u00e1vel em Santa Catarina -<\/title>\n<meta name=\"robots\" content=\"index, follow, max-snippet:-1, max-image-preview:large, max-video-preview:-1\" \/>\n<link rel=\"canonical\" href=\"https:\/\/sulsc.com\/index.php\/2025\/01\/30\/tempo-segue-instavel-em-santa-catarina\/\" \/>\n<meta property=\"og:locale\" content=\"en_US\" \/>\n<meta property=\"og:type\" content=\"article\" \/>\n<meta property=\"og:title\" content=\"Tempo segue inst\u00e1vel em Santa Catarina -\" \/>\n<meta property=\"og:description\" content=\"A quinta-feira (30) em Santa Catarina exige aten\u00e7\u00e3o redobrada devido \u00e0 previs\u00e3o de tempo inst\u00e1vel em todo o estado. O dia come\u00e7a com nebulosidade e possibilidade de chuvas fracas no leste, especialmente no Litoral Sul, por causa da circula\u00e7\u00e3o mar\u00edtima. Nas demais regi\u00f5es, o sol aparece entre nuvens pela manh\u00e3. No entanto, a partir do &hellip; Tempo segue inst\u00e1vel em Santa Catarina Read More &raquo;\" \/>\n<meta property=\"og:url\" content=\"https:\/\/sulsc.com\/index.php\/2025\/01\/30\/tempo-segue-instavel-em-santa-catarina\/\" \/>\n<meta property=\"article:author\" content=\"https:\/\/www.facebook.com\/profile.php?id=61559278119680\" \/>\n<meta property=\"article:published_time\" content=\"2025-01-30T11:15:51+00:00\" \/>\n<meta property=\"og:image\" content=\"http:\/\/sulsc.com\/wp-content\/uploads\/2025\/01\/unnamed-3.png\" \/>\n\t<meta property=\"og:image:width\" content=\"879\" \/>\n\t<meta property=\"og:image:height\" content=\"602\" \/>\n\t<meta property=\"og:image:type\" content=\"image\/png\" \/>\n<meta name=\"author\" content=\"Reda\u00e7\u00e3o Sul SC\" \/>\n<meta name=\"twitter:card\" content=\"summary_large_image\" \/>\n<meta name=\"twitter:creator\" content=\"@https:\/\/twitter.com\/PortalSulSC\" \/>\n<meta name=\"twitter:label1\" content=\"Written by\" \/>\n\t<meta name=\"twitter:data1\" content=\"Reda\u00e7\u00e3o Sul SC\" \/>\n\t<meta name=\"twitter:label2\" content=\"Est. reading time\" \/>\n\t<meta name=\"twitter:data2\" content=\"1 minute\" \/>\n<script type=\"application\/ld+json\" class=\"yoast-schema-graph\">{\"@context\":\"https:\/\/schema.org\",\"@graph\":[{\"@type\":\"WebPage\",\"@id\":\"https:\/\/sulsc.com\/index.php\/2025\/01\/30\/tempo-segue-instavel-em-santa-catarina\/\",\"url\":\"https:\/\/sulsc.com\/index.php\/2025\/01\/30\/tempo-segue-instavel-em-santa-catarina\/\",\"name\":\"Tempo segue inst\u00e1vel em Santa Catarina -\",\"isPartOf\":{\"@id\":\"https:\/\/sulsc.com\/#website\"},\"datePublished\":\"2025-01-30T11:15:51+00:00\",\"dateModified\":\"2025-01-30T11:15:51+00:00\",\"author\":{\"@id\":\"https:\/\/sulsc.com\/#\/schema\/person\/84d2fc571684f6248ba83092f07750a3\"},\"breadcrumb\":{\"@id\":\"https:\/\/sulsc.com\/index.php\/2025\/01\/30\/tempo-segue-instavel-em-santa-catarina\/#breadcrumb\"},\"inLanguage\":\"en-US\",\"potentialAction\":[{\"@type\":\"ReadAction\",\"target\":[\"https:\/\/sulsc.com\/index.php\/2025\/01\/30\/tempo-segue-instavel-em-santa-catarina\/\"]}]},{\"@type\":\"BreadcrumbList\",\"@id\":\"https:\/\/sulsc.com\/index.php\/2025\/01\/30\/tempo-segue-instavel-em-santa-catarina\/#breadcrumb\",\"itemListElement\":[{\"@type\":\"ListItem\",\"position\":1,\"name\":\"In\u00edcio\",\"item\":\"https:\/\/sulsc.com\/\"},{\"@type\":\"ListItem\",\"position\":2,\"name\":\"Tempo segue inst\u00e1vel em Santa Catarina\"}]},{\"@type\":\"WebSite\",\"@id\":\"https:\/\/sulsc.com\/#website\",\"url\":\"https:\/\/sulsc.com\/\",\"name\":\"\",\"description\":\"\",\"potentialAction\":[{\"@type\":\"SearchAction\",\"target\":{\"@type\":\"EntryPoint\",\"urlTemplate\":\"https:\/\/sulsc.com\/?s={search_term_string}\"},\"query-input\":\"required name=search_term_string\"}],\"inLanguage\":\"en-US\"},{\"@type\":\"Person\",\"@id\":\"https:\/\/sulsc.com\/#\/schema\/person\/84d2fc571684f6248ba83092f07750a3\",\"name\":\"Reda\u00e7\u00e3o Sul SC\",\"image\":{\"@type\":\"ImageObject\",\"inLanguage\":\"en-US\",\"@id\":\"https:\/\/sulsc.com\/#\/schema\/person\/image\/e08d7fe2cc4ed596372063bbe852b8d0\",\"url\":\"https:\/\/sulsc.com\/wp-content\/uploads\/2023\/09\/redacao.png\",\"contentUrl\":\"https:\/\/sulsc.com\/wp-content\/uploads\/2023\/09\/redacao.png\",\"caption\":\"Reda\u00e7\u00e3o Sul SC\"},\"description\":\"Foco em um jornalismo imparcial, voltado \u00e0 qualidade dos seus conte\u00fados e, assim, levar informa\u00e7\u00e3o de valor que agregue \u00e0 vida dos leitores. Esta \u00e9 grande miss\u00e3o do Portal de Not\u00edcias Sul SC. N\u00e3o \u00e9 quantidade que muda o mundo, sempre foi e seguir\u00e1 sendo qualidade!\",\"sameAs\":[\"https:\/\/sulsc.com\/\",\"https:\/\/www.facebook.com\/profile.php?id=61559278119680\",\"https:\/\/www.instagram.com\/sulscportal\/?hl=pt-br\",\"https:\/\/twitter.com\/https:\/\/twitter.com\/PortalSulSC\",\"https:\/\/www.youtube.com\/channel\/UCv_BE8GeySluDov2n8qhVmw\"],\"url\":\"https:\/\/sulsc.com\/index.php\/author\/redacao\/\"}]}<\/script>\n<!-- \/ Yoast SEO plugin. -->","yoast_head_json":{"title":"Tempo segue inst\u00e1vel em Santa Catarina -","robots":{"index":"index","follow":"follow","max-snippet":"max-snippet:-1","max-image-preview":"max-image-preview:large","max-video-preview":"max-video-preview:-1"},"canonical":"https:\/\/sulsc.com\/index.php\/2025\/01\/30\/tempo-segue-instavel-em-santa-catarina\/","og_locale":"en_US","og_type":"article","og_title":"Tempo segue inst\u00e1vel em Santa Catarina -","og_description":"A quinta-feira (30) em Santa Catarina exige aten\u00e7\u00e3o redobrada devido \u00e0 previs\u00e3o de tempo inst\u00e1vel em todo o estado. O dia come\u00e7a com nebulosidade e possibilidade de chuvas fracas no leste, especialmente no Litoral Sul, por causa da circula\u00e7\u00e3o mar\u00edtima. Nas demais regi\u00f5es, o sol aparece entre nuvens pela manh\u00e3. No entanto, a partir do &hellip; Tempo segue inst\u00e1vel em Santa Catarina Read More &raquo;","og_url":"https:\/\/sulsc.com\/index.php\/2025\/01\/30\/tempo-segue-instavel-em-santa-catarina\/","article_author":"https:\/\/www.facebook.com\/profile.php?id=61559278119680","article_published_time":"2025-01-30T11:15:51+00:00","og_image":[{"width":879,"height":602,"url":"http:\/\/sulsc.com\/wp-content\/uploads\/2025\/01\/unnamed-3.png","type":"image\/png"}],"author":"Reda\u00e7\u00e3o Sul SC","twitter_card":"summary_large_image","twitter_creator":"@https:\/\/twitter.com\/PortalSulSC","twitter_misc":{"Written by":"Reda\u00e7\u00e3o Sul SC","Est. reading time":"1 minute"},"schema":{"@context":"https:\/\/schema.org","@graph":[{"@type":"WebPage","@id":"https:\/\/sulsc.com\/index.php\/2025\/01\/30\/tempo-segue-instavel-em-santa-catarina\/","url":"https:\/\/sulsc.com\/index.php\/2025\/01\/30\/tempo-segue-instavel-em-santa-catarina\/","name":"Tempo segue inst\u00e1vel em Santa Catarina -","isPartOf":{"@id":"https:\/\/sulsc.com\/#website"},"datePublished":"2025-01-30T11:15:51+00:00","dateModified":"2025-01-30T11:15:51+00:00","author":{"@id":"https:\/\/sulsc.com\/#\/schema\/person\/84d2fc571684f6248ba83092f07750a3"},"breadcrumb":{"@id":"https:\/\/sulsc.com\/index.php\/2025\/01\/30\/tempo-segue-instavel-em-santa-catarina\/#breadcrumb"},"inLanguage":"en-US","potentialAction":[{"@type":"ReadAction","target":["https:\/\/sulsc.com\/index.php\/2025\/01\/30\/tempo-segue-instavel-em-santa-catarina\/"]}]},{"@type":"BreadcrumbList","@id":"https:\/\/sulsc.com\/index.php\/2025\/01\/30\/tempo-segue-instavel-em-santa-catarina\/#breadcrumb","itemListElement":[{"@type":"ListItem","position":1,"name":"In\u00edcio","item":"https:\/\/sulsc.com\/"},{"@type":"ListItem","position":2,"name":"Tempo segue inst\u00e1vel em Santa Catarina"}]},{"@type":"WebSite","@id":"https:\/\/sulsc.com\/#website","url":"https:\/\/sulsc.com\/","name":"","description":"","potentialAction":[{"@type":"SearchAction","target":{"@type":"EntryPoint","urlTemplate":"https:\/\/sulsc.com\/?s={search_term_string}"},"query-input":"required name=search_term_string"}],"inLanguage":"en-US"},{"@type":"Person","@id":"https:\/\/sulsc.com\/#\/schema\/person\/84d2fc571684f6248ba83092f07750a3","name":"Reda\u00e7\u00e3o Sul SC","image":{"@type":"ImageObject","inLanguage":"en-US","@id":"https:\/\/sulsc.com\/#\/schema\/person\/image\/e08d7fe2cc4ed596372063bbe852b8d0","url":"https:\/\/sulsc.com\/wp-content\/uploads\/2023\/09\/redacao.png","contentUrl":"https:\/\/sulsc.com\/wp-content\/uploads\/2023\/09\/redacao.png","caption":"Reda\u00e7\u00e3o Sul SC"},"description":"Foco em um jornalismo imparcial, voltado \u00e0 qualidade dos seus conte\u00fados e, assim, levar informa\u00e7\u00e3o de valor que agregue \u00e0 vida dos leitores. Esta \u00e9 grande miss\u00e3o do Portal de Not\u00edcias Sul SC. N\u00e3o \u00e9 quantidade que muda o mundo, sempre foi e seguir\u00e1 sendo qualidade!","sameAs":["https:\/\/sulsc.com\/","https:\/\/www.facebook.com\/profile.php?id=61559278119680","https:\/\/www.instagram.com\/sulscportal\/?hl=pt-br","https:\/\/twitter.com\/https:\/\/twitter.com\/PortalSulSC","https:\/\/www.youtube.com\/channel\/UCv_BE8GeySluDov2n8qhVmw"],"url":"https:\/\/sulsc.com\/index.php\/author\/redacao\/"}]}},"authors":[],"_links":{"self":[{"href":"https:\/\/sulsc.com\/index.php\/wp-json\/wp\/v2\/posts\/19771"}],"collection":[{"href":"https:\/\/sulsc.com\/index.php\/wp-json\/wp\/v2\/posts"}],"about":[{"href":"https:\/\/sulsc.com\/index.php\/wp-json\/wp\/v2\/types\/post"}],"author":[{"embeddable":true,"href":"https:\/\/sulsc.com\/index.php\/wp-json\/wp\/v2\/users\/3"}],"replies":[{"embeddable":true,"href":"https:\/\/sulsc.com\/index.php\/wp-json\/wp\/v2\/comments?post=19771"}],"version-history":[{"count":1,"href":"https:\/\/sulsc.com\/index.php\/wp-json\/wp\/v2\/posts\/19771\/revisions"}],"predecessor-version":[{"id":19772,"href":"https:\/\/sulsc.com\/index.php\/wp-json\/wp\/v2\/posts\/19771\/revisions\/19772"}],"wp:featuredmedia":[{"embeddable":true,"href":"https:\/\/sulsc.com\/index.php\/wp-json\/wp\/v2\/media\/19737"}],"wp:attachment":[{"href":"https:\/\/sulsc.com\/index.php\/wp-json\/wp\/v2\/media?parent=19771"}],"wp:term":[{"taxonomy":"category","embeddable":true,"href":"https:\/\/sulsc.com\/index.php\/wp-json\/wp\/v2\/categories?post=19771"},{"taxonomy":"post_tag","embeddable":true,"href":"https:\/\/sulsc.com\/index.php\/wp-json\/wp\/v2\/tags?post=19771"}],"curies":[{"name":"wp","href":"https:\/\/api.w.org\/{rel}","templated":true}]}}