{"id":19800,"date":"2025-01-31T07:15:47","date_gmt":"2025-01-31T10:15:47","guid":{"rendered":"https:\/\/sulsc.com\/?p=19800"},"modified":"2025-01-31T07:15:47","modified_gmt":"2025-01-31T10:15:47","slug":"ultima-sexta-feira-de-janeiro-com-sol-entre-nuvens-e-com-pancadas-de-chuva-rapida","status":"publish","type":"post","link":"https:\/\/sulsc.com\/index.php\/2025\/01\/31\/ultima-sexta-feira-de-janeiro-com-sol-entre-nuvens-e-com-pancadas-de-chuva-rapida\/","title":{"rendered":"Ultima sexta-feira de Janeiro com sol entre nuvens e com pancadas de chuva r\u00e1pida"},"content":{"rendered":"<p>A \u00faltima sexta-feira do primeiro m\u00eas de 2025 come\u00e7a com uma maior quantidade de nuvens e nevoeiros em v\u00e1rios pontos, que dissipam ainda no in\u00edcio da manh\u00e3. A partir da tarde, o calor, a disponibilidade de umidade e a influ\u00eancia de uma frente fria, juntamente com um fraco centro de baixa press\u00e3o atmosf\u00e9rica no interior do Oceano Atl\u00e2ntico, promovem a forma\u00e7\u00e3o de \u00e1reas de chuva e temporais isolados pelo estado, com risco baixo a moderado para ocorr\u00eancias associadas a alagamentos e enxurradas pontuais, queda de galhos e \u00e1rvores, al\u00e9m de destelhamentos, especialmente entre o Meio-Oeste e as \u00e1reas serranas\/encostas pr\u00f3ximas ao litoral.<\/p>\n<p><img fetchpriority=\"high\" decoding=\"async\" class=\"aligncenter size-full wp-image-19802\" src=\"http:\/\/sulsc.com\/wp-content\/uploads\/2025\/01\/6-3.png\" alt=\"\" width=\"881\" height=\"600\" srcset=\"https:\/\/sulsc.com\/wp-content\/uploads\/2025\/01\/6-3.png 881w, https:\/\/sulsc.com\/wp-content\/uploads\/2025\/01\/6-3-300x204.png 300w, https:\/\/sulsc.com\/wp-content\/uploads\/2025\/01\/6-3-768x523.png 768w\" sizes=\"(max-width: 881px) 100vw, 881px\" \/><\/p>\n<p><img decoding=\"async\" class=\"aligncenter  wp-image-17436\" src=\"http:\/\/sulsc.com\/wp-content\/uploads\/2024\/11\/Tempo-2.png\" alt=\"\" width=\"708\" height=\"131\" srcset=\"https:\/\/sulsc.com\/wp-content\/uploads\/2024\/11\/Tempo-2.png 1024w, https:\/\/sulsc.com\/wp-content\/uploads\/2024\/11\/Tempo-2-300x55.png 300w, https:\/\/sulsc.com\/wp-content\/uploads\/2024\/11\/Tempo-2-768x142.png 768w\" sizes=\"(max-width: 708px) 100vw, 708px\" \/><\/p>\n<p><strong>Temperaturas<\/strong><\/p>\n<p>No amanhecer, as temperaturas oscilam entre 12\u00b0C e 18\u00b0C entre o Meio-Oeste, Planaltos e Grd. Florian\u00f3polis Serrana e de 17\u00b0C a 23\u00b0C nas demais regi\u00f5es. Durante a tarde, as temperaturas seguem variando entre 27\u00b0C e 32\u00b0C no Oeste, 25\u00b0C a 30\u00b0C no Litoral e Vale do Itaja\u00ed e de 17\u00b0C a 21\u00b0C nos pontos mais altos da Serra.<\/p>\n<p>Fonte: Defesa Civil SC\/Meteorologista: Fernando Rafael<\/p>\n<p>Foto\/SulSC<\/p>\n","protected":false},"excerpt":{"rendered":"<p>A \u00faltima sexta-feira do primeiro m\u00eas de 2025 come\u00e7a com uma maior quantidade de nuvens e nevoeiros em v\u00e1rios pontos, que dissipam ainda no in\u00edcio da manh\u00e3. A partir da tarde, o calor, a disponibilidade de umidade e a influ\u00eancia de uma frente fria, juntamente com um fraco centro de baixa press\u00e3o atmosf\u00e9rica no interior &hellip;<\/p>\n<p class=\"read-more\"> <a class=\"\" href=\"https:\/\/sulsc.com\/index.php\/2025\/01\/31\/ultima-sexta-feira-de-janeiro-com-sol-entre-nuvens-e-com-pancadas-de-chuva-rapida\/\"> <span class=\"screen-reader-text\">Ultima sexta-feira de Janeiro com sol entre nuvens e com pancadas de chuva r\u00e1pida<\/span> Read More &raquo;<\/a><\/p>\n","protected":false},"author":3,"featured_media":14276,"comment_status":"open","ping_status":"open","sticky":false,"template":"","format":"standard","meta":{"site-sidebar-layout":"default","site-content-layout":"","ast-site-content-layout":"default","site-content-style":"default","site-sidebar-style":"default","ast-global-header-display":"","ast-banner-title-visibility":"","ast-main-header-display":"","ast-hfb-above-header-display":"","ast-hfb-below-header-display":"","ast-hfb-mobile-header-display":"","site-post-title":"","ast-breadcrumbs-content":"","ast-featured-img":"","footer-sml-layout":"","theme-transparent-header-meta":"default","adv-header-id-meta":"","stick-header-meta":"","header-above-stick-meta":"","header-main-stick-meta":"","header-below-stick-meta":"","astra-migrate-meta-layouts":"set","footnotes":""},"categories":[38],"tags":[90],"yoast_head":"<!-- This site is optimized with the Yoast SEO plugin v21.4 - https:\/\/yoast.com\/wordpress\/plugins\/seo\/ -->\n<title>Ultima sexta-feira de Janeiro com sol entre nuvens e com pancadas de chuva r\u00e1pida -<\/title>\n<meta name=\"description\" content=\"O dia ter\u00e1 forma\u00e7\u00e3o de \u00e1reas de chuva e temporais isolados pelo estado mas com risco baixo para ocorr\u00eancias associadas a alagamentos\" \/>\n<meta name=\"robots\" content=\"index, follow, max-snippet:-1, max-image-preview:large, max-video-preview:-1\" \/>\n<link rel=\"canonical\" href=\"https:\/\/sulsc.com\/index.php\/2025\/01\/31\/ultima-sexta-feira-de-janeiro-com-sol-entre-nuvens-e-com-pancadas-de-chuva-rapida\/\" \/>\n<meta property=\"og:locale\" content=\"en_US\" \/>\n<meta property=\"og:type\" content=\"article\" \/>\n<meta property=\"og:title\" content=\"Ultima sexta-feira de Janeiro com sol entre nuvens e com pancadas de chuva r\u00e1pida -\" \/>\n<meta property=\"og:description\" content=\"O dia ter\u00e1 forma\u00e7\u00e3o de \u00e1reas de chuva e temporais isolados pelo estado mas com risco baixo para ocorr\u00eancias associadas a alagamentos\" \/>\n<meta property=\"og:url\" content=\"https:\/\/sulsc.com\/index.php\/2025\/01\/31\/ultima-sexta-feira-de-janeiro-com-sol-entre-nuvens-e-com-pancadas-de-chuva-rapida\/\" \/>\n<meta property=\"article:author\" content=\"https:\/\/www.facebook.com\/profile.php?id=61559278119680\" \/>\n<meta property=\"article:published_time\" content=\"2025-01-31T10:15:47+00:00\" \/>\n<meta property=\"og:image\" content=\"http:\/\/sulsc.com\/wp-content\/uploads\/2024\/07\/tempo-nublado-2.jpeg\" \/>\n\t<meta property=\"og:image:width\" content=\"1600\" \/>\n\t<meta property=\"og:image:height\" content=\"900\" \/>\n\t<meta property=\"og:image:type\" content=\"image\/jpeg\" \/>\n<meta name=\"author\" content=\"Reda\u00e7\u00e3o Sul SC\" \/>\n<meta name=\"twitter:card\" content=\"summary_large_image\" \/>\n<meta name=\"twitter:creator\" content=\"@https:\/\/twitter.com\/PortalSulSC\" \/>\n<meta name=\"twitter:label1\" content=\"Written by\" \/>\n\t<meta name=\"twitter:data1\" content=\"Reda\u00e7\u00e3o Sul SC\" \/>\n\t<meta name=\"twitter:label2\" content=\"Est. reading time\" \/>\n\t<meta name=\"twitter:data2\" content=\"2 minutes\" \/>\n<script type=\"application\/ld+json\" class=\"yoast-schema-graph\">{\"@context\":\"https:\/\/schema.org\",\"@graph\":[{\"@type\":\"WebPage\",\"@id\":\"https:\/\/sulsc.com\/index.php\/2025\/01\/31\/ultima-sexta-feira-de-janeiro-com-sol-entre-nuvens-e-com-pancadas-de-chuva-rapida\/\",\"url\":\"https:\/\/sulsc.com\/index.php\/2025\/01\/31\/ultima-sexta-feira-de-janeiro-com-sol-entre-nuvens-e-com-pancadas-de-chuva-rapida\/\",\"name\":\"Ultima sexta-feira de Janeiro com sol entre nuvens e com pancadas de chuva r\u00e1pida -\",\"isPartOf\":{\"@id\":\"https:\/\/sulsc.com\/#website\"},\"datePublished\":\"2025-01-31T10:15:47+00:00\",\"dateModified\":\"2025-01-31T10:15:47+00:00\",\"author\":{\"@id\":\"https:\/\/sulsc.com\/#\/schema\/person\/84d2fc571684f6248ba83092f07750a3\"},\"description\":\"O dia ter\u00e1 forma\u00e7\u00e3o de \u00e1reas de chuva e temporais isolados pelo estado mas com risco baixo para ocorr\u00eancias associadas a alagamentos\",\"breadcrumb\":{\"@id\":\"https:\/\/sulsc.com\/index.php\/2025\/01\/31\/ultima-sexta-feira-de-janeiro-com-sol-entre-nuvens-e-com-pancadas-de-chuva-rapida\/#breadcrumb\"},\"inLanguage\":\"en-US\",\"potentialAction\":[{\"@type\":\"ReadAction\",\"target\":[\"https:\/\/sulsc.com\/index.php\/2025\/01\/31\/ultima-sexta-feira-de-janeiro-com-sol-entre-nuvens-e-com-pancadas-de-chuva-rapida\/\"]}]},{\"@type\":\"BreadcrumbList\",\"@id\":\"https:\/\/sulsc.com\/index.php\/2025\/01\/31\/ultima-sexta-feira-de-janeiro-com-sol-entre-nuvens-e-com-pancadas-de-chuva-rapida\/#breadcrumb\",\"itemListElement\":[{\"@type\":\"ListItem\",\"position\":1,\"name\":\"In\u00edcio\",\"item\":\"https:\/\/sulsc.com\/\"},{\"@type\":\"ListItem\",\"position\":2,\"name\":\"Ultima sexta-feira de Janeiro com sol entre nuvens e com pancadas de chuva r\u00e1pida\"}]},{\"@type\":\"WebSite\",\"@id\":\"https:\/\/sulsc.com\/#website\",\"url\":\"https:\/\/sulsc.com\/\",\"name\":\"\",\"description\":\"\",\"potentialAction\":[{\"@type\":\"SearchAction\",\"target\":{\"@type\":\"EntryPoint\",\"urlTemplate\":\"https:\/\/sulsc.com\/?s={search_term_string}\"},\"query-input\":\"required name=search_term_string\"}],\"inLanguage\":\"en-US\"},{\"@type\":\"Person\",\"@id\":\"https:\/\/sulsc.com\/#\/schema\/person\/84d2fc571684f6248ba83092f07750a3\",\"name\":\"Reda\u00e7\u00e3o Sul SC\",\"image\":{\"@type\":\"ImageObject\",\"inLanguage\":\"en-US\",\"@id\":\"https:\/\/sulsc.com\/#\/schema\/person\/image\/e08d7fe2cc4ed596372063bbe852b8d0\",\"url\":\"https:\/\/sulsc.com\/wp-content\/uploads\/2023\/09\/redacao.png\",\"contentUrl\":\"https:\/\/sulsc.com\/wp-content\/uploads\/2023\/09\/redacao.png\",\"caption\":\"Reda\u00e7\u00e3o Sul SC\"},\"description\":\"Foco em um jornalismo imparcial, voltado \u00e0 qualidade dos seus conte\u00fados e, assim, levar informa\u00e7\u00e3o de valor que agregue \u00e0 vida dos leitores. Esta \u00e9 grande miss\u00e3o do Portal de Not\u00edcias Sul SC. N\u00e3o \u00e9 quantidade que muda o mundo, sempre foi e seguir\u00e1 sendo qualidade!\",\"sameAs\":[\"https:\/\/sulsc.com\/\",\"https:\/\/www.facebook.com\/profile.php?id=61559278119680\",\"https:\/\/www.instagram.com\/sulscportal\/?hl=pt-br\",\"https:\/\/twitter.com\/https:\/\/twitter.com\/PortalSulSC\",\"https:\/\/www.youtube.com\/channel\/UCv_BE8GeySluDov2n8qhVmw\"],\"url\":\"https:\/\/sulsc.com\/index.php\/author\/redacao\/\"}]}<\/script>\n<!-- \/ Yoast SEO plugin. -->","yoast_head_json":{"title":"Ultima sexta-feira de Janeiro com sol entre nuvens e com pancadas de chuva r\u00e1pida -","description":"O dia ter\u00e1 forma\u00e7\u00e3o de \u00e1reas de chuva e temporais isolados pelo estado mas com risco baixo para ocorr\u00eancias associadas a alagamentos","robots":{"index":"index","follow":"follow","max-snippet":"max-snippet:-1","max-image-preview":"max-image-preview:large","max-video-preview":"max-video-preview:-1"},"canonical":"https:\/\/sulsc.com\/index.php\/2025\/01\/31\/ultima-sexta-feira-de-janeiro-com-sol-entre-nuvens-e-com-pancadas-de-chuva-rapida\/","og_locale":"en_US","og_type":"article","og_title":"Ultima sexta-feira de Janeiro com sol entre nuvens e com pancadas de chuva r\u00e1pida -","og_description":"O dia ter\u00e1 forma\u00e7\u00e3o de \u00e1reas de chuva e temporais isolados pelo estado mas com risco baixo para ocorr\u00eancias associadas a alagamentos","og_url":"https:\/\/sulsc.com\/index.php\/2025\/01\/31\/ultima-sexta-feira-de-janeiro-com-sol-entre-nuvens-e-com-pancadas-de-chuva-rapida\/","article_author":"https:\/\/www.facebook.com\/profile.php?id=61559278119680","article_published_time":"2025-01-31T10:15:47+00:00","og_image":[{"width":1600,"height":900,"url":"http:\/\/sulsc.com\/wp-content\/uploads\/2024\/07\/tempo-nublado-2.jpeg","type":"image\/jpeg"}],"author":"Reda\u00e7\u00e3o Sul SC","twitter_card":"summary_large_image","twitter_creator":"@https:\/\/twitter.com\/PortalSulSC","twitter_misc":{"Written by":"Reda\u00e7\u00e3o Sul SC","Est. reading time":"2 minutes"},"schema":{"@context":"https:\/\/schema.org","@graph":[{"@type":"WebPage","@id":"https:\/\/sulsc.com\/index.php\/2025\/01\/31\/ultima-sexta-feira-de-janeiro-com-sol-entre-nuvens-e-com-pancadas-de-chuva-rapida\/","url":"https:\/\/sulsc.com\/index.php\/2025\/01\/31\/ultima-sexta-feira-de-janeiro-com-sol-entre-nuvens-e-com-pancadas-de-chuva-rapida\/","name":"Ultima sexta-feira de Janeiro com sol entre nuvens e com pancadas de chuva r\u00e1pida -","isPartOf":{"@id":"https:\/\/sulsc.com\/#website"},"datePublished":"2025-01-31T10:15:47+00:00","dateModified":"2025-01-31T10:15:47+00:00","author":{"@id":"https:\/\/sulsc.com\/#\/schema\/person\/84d2fc571684f6248ba83092f07750a3"},"description":"O dia ter\u00e1 forma\u00e7\u00e3o de \u00e1reas de chuva e temporais isolados pelo estado mas com risco baixo para ocorr\u00eancias associadas a alagamentos","breadcrumb":{"@id":"https:\/\/sulsc.com\/index.php\/2025\/01\/31\/ultima-sexta-feira-de-janeiro-com-sol-entre-nuvens-e-com-pancadas-de-chuva-rapida\/#breadcrumb"},"inLanguage":"en-US","potentialAction":[{"@type":"ReadAction","target":["https:\/\/sulsc.com\/index.php\/2025\/01\/31\/ultima-sexta-feira-de-janeiro-com-sol-entre-nuvens-e-com-pancadas-de-chuva-rapida\/"]}]},{"@type":"BreadcrumbList","@id":"https:\/\/sulsc.com\/index.php\/2025\/01\/31\/ultima-sexta-feira-de-janeiro-com-sol-entre-nuvens-e-com-pancadas-de-chuva-rapida\/#breadcrumb","itemListElement":[{"@type":"ListItem","position":1,"name":"In\u00edcio","item":"https:\/\/sulsc.com\/"},{"@type":"ListItem","position":2,"name":"Ultima sexta-feira de Janeiro com sol entre nuvens e com pancadas de chuva r\u00e1pida"}]},{"@type":"WebSite","@id":"https:\/\/sulsc.com\/#website","url":"https:\/\/sulsc.com\/","name":"","description":"","potentialAction":[{"@type":"SearchAction","target":{"@type":"EntryPoint","urlTemplate":"https:\/\/sulsc.com\/?s={search_term_string}"},"query-input":"required name=search_term_string"}],"inLanguage":"en-US"},{"@type":"Person","@id":"https:\/\/sulsc.com\/#\/schema\/person\/84d2fc571684f6248ba83092f07750a3","name":"Reda\u00e7\u00e3o Sul SC","image":{"@type":"ImageObject","inLanguage":"en-US","@id":"https:\/\/sulsc.com\/#\/schema\/person\/image\/e08d7fe2cc4ed596372063bbe852b8d0","url":"https:\/\/sulsc.com\/wp-content\/uploads\/2023\/09\/redacao.png","contentUrl":"https:\/\/sulsc.com\/wp-content\/uploads\/2023\/09\/redacao.png","caption":"Reda\u00e7\u00e3o Sul SC"},"description":"Foco em um jornalismo imparcial, voltado \u00e0 qualidade dos seus conte\u00fados e, assim, levar informa\u00e7\u00e3o de valor que agregue \u00e0 vida dos leitores. Esta \u00e9 grande miss\u00e3o do Portal de Not\u00edcias Sul SC. N\u00e3o \u00e9 quantidade que muda o mundo, sempre foi e seguir\u00e1 sendo qualidade!","sameAs":["https:\/\/sulsc.com\/","https:\/\/www.facebook.com\/profile.php?id=61559278119680","https:\/\/www.instagram.com\/sulscportal\/?hl=pt-br","https:\/\/twitter.com\/https:\/\/twitter.com\/PortalSulSC","https:\/\/www.youtube.com\/channel\/UCv_BE8GeySluDov2n8qhVmw"],"url":"https:\/\/sulsc.com\/index.php\/author\/redacao\/"}]}},"authors":[],"_links":{"self":[{"href":"https:\/\/sulsc.com\/index.php\/wp-json\/wp\/v2\/posts\/19800"}],"collection":[{"href":"https:\/\/sulsc.com\/index.php\/wp-json\/wp\/v2\/posts"}],"about":[{"href":"https:\/\/sulsc.com\/index.php\/wp-json\/wp\/v2\/types\/post"}],"author":[{"embeddable":true,"href":"https:\/\/sulsc.com\/index.php\/wp-json\/wp\/v2\/users\/3"}],"replies":[{"embeddable":true,"href":"https:\/\/sulsc.com\/index.php\/wp-json\/wp\/v2\/comments?post=19800"}],"version-history":[{"count":1,"href":"https:\/\/sulsc.com\/index.php\/wp-json\/wp\/v2\/posts\/19800\/revisions"}],"predecessor-version":[{"id":19807,"href":"https:\/\/sulsc.com\/index.php\/wp-json\/wp\/v2\/posts\/19800\/revisions\/19807"}],"wp:featuredmedia":[{"embeddable":true,"href":"https:\/\/sulsc.com\/index.php\/wp-json\/wp\/v2\/media\/14276"}],"wp:attachment":[{"href":"https:\/\/sulsc.com\/index.php\/wp-json\/wp\/v2\/media?parent=19800"}],"wp:term":[{"taxonomy":"category","embeddable":true,"href":"https:\/\/sulsc.com\/index.php\/wp-json\/wp\/v2\/categories?post=19800"},{"taxonomy":"post_tag","embeddable":true,"href":"https:\/\/sulsc.com\/index.php\/wp-json\/wp\/v2\/tags?post=19800"}],"curies":[{"name":"wp","href":"https:\/\/api.w.org\/{rel}","templated":true}]}}