{"id":1984,"date":"2023-10-07T09:46:40","date_gmt":"2023-10-07T12:46:40","guid":{"rendered":"https:\/\/sulsc.com\/?p=1984"},"modified":"2023-10-07T09:46:40","modified_gmt":"2023-10-07T12:46:40","slug":"trecho-da-serra-do-rio-do-rastro-e-interditada","status":"publish","type":"post","link":"https:\/\/sulsc.com\/index.php\/2023\/10\/07\/trecho-da-serra-do-rio-do-rastro-e-interditada\/","title":{"rendered":"Trecho da Serra do Rio do Rastro \u00e9 interditada"},"content":{"rendered":"<p>A Pol\u00edcia Militar Rodovi\u00e1ria de Santa Catarina informou na manh\u00e3 deste s\u00e1bado (7), que a Rodovia SC-390 foi interditada no trecho que compreende a Serra do Rio do Rastro. A a\u00e7\u00e3o ocorreu devido \u00e0 queda de barreiras e pedras, al\u00e9m do excessivo volume de \u00e1gua proveniente da chuva.<\/p>\n<p>Veja o v\u00eddeo:<\/p>\n<div style=\"width: 848px;\" class=\"wp-video\"><!--[if lt IE 9]><script>document.createElement('video');<\/script><![endif]-->\n<video class=\"wp-video-shortcode\" id=\"video-1984-1\" width=\"848\" height=\"416\" preload=\"metadata\" controls=\"controls\"><source type=\"video\/mp4\" src=\"http:\/\/sulsc.com\/wp-content\/uploads\/2023\/10\/Chuva-na-Serra-do-Rio-do-Rastro.mp4?_=1\" \/><a href=\"http:\/\/sulsc.com\/wp-content\/uploads\/2023\/10\/Chuva-na-Serra-do-Rio-do-Rastro.mp4\">http:\/\/sulsc.com\/wp-content\/uploads\/2023\/10\/Chuva-na-Serra-do-Rio-do-Rastro.mp4<\/a><\/video><\/div>\n","protected":false},"excerpt":{"rendered":"<p>A Pol\u00edcia Militar Rodovi\u00e1ria de Santa Catarina informou na manh\u00e3 deste s\u00e1bado (7), que a Rodovia SC-390 foi interditada no trecho que compreende a Serra do Rio do Rastro. A a\u00e7\u00e3o ocorreu devido \u00e0 queda de barreiras e pedras, al\u00e9m do excessivo volume de \u00e1gua proveniente da chuva. Veja o v\u00eddeo:<\/p>\n","protected":false},"author":3,"featured_media":1986,"comment_status":"open","ping_status":"open","sticky":false,"template":"","format":"standard","meta":{"site-sidebar-layout":"default","site-content-layout":"","ast-site-content-layout":"default","site-content-style":"default","site-sidebar-style":"default","ast-global-header-display":"","ast-banner-title-visibility":"","ast-main-header-display":"","ast-hfb-above-header-display":"","ast-hfb-below-header-display":"","ast-hfb-mobile-header-display":"","site-post-title":"","ast-breadcrumbs-content":"","ast-featured-img":"","footer-sml-layout":"","theme-transparent-header-meta":"default","adv-header-id-meta":"","stick-header-meta":"","header-above-stick-meta":"","header-main-stick-meta":"","header-below-stick-meta":"","astra-migrate-meta-layouts":"set","footnotes":""},"categories":[8],"tags":[],"yoast_head":"<!-- This site is optimized with the Yoast SEO plugin v21.4 - https:\/\/yoast.com\/wordpress\/plugins\/seo\/ -->\n<title>Trecho da Serra do Rio do Rastro \u00e9 interditada -<\/title>\n<meta name=\"robots\" content=\"index, follow, max-snippet:-1, max-image-preview:large, max-video-preview:-1\" \/>\n<link rel=\"canonical\" href=\"https:\/\/sulsc.com\/index.php\/2023\/10\/07\/trecho-da-serra-do-rio-do-rastro-e-interditada\/\" \/>\n<meta property=\"og:locale\" content=\"en_US\" \/>\n<meta property=\"og:type\" content=\"article\" \/>\n<meta property=\"og:title\" content=\"Trecho da Serra do Rio do Rastro \u00e9 interditada -\" \/>\n<meta property=\"og:description\" content=\"A Pol\u00edcia Militar Rodovi\u00e1ria de Santa Catarina informou na manh\u00e3 deste s\u00e1bado (7), que a Rodovia SC-390 foi interditada no trecho que compreende a Serra do Rio do Rastro. A a\u00e7\u00e3o ocorreu devido \u00e0 queda de barreiras e pedras, al\u00e9m do excessivo volume de \u00e1gua proveniente da chuva. Veja o v\u00eddeo:\" \/>\n<meta property=\"og:url\" content=\"https:\/\/sulsc.com\/index.php\/2023\/10\/07\/trecho-da-serra-do-rio-do-rastro-e-interditada\/\" \/>\n<meta property=\"article:author\" content=\"https:\/\/www.facebook.com\/profile.php?id=61559278119680\" \/>\n<meta property=\"article:published_time\" content=\"2023-10-07T12:46:40+00:00\" \/>\n<meta property=\"og:image\" content=\"https:\/\/sulsc.com\/wp-content\/uploads\/2023\/10\/Chuva-na-Serra-do-Rio-do-Rastro.jpeg\" \/>\n\t<meta property=\"og:image:width\" content=\"852\" \/>\n\t<meta property=\"og:image:height\" content=\"406\" \/>\n\t<meta property=\"og:image:type\" content=\"image\/jpeg\" \/>\n<meta name=\"author\" content=\"Reda\u00e7\u00e3o Sul SC\" \/>\n<meta name=\"twitter:card\" content=\"summary_large_image\" \/>\n<meta name=\"twitter:creator\" content=\"@https:\/\/twitter.com\/PortalSulSC\" \/>\n<meta name=\"twitter:label1\" content=\"Written by\" \/>\n\t<meta name=\"twitter:data1\" content=\"Reda\u00e7\u00e3o Sul SC\" \/>\n<script type=\"application\/ld+json\" class=\"yoast-schema-graph\">{\"@context\":\"https:\/\/schema.org\",\"@graph\":[{\"@type\":\"WebPage\",\"@id\":\"https:\/\/sulsc.com\/index.php\/2023\/10\/07\/trecho-da-serra-do-rio-do-rastro-e-interditada\/\",\"url\":\"https:\/\/sulsc.com\/index.php\/2023\/10\/07\/trecho-da-serra-do-rio-do-rastro-e-interditada\/\",\"name\":\"Trecho da Serra do Rio do Rastro \u00e9 interditada -\",\"isPartOf\":{\"@id\":\"https:\/\/sulsc.com\/#website\"},\"datePublished\":\"2023-10-07T12:46:40+00:00\",\"dateModified\":\"2023-10-07T12:46:40+00:00\",\"author\":{\"@id\":\"https:\/\/sulsc.com\/#\/schema\/person\/84d2fc571684f6248ba83092f07750a3\"},\"breadcrumb\":{\"@id\":\"https:\/\/sulsc.com\/index.php\/2023\/10\/07\/trecho-da-serra-do-rio-do-rastro-e-interditada\/#breadcrumb\"},\"inLanguage\":\"en-US\",\"potentialAction\":[{\"@type\":\"ReadAction\",\"target\":[\"https:\/\/sulsc.com\/index.php\/2023\/10\/07\/trecho-da-serra-do-rio-do-rastro-e-interditada\/\"]}]},{\"@type\":\"BreadcrumbList\",\"@id\":\"https:\/\/sulsc.com\/index.php\/2023\/10\/07\/trecho-da-serra-do-rio-do-rastro-e-interditada\/#breadcrumb\",\"itemListElement\":[{\"@type\":\"ListItem\",\"position\":1,\"name\":\"In\u00edcio\",\"item\":\"https:\/\/sulsc.com\/\"},{\"@type\":\"ListItem\",\"position\":2,\"name\":\"Trecho da Serra do Rio do Rastro \u00e9 interditada\"}]},{\"@type\":\"WebSite\",\"@id\":\"https:\/\/sulsc.com\/#website\",\"url\":\"https:\/\/sulsc.com\/\",\"name\":\"\",\"description\":\"\",\"potentialAction\":[{\"@type\":\"SearchAction\",\"target\":{\"@type\":\"EntryPoint\",\"urlTemplate\":\"https:\/\/sulsc.com\/?s={search_term_string}\"},\"query-input\":\"required name=search_term_string\"}],\"inLanguage\":\"en-US\"},{\"@type\":\"Person\",\"@id\":\"https:\/\/sulsc.com\/#\/schema\/person\/84d2fc571684f6248ba83092f07750a3\",\"name\":\"Reda\u00e7\u00e3o Sul SC\",\"image\":{\"@type\":\"ImageObject\",\"inLanguage\":\"en-US\",\"@id\":\"https:\/\/sulsc.com\/#\/schema\/person\/image\/e08d7fe2cc4ed596372063bbe852b8d0\",\"url\":\"https:\/\/sulsc.com\/wp-content\/uploads\/2023\/09\/redacao.png\",\"contentUrl\":\"https:\/\/sulsc.com\/wp-content\/uploads\/2023\/09\/redacao.png\",\"caption\":\"Reda\u00e7\u00e3o Sul SC\"},\"description\":\"Foco em um jornalismo imparcial, voltado \u00e0 qualidade dos seus conte\u00fados e, assim, levar informa\u00e7\u00e3o de valor que agregue \u00e0 vida dos leitores. Esta \u00e9 grande miss\u00e3o do Portal de Not\u00edcias Sul SC. N\u00e3o \u00e9 quantidade que muda o mundo, sempre foi e seguir\u00e1 sendo qualidade!\",\"sameAs\":[\"https:\/\/sulsc.com\/\",\"https:\/\/www.facebook.com\/profile.php?id=61559278119680\",\"https:\/\/www.instagram.com\/sulscportal\/?hl=pt-br\",\"https:\/\/twitter.com\/https:\/\/twitter.com\/PortalSulSC\",\"https:\/\/www.youtube.com\/channel\/UCv_BE8GeySluDov2n8qhVmw\"],\"url\":\"https:\/\/sulsc.com\/index.php\/author\/redacao\/\"}]}<\/script>\n<!-- \/ Yoast SEO plugin. -->","yoast_head_json":{"title":"Trecho da Serra do Rio do Rastro \u00e9 interditada -","robots":{"index":"index","follow":"follow","max-snippet":"max-snippet:-1","max-image-preview":"max-image-preview:large","max-video-preview":"max-video-preview:-1"},"canonical":"https:\/\/sulsc.com\/index.php\/2023\/10\/07\/trecho-da-serra-do-rio-do-rastro-e-interditada\/","og_locale":"en_US","og_type":"article","og_title":"Trecho da Serra do Rio do Rastro \u00e9 interditada -","og_description":"A Pol\u00edcia Militar Rodovi\u00e1ria de Santa Catarina informou na manh\u00e3 deste s\u00e1bado (7), que a Rodovia SC-390 foi interditada no trecho que compreende a Serra do Rio do Rastro. A a\u00e7\u00e3o ocorreu devido \u00e0 queda de barreiras e pedras, al\u00e9m do excessivo volume de \u00e1gua proveniente da chuva. Veja o v\u00eddeo:","og_url":"https:\/\/sulsc.com\/index.php\/2023\/10\/07\/trecho-da-serra-do-rio-do-rastro-e-interditada\/","article_author":"https:\/\/www.facebook.com\/profile.php?id=61559278119680","article_published_time":"2023-10-07T12:46:40+00:00","og_image":[{"width":852,"height":406,"url":"https:\/\/sulsc.com\/wp-content\/uploads\/2023\/10\/Chuva-na-Serra-do-Rio-do-Rastro.jpeg","type":"image\/jpeg"}],"author":"Reda\u00e7\u00e3o Sul SC","twitter_card":"summary_large_image","twitter_creator":"@https:\/\/twitter.com\/PortalSulSC","twitter_misc":{"Written by":"Reda\u00e7\u00e3o Sul SC"},"schema":{"@context":"https:\/\/schema.org","@graph":[{"@type":"WebPage","@id":"https:\/\/sulsc.com\/index.php\/2023\/10\/07\/trecho-da-serra-do-rio-do-rastro-e-interditada\/","url":"https:\/\/sulsc.com\/index.php\/2023\/10\/07\/trecho-da-serra-do-rio-do-rastro-e-interditada\/","name":"Trecho da Serra do Rio do Rastro \u00e9 interditada -","isPartOf":{"@id":"https:\/\/sulsc.com\/#website"},"datePublished":"2023-10-07T12:46:40+00:00","dateModified":"2023-10-07T12:46:40+00:00","author":{"@id":"https:\/\/sulsc.com\/#\/schema\/person\/84d2fc571684f6248ba83092f07750a3"},"breadcrumb":{"@id":"https:\/\/sulsc.com\/index.php\/2023\/10\/07\/trecho-da-serra-do-rio-do-rastro-e-interditada\/#breadcrumb"},"inLanguage":"en-US","potentialAction":[{"@type":"ReadAction","target":["https:\/\/sulsc.com\/index.php\/2023\/10\/07\/trecho-da-serra-do-rio-do-rastro-e-interditada\/"]}]},{"@type":"BreadcrumbList","@id":"https:\/\/sulsc.com\/index.php\/2023\/10\/07\/trecho-da-serra-do-rio-do-rastro-e-interditada\/#breadcrumb","itemListElement":[{"@type":"ListItem","position":1,"name":"In\u00edcio","item":"https:\/\/sulsc.com\/"},{"@type":"ListItem","position":2,"name":"Trecho da Serra do Rio do Rastro \u00e9 interditada"}]},{"@type":"WebSite","@id":"https:\/\/sulsc.com\/#website","url":"https:\/\/sulsc.com\/","name":"","description":"","potentialAction":[{"@type":"SearchAction","target":{"@type":"EntryPoint","urlTemplate":"https:\/\/sulsc.com\/?s={search_term_string}"},"query-input":"required name=search_term_string"}],"inLanguage":"en-US"},{"@type":"Person","@id":"https:\/\/sulsc.com\/#\/schema\/person\/84d2fc571684f6248ba83092f07750a3","name":"Reda\u00e7\u00e3o Sul SC","image":{"@type":"ImageObject","inLanguage":"en-US","@id":"https:\/\/sulsc.com\/#\/schema\/person\/image\/e08d7fe2cc4ed596372063bbe852b8d0","url":"https:\/\/sulsc.com\/wp-content\/uploads\/2023\/09\/redacao.png","contentUrl":"https:\/\/sulsc.com\/wp-content\/uploads\/2023\/09\/redacao.png","caption":"Reda\u00e7\u00e3o Sul SC"},"description":"Foco em um jornalismo imparcial, voltado \u00e0 qualidade dos seus conte\u00fados e, assim, levar informa\u00e7\u00e3o de valor que agregue \u00e0 vida dos leitores. Esta \u00e9 grande miss\u00e3o do Portal de Not\u00edcias Sul SC. N\u00e3o \u00e9 quantidade que muda o mundo, sempre foi e seguir\u00e1 sendo qualidade!","sameAs":["https:\/\/sulsc.com\/","https:\/\/www.facebook.com\/profile.php?id=61559278119680","https:\/\/www.instagram.com\/sulscportal\/?hl=pt-br","https:\/\/twitter.com\/https:\/\/twitter.com\/PortalSulSC","https:\/\/www.youtube.com\/channel\/UCv_BE8GeySluDov2n8qhVmw"],"url":"https:\/\/sulsc.com\/index.php\/author\/redacao\/"}]}},"authors":[],"_links":{"self":[{"href":"https:\/\/sulsc.com\/index.php\/wp-json\/wp\/v2\/posts\/1984"}],"collection":[{"href":"https:\/\/sulsc.com\/index.php\/wp-json\/wp\/v2\/posts"}],"about":[{"href":"https:\/\/sulsc.com\/index.php\/wp-json\/wp\/v2\/types\/post"}],"author":[{"embeddable":true,"href":"https:\/\/sulsc.com\/index.php\/wp-json\/wp\/v2\/users\/3"}],"replies":[{"embeddable":true,"href":"https:\/\/sulsc.com\/index.php\/wp-json\/wp\/v2\/comments?post=1984"}],"version-history":[{"count":1,"href":"https:\/\/sulsc.com\/index.php\/wp-json\/wp\/v2\/posts\/1984\/revisions"}],"predecessor-version":[{"id":1987,"href":"https:\/\/sulsc.com\/index.php\/wp-json\/wp\/v2\/posts\/1984\/revisions\/1987"}],"wp:featuredmedia":[{"embeddable":true,"href":"https:\/\/sulsc.com\/index.php\/wp-json\/wp\/v2\/media\/1986"}],"wp:attachment":[{"href":"https:\/\/sulsc.com\/index.php\/wp-json\/wp\/v2\/media?parent=1984"}],"wp:term":[{"taxonomy":"category","embeddable":true,"href":"https:\/\/sulsc.com\/index.php\/wp-json\/wp\/v2\/categories?post=1984"},{"taxonomy":"post_tag","embeddable":true,"href":"https:\/\/sulsc.com\/index.php\/wp-json\/wp\/v2\/tags?post=1984"}],"curies":[{"name":"wp","href":"https:\/\/api.w.org\/{rel}","templated":true}]}}