{"id":1995,"date":"2023-10-07T12:19:54","date_gmt":"2023-10-07T15:19:54","guid":{"rendered":"https:\/\/sulsc.com\/?p=1995"},"modified":"2023-10-07T12:19:54","modified_gmt":"2023-10-07T15:19:54","slug":"em-tubarao-situacao-de-emergencia-e-decretada","status":"publish","type":"post","link":"https:\/\/sulsc.com\/index.php\/2023\/10\/07\/em-tubarao-situacao-de-emergencia-e-decretada\/","title":{"rendered":"Em Tubar\u00e3o: situa\u00e7\u00e3o de emerg\u00eancia \u00e9 decretada"},"content":{"rendered":"<p>Mais uma avalia\u00e7\u00e3o foi feita, na manh\u00e3 deste s\u00e1bado (7), da situa\u00e7\u00e3o provocada pelas chuvas que ca\u00edram desde a madrugada na regi\u00e3o de Tubar\u00e3o. A a\u00e7\u00e3o foi realizada pelo Grupo de A\u00e7\u00f5es Coordenadas (GRAC), formado por representantes de diversas entidades civis e militares.<\/p>\n<p>Em um per\u00edodo de apenas 12 horas choveu cerca de 120 mm, o que corresponde \u00e0 media do m\u00eas inteiro e, como no munic\u00edpio j\u00e1 h\u00e1 ocorr\u00eancias de deslizamentos e alagamentos, o prefeito Jairo Cascaes decretou situa\u00e7\u00e3o de emerg\u00eancia.<\/p>\n<p>Devido ao volume de chuvas que cai em toda regi\u00e3o e com base nas an\u00e1lises dos modelos meteorol\u00f3gicos, \u00e9 esperado um cen\u00e1rio parecido com o que ocorreu em maio de 2022. J\u00e1 h\u00e1 no munic\u00edpio ocorr\u00eancias de deslizamentos e alagamentos, com possibilidade de extravasamento da calha do rio Tubar\u00e3o.<\/p>\n<p>A Defesa Civil orienta que haja uma aten\u00e7\u00e3o especial das pessoas que residem nas \u00e1reas consideradas de risco, pr\u00f3ximas aos afluentes e atingidas em 2022: Madre, Bom Pastor, F\u00e1bio Silva, Dehon, S\u00e3o Martinho, S\u00e3o Bernardo, Revoredo, S\u00e3o Jo\u00e3o, KM 60.<\/p>\n<p><img fetchpriority=\"high\" decoding=\"async\" class=\"alignnone size-large wp-image-1996\" src=\"http:\/\/sulsc.com\/wp-content\/uploads\/2023\/10\/WhatsApp-Image-2023-10-07-at-06.28.36-1024x768.jpeg\" alt=\"\" width=\"1024\" height=\"768\" srcset=\"https:\/\/sulsc.com\/wp-content\/uploads\/2023\/10\/WhatsApp-Image-2023-10-07-at-06.28.36-1024x768.jpeg 1024w, https:\/\/sulsc.com\/wp-content\/uploads\/2023\/10\/WhatsApp-Image-2023-10-07-at-06.28.36-300x225.jpeg 300w, https:\/\/sulsc.com\/wp-content\/uploads\/2023\/10\/WhatsApp-Image-2023-10-07-at-06.28.36-768x576.jpeg 768w, https:\/\/sulsc.com\/wp-content\/uploads\/2023\/10\/WhatsApp-Image-2023-10-07-at-06.28.36.jpeg 1280w\" sizes=\"(max-width: 1024px) 100vw, 1024px\" \/><\/p>\n<p>\u00c0 popula\u00e7\u00e3o dessas \u00e1reas, orienta-se que, se poss\u00edvel, busquem abrigo em casa de parentes ou nos alojamentos preparados pela prefeitura de Tubar\u00e3o; que ergam ou retirem m\u00f3veis e pertences e abriguem os animais dom\u00e9sticos em local seguro. Todas as ocorr\u00eancias devem ser encaminhadas \u00e0 Defesa Civil: (48) 3621-9060.<\/p>\n<p>A prefeitura de Tubar\u00e3o, por meio do Departamento de Comunica\u00e7\u00e3o, emitir\u00e1 boletins frequentes com as principais informa\u00e7\u00f5es e orienta\u00e7\u00f5es \u00e0 popula\u00e7\u00e3o, portanto, solicita que sejam compartilhadas somente informa\u00e7\u00f5es dos boletins oficiais.<\/p>\n<p>&nbsp;<\/p>\n<p>Fonte: Pref. Tubar\u00e3o<\/p>\n","protected":false},"excerpt":{"rendered":"<p>Mais uma avalia\u00e7\u00e3o foi feita, na manh\u00e3 deste s\u00e1bado (7), da situa\u00e7\u00e3o provocada pelas chuvas que ca\u00edram desde a madrugada na regi\u00e3o de Tubar\u00e3o. A a\u00e7\u00e3o foi realizada pelo Grupo de A\u00e7\u00f5es Coordenadas (GRAC), formado por representantes de diversas entidades civis e militares. Em um per\u00edodo de apenas 12 horas choveu cerca de 120 mm, &hellip;<\/p>\n<p class=\"read-more\"> <a class=\"\" href=\"https:\/\/sulsc.com\/index.php\/2023\/10\/07\/em-tubarao-situacao-de-emergencia-e-decretada\/\"> <span class=\"screen-reader-text\">Em Tubar\u00e3o: situa\u00e7\u00e3o de emerg\u00eancia \u00e9 decretada<\/span> Read More &raquo;<\/a><\/p>\n","protected":false},"author":3,"featured_media":1997,"comment_status":"open","ping_status":"open","sticky":false,"template":"","format":"standard","meta":{"site-sidebar-layout":"default","site-content-layout":"","ast-site-content-layout":"default","site-content-style":"default","site-sidebar-style":"default","ast-global-header-display":"","ast-banner-title-visibility":"","ast-main-header-display":"","ast-hfb-above-header-display":"","ast-hfb-below-header-display":"","ast-hfb-mobile-header-display":"","site-post-title":"","ast-breadcrumbs-content":"","ast-featured-img":"","footer-sml-layout":"","theme-transparent-header-meta":"default","adv-header-id-meta":"","stick-header-meta":"","header-above-stick-meta":"","header-main-stick-meta":"","header-below-stick-meta":"","astra-migrate-meta-layouts":"set","footnotes":""},"categories":[8,21],"tags":[],"yoast_head":"<!-- This site is optimized with the Yoast SEO plugin v21.4 - https:\/\/yoast.com\/wordpress\/plugins\/seo\/ -->\n<title>Em Tubar\u00e3o: situa\u00e7\u00e3o de emerg\u00eancia \u00e9 decretada -<\/title>\n<meta name=\"robots\" content=\"index, follow, max-snippet:-1, max-image-preview:large, max-video-preview:-1\" \/>\n<link rel=\"canonical\" href=\"https:\/\/sulsc.com\/index.php\/2023\/10\/07\/em-tubarao-situacao-de-emergencia-e-decretada\/\" \/>\n<meta property=\"og:locale\" content=\"en_US\" \/>\n<meta property=\"og:type\" content=\"article\" \/>\n<meta property=\"og:title\" content=\"Em Tubar\u00e3o: situa\u00e7\u00e3o de emerg\u00eancia \u00e9 decretada -\" \/>\n<meta property=\"og:description\" content=\"Mais uma avalia\u00e7\u00e3o foi feita, na manh\u00e3 deste s\u00e1bado (7), da situa\u00e7\u00e3o provocada pelas chuvas que ca\u00edram desde a madrugada na regi\u00e3o de Tubar\u00e3o. A a\u00e7\u00e3o foi realizada pelo Grupo de A\u00e7\u00f5es Coordenadas (GRAC), formado por representantes de diversas entidades civis e militares. Em um per\u00edodo de apenas 12 horas choveu cerca de 120 mm, &hellip; Em Tubar\u00e3o: situa\u00e7\u00e3o de emerg\u00eancia \u00e9 decretada Read More &raquo;\" \/>\n<meta property=\"og:url\" content=\"https:\/\/sulsc.com\/index.php\/2023\/10\/07\/em-tubarao-situacao-de-emergencia-e-decretada\/\" \/>\n<meta property=\"article:author\" content=\"https:\/\/www.facebook.com\/profile.php?id=61559278119680\" \/>\n<meta property=\"article:published_time\" content=\"2023-10-07T15:19:54+00:00\" \/>\n<meta property=\"og:image\" content=\"https:\/\/sulsc.com\/wp-content\/uploads\/2023\/10\/Tubarao_emergencia.jpeg\" \/>\n\t<meta property=\"og:image:width\" content=\"1280\" \/>\n\t<meta property=\"og:image:height\" content=\"576\" \/>\n\t<meta property=\"og:image:type\" content=\"image\/jpeg\" \/>\n<meta name=\"author\" content=\"Reda\u00e7\u00e3o Sul SC\" \/>\n<meta name=\"twitter:card\" content=\"summary_large_image\" \/>\n<meta name=\"twitter:creator\" content=\"@https:\/\/twitter.com\/PortalSulSC\" \/>\n<meta name=\"twitter:label1\" content=\"Written by\" \/>\n\t<meta name=\"twitter:data1\" content=\"Reda\u00e7\u00e3o Sul SC\" \/>\n\t<meta name=\"twitter:label2\" content=\"Est. reading time\" \/>\n\t<meta name=\"twitter:data2\" content=\"1 minute\" \/>\n<script type=\"application\/ld+json\" class=\"yoast-schema-graph\">{\"@context\":\"https:\/\/schema.org\",\"@graph\":[{\"@type\":\"WebPage\",\"@id\":\"https:\/\/sulsc.com\/index.php\/2023\/10\/07\/em-tubarao-situacao-de-emergencia-e-decretada\/\",\"url\":\"https:\/\/sulsc.com\/index.php\/2023\/10\/07\/em-tubarao-situacao-de-emergencia-e-decretada\/\",\"name\":\"Em Tubar\u00e3o: situa\u00e7\u00e3o de emerg\u00eancia \u00e9 decretada -\",\"isPartOf\":{\"@id\":\"https:\/\/sulsc.com\/#website\"},\"datePublished\":\"2023-10-07T15:19:54+00:00\",\"dateModified\":\"2023-10-07T15:19:54+00:00\",\"author\":{\"@id\":\"https:\/\/sulsc.com\/#\/schema\/person\/84d2fc571684f6248ba83092f07750a3\"},\"breadcrumb\":{\"@id\":\"https:\/\/sulsc.com\/index.php\/2023\/10\/07\/em-tubarao-situacao-de-emergencia-e-decretada\/#breadcrumb\"},\"inLanguage\":\"en-US\",\"potentialAction\":[{\"@type\":\"ReadAction\",\"target\":[\"https:\/\/sulsc.com\/index.php\/2023\/10\/07\/em-tubarao-situacao-de-emergencia-e-decretada\/\"]}]},{\"@type\":\"BreadcrumbList\",\"@id\":\"https:\/\/sulsc.com\/index.php\/2023\/10\/07\/em-tubarao-situacao-de-emergencia-e-decretada\/#breadcrumb\",\"itemListElement\":[{\"@type\":\"ListItem\",\"position\":1,\"name\":\"In\u00edcio\",\"item\":\"https:\/\/sulsc.com\/\"},{\"@type\":\"ListItem\",\"position\":2,\"name\":\"Em Tubar\u00e3o: situa\u00e7\u00e3o de emerg\u00eancia \u00e9 decretada\"}]},{\"@type\":\"WebSite\",\"@id\":\"https:\/\/sulsc.com\/#website\",\"url\":\"https:\/\/sulsc.com\/\",\"name\":\"\",\"description\":\"\",\"potentialAction\":[{\"@type\":\"SearchAction\",\"target\":{\"@type\":\"EntryPoint\",\"urlTemplate\":\"https:\/\/sulsc.com\/?s={search_term_string}\"},\"query-input\":\"required name=search_term_string\"}],\"inLanguage\":\"en-US\"},{\"@type\":\"Person\",\"@id\":\"https:\/\/sulsc.com\/#\/schema\/person\/84d2fc571684f6248ba83092f07750a3\",\"name\":\"Reda\u00e7\u00e3o Sul SC\",\"image\":{\"@type\":\"ImageObject\",\"inLanguage\":\"en-US\",\"@id\":\"https:\/\/sulsc.com\/#\/schema\/person\/image\/e08d7fe2cc4ed596372063bbe852b8d0\",\"url\":\"https:\/\/sulsc.com\/wp-content\/uploads\/2023\/09\/redacao.png\",\"contentUrl\":\"https:\/\/sulsc.com\/wp-content\/uploads\/2023\/09\/redacao.png\",\"caption\":\"Reda\u00e7\u00e3o Sul SC\"},\"description\":\"Foco em um jornalismo imparcial, voltado \u00e0 qualidade dos seus conte\u00fados e, assim, levar informa\u00e7\u00e3o de valor que agregue \u00e0 vida dos leitores. Esta \u00e9 grande miss\u00e3o do Portal de Not\u00edcias Sul SC. N\u00e3o \u00e9 quantidade que muda o mundo, sempre foi e seguir\u00e1 sendo qualidade!\",\"sameAs\":[\"https:\/\/sulsc.com\/\",\"https:\/\/www.facebook.com\/profile.php?id=61559278119680\",\"https:\/\/www.instagram.com\/sulscportal\/?hl=pt-br\",\"https:\/\/twitter.com\/https:\/\/twitter.com\/PortalSulSC\",\"https:\/\/www.youtube.com\/channel\/UCv_BE8GeySluDov2n8qhVmw\"],\"url\":\"https:\/\/sulsc.com\/index.php\/author\/redacao\/\"}]}<\/script>\n<!-- \/ Yoast SEO plugin. -->","yoast_head_json":{"title":"Em Tubar\u00e3o: situa\u00e7\u00e3o de emerg\u00eancia \u00e9 decretada -","robots":{"index":"index","follow":"follow","max-snippet":"max-snippet:-1","max-image-preview":"max-image-preview:large","max-video-preview":"max-video-preview:-1"},"canonical":"https:\/\/sulsc.com\/index.php\/2023\/10\/07\/em-tubarao-situacao-de-emergencia-e-decretada\/","og_locale":"en_US","og_type":"article","og_title":"Em Tubar\u00e3o: situa\u00e7\u00e3o de emerg\u00eancia \u00e9 decretada -","og_description":"Mais uma avalia\u00e7\u00e3o foi feita, na manh\u00e3 deste s\u00e1bado (7), da situa\u00e7\u00e3o provocada pelas chuvas que ca\u00edram desde a madrugada na regi\u00e3o de Tubar\u00e3o. A a\u00e7\u00e3o foi realizada pelo Grupo de A\u00e7\u00f5es Coordenadas (GRAC), formado por representantes de diversas entidades civis e militares. Em um per\u00edodo de apenas 12 horas choveu cerca de 120 mm, &hellip; Em Tubar\u00e3o: situa\u00e7\u00e3o de emerg\u00eancia \u00e9 decretada Read More &raquo;","og_url":"https:\/\/sulsc.com\/index.php\/2023\/10\/07\/em-tubarao-situacao-de-emergencia-e-decretada\/","article_author":"https:\/\/www.facebook.com\/profile.php?id=61559278119680","article_published_time":"2023-10-07T15:19:54+00:00","og_image":[{"width":1280,"height":576,"url":"https:\/\/sulsc.com\/wp-content\/uploads\/2023\/10\/Tubarao_emergencia.jpeg","type":"image\/jpeg"}],"author":"Reda\u00e7\u00e3o Sul SC","twitter_card":"summary_large_image","twitter_creator":"@https:\/\/twitter.com\/PortalSulSC","twitter_misc":{"Written by":"Reda\u00e7\u00e3o Sul SC","Est. reading time":"1 minute"},"schema":{"@context":"https:\/\/schema.org","@graph":[{"@type":"WebPage","@id":"https:\/\/sulsc.com\/index.php\/2023\/10\/07\/em-tubarao-situacao-de-emergencia-e-decretada\/","url":"https:\/\/sulsc.com\/index.php\/2023\/10\/07\/em-tubarao-situacao-de-emergencia-e-decretada\/","name":"Em Tubar\u00e3o: situa\u00e7\u00e3o de emerg\u00eancia \u00e9 decretada -","isPartOf":{"@id":"https:\/\/sulsc.com\/#website"},"datePublished":"2023-10-07T15:19:54+00:00","dateModified":"2023-10-07T15:19:54+00:00","author":{"@id":"https:\/\/sulsc.com\/#\/schema\/person\/84d2fc571684f6248ba83092f07750a3"},"breadcrumb":{"@id":"https:\/\/sulsc.com\/index.php\/2023\/10\/07\/em-tubarao-situacao-de-emergencia-e-decretada\/#breadcrumb"},"inLanguage":"en-US","potentialAction":[{"@type":"ReadAction","target":["https:\/\/sulsc.com\/index.php\/2023\/10\/07\/em-tubarao-situacao-de-emergencia-e-decretada\/"]}]},{"@type":"BreadcrumbList","@id":"https:\/\/sulsc.com\/index.php\/2023\/10\/07\/em-tubarao-situacao-de-emergencia-e-decretada\/#breadcrumb","itemListElement":[{"@type":"ListItem","position":1,"name":"In\u00edcio","item":"https:\/\/sulsc.com\/"},{"@type":"ListItem","position":2,"name":"Em Tubar\u00e3o: situa\u00e7\u00e3o de emerg\u00eancia \u00e9 decretada"}]},{"@type":"WebSite","@id":"https:\/\/sulsc.com\/#website","url":"https:\/\/sulsc.com\/","name":"","description":"","potentialAction":[{"@type":"SearchAction","target":{"@type":"EntryPoint","urlTemplate":"https:\/\/sulsc.com\/?s={search_term_string}"},"query-input":"required name=search_term_string"}],"inLanguage":"en-US"},{"@type":"Person","@id":"https:\/\/sulsc.com\/#\/schema\/person\/84d2fc571684f6248ba83092f07750a3","name":"Reda\u00e7\u00e3o Sul SC","image":{"@type":"ImageObject","inLanguage":"en-US","@id":"https:\/\/sulsc.com\/#\/schema\/person\/image\/e08d7fe2cc4ed596372063bbe852b8d0","url":"https:\/\/sulsc.com\/wp-content\/uploads\/2023\/09\/redacao.png","contentUrl":"https:\/\/sulsc.com\/wp-content\/uploads\/2023\/09\/redacao.png","caption":"Reda\u00e7\u00e3o Sul SC"},"description":"Foco em um jornalismo imparcial, voltado \u00e0 qualidade dos seus conte\u00fados e, assim, levar informa\u00e7\u00e3o de valor que agregue \u00e0 vida dos leitores. Esta \u00e9 grande miss\u00e3o do Portal de Not\u00edcias Sul SC. N\u00e3o \u00e9 quantidade que muda o mundo, sempre foi e seguir\u00e1 sendo qualidade!","sameAs":["https:\/\/sulsc.com\/","https:\/\/www.facebook.com\/profile.php?id=61559278119680","https:\/\/www.instagram.com\/sulscportal\/?hl=pt-br","https:\/\/twitter.com\/https:\/\/twitter.com\/PortalSulSC","https:\/\/www.youtube.com\/channel\/UCv_BE8GeySluDov2n8qhVmw"],"url":"https:\/\/sulsc.com\/index.php\/author\/redacao\/"}]}},"authors":[],"_links":{"self":[{"href":"https:\/\/sulsc.com\/index.php\/wp-json\/wp\/v2\/posts\/1995"}],"collection":[{"href":"https:\/\/sulsc.com\/index.php\/wp-json\/wp\/v2\/posts"}],"about":[{"href":"https:\/\/sulsc.com\/index.php\/wp-json\/wp\/v2\/types\/post"}],"author":[{"embeddable":true,"href":"https:\/\/sulsc.com\/index.php\/wp-json\/wp\/v2\/users\/3"}],"replies":[{"embeddable":true,"href":"https:\/\/sulsc.com\/index.php\/wp-json\/wp\/v2\/comments?post=1995"}],"version-history":[{"count":1,"href":"https:\/\/sulsc.com\/index.php\/wp-json\/wp\/v2\/posts\/1995\/revisions"}],"predecessor-version":[{"id":1998,"href":"https:\/\/sulsc.com\/index.php\/wp-json\/wp\/v2\/posts\/1995\/revisions\/1998"}],"wp:featuredmedia":[{"embeddable":true,"href":"https:\/\/sulsc.com\/index.php\/wp-json\/wp\/v2\/media\/1997"}],"wp:attachment":[{"href":"https:\/\/sulsc.com\/index.php\/wp-json\/wp\/v2\/media?parent=1995"}],"wp:term":[{"taxonomy":"category","embeddable":true,"href":"https:\/\/sulsc.com\/index.php\/wp-json\/wp\/v2\/categories?post=1995"},{"taxonomy":"post_tag","embeddable":true,"href":"https:\/\/sulsc.com\/index.php\/wp-json\/wp\/v2\/tags?post=1995"}],"curies":[{"name":"wp","href":"https:\/\/api.w.org\/{rel}","templated":true}]}}