{"id":20031,"date":"2025-02-06T10:14:30","date_gmt":"2025-02-06T13:14:30","guid":{"rendered":"https:\/\/sulsc.com\/?p=20031"},"modified":"2025-02-06T10:21:17","modified_gmt":"2025-02-06T13:21:17","slug":"quinta-feira-06-de-temperaturas-altas-e-com-chance-de-temporais-ja-no-periodo-da-tarde","status":"publish","type":"post","link":"https:\/\/sulsc.com\/index.php\/2025\/02\/06\/quinta-feira-06-de-temperaturas-altas-e-com-chance-de-temporais-ja-no-periodo-da-tarde\/","title":{"rendered":"Quinta-feira (06) de temperaturas altas e com chance de temporais j\u00e1 no per\u00edodo da tarde"},"content":{"rendered":"<p>Quinta-feira (06) com temperaturas m\u00e1ximas acima dos 30\u00b0C , desde o amanhecer a sensa\u00e7\u00e3o de ar abafado predomina. Mas a instabilidade aumenta em SC, inclusive com chance de tempo severo, devido \u00e0 aproxima\u00e7\u00e3o de uma frente fria, que se forma no RS associada a um ciclone em alto mar.<\/p>\n<p><img fetchpriority=\"high\" decoding=\"async\" class=\"aligncenter size-full wp-image-20035\" src=\"http:\/\/sulsc.com\/wp-content\/uploads\/2025\/02\/5.png\" alt=\"\" width=\"1024\" height=\"697\" srcset=\"https:\/\/sulsc.com\/wp-content\/uploads\/2025\/02\/5.png 1024w, https:\/\/sulsc.com\/wp-content\/uploads\/2025\/02\/5-300x204.png 300w, https:\/\/sulsc.com\/wp-content\/uploads\/2025\/02\/5-768x523.png 768w\" sizes=\"(max-width: 1024px) 100vw, 1024px\" \/><\/p>\n<p><img decoding=\"async\" class=\"aligncenter wp-image-17436\" src=\"http:\/\/sulsc.com\/wp-content\/uploads\/2024\/11\/Tempo-2.png\" alt=\"\" width=\"564\" height=\"104\" srcset=\"https:\/\/sulsc.com\/wp-content\/uploads\/2024\/11\/Tempo-2.png 1024w, https:\/\/sulsc.com\/wp-content\/uploads\/2024\/11\/Tempo-2-300x55.png 300w, https:\/\/sulsc.com\/wp-content\/uploads\/2024\/11\/Tempo-2-768x142.png 768w\" sizes=\"(max-width: 564px) 100vw, 564px\" \/><\/p>\n<p>H\u00e1 condi\u00e7\u00f5es para chuva isolada, principalmente entre o centro e o leste do estado, mas \u00e9 a partir da tarde que a chuva ganha for\u00e7a e ocorre acompanhada por temporais, com raios, rajadas de vento e granizo. O risco \u00e9 moderado a alto para ocorr\u00eancias associadas a alagamentos, enxurradas, queda de galhos e \u00e1rvores e destelhamentos.<\/p>\n<p>Fonte: Defesa Civil SC\/ Meteorologista: Francine Sacco<\/p>\n<p>Foto\/SulSC<\/p>\n","protected":false},"excerpt":{"rendered":"<p>Quinta-feira (06) com temperaturas m\u00e1ximas acima dos 30\u00b0C , desde o amanhecer a sensa\u00e7\u00e3o de ar abafado predomina. Mas a instabilidade aumenta em SC, inclusive com chance de tempo severo, devido \u00e0 aproxima\u00e7\u00e3o de uma frente fria, que se forma no RS associada a um ciclone em alto mar. H\u00e1 condi\u00e7\u00f5es para chuva isolada, principalmente &hellip;<\/p>\n<p class=\"read-more\"> <a class=\"\" href=\"https:\/\/sulsc.com\/index.php\/2025\/02\/06\/quinta-feira-06-de-temperaturas-altas-e-com-chance-de-temporais-ja-no-periodo-da-tarde\/\"> <span class=\"screen-reader-text\">Quinta-feira (06) de temperaturas altas e com chance de temporais j\u00e1 no per\u00edodo da tarde<\/span> Read More &raquo;<\/a><\/p>\n","protected":false},"author":3,"featured_media":20038,"comment_status":"open","ping_status":"open","sticky":false,"template":"","format":"standard","meta":{"site-sidebar-layout":"default","site-content-layout":"","ast-site-content-layout":"default","site-content-style":"default","site-sidebar-style":"default","ast-global-header-display":"","ast-banner-title-visibility":"","ast-main-header-display":"","ast-hfb-above-header-display":"","ast-hfb-below-header-display":"","ast-hfb-mobile-header-display":"","site-post-title":"","ast-breadcrumbs-content":"","ast-featured-img":"","footer-sml-layout":"","theme-transparent-header-meta":"default","adv-header-id-meta":"","stick-header-meta":"","header-above-stick-meta":"","header-main-stick-meta":"","header-below-stick-meta":"","astra-migrate-meta-layouts":"set","footnotes":""},"categories":[38],"tags":[90],"yoast_head":"<!-- This site is optimized with the Yoast SEO plugin v21.4 - https:\/\/yoast.com\/wordpress\/plugins\/seo\/ -->\n<title>Quinta-feira (06) de temperaturas altas e com chance de temporais j\u00e1 no per\u00edodo da tarde -<\/title>\n<meta name=\"description\" content=\"O risco \u00e9 moderado a alto para ocorr\u00eancias associadas a alagamentos enxurradas, queda de galhos e \u00e1rvores e destelhamentos\" \/>\n<meta name=\"robots\" content=\"index, follow, max-snippet:-1, max-image-preview:large, max-video-preview:-1\" \/>\n<link rel=\"canonical\" href=\"https:\/\/sulsc.com\/index.php\/2025\/02\/06\/quinta-feira-06-de-temperaturas-altas-e-com-chance-de-temporais-ja-no-periodo-da-tarde\/\" \/>\n<meta property=\"og:locale\" content=\"en_US\" \/>\n<meta property=\"og:type\" content=\"article\" \/>\n<meta property=\"og:title\" content=\"Quinta-feira (06) de temperaturas altas e com chance de temporais j\u00e1 no per\u00edodo da tarde -\" \/>\n<meta property=\"og:description\" content=\"O risco \u00e9 moderado a alto para ocorr\u00eancias associadas a alagamentos enxurradas, queda de galhos e \u00e1rvores e destelhamentos\" \/>\n<meta property=\"og:url\" content=\"https:\/\/sulsc.com\/index.php\/2025\/02\/06\/quinta-feira-06-de-temperaturas-altas-e-com-chance-de-temporais-ja-no-periodo-da-tarde\/\" \/>\n<meta property=\"article:author\" content=\"https:\/\/www.facebook.com\/profile.php?id=61559278119680\" \/>\n<meta property=\"article:published_time\" content=\"2025-02-06T13:14:30+00:00\" \/>\n<meta property=\"article:modified_time\" content=\"2025-02-06T13:21:17+00:00\" \/>\n<meta property=\"og:image\" content=\"http:\/\/sulsc.com\/wp-content\/uploads\/2025\/02\/1f108c15-8ccd-48a0-92aa-f3d0d612711f.jpg\" \/>\n\t<meta property=\"og:image:width\" content=\"1080\" \/>\n\t<meta property=\"og:image:height\" content=\"1318\" \/>\n\t<meta property=\"og:image:type\" content=\"image\/jpeg\" \/>\n<meta name=\"author\" content=\"Reda\u00e7\u00e3o Sul SC\" \/>\n<meta name=\"twitter:card\" content=\"summary_large_image\" \/>\n<meta name=\"twitter:creator\" content=\"@https:\/\/twitter.com\/PortalSulSC\" \/>\n<meta name=\"twitter:label1\" content=\"Written by\" \/>\n\t<meta name=\"twitter:data1\" content=\"Reda\u00e7\u00e3o Sul SC\" \/>\n\t<meta name=\"twitter:label2\" content=\"Est. reading time\" \/>\n\t<meta name=\"twitter:data2\" content=\"1 minute\" \/>\n<script type=\"application\/ld+json\" class=\"yoast-schema-graph\">{\"@context\":\"https:\/\/schema.org\",\"@graph\":[{\"@type\":\"WebPage\",\"@id\":\"https:\/\/sulsc.com\/index.php\/2025\/02\/06\/quinta-feira-06-de-temperaturas-altas-e-com-chance-de-temporais-ja-no-periodo-da-tarde\/\",\"url\":\"https:\/\/sulsc.com\/index.php\/2025\/02\/06\/quinta-feira-06-de-temperaturas-altas-e-com-chance-de-temporais-ja-no-periodo-da-tarde\/\",\"name\":\"Quinta-feira (06) de temperaturas altas e com chance de temporais j\u00e1 no per\u00edodo da tarde -\",\"isPartOf\":{\"@id\":\"https:\/\/sulsc.com\/#website\"},\"datePublished\":\"2025-02-06T13:14:30+00:00\",\"dateModified\":\"2025-02-06T13:21:17+00:00\",\"author\":{\"@id\":\"https:\/\/sulsc.com\/#\/schema\/person\/84d2fc571684f6248ba83092f07750a3\"},\"description\":\"O risco \u00e9 moderado a alto para ocorr\u00eancias associadas a alagamentos enxurradas, queda de galhos e \u00e1rvores e destelhamentos\",\"breadcrumb\":{\"@id\":\"https:\/\/sulsc.com\/index.php\/2025\/02\/06\/quinta-feira-06-de-temperaturas-altas-e-com-chance-de-temporais-ja-no-periodo-da-tarde\/#breadcrumb\"},\"inLanguage\":\"en-US\",\"potentialAction\":[{\"@type\":\"ReadAction\",\"target\":[\"https:\/\/sulsc.com\/index.php\/2025\/02\/06\/quinta-feira-06-de-temperaturas-altas-e-com-chance-de-temporais-ja-no-periodo-da-tarde\/\"]}]},{\"@type\":\"BreadcrumbList\",\"@id\":\"https:\/\/sulsc.com\/index.php\/2025\/02\/06\/quinta-feira-06-de-temperaturas-altas-e-com-chance-de-temporais-ja-no-periodo-da-tarde\/#breadcrumb\",\"itemListElement\":[{\"@type\":\"ListItem\",\"position\":1,\"name\":\"In\u00edcio\",\"item\":\"https:\/\/sulsc.com\/\"},{\"@type\":\"ListItem\",\"position\":2,\"name\":\"Quinta-feira (06) de temperaturas altas e com chance de temporais j\u00e1 no per\u00edodo da tarde\"}]},{\"@type\":\"WebSite\",\"@id\":\"https:\/\/sulsc.com\/#website\",\"url\":\"https:\/\/sulsc.com\/\",\"name\":\"\",\"description\":\"\",\"potentialAction\":[{\"@type\":\"SearchAction\",\"target\":{\"@type\":\"EntryPoint\",\"urlTemplate\":\"https:\/\/sulsc.com\/?s={search_term_string}\"},\"query-input\":\"required name=search_term_string\"}],\"inLanguage\":\"en-US\"},{\"@type\":\"Person\",\"@id\":\"https:\/\/sulsc.com\/#\/schema\/person\/84d2fc571684f6248ba83092f07750a3\",\"name\":\"Reda\u00e7\u00e3o Sul SC\",\"image\":{\"@type\":\"ImageObject\",\"inLanguage\":\"en-US\",\"@id\":\"https:\/\/sulsc.com\/#\/schema\/person\/image\/e08d7fe2cc4ed596372063bbe852b8d0\",\"url\":\"https:\/\/sulsc.com\/wp-content\/uploads\/2023\/09\/redacao.png\",\"contentUrl\":\"https:\/\/sulsc.com\/wp-content\/uploads\/2023\/09\/redacao.png\",\"caption\":\"Reda\u00e7\u00e3o Sul SC\"},\"description\":\"Foco em um jornalismo imparcial, voltado \u00e0 qualidade dos seus conte\u00fados e, assim, levar informa\u00e7\u00e3o de valor que agregue \u00e0 vida dos leitores. Esta \u00e9 grande miss\u00e3o do Portal de Not\u00edcias Sul SC. N\u00e3o \u00e9 quantidade que muda o mundo, sempre foi e seguir\u00e1 sendo qualidade!\",\"sameAs\":[\"https:\/\/sulsc.com\/\",\"https:\/\/www.facebook.com\/profile.php?id=61559278119680\",\"https:\/\/www.instagram.com\/sulscportal\/?hl=pt-br\",\"https:\/\/twitter.com\/https:\/\/twitter.com\/PortalSulSC\",\"https:\/\/www.youtube.com\/channel\/UCv_BE8GeySluDov2n8qhVmw\"],\"url\":\"https:\/\/sulsc.com\/index.php\/author\/redacao\/\"}]}<\/script>\n<!-- \/ Yoast SEO plugin. -->","yoast_head_json":{"title":"Quinta-feira (06) de temperaturas altas e com chance de temporais j\u00e1 no per\u00edodo da tarde -","description":"O risco \u00e9 moderado a alto para ocorr\u00eancias associadas a alagamentos enxurradas, queda de galhos e \u00e1rvores e destelhamentos","robots":{"index":"index","follow":"follow","max-snippet":"max-snippet:-1","max-image-preview":"max-image-preview:large","max-video-preview":"max-video-preview:-1"},"canonical":"https:\/\/sulsc.com\/index.php\/2025\/02\/06\/quinta-feira-06-de-temperaturas-altas-e-com-chance-de-temporais-ja-no-periodo-da-tarde\/","og_locale":"en_US","og_type":"article","og_title":"Quinta-feira (06) de temperaturas altas e com chance de temporais j\u00e1 no per\u00edodo da tarde -","og_description":"O risco \u00e9 moderado a alto para ocorr\u00eancias associadas a alagamentos enxurradas, queda de galhos e \u00e1rvores e destelhamentos","og_url":"https:\/\/sulsc.com\/index.php\/2025\/02\/06\/quinta-feira-06-de-temperaturas-altas-e-com-chance-de-temporais-ja-no-periodo-da-tarde\/","article_author":"https:\/\/www.facebook.com\/profile.php?id=61559278119680","article_published_time":"2025-02-06T13:14:30+00:00","article_modified_time":"2025-02-06T13:21:17+00:00","og_image":[{"width":1080,"height":1318,"url":"http:\/\/sulsc.com\/wp-content\/uploads\/2025\/02\/1f108c15-8ccd-48a0-92aa-f3d0d612711f.jpg","type":"image\/jpeg"}],"author":"Reda\u00e7\u00e3o Sul SC","twitter_card":"summary_large_image","twitter_creator":"@https:\/\/twitter.com\/PortalSulSC","twitter_misc":{"Written by":"Reda\u00e7\u00e3o Sul SC","Est. reading time":"1 minute"},"schema":{"@context":"https:\/\/schema.org","@graph":[{"@type":"WebPage","@id":"https:\/\/sulsc.com\/index.php\/2025\/02\/06\/quinta-feira-06-de-temperaturas-altas-e-com-chance-de-temporais-ja-no-periodo-da-tarde\/","url":"https:\/\/sulsc.com\/index.php\/2025\/02\/06\/quinta-feira-06-de-temperaturas-altas-e-com-chance-de-temporais-ja-no-periodo-da-tarde\/","name":"Quinta-feira (06) de temperaturas altas e com chance de temporais j\u00e1 no per\u00edodo da tarde -","isPartOf":{"@id":"https:\/\/sulsc.com\/#website"},"datePublished":"2025-02-06T13:14:30+00:00","dateModified":"2025-02-06T13:21:17+00:00","author":{"@id":"https:\/\/sulsc.com\/#\/schema\/person\/84d2fc571684f6248ba83092f07750a3"},"description":"O risco \u00e9 moderado a alto para ocorr\u00eancias associadas a alagamentos enxurradas, queda de galhos e \u00e1rvores e destelhamentos","breadcrumb":{"@id":"https:\/\/sulsc.com\/index.php\/2025\/02\/06\/quinta-feira-06-de-temperaturas-altas-e-com-chance-de-temporais-ja-no-periodo-da-tarde\/#breadcrumb"},"inLanguage":"en-US","potentialAction":[{"@type":"ReadAction","target":["https:\/\/sulsc.com\/index.php\/2025\/02\/06\/quinta-feira-06-de-temperaturas-altas-e-com-chance-de-temporais-ja-no-periodo-da-tarde\/"]}]},{"@type":"BreadcrumbList","@id":"https:\/\/sulsc.com\/index.php\/2025\/02\/06\/quinta-feira-06-de-temperaturas-altas-e-com-chance-de-temporais-ja-no-periodo-da-tarde\/#breadcrumb","itemListElement":[{"@type":"ListItem","position":1,"name":"In\u00edcio","item":"https:\/\/sulsc.com\/"},{"@type":"ListItem","position":2,"name":"Quinta-feira (06) de temperaturas altas e com chance de temporais j\u00e1 no per\u00edodo da tarde"}]},{"@type":"WebSite","@id":"https:\/\/sulsc.com\/#website","url":"https:\/\/sulsc.com\/","name":"","description":"","potentialAction":[{"@type":"SearchAction","target":{"@type":"EntryPoint","urlTemplate":"https:\/\/sulsc.com\/?s={search_term_string}"},"query-input":"required name=search_term_string"}],"inLanguage":"en-US"},{"@type":"Person","@id":"https:\/\/sulsc.com\/#\/schema\/person\/84d2fc571684f6248ba83092f07750a3","name":"Reda\u00e7\u00e3o Sul SC","image":{"@type":"ImageObject","inLanguage":"en-US","@id":"https:\/\/sulsc.com\/#\/schema\/person\/image\/e08d7fe2cc4ed596372063bbe852b8d0","url":"https:\/\/sulsc.com\/wp-content\/uploads\/2023\/09\/redacao.png","contentUrl":"https:\/\/sulsc.com\/wp-content\/uploads\/2023\/09\/redacao.png","caption":"Reda\u00e7\u00e3o Sul SC"},"description":"Foco em um jornalismo imparcial, voltado \u00e0 qualidade dos seus conte\u00fados e, assim, levar informa\u00e7\u00e3o de valor que agregue \u00e0 vida dos leitores. Esta \u00e9 grande miss\u00e3o do Portal de Not\u00edcias Sul SC. N\u00e3o \u00e9 quantidade que muda o mundo, sempre foi e seguir\u00e1 sendo qualidade!","sameAs":["https:\/\/sulsc.com\/","https:\/\/www.facebook.com\/profile.php?id=61559278119680","https:\/\/www.instagram.com\/sulscportal\/?hl=pt-br","https:\/\/twitter.com\/https:\/\/twitter.com\/PortalSulSC","https:\/\/www.youtube.com\/channel\/UCv_BE8GeySluDov2n8qhVmw"],"url":"https:\/\/sulsc.com\/index.php\/author\/redacao\/"}]}},"authors":[],"_links":{"self":[{"href":"https:\/\/sulsc.com\/index.php\/wp-json\/wp\/v2\/posts\/20031"}],"collection":[{"href":"https:\/\/sulsc.com\/index.php\/wp-json\/wp\/v2\/posts"}],"about":[{"href":"https:\/\/sulsc.com\/index.php\/wp-json\/wp\/v2\/types\/post"}],"author":[{"embeddable":true,"href":"https:\/\/sulsc.com\/index.php\/wp-json\/wp\/v2\/users\/3"}],"replies":[{"embeddable":true,"href":"https:\/\/sulsc.com\/index.php\/wp-json\/wp\/v2\/comments?post=20031"}],"version-history":[{"count":1,"href":"https:\/\/sulsc.com\/index.php\/wp-json\/wp\/v2\/posts\/20031\/revisions"}],"predecessor-version":[{"id":20037,"href":"https:\/\/sulsc.com\/index.php\/wp-json\/wp\/v2\/posts\/20031\/revisions\/20037"}],"wp:featuredmedia":[{"embeddable":true,"href":"https:\/\/sulsc.com\/index.php\/wp-json\/wp\/v2\/media\/20038"}],"wp:attachment":[{"href":"https:\/\/sulsc.com\/index.php\/wp-json\/wp\/v2\/media?parent=20031"}],"wp:term":[{"taxonomy":"category","embeddable":true,"href":"https:\/\/sulsc.com\/index.php\/wp-json\/wp\/v2\/categories?post=20031"},{"taxonomy":"post_tag","embeddable":true,"href":"https:\/\/sulsc.com\/index.php\/wp-json\/wp\/v2\/tags?post=20031"}],"curies":[{"name":"wp","href":"https:\/\/api.w.org\/{rel}","templated":true}]}}