{"id":2004,"date":"2023-10-07T15:12:11","date_gmt":"2023-10-07T18:12:11","guid":{"rendered":"https:\/\/sulsc.com\/?p=2004"},"modified":"2023-10-07T15:12:11","modified_gmt":"2023-10-07T18:12:11","slug":"travessia-da-balsa-esta-suspensa-bote-funcionara-ate-as-18h","status":"publish","type":"post","link":"https:\/\/sulsc.com\/index.php\/2023\/10\/07\/travessia-da-balsa-esta-suspensa-bote-funcionara-ate-as-18h\/","title":{"rendered":"Travessia da balsa est\u00e1 suspensa; bote funcionar\u00e1 at\u00e9 as 18h"},"content":{"rendered":"<p>A travessia da balsa foi suspensa na tarde deste s\u00e1bado (7), em Laguna. A a\u00e7\u00e3o ocorreu por conta da chuva intensa, da forte correnteza e da quantidade de galhos no Canal da Barra.<\/p>\n<p>A medida se faz necess\u00e1ria para seguran\u00e7a das pessoas e funcion\u00e1rios. N\u00e3o h\u00e1 previs\u00e3o de retorno.<\/p>\n<p>J\u00e1 o bote estar\u00e1 em funcionamento somente at\u00e9 as 18h, deste s\u00e1bado. Al\u00e9m disso, durante o per\u00edodo da tarde a travessia ser\u00e1 feita a cada 30 minutos. Segundo o respons\u00e1vel, os servi\u00e7os retornam no domingo (8), a partir das 6h.<\/p>\n<p><img fetchpriority=\"high\" decoding=\"async\" class=\"alignnone size-full wp-image-2005\" src=\"http:\/\/sulsc.com\/wp-content\/uploads\/2023\/10\/travessia-bote-7-out-1-1024x768-1.jpeg\" alt=\"\" width=\"1024\" height=\"768\" srcset=\"https:\/\/sulsc.com\/wp-content\/uploads\/2023\/10\/travessia-bote-7-out-1-1024x768-1.jpeg 1024w, https:\/\/sulsc.com\/wp-content\/uploads\/2023\/10\/travessia-bote-7-out-1-1024x768-1-300x225.jpeg 300w, https:\/\/sulsc.com\/wp-content\/uploads\/2023\/10\/travessia-bote-7-out-1-1024x768-1-768x576.jpeg 768w\" sizes=\"(max-width: 1024px) 100vw, 1024px\" \/><\/p>\n<p>&nbsp;<\/p>\n<p>Fonte: Pref. Laguna<\/p>\n","protected":false},"excerpt":{"rendered":"<p>A travessia da balsa foi suspensa na tarde deste s\u00e1bado (7), em Laguna. A a\u00e7\u00e3o ocorreu por conta da chuva intensa, da forte correnteza e da quantidade de galhos no Canal da Barra. A medida se faz necess\u00e1ria para seguran\u00e7a das pessoas e funcion\u00e1rios. N\u00e3o h\u00e1 previs\u00e3o de retorno. J\u00e1 o bote estar\u00e1 em funcionamento &hellip;<\/p>\n<p class=\"read-more\"> <a class=\"\" href=\"https:\/\/sulsc.com\/index.php\/2023\/10\/07\/travessia-da-balsa-esta-suspensa-bote-funcionara-ate-as-18h\/\"> <span class=\"screen-reader-text\">Travessia da balsa est\u00e1 suspensa; bote funcionar\u00e1 at\u00e9 as 18h<\/span> Read More &raquo;<\/a><\/p>\n","protected":false},"author":3,"featured_media":2006,"comment_status":"open","ping_status":"open","sticky":false,"template":"","format":"standard","meta":{"site-sidebar-layout":"default","site-content-layout":"","ast-site-content-layout":"default","site-content-style":"default","site-sidebar-style":"default","ast-global-header-display":"","ast-banner-title-visibility":"","ast-main-header-display":"","ast-hfb-above-header-display":"","ast-hfb-below-header-display":"","ast-hfb-mobile-header-display":"","site-post-title":"","ast-breadcrumbs-content":"","ast-featured-img":"","footer-sml-layout":"","theme-transparent-header-meta":"default","adv-header-id-meta":"","stick-header-meta":"","header-above-stick-meta":"","header-main-stick-meta":"","header-below-stick-meta":"","astra-migrate-meta-layouts":"set","footnotes":""},"categories":[1,22,8],"tags":[],"yoast_head":"<!-- This site is optimized with the Yoast SEO plugin v21.4 - https:\/\/yoast.com\/wordpress\/plugins\/seo\/ -->\n<title>Travessia da balsa est\u00e1 suspensa; bote funcionar\u00e1 at\u00e9 as 18h -<\/title>\n<meta name=\"robots\" content=\"index, follow, max-snippet:-1, max-image-preview:large, max-video-preview:-1\" \/>\n<link rel=\"canonical\" href=\"https:\/\/sulsc.com\/index.php\/2023\/10\/07\/travessia-da-balsa-esta-suspensa-bote-funcionara-ate-as-18h\/\" \/>\n<meta property=\"og:locale\" content=\"en_US\" \/>\n<meta property=\"og:type\" content=\"article\" \/>\n<meta property=\"og:title\" content=\"Travessia da balsa est\u00e1 suspensa; bote funcionar\u00e1 at\u00e9 as 18h -\" \/>\n<meta property=\"og:description\" content=\"A travessia da balsa foi suspensa na tarde deste s\u00e1bado (7), em Laguna. A a\u00e7\u00e3o ocorreu por conta da chuva intensa, da forte correnteza e da quantidade de galhos no Canal da Barra. A medida se faz necess\u00e1ria para seguran\u00e7a das pessoas e funcion\u00e1rios. N\u00e3o h\u00e1 previs\u00e3o de retorno. J\u00e1 o bote estar\u00e1 em funcionamento &hellip; Travessia da balsa est\u00e1 suspensa; bote funcionar\u00e1 at\u00e9 as 18h Read More &raquo;\" \/>\n<meta property=\"og:url\" content=\"https:\/\/sulsc.com\/index.php\/2023\/10\/07\/travessia-da-balsa-esta-suspensa-bote-funcionara-ate-as-18h\/\" \/>\n<meta property=\"article:author\" content=\"https:\/\/www.facebook.com\/profile.php?id=61559278119680\" \/>\n<meta property=\"article:published_time\" content=\"2023-10-07T18:12:11+00:00\" \/>\n<meta property=\"og:image\" content=\"https:\/\/sulsc.com\/wp-content\/uploads\/2023\/10\/travessia-balsa-7-out-1-800x445-1.jpeg\" \/>\n\t<meta property=\"og:image:width\" content=\"800\" \/>\n\t<meta property=\"og:image:height\" content=\"445\" \/>\n\t<meta property=\"og:image:type\" content=\"image\/jpeg\" \/>\n<meta name=\"author\" content=\"Reda\u00e7\u00e3o Sul SC\" \/>\n<meta name=\"twitter:card\" content=\"summary_large_image\" \/>\n<meta name=\"twitter:creator\" content=\"@https:\/\/twitter.com\/PortalSulSC\" \/>\n<meta name=\"twitter:label1\" content=\"Written by\" \/>\n\t<meta name=\"twitter:data1\" content=\"Reda\u00e7\u00e3o Sul SC\" \/>\n\t<meta name=\"twitter:label2\" content=\"Est. reading time\" \/>\n\t<meta name=\"twitter:data2\" content=\"1 minute\" \/>\n<script type=\"application\/ld+json\" class=\"yoast-schema-graph\">{\"@context\":\"https:\/\/schema.org\",\"@graph\":[{\"@type\":\"WebPage\",\"@id\":\"https:\/\/sulsc.com\/index.php\/2023\/10\/07\/travessia-da-balsa-esta-suspensa-bote-funcionara-ate-as-18h\/\",\"url\":\"https:\/\/sulsc.com\/index.php\/2023\/10\/07\/travessia-da-balsa-esta-suspensa-bote-funcionara-ate-as-18h\/\",\"name\":\"Travessia da balsa est\u00e1 suspensa; bote funcionar\u00e1 at\u00e9 as 18h -\",\"isPartOf\":{\"@id\":\"https:\/\/sulsc.com\/#website\"},\"datePublished\":\"2023-10-07T18:12:11+00:00\",\"dateModified\":\"2023-10-07T18:12:11+00:00\",\"author\":{\"@id\":\"https:\/\/sulsc.com\/#\/schema\/person\/84d2fc571684f6248ba83092f07750a3\"},\"breadcrumb\":{\"@id\":\"https:\/\/sulsc.com\/index.php\/2023\/10\/07\/travessia-da-balsa-esta-suspensa-bote-funcionara-ate-as-18h\/#breadcrumb\"},\"inLanguage\":\"en-US\",\"potentialAction\":[{\"@type\":\"ReadAction\",\"target\":[\"https:\/\/sulsc.com\/index.php\/2023\/10\/07\/travessia-da-balsa-esta-suspensa-bote-funcionara-ate-as-18h\/\"]}]},{\"@type\":\"BreadcrumbList\",\"@id\":\"https:\/\/sulsc.com\/index.php\/2023\/10\/07\/travessia-da-balsa-esta-suspensa-bote-funcionara-ate-as-18h\/#breadcrumb\",\"itemListElement\":[{\"@type\":\"ListItem\",\"position\":1,\"name\":\"In\u00edcio\",\"item\":\"https:\/\/sulsc.com\/\"},{\"@type\":\"ListItem\",\"position\":2,\"name\":\"Travessia da balsa est\u00e1 suspensa; bote funcionar\u00e1 at\u00e9 as 18h\"}]},{\"@type\":\"WebSite\",\"@id\":\"https:\/\/sulsc.com\/#website\",\"url\":\"https:\/\/sulsc.com\/\",\"name\":\"\",\"description\":\"\",\"potentialAction\":[{\"@type\":\"SearchAction\",\"target\":{\"@type\":\"EntryPoint\",\"urlTemplate\":\"https:\/\/sulsc.com\/?s={search_term_string}\"},\"query-input\":\"required name=search_term_string\"}],\"inLanguage\":\"en-US\"},{\"@type\":\"Person\",\"@id\":\"https:\/\/sulsc.com\/#\/schema\/person\/84d2fc571684f6248ba83092f07750a3\",\"name\":\"Reda\u00e7\u00e3o Sul SC\",\"image\":{\"@type\":\"ImageObject\",\"inLanguage\":\"en-US\",\"@id\":\"https:\/\/sulsc.com\/#\/schema\/person\/image\/e08d7fe2cc4ed596372063bbe852b8d0\",\"url\":\"https:\/\/sulsc.com\/wp-content\/uploads\/2023\/09\/redacao.png\",\"contentUrl\":\"https:\/\/sulsc.com\/wp-content\/uploads\/2023\/09\/redacao.png\",\"caption\":\"Reda\u00e7\u00e3o Sul SC\"},\"description\":\"Foco em um jornalismo imparcial, voltado \u00e0 qualidade dos seus conte\u00fados e, assim, levar informa\u00e7\u00e3o de valor que agregue \u00e0 vida dos leitores. Esta \u00e9 grande miss\u00e3o do Portal de Not\u00edcias Sul SC. N\u00e3o \u00e9 quantidade que muda o mundo, sempre foi e seguir\u00e1 sendo qualidade!\",\"sameAs\":[\"https:\/\/sulsc.com\/\",\"https:\/\/www.facebook.com\/profile.php?id=61559278119680\",\"https:\/\/www.instagram.com\/sulscportal\/?hl=pt-br\",\"https:\/\/twitter.com\/https:\/\/twitter.com\/PortalSulSC\",\"https:\/\/www.youtube.com\/channel\/UCv_BE8GeySluDov2n8qhVmw\"],\"url\":\"https:\/\/sulsc.com\/index.php\/author\/redacao\/\"}]}<\/script>\n<!-- \/ Yoast SEO plugin. -->","yoast_head_json":{"title":"Travessia da balsa est\u00e1 suspensa; bote funcionar\u00e1 at\u00e9 as 18h -","robots":{"index":"index","follow":"follow","max-snippet":"max-snippet:-1","max-image-preview":"max-image-preview:large","max-video-preview":"max-video-preview:-1"},"canonical":"https:\/\/sulsc.com\/index.php\/2023\/10\/07\/travessia-da-balsa-esta-suspensa-bote-funcionara-ate-as-18h\/","og_locale":"en_US","og_type":"article","og_title":"Travessia da balsa est\u00e1 suspensa; bote funcionar\u00e1 at\u00e9 as 18h -","og_description":"A travessia da balsa foi suspensa na tarde deste s\u00e1bado (7), em Laguna. A a\u00e7\u00e3o ocorreu por conta da chuva intensa, da forte correnteza e da quantidade de galhos no Canal da Barra. A medida se faz necess\u00e1ria para seguran\u00e7a das pessoas e funcion\u00e1rios. N\u00e3o h\u00e1 previs\u00e3o de retorno. J\u00e1 o bote estar\u00e1 em funcionamento &hellip; Travessia da balsa est\u00e1 suspensa; bote funcionar\u00e1 at\u00e9 as 18h Read More &raquo;","og_url":"https:\/\/sulsc.com\/index.php\/2023\/10\/07\/travessia-da-balsa-esta-suspensa-bote-funcionara-ate-as-18h\/","article_author":"https:\/\/www.facebook.com\/profile.php?id=61559278119680","article_published_time":"2023-10-07T18:12:11+00:00","og_image":[{"width":800,"height":445,"url":"https:\/\/sulsc.com\/wp-content\/uploads\/2023\/10\/travessia-balsa-7-out-1-800x445-1.jpeg","type":"image\/jpeg"}],"author":"Reda\u00e7\u00e3o Sul SC","twitter_card":"summary_large_image","twitter_creator":"@https:\/\/twitter.com\/PortalSulSC","twitter_misc":{"Written by":"Reda\u00e7\u00e3o Sul SC","Est. reading time":"1 minute"},"schema":{"@context":"https:\/\/schema.org","@graph":[{"@type":"WebPage","@id":"https:\/\/sulsc.com\/index.php\/2023\/10\/07\/travessia-da-balsa-esta-suspensa-bote-funcionara-ate-as-18h\/","url":"https:\/\/sulsc.com\/index.php\/2023\/10\/07\/travessia-da-balsa-esta-suspensa-bote-funcionara-ate-as-18h\/","name":"Travessia da balsa est\u00e1 suspensa; bote funcionar\u00e1 at\u00e9 as 18h -","isPartOf":{"@id":"https:\/\/sulsc.com\/#website"},"datePublished":"2023-10-07T18:12:11+00:00","dateModified":"2023-10-07T18:12:11+00:00","author":{"@id":"https:\/\/sulsc.com\/#\/schema\/person\/84d2fc571684f6248ba83092f07750a3"},"breadcrumb":{"@id":"https:\/\/sulsc.com\/index.php\/2023\/10\/07\/travessia-da-balsa-esta-suspensa-bote-funcionara-ate-as-18h\/#breadcrumb"},"inLanguage":"en-US","potentialAction":[{"@type":"ReadAction","target":["https:\/\/sulsc.com\/index.php\/2023\/10\/07\/travessia-da-balsa-esta-suspensa-bote-funcionara-ate-as-18h\/"]}]},{"@type":"BreadcrumbList","@id":"https:\/\/sulsc.com\/index.php\/2023\/10\/07\/travessia-da-balsa-esta-suspensa-bote-funcionara-ate-as-18h\/#breadcrumb","itemListElement":[{"@type":"ListItem","position":1,"name":"In\u00edcio","item":"https:\/\/sulsc.com\/"},{"@type":"ListItem","position":2,"name":"Travessia da balsa est\u00e1 suspensa; bote funcionar\u00e1 at\u00e9 as 18h"}]},{"@type":"WebSite","@id":"https:\/\/sulsc.com\/#website","url":"https:\/\/sulsc.com\/","name":"","description":"","potentialAction":[{"@type":"SearchAction","target":{"@type":"EntryPoint","urlTemplate":"https:\/\/sulsc.com\/?s={search_term_string}"},"query-input":"required name=search_term_string"}],"inLanguage":"en-US"},{"@type":"Person","@id":"https:\/\/sulsc.com\/#\/schema\/person\/84d2fc571684f6248ba83092f07750a3","name":"Reda\u00e7\u00e3o Sul SC","image":{"@type":"ImageObject","inLanguage":"en-US","@id":"https:\/\/sulsc.com\/#\/schema\/person\/image\/e08d7fe2cc4ed596372063bbe852b8d0","url":"https:\/\/sulsc.com\/wp-content\/uploads\/2023\/09\/redacao.png","contentUrl":"https:\/\/sulsc.com\/wp-content\/uploads\/2023\/09\/redacao.png","caption":"Reda\u00e7\u00e3o Sul SC"},"description":"Foco em um jornalismo imparcial, voltado \u00e0 qualidade dos seus conte\u00fados e, assim, levar informa\u00e7\u00e3o de valor que agregue \u00e0 vida dos leitores. Esta \u00e9 grande miss\u00e3o do Portal de Not\u00edcias Sul SC. N\u00e3o \u00e9 quantidade que muda o mundo, sempre foi e seguir\u00e1 sendo qualidade!","sameAs":["https:\/\/sulsc.com\/","https:\/\/www.facebook.com\/profile.php?id=61559278119680","https:\/\/www.instagram.com\/sulscportal\/?hl=pt-br","https:\/\/twitter.com\/https:\/\/twitter.com\/PortalSulSC","https:\/\/www.youtube.com\/channel\/UCv_BE8GeySluDov2n8qhVmw"],"url":"https:\/\/sulsc.com\/index.php\/author\/redacao\/"}]}},"authors":[],"_links":{"self":[{"href":"https:\/\/sulsc.com\/index.php\/wp-json\/wp\/v2\/posts\/2004"}],"collection":[{"href":"https:\/\/sulsc.com\/index.php\/wp-json\/wp\/v2\/posts"}],"about":[{"href":"https:\/\/sulsc.com\/index.php\/wp-json\/wp\/v2\/types\/post"}],"author":[{"embeddable":true,"href":"https:\/\/sulsc.com\/index.php\/wp-json\/wp\/v2\/users\/3"}],"replies":[{"embeddable":true,"href":"https:\/\/sulsc.com\/index.php\/wp-json\/wp\/v2\/comments?post=2004"}],"version-history":[{"count":1,"href":"https:\/\/sulsc.com\/index.php\/wp-json\/wp\/v2\/posts\/2004\/revisions"}],"predecessor-version":[{"id":2007,"href":"https:\/\/sulsc.com\/index.php\/wp-json\/wp\/v2\/posts\/2004\/revisions\/2007"}],"wp:featuredmedia":[{"embeddable":true,"href":"https:\/\/sulsc.com\/index.php\/wp-json\/wp\/v2\/media\/2006"}],"wp:attachment":[{"href":"https:\/\/sulsc.com\/index.php\/wp-json\/wp\/v2\/media?parent=2004"}],"wp:term":[{"taxonomy":"category","embeddable":true,"href":"https:\/\/sulsc.com\/index.php\/wp-json\/wp\/v2\/categories?post=2004"},{"taxonomy":"post_tag","embeddable":true,"href":"https:\/\/sulsc.com\/index.php\/wp-json\/wp\/v2\/tags?post=2004"}],"curies":[{"name":"wp","href":"https:\/\/api.w.org\/{rel}","templated":true}]}}