{"id":20068,"date":"2025-02-07T09:02:03","date_gmt":"2025-02-07T12:02:03","guid":{"rendered":"https:\/\/sulsc.com\/?p=20068"},"modified":"2025-02-07T09:02:03","modified_gmt":"2025-02-07T12:02:03","slug":"tubarao-registra-dia-mais-quente-do-ano-com-sensacao-termica-de-42c","status":"publish","type":"post","link":"https:\/\/sulsc.com\/index.php\/2025\/02\/07\/tubarao-registra-dia-mais-quente-do-ano-com-sensacao-termica-de-42c\/","title":{"rendered":"Tubar\u00e3o registra dia mais quente do ano com sensa\u00e7\u00e3o t\u00e9rmica de 42\u00b0C"},"content":{"rendered":"<p>A Secretaria Municipal de Prote\u00e7\u00e3o e Defesa Civil informou que nesta quinta-feira (6), por volta das 13 horas, Tubar\u00e3o registrou a temperatura m\u00e1xima do dia, de 36,6\u00baC, e uma sensa\u00e7\u00e3o t\u00e9rmica de 42,4\u00baC, na esta\u00e7\u00e3o meteorol\u00f3gica instalada no Cemit\u00e9rio Horto da Saudade. Foi a temperatura mais alta do ano na cidade at\u00e9 o momento.<\/p>\n<p>Em outras esta\u00e7\u00f5es do CIRAM\/EPAGRI na regi\u00e3o, as m\u00e1ximas foram de 37,4\u00b0C em Gravatal, 37\u00baC em Urussanga, 35,3\u00baC em Jaguaruna, e em S\u00e3o Bonif\u00e1cio 32\u00baC, e no bairro S\u00e3o Martinho, 35,4\u00baC.<\/p>\n<p><img fetchpriority=\"high\" decoding=\"async\" class=\"aligncenter  wp-image-20069\" src=\"http:\/\/sulsc.com\/wp-content\/uploads\/2025\/02\/IMG_20250206_161930-800x445-1.jpg\" alt=\"\" width=\"539\" height=\"300\" srcset=\"https:\/\/sulsc.com\/wp-content\/uploads\/2025\/02\/IMG_20250206_161930-800x445-1.jpg 800w, https:\/\/sulsc.com\/wp-content\/uploads\/2025\/02\/IMG_20250206_161930-800x445-1-300x167.jpg 300w, https:\/\/sulsc.com\/wp-content\/uploads\/2025\/02\/IMG_20250206_161930-800x445-1-768x427.jpg 768w\" sizes=\"(max-width: 539px) 100vw, 539px\" \/><\/p>\n<p>No fim da tarde, uma linha de instabilidade gerada pelo intenso calor passou pelo munic\u00edpio, provocando rajadas de vento de 64,5 Km\/h no Horto, e de 62,1 Km\/h, em S\u00e3o Martinho. Apesar da apar\u00eancia assustadora do temporal, felizmente n\u00e3o houve registro de ocorr\u00eancias. Em termos de precipita\u00e7\u00e3o, a esta\u00e7\u00e3o registrou um acumulado de 8,5 mm.<\/p>\n<p>Segundo institutos de meteorologia e modelos de previs\u00e3o, a temperatura dever\u00e1 ser mais amena nesta sexta-feira (7).<\/p>\n","protected":false},"excerpt":{"rendered":"<p>A Secretaria Municipal de Prote\u00e7\u00e3o e Defesa Civil informou que nesta quinta-feira (6), por volta das 13 horas, Tubar\u00e3o registrou a temperatura m\u00e1xima do dia, de 36,6\u00baC, e uma sensa\u00e7\u00e3o t\u00e9rmica de 42,4\u00baC, na esta\u00e7\u00e3o meteorol\u00f3gica instalada no Cemit\u00e9rio Horto da Saudade. Foi a temperatura mais alta do ano na cidade at\u00e9 o momento. Em &hellip;<\/p>\n<p class=\"read-more\"> <a class=\"\" href=\"https:\/\/sulsc.com\/index.php\/2025\/02\/07\/tubarao-registra-dia-mais-quente-do-ano-com-sensacao-termica-de-42c\/\"> <span class=\"screen-reader-text\">Tubar\u00e3o registra dia mais quente do ano com sensa\u00e7\u00e3o t\u00e9rmica de 42\u00b0C<\/span> Read More &raquo;<\/a><\/p>\n","protected":false},"author":3,"featured_media":20070,"comment_status":"open","ping_status":"open","sticky":false,"template":"","format":"standard","meta":{"site-sidebar-layout":"default","site-content-layout":"","ast-site-content-layout":"default","site-content-style":"default","site-sidebar-style":"default","ast-global-header-display":"","ast-banner-title-visibility":"","ast-main-header-display":"","ast-hfb-above-header-display":"","ast-hfb-below-header-display":"","ast-hfb-mobile-header-display":"","site-post-title":"","ast-breadcrumbs-content":"","ast-featured-img":"","footer-sml-layout":"","theme-transparent-header-meta":"default","adv-header-id-meta":"","stick-header-meta":"","header-above-stick-meta":"","header-main-stick-meta":"","header-below-stick-meta":"","astra-migrate-meta-layouts":"set","footnotes":""},"categories":[38],"tags":[],"yoast_head":"<!-- This site is optimized with the Yoast SEO plugin v21.4 - https:\/\/yoast.com\/wordpress\/plugins\/seo\/ -->\n<title>Tubar\u00e3o registra dia mais quente do ano com sensa\u00e7\u00e3o t\u00e9rmica de 42\u00b0C -<\/title>\n<meta name=\"robots\" content=\"index, follow, max-snippet:-1, max-image-preview:large, max-video-preview:-1\" \/>\n<link rel=\"canonical\" href=\"https:\/\/sulsc.com\/index.php\/2025\/02\/07\/tubarao-registra-dia-mais-quente-do-ano-com-sensacao-termica-de-42c\/\" \/>\n<meta property=\"og:locale\" content=\"en_US\" \/>\n<meta property=\"og:type\" content=\"article\" \/>\n<meta property=\"og:title\" content=\"Tubar\u00e3o registra dia mais quente do ano com sensa\u00e7\u00e3o t\u00e9rmica de 42\u00b0C -\" \/>\n<meta property=\"og:description\" content=\"A Secretaria Municipal de Prote\u00e7\u00e3o e Defesa Civil informou que nesta quinta-feira (6), por volta das 13 horas, Tubar\u00e3o registrou a temperatura m\u00e1xima do dia, de 36,6\u00baC, e uma sensa\u00e7\u00e3o t\u00e9rmica de 42,4\u00baC, na esta\u00e7\u00e3o meteorol\u00f3gica instalada no Cemit\u00e9rio Horto da Saudade. Foi a temperatura mais alta do ano na cidade at\u00e9 o momento. Em &hellip; Tubar\u00e3o registra dia mais quente do ano com sensa\u00e7\u00e3o t\u00e9rmica de 42\u00b0C Read More &raquo;\" \/>\n<meta property=\"og:url\" content=\"https:\/\/sulsc.com\/index.php\/2025\/02\/07\/tubarao-registra-dia-mais-quente-do-ano-com-sensacao-termica-de-42c\/\" \/>\n<meta property=\"article:author\" content=\"https:\/\/www.facebook.com\/profile.php?id=61559278119680\" \/>\n<meta property=\"article:published_time\" content=\"2025-02-07T12:02:03+00:00\" \/>\n<meta property=\"og:image\" content=\"http:\/\/sulsc.com\/wp-content\/uploads\/2025\/02\/istockphoto-491701259-612x612-1.jpg\" \/>\n\t<meta property=\"og:image:width\" content=\"612\" \/>\n\t<meta property=\"og:image:height\" content=\"408\" \/>\n\t<meta property=\"og:image:type\" content=\"image\/jpeg\" \/>\n<meta name=\"author\" content=\"Reda\u00e7\u00e3o Sul SC\" \/>\n<meta name=\"twitter:card\" content=\"summary_large_image\" \/>\n<meta name=\"twitter:creator\" content=\"@https:\/\/twitter.com\/PortalSulSC\" \/>\n<meta name=\"twitter:label1\" content=\"Written by\" \/>\n\t<meta name=\"twitter:data1\" content=\"Reda\u00e7\u00e3o Sul SC\" \/>\n\t<meta name=\"twitter:label2\" content=\"Est. reading time\" \/>\n\t<meta name=\"twitter:data2\" content=\"1 minute\" \/>\n<script type=\"application\/ld+json\" class=\"yoast-schema-graph\">{\"@context\":\"https:\/\/schema.org\",\"@graph\":[{\"@type\":\"WebPage\",\"@id\":\"https:\/\/sulsc.com\/index.php\/2025\/02\/07\/tubarao-registra-dia-mais-quente-do-ano-com-sensacao-termica-de-42c\/\",\"url\":\"https:\/\/sulsc.com\/index.php\/2025\/02\/07\/tubarao-registra-dia-mais-quente-do-ano-com-sensacao-termica-de-42c\/\",\"name\":\"Tubar\u00e3o registra dia mais quente do ano com sensa\u00e7\u00e3o t\u00e9rmica de 42\u00b0C -\",\"isPartOf\":{\"@id\":\"https:\/\/sulsc.com\/#website\"},\"datePublished\":\"2025-02-07T12:02:03+00:00\",\"dateModified\":\"2025-02-07T12:02:03+00:00\",\"author\":{\"@id\":\"https:\/\/sulsc.com\/#\/schema\/person\/84d2fc571684f6248ba83092f07750a3\"},\"breadcrumb\":{\"@id\":\"https:\/\/sulsc.com\/index.php\/2025\/02\/07\/tubarao-registra-dia-mais-quente-do-ano-com-sensacao-termica-de-42c\/#breadcrumb\"},\"inLanguage\":\"en-US\",\"potentialAction\":[{\"@type\":\"ReadAction\",\"target\":[\"https:\/\/sulsc.com\/index.php\/2025\/02\/07\/tubarao-registra-dia-mais-quente-do-ano-com-sensacao-termica-de-42c\/\"]}]},{\"@type\":\"BreadcrumbList\",\"@id\":\"https:\/\/sulsc.com\/index.php\/2025\/02\/07\/tubarao-registra-dia-mais-quente-do-ano-com-sensacao-termica-de-42c\/#breadcrumb\",\"itemListElement\":[{\"@type\":\"ListItem\",\"position\":1,\"name\":\"In\u00edcio\",\"item\":\"https:\/\/sulsc.com\/\"},{\"@type\":\"ListItem\",\"position\":2,\"name\":\"Tubar\u00e3o registra dia mais quente do ano com sensa\u00e7\u00e3o t\u00e9rmica de 42\u00b0C\"}]},{\"@type\":\"WebSite\",\"@id\":\"https:\/\/sulsc.com\/#website\",\"url\":\"https:\/\/sulsc.com\/\",\"name\":\"\",\"description\":\"\",\"potentialAction\":[{\"@type\":\"SearchAction\",\"target\":{\"@type\":\"EntryPoint\",\"urlTemplate\":\"https:\/\/sulsc.com\/?s={search_term_string}\"},\"query-input\":\"required name=search_term_string\"}],\"inLanguage\":\"en-US\"},{\"@type\":\"Person\",\"@id\":\"https:\/\/sulsc.com\/#\/schema\/person\/84d2fc571684f6248ba83092f07750a3\",\"name\":\"Reda\u00e7\u00e3o Sul SC\",\"image\":{\"@type\":\"ImageObject\",\"inLanguage\":\"en-US\",\"@id\":\"https:\/\/sulsc.com\/#\/schema\/person\/image\/e08d7fe2cc4ed596372063bbe852b8d0\",\"url\":\"https:\/\/sulsc.com\/wp-content\/uploads\/2023\/09\/redacao.png\",\"contentUrl\":\"https:\/\/sulsc.com\/wp-content\/uploads\/2023\/09\/redacao.png\",\"caption\":\"Reda\u00e7\u00e3o Sul SC\"},\"description\":\"Foco em um jornalismo imparcial, voltado \u00e0 qualidade dos seus conte\u00fados e, assim, levar informa\u00e7\u00e3o de valor que agregue \u00e0 vida dos leitores. Esta \u00e9 grande miss\u00e3o do Portal de Not\u00edcias Sul SC. N\u00e3o \u00e9 quantidade que muda o mundo, sempre foi e seguir\u00e1 sendo qualidade!\",\"sameAs\":[\"https:\/\/sulsc.com\/\",\"https:\/\/www.facebook.com\/profile.php?id=61559278119680\",\"https:\/\/www.instagram.com\/sulscportal\/?hl=pt-br\",\"https:\/\/twitter.com\/https:\/\/twitter.com\/PortalSulSC\",\"https:\/\/www.youtube.com\/channel\/UCv_BE8GeySluDov2n8qhVmw\"],\"url\":\"https:\/\/sulsc.com\/index.php\/author\/redacao\/\"}]}<\/script>\n<!-- \/ Yoast SEO plugin. -->","yoast_head_json":{"title":"Tubar\u00e3o registra dia mais quente do ano com sensa\u00e7\u00e3o t\u00e9rmica de 42\u00b0C -","robots":{"index":"index","follow":"follow","max-snippet":"max-snippet:-1","max-image-preview":"max-image-preview:large","max-video-preview":"max-video-preview:-1"},"canonical":"https:\/\/sulsc.com\/index.php\/2025\/02\/07\/tubarao-registra-dia-mais-quente-do-ano-com-sensacao-termica-de-42c\/","og_locale":"en_US","og_type":"article","og_title":"Tubar\u00e3o registra dia mais quente do ano com sensa\u00e7\u00e3o t\u00e9rmica de 42\u00b0C -","og_description":"A Secretaria Municipal de Prote\u00e7\u00e3o e Defesa Civil informou que nesta quinta-feira (6), por volta das 13 horas, Tubar\u00e3o registrou a temperatura m\u00e1xima do dia, de 36,6\u00baC, e uma sensa\u00e7\u00e3o t\u00e9rmica de 42,4\u00baC, na esta\u00e7\u00e3o meteorol\u00f3gica instalada no Cemit\u00e9rio Horto da Saudade. Foi a temperatura mais alta do ano na cidade at\u00e9 o momento. Em &hellip; Tubar\u00e3o registra dia mais quente do ano com sensa\u00e7\u00e3o t\u00e9rmica de 42\u00b0C Read More &raquo;","og_url":"https:\/\/sulsc.com\/index.php\/2025\/02\/07\/tubarao-registra-dia-mais-quente-do-ano-com-sensacao-termica-de-42c\/","article_author":"https:\/\/www.facebook.com\/profile.php?id=61559278119680","article_published_time":"2025-02-07T12:02:03+00:00","og_image":[{"width":612,"height":408,"url":"http:\/\/sulsc.com\/wp-content\/uploads\/2025\/02\/istockphoto-491701259-612x612-1.jpg","type":"image\/jpeg"}],"author":"Reda\u00e7\u00e3o Sul SC","twitter_card":"summary_large_image","twitter_creator":"@https:\/\/twitter.com\/PortalSulSC","twitter_misc":{"Written by":"Reda\u00e7\u00e3o Sul SC","Est. reading time":"1 minute"},"schema":{"@context":"https:\/\/schema.org","@graph":[{"@type":"WebPage","@id":"https:\/\/sulsc.com\/index.php\/2025\/02\/07\/tubarao-registra-dia-mais-quente-do-ano-com-sensacao-termica-de-42c\/","url":"https:\/\/sulsc.com\/index.php\/2025\/02\/07\/tubarao-registra-dia-mais-quente-do-ano-com-sensacao-termica-de-42c\/","name":"Tubar\u00e3o registra dia mais quente do ano com sensa\u00e7\u00e3o t\u00e9rmica de 42\u00b0C -","isPartOf":{"@id":"https:\/\/sulsc.com\/#website"},"datePublished":"2025-02-07T12:02:03+00:00","dateModified":"2025-02-07T12:02:03+00:00","author":{"@id":"https:\/\/sulsc.com\/#\/schema\/person\/84d2fc571684f6248ba83092f07750a3"},"breadcrumb":{"@id":"https:\/\/sulsc.com\/index.php\/2025\/02\/07\/tubarao-registra-dia-mais-quente-do-ano-com-sensacao-termica-de-42c\/#breadcrumb"},"inLanguage":"en-US","potentialAction":[{"@type":"ReadAction","target":["https:\/\/sulsc.com\/index.php\/2025\/02\/07\/tubarao-registra-dia-mais-quente-do-ano-com-sensacao-termica-de-42c\/"]}]},{"@type":"BreadcrumbList","@id":"https:\/\/sulsc.com\/index.php\/2025\/02\/07\/tubarao-registra-dia-mais-quente-do-ano-com-sensacao-termica-de-42c\/#breadcrumb","itemListElement":[{"@type":"ListItem","position":1,"name":"In\u00edcio","item":"https:\/\/sulsc.com\/"},{"@type":"ListItem","position":2,"name":"Tubar\u00e3o registra dia mais quente do ano com sensa\u00e7\u00e3o t\u00e9rmica de 42\u00b0C"}]},{"@type":"WebSite","@id":"https:\/\/sulsc.com\/#website","url":"https:\/\/sulsc.com\/","name":"","description":"","potentialAction":[{"@type":"SearchAction","target":{"@type":"EntryPoint","urlTemplate":"https:\/\/sulsc.com\/?s={search_term_string}"},"query-input":"required name=search_term_string"}],"inLanguage":"en-US"},{"@type":"Person","@id":"https:\/\/sulsc.com\/#\/schema\/person\/84d2fc571684f6248ba83092f07750a3","name":"Reda\u00e7\u00e3o Sul SC","image":{"@type":"ImageObject","inLanguage":"en-US","@id":"https:\/\/sulsc.com\/#\/schema\/person\/image\/e08d7fe2cc4ed596372063bbe852b8d0","url":"https:\/\/sulsc.com\/wp-content\/uploads\/2023\/09\/redacao.png","contentUrl":"https:\/\/sulsc.com\/wp-content\/uploads\/2023\/09\/redacao.png","caption":"Reda\u00e7\u00e3o Sul SC"},"description":"Foco em um jornalismo imparcial, voltado \u00e0 qualidade dos seus conte\u00fados e, assim, levar informa\u00e7\u00e3o de valor que agregue \u00e0 vida dos leitores. Esta \u00e9 grande miss\u00e3o do Portal de Not\u00edcias Sul SC. N\u00e3o \u00e9 quantidade que muda o mundo, sempre foi e seguir\u00e1 sendo qualidade!","sameAs":["https:\/\/sulsc.com\/","https:\/\/www.facebook.com\/profile.php?id=61559278119680","https:\/\/www.instagram.com\/sulscportal\/?hl=pt-br","https:\/\/twitter.com\/https:\/\/twitter.com\/PortalSulSC","https:\/\/www.youtube.com\/channel\/UCv_BE8GeySluDov2n8qhVmw"],"url":"https:\/\/sulsc.com\/index.php\/author\/redacao\/"}]}},"authors":[],"_links":{"self":[{"href":"https:\/\/sulsc.com\/index.php\/wp-json\/wp\/v2\/posts\/20068"}],"collection":[{"href":"https:\/\/sulsc.com\/index.php\/wp-json\/wp\/v2\/posts"}],"about":[{"href":"https:\/\/sulsc.com\/index.php\/wp-json\/wp\/v2\/types\/post"}],"author":[{"embeddable":true,"href":"https:\/\/sulsc.com\/index.php\/wp-json\/wp\/v2\/users\/3"}],"replies":[{"embeddable":true,"href":"https:\/\/sulsc.com\/index.php\/wp-json\/wp\/v2\/comments?post=20068"}],"version-history":[{"count":1,"href":"https:\/\/sulsc.com\/index.php\/wp-json\/wp\/v2\/posts\/20068\/revisions"}],"predecessor-version":[{"id":20071,"href":"https:\/\/sulsc.com\/index.php\/wp-json\/wp\/v2\/posts\/20068\/revisions\/20071"}],"wp:featuredmedia":[{"embeddable":true,"href":"https:\/\/sulsc.com\/index.php\/wp-json\/wp\/v2\/media\/20070"}],"wp:attachment":[{"href":"https:\/\/sulsc.com\/index.php\/wp-json\/wp\/v2\/media?parent=20068"}],"wp:term":[{"taxonomy":"category","embeddable":true,"href":"https:\/\/sulsc.com\/index.php\/wp-json\/wp\/v2\/categories?post=20068"},{"taxonomy":"post_tag","embeddable":true,"href":"https:\/\/sulsc.com\/index.php\/wp-json\/wp\/v2\/tags?post=20068"}],"curies":[{"name":"wp","href":"https:\/\/api.w.org\/{rel}","templated":true}]}}