{"id":2012,"date":"2023-10-09T07:40:08","date_gmt":"2023-10-09T10:40:08","guid":{"rendered":"https:\/\/sulsc.com\/?p=2012"},"modified":"2023-10-09T07:41:12","modified_gmt":"2023-10-09T10:41:12","slug":"2012","status":"publish","type":"post","link":"https:\/\/sulsc.com\/index.php\/2023\/10\/09\/2012\/","title":{"rendered":"Homem \u00e9 preso por furtar achocolatado e papel higi\u00eanico em supermercado de S\u00e3o Ludgero"},"content":{"rendered":"<p>Um dep\u00f3sito de supermercado foi alvo de furto na tarde deste domingo (9). O crime ocorreu na localidade de Bela Vista, S\u00e3o Ludgero. A Pol\u00edcia Militar foi acionada por populares para deslocar at\u00e9 o bairro local para averiguar um suposto furto, por volta das 15h40.<\/p>\n<p>L\u00e1 os militares encontraram populares contendo um homem, de 40 anos, que havia acabado de furtar alguns produtos do dep\u00f3sito do estabelecimento. Foi encontrado na mochila do autor um caixa de achocolatado, e em um saco preto foram encontrados mais tr\u00eas pacotes de papel higi\u00eanico.<\/p>\n<p><img fetchpriority=\"high\" decoding=\"async\" class=\"alignnone size-full wp-image-1651\" src=\"http:\/\/sulsc.com\/wp-content\/uploads\/2023\/10\/giroflex-2.jpg\" alt=\"\" width=\"627\" height=\"393\" srcset=\"https:\/\/sulsc.com\/wp-content\/uploads\/2023\/10\/giroflex-2.jpg 627w, https:\/\/sulsc.com\/wp-content\/uploads\/2023\/10\/giroflex-2-300x188.jpg 300w\" sizes=\"(max-width: 627px) 100vw, 627px\" \/><\/p>\n<p>Pelas imagens foi poss\u00edvel constatar o momento em que o autor entra no estabelecimento e que realiza o furto dos produtos. Na sequ\u00eancia ele esconde na mochila e no saco preto. Diante dos fatos foi dada voz de pris\u00e3o e conduzido para a delegacia.<\/p>\n","protected":false},"excerpt":{"rendered":"<p>Um dep\u00f3sito de supermercado foi alvo de furto na tarde deste domingo (9). O crime ocorreu na localidade de Bela Vista, S\u00e3o Ludgero. A Pol\u00edcia Militar foi acionada por populares para deslocar at\u00e9 o bairro local para averiguar um suposto furto, por volta das 15h40. L\u00e1 os militares encontraram populares contendo um homem, de 40 &hellip;<\/p>\n<p class=\"read-more\"> <a class=\"\" href=\"https:\/\/sulsc.com\/index.php\/2023\/10\/09\/2012\/\"> <span class=\"screen-reader-text\">Homem \u00e9 preso por furtar achocolatado e papel higi\u00eanico em supermercado de S\u00e3o Ludgero<\/span> Read More &raquo;<\/a><\/p>\n","protected":false},"author":3,"featured_media":1652,"comment_status":"open","ping_status":"open","sticky":false,"template":"","format":"standard","meta":{"site-sidebar-layout":"default","site-content-layout":"","ast-site-content-layout":"default","site-content-style":"default","site-sidebar-style":"default","ast-global-header-display":"","ast-banner-title-visibility":"","ast-main-header-display":"","ast-hfb-above-header-display":"","ast-hfb-below-header-display":"","ast-hfb-mobile-header-display":"","site-post-title":"","ast-breadcrumbs-content":"","ast-featured-img":"","footer-sml-layout":"","theme-transparent-header-meta":"default","adv-header-id-meta":"","stick-header-meta":"","header-above-stick-meta":"","header-main-stick-meta":"","header-below-stick-meta":"","astra-migrate-meta-layouts":"set","footnotes":""},"categories":[8],"tags":[],"yoast_head":"<!-- This site is optimized with the Yoast SEO plugin v21.4 - https:\/\/yoast.com\/wordpress\/plugins\/seo\/ -->\n<title>Homem \u00e9 preso por furtar achocolatado e papel higi\u00eanico em supermercado de S\u00e3o Ludgero -<\/title>\n<meta name=\"robots\" content=\"index, follow, max-snippet:-1, max-image-preview:large, max-video-preview:-1\" \/>\n<link rel=\"canonical\" href=\"https:\/\/sulsc.com\/index.php\/2023\/10\/09\/2012\/\" \/>\n<meta property=\"og:locale\" content=\"en_US\" \/>\n<meta property=\"og:type\" content=\"article\" \/>\n<meta property=\"og:title\" content=\"Homem \u00e9 preso por furtar achocolatado e papel higi\u00eanico em supermercado de S\u00e3o Ludgero -\" \/>\n<meta property=\"og:description\" content=\"Um dep\u00f3sito de supermercado foi alvo de furto na tarde deste domingo (9). O crime ocorreu na localidade de Bela Vista, S\u00e3o Ludgero. A Pol\u00edcia Militar foi acionada por populares para deslocar at\u00e9 o bairro local para averiguar um suposto furto, por volta das 15h40. L\u00e1 os militares encontraram populares contendo um homem, de 40 &hellip; Homem \u00e9 preso por furtar achocolatado e papel higi\u00eanico em supermercado de S\u00e3o Ludgero Read More &raquo;\" \/>\n<meta property=\"og:url\" content=\"https:\/\/sulsc.com\/index.php\/2023\/10\/09\/2012\/\" \/>\n<meta property=\"article:author\" content=\"https:\/\/www.facebook.com\/profile.php?id=61559278119680\" \/>\n<meta property=\"article:published_time\" content=\"2023-10-09T10:40:08+00:00\" \/>\n<meta property=\"article:modified_time\" content=\"2023-10-09T10:41:12+00:00\" \/>\n<meta property=\"og:image\" content=\"https:\/\/sulsc.com\/wp-content\/uploads\/2023\/10\/Giroflex-2-1.jpg\" \/>\n\t<meta property=\"og:image:width\" content=\"838\" \/>\n\t<meta property=\"og:image:height\" content=\"600\" \/>\n\t<meta property=\"og:image:type\" content=\"image\/jpeg\" \/>\n<meta name=\"author\" content=\"Reda\u00e7\u00e3o Sul SC\" \/>\n<meta name=\"twitter:card\" content=\"summary_large_image\" \/>\n<meta name=\"twitter:creator\" content=\"@https:\/\/twitter.com\/PortalSulSC\" \/>\n<meta name=\"twitter:label1\" content=\"Written by\" \/>\n\t<meta name=\"twitter:data1\" content=\"Reda\u00e7\u00e3o Sul SC\" \/>\n\t<meta name=\"twitter:label2\" content=\"Est. reading time\" \/>\n\t<meta name=\"twitter:data2\" content=\"1 minute\" \/>\n<script type=\"application\/ld+json\" class=\"yoast-schema-graph\">{\"@context\":\"https:\/\/schema.org\",\"@graph\":[{\"@type\":\"WebPage\",\"@id\":\"https:\/\/sulsc.com\/index.php\/2023\/10\/09\/2012\/\",\"url\":\"https:\/\/sulsc.com\/index.php\/2023\/10\/09\/2012\/\",\"name\":\"Homem \u00e9 preso por furtar achocolatado e papel higi\u00eanico em supermercado de S\u00e3o Ludgero -\",\"isPartOf\":{\"@id\":\"https:\/\/sulsc.com\/#website\"},\"datePublished\":\"2023-10-09T10:40:08+00:00\",\"dateModified\":\"2023-10-09T10:41:12+00:00\",\"author\":{\"@id\":\"https:\/\/sulsc.com\/#\/schema\/person\/84d2fc571684f6248ba83092f07750a3\"},\"breadcrumb\":{\"@id\":\"https:\/\/sulsc.com\/index.php\/2023\/10\/09\/2012\/#breadcrumb\"},\"inLanguage\":\"en-US\",\"potentialAction\":[{\"@type\":\"ReadAction\",\"target\":[\"https:\/\/sulsc.com\/index.php\/2023\/10\/09\/2012\/\"]}]},{\"@type\":\"BreadcrumbList\",\"@id\":\"https:\/\/sulsc.com\/index.php\/2023\/10\/09\/2012\/#breadcrumb\",\"itemListElement\":[{\"@type\":\"ListItem\",\"position\":1,\"name\":\"In\u00edcio\",\"item\":\"https:\/\/sulsc.com\/\"},{\"@type\":\"ListItem\",\"position\":2,\"name\":\"Homem \u00e9 preso por furtar achocolatado e papel higi\u00eanico em supermercado de S\u00e3o Ludgero\"}]},{\"@type\":\"WebSite\",\"@id\":\"https:\/\/sulsc.com\/#website\",\"url\":\"https:\/\/sulsc.com\/\",\"name\":\"\",\"description\":\"\",\"potentialAction\":[{\"@type\":\"SearchAction\",\"target\":{\"@type\":\"EntryPoint\",\"urlTemplate\":\"https:\/\/sulsc.com\/?s={search_term_string}\"},\"query-input\":\"required name=search_term_string\"}],\"inLanguage\":\"en-US\"},{\"@type\":\"Person\",\"@id\":\"https:\/\/sulsc.com\/#\/schema\/person\/84d2fc571684f6248ba83092f07750a3\",\"name\":\"Reda\u00e7\u00e3o Sul SC\",\"image\":{\"@type\":\"ImageObject\",\"inLanguage\":\"en-US\",\"@id\":\"https:\/\/sulsc.com\/#\/schema\/person\/image\/e08d7fe2cc4ed596372063bbe852b8d0\",\"url\":\"https:\/\/sulsc.com\/wp-content\/uploads\/2023\/09\/redacao.png\",\"contentUrl\":\"https:\/\/sulsc.com\/wp-content\/uploads\/2023\/09\/redacao.png\",\"caption\":\"Reda\u00e7\u00e3o Sul SC\"},\"description\":\"Foco em um jornalismo imparcial, voltado \u00e0 qualidade dos seus conte\u00fados e, assim, levar informa\u00e7\u00e3o de valor que agregue \u00e0 vida dos leitores. Esta \u00e9 grande miss\u00e3o do Portal de Not\u00edcias Sul SC. N\u00e3o \u00e9 quantidade que muda o mundo, sempre foi e seguir\u00e1 sendo qualidade!\",\"sameAs\":[\"https:\/\/sulsc.com\/\",\"https:\/\/www.facebook.com\/profile.php?id=61559278119680\",\"https:\/\/www.instagram.com\/sulscportal\/?hl=pt-br\",\"https:\/\/twitter.com\/https:\/\/twitter.com\/PortalSulSC\",\"https:\/\/www.youtube.com\/channel\/UCv_BE8GeySluDov2n8qhVmw\"],\"url\":\"https:\/\/sulsc.com\/index.php\/author\/redacao\/\"}]}<\/script>\n<!-- \/ Yoast SEO plugin. -->","yoast_head_json":{"title":"Homem \u00e9 preso por furtar achocolatado e papel higi\u00eanico em supermercado de S\u00e3o Ludgero -","robots":{"index":"index","follow":"follow","max-snippet":"max-snippet:-1","max-image-preview":"max-image-preview:large","max-video-preview":"max-video-preview:-1"},"canonical":"https:\/\/sulsc.com\/index.php\/2023\/10\/09\/2012\/","og_locale":"en_US","og_type":"article","og_title":"Homem \u00e9 preso por furtar achocolatado e papel higi\u00eanico em supermercado de S\u00e3o Ludgero -","og_description":"Um dep\u00f3sito de supermercado foi alvo de furto na tarde deste domingo (9). O crime ocorreu na localidade de Bela Vista, S\u00e3o Ludgero. A Pol\u00edcia Militar foi acionada por populares para deslocar at\u00e9 o bairro local para averiguar um suposto furto, por volta das 15h40. L\u00e1 os militares encontraram populares contendo um homem, de 40 &hellip; Homem \u00e9 preso por furtar achocolatado e papel higi\u00eanico em supermercado de S\u00e3o Ludgero Read More &raquo;","og_url":"https:\/\/sulsc.com\/index.php\/2023\/10\/09\/2012\/","article_author":"https:\/\/www.facebook.com\/profile.php?id=61559278119680","article_published_time":"2023-10-09T10:40:08+00:00","article_modified_time":"2023-10-09T10:41:12+00:00","og_image":[{"width":838,"height":600,"url":"https:\/\/sulsc.com\/wp-content\/uploads\/2023\/10\/Giroflex-2-1.jpg","type":"image\/jpeg"}],"author":"Reda\u00e7\u00e3o Sul SC","twitter_card":"summary_large_image","twitter_creator":"@https:\/\/twitter.com\/PortalSulSC","twitter_misc":{"Written by":"Reda\u00e7\u00e3o Sul SC","Est. reading time":"1 minute"},"schema":{"@context":"https:\/\/schema.org","@graph":[{"@type":"WebPage","@id":"https:\/\/sulsc.com\/index.php\/2023\/10\/09\/2012\/","url":"https:\/\/sulsc.com\/index.php\/2023\/10\/09\/2012\/","name":"Homem \u00e9 preso por furtar achocolatado e papel higi\u00eanico em supermercado de S\u00e3o Ludgero -","isPartOf":{"@id":"https:\/\/sulsc.com\/#website"},"datePublished":"2023-10-09T10:40:08+00:00","dateModified":"2023-10-09T10:41:12+00:00","author":{"@id":"https:\/\/sulsc.com\/#\/schema\/person\/84d2fc571684f6248ba83092f07750a3"},"breadcrumb":{"@id":"https:\/\/sulsc.com\/index.php\/2023\/10\/09\/2012\/#breadcrumb"},"inLanguage":"en-US","potentialAction":[{"@type":"ReadAction","target":["https:\/\/sulsc.com\/index.php\/2023\/10\/09\/2012\/"]}]},{"@type":"BreadcrumbList","@id":"https:\/\/sulsc.com\/index.php\/2023\/10\/09\/2012\/#breadcrumb","itemListElement":[{"@type":"ListItem","position":1,"name":"In\u00edcio","item":"https:\/\/sulsc.com\/"},{"@type":"ListItem","position":2,"name":"Homem \u00e9 preso por furtar achocolatado e papel higi\u00eanico em supermercado de S\u00e3o Ludgero"}]},{"@type":"WebSite","@id":"https:\/\/sulsc.com\/#website","url":"https:\/\/sulsc.com\/","name":"","description":"","potentialAction":[{"@type":"SearchAction","target":{"@type":"EntryPoint","urlTemplate":"https:\/\/sulsc.com\/?s={search_term_string}"},"query-input":"required name=search_term_string"}],"inLanguage":"en-US"},{"@type":"Person","@id":"https:\/\/sulsc.com\/#\/schema\/person\/84d2fc571684f6248ba83092f07750a3","name":"Reda\u00e7\u00e3o Sul SC","image":{"@type":"ImageObject","inLanguage":"en-US","@id":"https:\/\/sulsc.com\/#\/schema\/person\/image\/e08d7fe2cc4ed596372063bbe852b8d0","url":"https:\/\/sulsc.com\/wp-content\/uploads\/2023\/09\/redacao.png","contentUrl":"https:\/\/sulsc.com\/wp-content\/uploads\/2023\/09\/redacao.png","caption":"Reda\u00e7\u00e3o Sul SC"},"description":"Foco em um jornalismo imparcial, voltado \u00e0 qualidade dos seus conte\u00fados e, assim, levar informa\u00e7\u00e3o de valor que agregue \u00e0 vida dos leitores. Esta \u00e9 grande miss\u00e3o do Portal de Not\u00edcias Sul SC. N\u00e3o \u00e9 quantidade que muda o mundo, sempre foi e seguir\u00e1 sendo qualidade!","sameAs":["https:\/\/sulsc.com\/","https:\/\/www.facebook.com\/profile.php?id=61559278119680","https:\/\/www.instagram.com\/sulscportal\/?hl=pt-br","https:\/\/twitter.com\/https:\/\/twitter.com\/PortalSulSC","https:\/\/www.youtube.com\/channel\/UCv_BE8GeySluDov2n8qhVmw"],"url":"https:\/\/sulsc.com\/index.php\/author\/redacao\/"}]}},"authors":[],"_links":{"self":[{"href":"https:\/\/sulsc.com\/index.php\/wp-json\/wp\/v2\/posts\/2012"}],"collection":[{"href":"https:\/\/sulsc.com\/index.php\/wp-json\/wp\/v2\/posts"}],"about":[{"href":"https:\/\/sulsc.com\/index.php\/wp-json\/wp\/v2\/types\/post"}],"author":[{"embeddable":true,"href":"https:\/\/sulsc.com\/index.php\/wp-json\/wp\/v2\/users\/3"}],"replies":[{"embeddable":true,"href":"https:\/\/sulsc.com\/index.php\/wp-json\/wp\/v2\/comments?post=2012"}],"version-history":[{"count":3,"href":"https:\/\/sulsc.com\/index.php\/wp-json\/wp\/v2\/posts\/2012\/revisions"}],"predecessor-version":[{"id":2015,"href":"https:\/\/sulsc.com\/index.php\/wp-json\/wp\/v2\/posts\/2012\/revisions\/2015"}],"wp:featuredmedia":[{"embeddable":true,"href":"https:\/\/sulsc.com\/index.php\/wp-json\/wp\/v2\/media\/1652"}],"wp:attachment":[{"href":"https:\/\/sulsc.com\/index.php\/wp-json\/wp\/v2\/media?parent=2012"}],"wp:term":[{"taxonomy":"category","embeddable":true,"href":"https:\/\/sulsc.com\/index.php\/wp-json\/wp\/v2\/categories?post=2012"},{"taxonomy":"post_tag","embeddable":true,"href":"https:\/\/sulsc.com\/index.php\/wp-json\/wp\/v2\/tags?post=2012"}],"curies":[{"name":"wp","href":"https:\/\/api.w.org\/{rel}","templated":true}]}}