{"id":20166,"date":"2025-02-09T15:21:09","date_gmt":"2025-02-09T18:21:09","guid":{"rendered":"https:\/\/sulsc.com\/?p=20166"},"modified":"2025-02-09T14:29:17","modified_gmt":"2025-02-09T17:29:17","slug":"sc-tem-calor-intenso-com-sensacao-de-ar-abafado-e-defesa-civil-alerta-para-risco-de-desidratacao-e-insolacao","status":"publish","type":"post","link":"https:\/\/sulsc.com\/index.php\/2025\/02\/09\/sc-tem-calor-intenso-com-sensacao-de-ar-abafado-e-defesa-civil-alerta-para-risco-de-desidratacao-e-insolacao\/","title":{"rendered":"SC tem calor intenso, com sensa\u00e7\u00e3o de ar abafado, e Defesa Civil alerta para risco de desidrata\u00e7\u00e3o e insola\u00e7\u00e3o"},"content":{"rendered":"<p>A Defesa Civil de Santa Catarina alerta para dias de calor intenso no estado, com\u00a0temperaturas que podem atingir os 39\u00b0C. O aviso vale a partir da tarde deste\u00a0<span class=\"highlight highlighted\">domingo (9) at\u00e9 quarta-feira (12)<\/span>.<\/p>\n<div id=\"chunk-ak4o2\">\n<div class=\"mc-column content-text active-extra-styles \" data-block-type=\"unstyled\" data-block-weight=\"22\" data-block-id=\"6\">\n<p class=\" content-text__container \" data-track-category=\"Link no Texto\" data-track-links=\"\" data-mrf-recirculation=\"Mat\u00e9ria - Links no Texto\">As regi\u00f5es mais quentes devem ser o\u00a0<span class=\"highlight highlighted\">Oeste e o Sul<\/span>. Nessas \u00e1reas, as m\u00e1ximas devem variar entre\u00a0<strong>34\u00b0C e 39\u00b0C<\/strong>. <span style=\"font-size: 16px;\">Com o calor, a Defesa Civil alerta para risco de desidrata\u00e7\u00e3o, insola\u00e7\u00e3o e agravamento de doen\u00e7as cardiorrespirat\u00f3rias.<\/span><\/p>\n<p data-track-category=\"Link no Texto\" data-track-links=\"\" data-mrf-recirculation=\"Mat\u00e9ria - Links no Texto\"><img fetchpriority=\"high\" decoding=\"async\" class=\"aligncenter  wp-image-20167\" src=\"http:\/\/sulsc.com\/wp-content\/uploads\/2025\/02\/unnamed.jpg\" alt=\"\" width=\"406\" height=\"327\" srcset=\"https:\/\/sulsc.com\/wp-content\/uploads\/2025\/02\/unnamed.jpg 512w, https:\/\/sulsc.com\/wp-content\/uploads\/2025\/02\/unnamed-300x241.jpg 300w\" sizes=\"(max-width: 406px) 100vw, 406px\" \/><\/p>\n<p data-track-category=\"Link no Texto\" data-track-links=\"\" data-mrf-recirculation=\"Mat\u00e9ria - Links no Texto\">Nas demais regi\u00f5es, as temperaturas mais altas devem ficar entre 30\u00b0C e 33\u00b0C.<\/p>\n<p data-track-category=\"Link no Texto\" data-track-links=\"\" data-mrf-recirculation=\"Mat\u00e9ria - Links no Texto\">Al\u00e9m do calor, a semana deve ter\u00a0<span class=\"highlight highlighted\">sensa\u00e7\u00e3o de ar abafado<\/span>. As temperaturas devem ficar altas mesmo \u00e0 noite e de madrugada.<\/p>\n<\/div>\n<\/div>\n","protected":false},"excerpt":{"rendered":"<p>A Defesa Civil de Santa Catarina alerta para dias de calor intenso no estado, com\u00a0temperaturas que podem atingir os 39\u00b0C. O aviso vale a partir da tarde deste\u00a0domingo (9) at\u00e9 quarta-feira (12). As regi\u00f5es mais quentes devem ser o\u00a0Oeste e o Sul. Nessas \u00e1reas, as m\u00e1ximas devem variar entre\u00a034\u00b0C e 39\u00b0C. Com o calor, a &hellip;<\/p>\n<p class=\"read-more\"> <a class=\"\" href=\"https:\/\/sulsc.com\/index.php\/2025\/02\/09\/sc-tem-calor-intenso-com-sensacao-de-ar-abafado-e-defesa-civil-alerta-para-risco-de-desidratacao-e-insolacao\/\"> <span class=\"screen-reader-text\">SC tem calor intenso, com sensa\u00e7\u00e3o de ar abafado, e Defesa Civil alerta para risco de desidrata\u00e7\u00e3o e insola\u00e7\u00e3o<\/span> Read More &raquo;<\/a><\/p>\n","protected":false},"author":3,"featured_media":20167,"comment_status":"open","ping_status":"open","sticky":false,"template":"","format":"standard","meta":{"site-sidebar-layout":"default","site-content-layout":"","ast-site-content-layout":"default","site-content-style":"default","site-sidebar-style":"default","ast-global-header-display":"","ast-banner-title-visibility":"","ast-main-header-display":"","ast-hfb-above-header-display":"","ast-hfb-below-header-display":"","ast-hfb-mobile-header-display":"","site-post-title":"","ast-breadcrumbs-content":"","ast-featured-img":"","footer-sml-layout":"","theme-transparent-header-meta":"default","adv-header-id-meta":"","stick-header-meta":"","header-above-stick-meta":"","header-main-stick-meta":"","header-below-stick-meta":"","astra-migrate-meta-layouts":"set","footnotes":""},"categories":[38],"tags":[],"yoast_head":"<!-- This site is optimized with the Yoast SEO plugin v21.4 - https:\/\/yoast.com\/wordpress\/plugins\/seo\/ -->\n<title>SC tem calor intenso, com sensa\u00e7\u00e3o de ar abafado, e Defesa Civil alerta para risco de desidrata\u00e7\u00e3o e insola\u00e7\u00e3o -<\/title>\n<meta name=\"robots\" content=\"index, follow, max-snippet:-1, max-image-preview:large, max-video-preview:-1\" \/>\n<link rel=\"canonical\" href=\"https:\/\/sulsc.com\/index.php\/2025\/02\/09\/sc-tem-calor-intenso-com-sensacao-de-ar-abafado-e-defesa-civil-alerta-para-risco-de-desidratacao-e-insolacao\/\" \/>\n<meta property=\"og:locale\" content=\"en_US\" \/>\n<meta property=\"og:type\" content=\"article\" \/>\n<meta property=\"og:title\" content=\"SC tem calor intenso, com sensa\u00e7\u00e3o de ar abafado, e Defesa Civil alerta para risco de desidrata\u00e7\u00e3o e insola\u00e7\u00e3o -\" \/>\n<meta property=\"og:description\" content=\"A Defesa Civil de Santa Catarina alerta para dias de calor intenso no estado, com\u00a0temperaturas que podem atingir os 39\u00b0C. O aviso vale a partir da tarde deste\u00a0domingo (9) at\u00e9 quarta-feira (12). As regi\u00f5es mais quentes devem ser o\u00a0Oeste e o Sul. Nessas \u00e1reas, as m\u00e1ximas devem variar entre\u00a034\u00b0C e 39\u00b0C. Com o calor, a &hellip; SC tem calor intenso, com sensa\u00e7\u00e3o de ar abafado, e Defesa Civil alerta para risco de desidrata\u00e7\u00e3o e insola\u00e7\u00e3o Read More &raquo;\" \/>\n<meta property=\"og:url\" content=\"https:\/\/sulsc.com\/index.php\/2025\/02\/09\/sc-tem-calor-intenso-com-sensacao-de-ar-abafado-e-defesa-civil-alerta-para-risco-de-desidratacao-e-insolacao\/\" \/>\n<meta property=\"article:author\" content=\"https:\/\/www.facebook.com\/profile.php?id=61559278119680\" \/>\n<meta property=\"article:published_time\" content=\"2025-02-09T18:21:09+00:00\" \/>\n<meta property=\"article:modified_time\" content=\"2025-02-09T17:29:17+00:00\" \/>\n<meta property=\"og:image\" content=\"https:\/\/sulsc.com\/wp-content\/uploads\/2025\/02\/unnamed.jpg\" \/>\n\t<meta property=\"og:image:width\" content=\"512\" \/>\n\t<meta property=\"og:image:height\" content=\"412\" \/>\n\t<meta property=\"og:image:type\" content=\"image\/jpeg\" \/>\n<meta name=\"author\" content=\"Reda\u00e7\u00e3o Sul SC\" \/>\n<meta name=\"twitter:card\" content=\"summary_large_image\" \/>\n<meta name=\"twitter:creator\" content=\"@https:\/\/twitter.com\/PortalSulSC\" \/>\n<meta name=\"twitter:label1\" content=\"Written by\" \/>\n\t<meta name=\"twitter:data1\" content=\"Reda\u00e7\u00e3o Sul SC\" \/>\n\t<meta name=\"twitter:label2\" content=\"Est. reading time\" \/>\n\t<meta name=\"twitter:data2\" content=\"1 minute\" \/>\n<script type=\"application\/ld+json\" class=\"yoast-schema-graph\">{\"@context\":\"https:\/\/schema.org\",\"@graph\":[{\"@type\":\"WebPage\",\"@id\":\"https:\/\/sulsc.com\/index.php\/2025\/02\/09\/sc-tem-calor-intenso-com-sensacao-de-ar-abafado-e-defesa-civil-alerta-para-risco-de-desidratacao-e-insolacao\/\",\"url\":\"https:\/\/sulsc.com\/index.php\/2025\/02\/09\/sc-tem-calor-intenso-com-sensacao-de-ar-abafado-e-defesa-civil-alerta-para-risco-de-desidratacao-e-insolacao\/\",\"name\":\"SC tem calor intenso, com sensa\u00e7\u00e3o de ar abafado, e Defesa Civil alerta para risco de desidrata\u00e7\u00e3o e insola\u00e7\u00e3o -\",\"isPartOf\":{\"@id\":\"https:\/\/sulsc.com\/#website\"},\"datePublished\":\"2025-02-09T18:21:09+00:00\",\"dateModified\":\"2025-02-09T17:29:17+00:00\",\"author\":{\"@id\":\"https:\/\/sulsc.com\/#\/schema\/person\/84d2fc571684f6248ba83092f07750a3\"},\"breadcrumb\":{\"@id\":\"https:\/\/sulsc.com\/index.php\/2025\/02\/09\/sc-tem-calor-intenso-com-sensacao-de-ar-abafado-e-defesa-civil-alerta-para-risco-de-desidratacao-e-insolacao\/#breadcrumb\"},\"inLanguage\":\"en-US\",\"potentialAction\":[{\"@type\":\"ReadAction\",\"target\":[\"https:\/\/sulsc.com\/index.php\/2025\/02\/09\/sc-tem-calor-intenso-com-sensacao-de-ar-abafado-e-defesa-civil-alerta-para-risco-de-desidratacao-e-insolacao\/\"]}]},{\"@type\":\"BreadcrumbList\",\"@id\":\"https:\/\/sulsc.com\/index.php\/2025\/02\/09\/sc-tem-calor-intenso-com-sensacao-de-ar-abafado-e-defesa-civil-alerta-para-risco-de-desidratacao-e-insolacao\/#breadcrumb\",\"itemListElement\":[{\"@type\":\"ListItem\",\"position\":1,\"name\":\"In\u00edcio\",\"item\":\"https:\/\/sulsc.com\/\"},{\"@type\":\"ListItem\",\"position\":2,\"name\":\"SC tem calor intenso, com sensa\u00e7\u00e3o de ar abafado, e Defesa Civil alerta para risco de desidrata\u00e7\u00e3o e insola\u00e7\u00e3o\"}]},{\"@type\":\"WebSite\",\"@id\":\"https:\/\/sulsc.com\/#website\",\"url\":\"https:\/\/sulsc.com\/\",\"name\":\"\",\"description\":\"\",\"potentialAction\":[{\"@type\":\"SearchAction\",\"target\":{\"@type\":\"EntryPoint\",\"urlTemplate\":\"https:\/\/sulsc.com\/?s={search_term_string}\"},\"query-input\":\"required name=search_term_string\"}],\"inLanguage\":\"en-US\"},{\"@type\":\"Person\",\"@id\":\"https:\/\/sulsc.com\/#\/schema\/person\/84d2fc571684f6248ba83092f07750a3\",\"name\":\"Reda\u00e7\u00e3o Sul SC\",\"image\":{\"@type\":\"ImageObject\",\"inLanguage\":\"en-US\",\"@id\":\"https:\/\/sulsc.com\/#\/schema\/person\/image\/e08d7fe2cc4ed596372063bbe852b8d0\",\"url\":\"https:\/\/sulsc.com\/wp-content\/uploads\/2023\/09\/redacao.png\",\"contentUrl\":\"https:\/\/sulsc.com\/wp-content\/uploads\/2023\/09\/redacao.png\",\"caption\":\"Reda\u00e7\u00e3o Sul SC\"},\"description\":\"Foco em um jornalismo imparcial, voltado \u00e0 qualidade dos seus conte\u00fados e, assim, levar informa\u00e7\u00e3o de valor que agregue \u00e0 vida dos leitores. Esta \u00e9 grande miss\u00e3o do Portal de Not\u00edcias Sul SC. N\u00e3o \u00e9 quantidade que muda o mundo, sempre foi e seguir\u00e1 sendo qualidade!\",\"sameAs\":[\"https:\/\/sulsc.com\/\",\"https:\/\/www.facebook.com\/profile.php?id=61559278119680\",\"https:\/\/www.instagram.com\/sulscportal\/?hl=pt-br\",\"https:\/\/twitter.com\/https:\/\/twitter.com\/PortalSulSC\",\"https:\/\/www.youtube.com\/channel\/UCv_BE8GeySluDov2n8qhVmw\"],\"url\":\"https:\/\/sulsc.com\/index.php\/author\/redacao\/\"}]}<\/script>\n<!-- \/ Yoast SEO plugin. -->","yoast_head_json":{"title":"SC tem calor intenso, com sensa\u00e7\u00e3o de ar abafado, e Defesa Civil alerta para risco de desidrata\u00e7\u00e3o e insola\u00e7\u00e3o -","robots":{"index":"index","follow":"follow","max-snippet":"max-snippet:-1","max-image-preview":"max-image-preview:large","max-video-preview":"max-video-preview:-1"},"canonical":"https:\/\/sulsc.com\/index.php\/2025\/02\/09\/sc-tem-calor-intenso-com-sensacao-de-ar-abafado-e-defesa-civil-alerta-para-risco-de-desidratacao-e-insolacao\/","og_locale":"en_US","og_type":"article","og_title":"SC tem calor intenso, com sensa\u00e7\u00e3o de ar abafado, e Defesa Civil alerta para risco de desidrata\u00e7\u00e3o e insola\u00e7\u00e3o -","og_description":"A Defesa Civil de Santa Catarina alerta para dias de calor intenso no estado, com\u00a0temperaturas que podem atingir os 39\u00b0C. O aviso vale a partir da tarde deste\u00a0domingo (9) at\u00e9 quarta-feira (12). As regi\u00f5es mais quentes devem ser o\u00a0Oeste e o Sul. Nessas \u00e1reas, as m\u00e1ximas devem variar entre\u00a034\u00b0C e 39\u00b0C. Com o calor, a &hellip; SC tem calor intenso, com sensa\u00e7\u00e3o de ar abafado, e Defesa Civil alerta para risco de desidrata\u00e7\u00e3o e insola\u00e7\u00e3o Read More &raquo;","og_url":"https:\/\/sulsc.com\/index.php\/2025\/02\/09\/sc-tem-calor-intenso-com-sensacao-de-ar-abafado-e-defesa-civil-alerta-para-risco-de-desidratacao-e-insolacao\/","article_author":"https:\/\/www.facebook.com\/profile.php?id=61559278119680","article_published_time":"2025-02-09T18:21:09+00:00","article_modified_time":"2025-02-09T17:29:17+00:00","og_image":[{"width":512,"height":412,"url":"https:\/\/sulsc.com\/wp-content\/uploads\/2025\/02\/unnamed.jpg","type":"image\/jpeg"}],"author":"Reda\u00e7\u00e3o Sul SC","twitter_card":"summary_large_image","twitter_creator":"@https:\/\/twitter.com\/PortalSulSC","twitter_misc":{"Written by":"Reda\u00e7\u00e3o Sul SC","Est. reading time":"1 minute"},"schema":{"@context":"https:\/\/schema.org","@graph":[{"@type":"WebPage","@id":"https:\/\/sulsc.com\/index.php\/2025\/02\/09\/sc-tem-calor-intenso-com-sensacao-de-ar-abafado-e-defesa-civil-alerta-para-risco-de-desidratacao-e-insolacao\/","url":"https:\/\/sulsc.com\/index.php\/2025\/02\/09\/sc-tem-calor-intenso-com-sensacao-de-ar-abafado-e-defesa-civil-alerta-para-risco-de-desidratacao-e-insolacao\/","name":"SC tem calor intenso, com sensa\u00e7\u00e3o de ar abafado, e Defesa Civil alerta para risco de desidrata\u00e7\u00e3o e insola\u00e7\u00e3o -","isPartOf":{"@id":"https:\/\/sulsc.com\/#website"},"datePublished":"2025-02-09T18:21:09+00:00","dateModified":"2025-02-09T17:29:17+00:00","author":{"@id":"https:\/\/sulsc.com\/#\/schema\/person\/84d2fc571684f6248ba83092f07750a3"},"breadcrumb":{"@id":"https:\/\/sulsc.com\/index.php\/2025\/02\/09\/sc-tem-calor-intenso-com-sensacao-de-ar-abafado-e-defesa-civil-alerta-para-risco-de-desidratacao-e-insolacao\/#breadcrumb"},"inLanguage":"en-US","potentialAction":[{"@type":"ReadAction","target":["https:\/\/sulsc.com\/index.php\/2025\/02\/09\/sc-tem-calor-intenso-com-sensacao-de-ar-abafado-e-defesa-civil-alerta-para-risco-de-desidratacao-e-insolacao\/"]}]},{"@type":"BreadcrumbList","@id":"https:\/\/sulsc.com\/index.php\/2025\/02\/09\/sc-tem-calor-intenso-com-sensacao-de-ar-abafado-e-defesa-civil-alerta-para-risco-de-desidratacao-e-insolacao\/#breadcrumb","itemListElement":[{"@type":"ListItem","position":1,"name":"In\u00edcio","item":"https:\/\/sulsc.com\/"},{"@type":"ListItem","position":2,"name":"SC tem calor intenso, com sensa\u00e7\u00e3o de ar abafado, e Defesa Civil alerta para risco de desidrata\u00e7\u00e3o e insola\u00e7\u00e3o"}]},{"@type":"WebSite","@id":"https:\/\/sulsc.com\/#website","url":"https:\/\/sulsc.com\/","name":"","description":"","potentialAction":[{"@type":"SearchAction","target":{"@type":"EntryPoint","urlTemplate":"https:\/\/sulsc.com\/?s={search_term_string}"},"query-input":"required name=search_term_string"}],"inLanguage":"en-US"},{"@type":"Person","@id":"https:\/\/sulsc.com\/#\/schema\/person\/84d2fc571684f6248ba83092f07750a3","name":"Reda\u00e7\u00e3o Sul SC","image":{"@type":"ImageObject","inLanguage":"en-US","@id":"https:\/\/sulsc.com\/#\/schema\/person\/image\/e08d7fe2cc4ed596372063bbe852b8d0","url":"https:\/\/sulsc.com\/wp-content\/uploads\/2023\/09\/redacao.png","contentUrl":"https:\/\/sulsc.com\/wp-content\/uploads\/2023\/09\/redacao.png","caption":"Reda\u00e7\u00e3o Sul SC"},"description":"Foco em um jornalismo imparcial, voltado \u00e0 qualidade dos seus conte\u00fados e, assim, levar informa\u00e7\u00e3o de valor que agregue \u00e0 vida dos leitores. Esta \u00e9 grande miss\u00e3o do Portal de Not\u00edcias Sul SC. N\u00e3o \u00e9 quantidade que muda o mundo, sempre foi e seguir\u00e1 sendo qualidade!","sameAs":["https:\/\/sulsc.com\/","https:\/\/www.facebook.com\/profile.php?id=61559278119680","https:\/\/www.instagram.com\/sulscportal\/?hl=pt-br","https:\/\/twitter.com\/https:\/\/twitter.com\/PortalSulSC","https:\/\/www.youtube.com\/channel\/UCv_BE8GeySluDov2n8qhVmw"],"url":"https:\/\/sulsc.com\/index.php\/author\/redacao\/"}]}},"authors":[],"_links":{"self":[{"href":"https:\/\/sulsc.com\/index.php\/wp-json\/wp\/v2\/posts\/20166"}],"collection":[{"href":"https:\/\/sulsc.com\/index.php\/wp-json\/wp\/v2\/posts"}],"about":[{"href":"https:\/\/sulsc.com\/index.php\/wp-json\/wp\/v2\/types\/post"}],"author":[{"embeddable":true,"href":"https:\/\/sulsc.com\/index.php\/wp-json\/wp\/v2\/users\/3"}],"replies":[{"embeddable":true,"href":"https:\/\/sulsc.com\/index.php\/wp-json\/wp\/v2\/comments?post=20166"}],"version-history":[{"count":1,"href":"https:\/\/sulsc.com\/index.php\/wp-json\/wp\/v2\/posts\/20166\/revisions"}],"predecessor-version":[{"id":20168,"href":"https:\/\/sulsc.com\/index.php\/wp-json\/wp\/v2\/posts\/20166\/revisions\/20168"}],"wp:featuredmedia":[{"embeddable":true,"href":"https:\/\/sulsc.com\/index.php\/wp-json\/wp\/v2\/media\/20167"}],"wp:attachment":[{"href":"https:\/\/sulsc.com\/index.php\/wp-json\/wp\/v2\/media?parent=20166"}],"wp:term":[{"taxonomy":"category","embeddable":true,"href":"https:\/\/sulsc.com\/index.php\/wp-json\/wp\/v2\/categories?post=20166"},{"taxonomy":"post_tag","embeddable":true,"href":"https:\/\/sulsc.com\/index.php\/wp-json\/wp\/v2\/tags?post=20166"}],"curies":[{"name":"wp","href":"https:\/\/api.w.org\/{rel}","templated":true}]}}