{"id":20172,"date":"2025-02-10T07:27:56","date_gmt":"2025-02-10T10:27:56","guid":{"rendered":"https:\/\/sulsc.com\/?p=20172"},"modified":"2025-02-10T07:27:56","modified_gmt":"2025-02-10T10:27:56","slug":"segunda-feira-10-de-sol-forte-e-maximas-ultrapassando-os-35c","status":"publish","type":"post","link":"https:\/\/sulsc.com\/index.php\/2025\/02\/10\/segunda-feira-10-de-sol-forte-e-maximas-ultrapassando-os-35c\/","title":{"rendered":"Segunda-feira (10) de Sol forte e m\u00e1ximas ultrapassando os 35\u00b0C"},"content":{"rendered":"<p>Segunda-feira (10) com calor intenso em Santa Catarina. Durante o dia, o tempo fica firme e com predom\u00ednio de sol. H\u00e1 condi\u00e7\u00f5es para temporais isolados no Grande Oeste entre a tarde e \u00e0 noite.<\/p>\n<p><strong>Temperaturas<\/strong><\/p>\n<p>As temperaturas sobem mais em compara\u00e7\u00e3o ao dia anterior, no Litoral Sul as m\u00e1ximas ficam entre 35 e 37\u00b0C. \u00c1reas do Grande Oeste Com m\u00e1ximas entre 36 e 39\u00b0C , enquanto no restante do estado variam de 33 a 35\u00b0C.<\/p>\n<p><img fetchpriority=\"high\" decoding=\"async\" class=\"aligncenter size-full wp-image-20173\" src=\"http:\/\/sulsc.com\/wp-content\/uploads\/2025\/02\/2-1.png\" alt=\"\" width=\"1471\" height=\"1000\" srcset=\"https:\/\/sulsc.com\/wp-content\/uploads\/2025\/02\/2-1.png 1471w, https:\/\/sulsc.com\/wp-content\/uploads\/2025\/02\/2-1-300x204.png 300w, https:\/\/sulsc.com\/wp-content\/uploads\/2025\/02\/2-1-1024x696.png 1024w, https:\/\/sulsc.com\/wp-content\/uploads\/2025\/02\/2-1-768x522.png 768w\" sizes=\"(max-width: 1471px) 100vw, 1471px\" \/><\/p>\n<p><img decoding=\"async\" class=\"aligncenter  wp-image-17436\" src=\"http:\/\/sulsc.com\/wp-content\/uploads\/2024\/11\/Tempo-2.png\" alt=\"\" width=\"585\" height=\"108\" srcset=\"https:\/\/sulsc.com\/wp-content\/uploads\/2024\/11\/Tempo-2.png 1024w, https:\/\/sulsc.com\/wp-content\/uploads\/2024\/11\/Tempo-2-300x55.png 300w, https:\/\/sulsc.com\/wp-content\/uploads\/2024\/11\/Tempo-2-768x142.png 768w\" sizes=\"(max-width: 585px) 100vw, 585px\" \/><\/p>\n<p>O risco \u00e9 baixo para ocorr\u00eancias associadas aos temporais. No Litoral e em \u00e1reas pr\u00f3ximas, h\u00e1 condi\u00e7\u00f5es para pancadas de chuva r\u00e1pidas e passageiras. O risco segue baixo a moderado para ocorr\u00eancias relacionadas ao calor intenso.<\/p>\n<p>Defesa Civil SC\/Meteorologista: J\u00e9ssica Silva<\/p>\n<p>Foto\/Sulsc.com<\/p>\n","protected":false},"excerpt":{"rendered":"<p>Segunda-feira (10) com calor intenso em Santa Catarina. Durante o dia, o tempo fica firme e com predom\u00ednio de sol. H\u00e1 condi\u00e7\u00f5es para temporais isolados no Grande Oeste entre a tarde e \u00e0 noite. Temperaturas As temperaturas sobem mais em compara\u00e7\u00e3o ao dia anterior, no Litoral Sul as m\u00e1ximas ficam entre 35 e 37\u00b0C. \u00c1reas &hellip;<\/p>\n<p class=\"read-more\"> <a class=\"\" href=\"https:\/\/sulsc.com\/index.php\/2025\/02\/10\/segunda-feira-10-de-sol-forte-e-maximas-ultrapassando-os-35c\/\"> <span class=\"screen-reader-text\">Segunda-feira (10) de Sol forte e m\u00e1ximas ultrapassando os 35\u00b0C<\/span> Read More &raquo;<\/a><\/p>\n","protected":false},"author":3,"featured_media":20174,"comment_status":"open","ping_status":"open","sticky":false,"template":"","format":"standard","meta":{"site-sidebar-layout":"default","site-content-layout":"","ast-site-content-layout":"default","site-content-style":"default","site-sidebar-style":"default","ast-global-header-display":"","ast-banner-title-visibility":"","ast-main-header-display":"","ast-hfb-above-header-display":"","ast-hfb-below-header-display":"","ast-hfb-mobile-header-display":"","site-post-title":"","ast-breadcrumbs-content":"","ast-featured-img":"","footer-sml-layout":"","theme-transparent-header-meta":"default","adv-header-id-meta":"","stick-header-meta":"","header-above-stick-meta":"","header-main-stick-meta":"","header-below-stick-meta":"","astra-migrate-meta-layouts":"set","footnotes":""},"categories":[38],"tags":[90],"yoast_head":"<!-- This site is optimized with the Yoast SEO plugin v21.4 - https:\/\/yoast.com\/wordpress\/plugins\/seo\/ -->\n<title>Segunda-feira (10) de Sol forte e m\u00e1ximas ultrapassando os 35\u00b0C -<\/title>\n<meta name=\"description\" content=\"No Litoral e em \u00e1reas pr\u00f3ximas, h\u00e1 condi\u00e7\u00f5es para pancadas de chuva r\u00e1pidas e passageiras risco segue baixo ocorr\u00eancias ao calor intenso\" \/>\n<meta name=\"robots\" content=\"index, follow, max-snippet:-1, max-image-preview:large, max-video-preview:-1\" \/>\n<link rel=\"canonical\" href=\"https:\/\/sulsc.com\/index.php\/2025\/02\/10\/segunda-feira-10-de-sol-forte-e-maximas-ultrapassando-os-35c\/\" \/>\n<meta property=\"og:locale\" content=\"en_US\" \/>\n<meta property=\"og:type\" content=\"article\" \/>\n<meta property=\"og:title\" content=\"Segunda-feira (10) de Sol forte e m\u00e1ximas ultrapassando os 35\u00b0C -\" \/>\n<meta property=\"og:description\" content=\"No Litoral e em \u00e1reas pr\u00f3ximas, h\u00e1 condi\u00e7\u00f5es para pancadas de chuva r\u00e1pidas e passageiras risco segue baixo ocorr\u00eancias ao calor intenso\" \/>\n<meta property=\"og:url\" content=\"https:\/\/sulsc.com\/index.php\/2025\/02\/10\/segunda-feira-10-de-sol-forte-e-maximas-ultrapassando-os-35c\/\" \/>\n<meta property=\"article:author\" content=\"https:\/\/www.facebook.com\/profile.php?id=61559278119680\" \/>\n<meta property=\"article:published_time\" content=\"2025-02-10T10:27:56+00:00\" \/>\n<meta property=\"og:image\" content=\"http:\/\/sulsc.com\/wp-content\/uploads\/2025\/02\/736e9707-7fcd-4ef1-b956-f8228895cda7.jpg\" \/>\n\t<meta property=\"og:image:width\" content=\"900\" \/>\n\t<meta property=\"og:image:height\" content=\"1600\" \/>\n\t<meta property=\"og:image:type\" content=\"image\/jpeg\" \/>\n<meta name=\"author\" content=\"Reda\u00e7\u00e3o Sul SC\" \/>\n<meta name=\"twitter:card\" content=\"summary_large_image\" \/>\n<meta name=\"twitter:creator\" content=\"@https:\/\/twitter.com\/PortalSulSC\" \/>\n<meta name=\"twitter:label1\" content=\"Written by\" \/>\n\t<meta name=\"twitter:data1\" content=\"Reda\u00e7\u00e3o Sul SC\" \/>\n\t<meta name=\"twitter:label2\" content=\"Est. reading time\" \/>\n\t<meta name=\"twitter:data2\" content=\"1 minute\" \/>\n<script type=\"application\/ld+json\" class=\"yoast-schema-graph\">{\"@context\":\"https:\/\/schema.org\",\"@graph\":[{\"@type\":\"WebPage\",\"@id\":\"https:\/\/sulsc.com\/index.php\/2025\/02\/10\/segunda-feira-10-de-sol-forte-e-maximas-ultrapassando-os-35c\/\",\"url\":\"https:\/\/sulsc.com\/index.php\/2025\/02\/10\/segunda-feira-10-de-sol-forte-e-maximas-ultrapassando-os-35c\/\",\"name\":\"Segunda-feira (10) de Sol forte e m\u00e1ximas ultrapassando os 35\u00b0C -\",\"isPartOf\":{\"@id\":\"https:\/\/sulsc.com\/#website\"},\"datePublished\":\"2025-02-10T10:27:56+00:00\",\"dateModified\":\"2025-02-10T10:27:56+00:00\",\"author\":{\"@id\":\"https:\/\/sulsc.com\/#\/schema\/person\/84d2fc571684f6248ba83092f07750a3\"},\"description\":\"No Litoral e em \u00e1reas pr\u00f3ximas, h\u00e1 condi\u00e7\u00f5es para pancadas de chuva r\u00e1pidas e passageiras risco segue baixo ocorr\u00eancias ao calor intenso\",\"breadcrumb\":{\"@id\":\"https:\/\/sulsc.com\/index.php\/2025\/02\/10\/segunda-feira-10-de-sol-forte-e-maximas-ultrapassando-os-35c\/#breadcrumb\"},\"inLanguage\":\"en-US\",\"potentialAction\":[{\"@type\":\"ReadAction\",\"target\":[\"https:\/\/sulsc.com\/index.php\/2025\/02\/10\/segunda-feira-10-de-sol-forte-e-maximas-ultrapassando-os-35c\/\"]}]},{\"@type\":\"BreadcrumbList\",\"@id\":\"https:\/\/sulsc.com\/index.php\/2025\/02\/10\/segunda-feira-10-de-sol-forte-e-maximas-ultrapassando-os-35c\/#breadcrumb\",\"itemListElement\":[{\"@type\":\"ListItem\",\"position\":1,\"name\":\"In\u00edcio\",\"item\":\"https:\/\/sulsc.com\/\"},{\"@type\":\"ListItem\",\"position\":2,\"name\":\"Segunda-feira (10) de Sol forte e m\u00e1ximas ultrapassando os 35\u00b0C\"}]},{\"@type\":\"WebSite\",\"@id\":\"https:\/\/sulsc.com\/#website\",\"url\":\"https:\/\/sulsc.com\/\",\"name\":\"\",\"description\":\"\",\"potentialAction\":[{\"@type\":\"SearchAction\",\"target\":{\"@type\":\"EntryPoint\",\"urlTemplate\":\"https:\/\/sulsc.com\/?s={search_term_string}\"},\"query-input\":\"required name=search_term_string\"}],\"inLanguage\":\"en-US\"},{\"@type\":\"Person\",\"@id\":\"https:\/\/sulsc.com\/#\/schema\/person\/84d2fc571684f6248ba83092f07750a3\",\"name\":\"Reda\u00e7\u00e3o Sul SC\",\"image\":{\"@type\":\"ImageObject\",\"inLanguage\":\"en-US\",\"@id\":\"https:\/\/sulsc.com\/#\/schema\/person\/image\/e08d7fe2cc4ed596372063bbe852b8d0\",\"url\":\"https:\/\/sulsc.com\/wp-content\/uploads\/2023\/09\/redacao.png\",\"contentUrl\":\"https:\/\/sulsc.com\/wp-content\/uploads\/2023\/09\/redacao.png\",\"caption\":\"Reda\u00e7\u00e3o Sul SC\"},\"description\":\"Foco em um jornalismo imparcial, voltado \u00e0 qualidade dos seus conte\u00fados e, assim, levar informa\u00e7\u00e3o de valor que agregue \u00e0 vida dos leitores. Esta \u00e9 grande miss\u00e3o do Portal de Not\u00edcias Sul SC. N\u00e3o \u00e9 quantidade que muda o mundo, sempre foi e seguir\u00e1 sendo qualidade!\",\"sameAs\":[\"https:\/\/sulsc.com\/\",\"https:\/\/www.facebook.com\/profile.php?id=61559278119680\",\"https:\/\/www.instagram.com\/sulscportal\/?hl=pt-br\",\"https:\/\/twitter.com\/https:\/\/twitter.com\/PortalSulSC\",\"https:\/\/www.youtube.com\/channel\/UCv_BE8GeySluDov2n8qhVmw\"],\"url\":\"https:\/\/sulsc.com\/index.php\/author\/redacao\/\"}]}<\/script>\n<!-- \/ Yoast SEO plugin. -->","yoast_head_json":{"title":"Segunda-feira (10) de Sol forte e m\u00e1ximas ultrapassando os 35\u00b0C -","description":"No Litoral e em \u00e1reas pr\u00f3ximas, h\u00e1 condi\u00e7\u00f5es para pancadas de chuva r\u00e1pidas e passageiras risco segue baixo ocorr\u00eancias ao calor intenso","robots":{"index":"index","follow":"follow","max-snippet":"max-snippet:-1","max-image-preview":"max-image-preview:large","max-video-preview":"max-video-preview:-1"},"canonical":"https:\/\/sulsc.com\/index.php\/2025\/02\/10\/segunda-feira-10-de-sol-forte-e-maximas-ultrapassando-os-35c\/","og_locale":"en_US","og_type":"article","og_title":"Segunda-feira (10) de Sol forte e m\u00e1ximas ultrapassando os 35\u00b0C -","og_description":"No Litoral e em \u00e1reas pr\u00f3ximas, h\u00e1 condi\u00e7\u00f5es para pancadas de chuva r\u00e1pidas e passageiras risco segue baixo ocorr\u00eancias ao calor intenso","og_url":"https:\/\/sulsc.com\/index.php\/2025\/02\/10\/segunda-feira-10-de-sol-forte-e-maximas-ultrapassando-os-35c\/","article_author":"https:\/\/www.facebook.com\/profile.php?id=61559278119680","article_published_time":"2025-02-10T10:27:56+00:00","og_image":[{"width":900,"height":1600,"url":"http:\/\/sulsc.com\/wp-content\/uploads\/2025\/02\/736e9707-7fcd-4ef1-b956-f8228895cda7.jpg","type":"image\/jpeg"}],"author":"Reda\u00e7\u00e3o Sul SC","twitter_card":"summary_large_image","twitter_creator":"@https:\/\/twitter.com\/PortalSulSC","twitter_misc":{"Written by":"Reda\u00e7\u00e3o Sul SC","Est. reading time":"1 minute"},"schema":{"@context":"https:\/\/schema.org","@graph":[{"@type":"WebPage","@id":"https:\/\/sulsc.com\/index.php\/2025\/02\/10\/segunda-feira-10-de-sol-forte-e-maximas-ultrapassando-os-35c\/","url":"https:\/\/sulsc.com\/index.php\/2025\/02\/10\/segunda-feira-10-de-sol-forte-e-maximas-ultrapassando-os-35c\/","name":"Segunda-feira (10) de Sol forte e m\u00e1ximas ultrapassando os 35\u00b0C -","isPartOf":{"@id":"https:\/\/sulsc.com\/#website"},"datePublished":"2025-02-10T10:27:56+00:00","dateModified":"2025-02-10T10:27:56+00:00","author":{"@id":"https:\/\/sulsc.com\/#\/schema\/person\/84d2fc571684f6248ba83092f07750a3"},"description":"No Litoral e em \u00e1reas pr\u00f3ximas, h\u00e1 condi\u00e7\u00f5es para pancadas de chuva r\u00e1pidas e passageiras risco segue baixo ocorr\u00eancias ao calor intenso","breadcrumb":{"@id":"https:\/\/sulsc.com\/index.php\/2025\/02\/10\/segunda-feira-10-de-sol-forte-e-maximas-ultrapassando-os-35c\/#breadcrumb"},"inLanguage":"en-US","potentialAction":[{"@type":"ReadAction","target":["https:\/\/sulsc.com\/index.php\/2025\/02\/10\/segunda-feira-10-de-sol-forte-e-maximas-ultrapassando-os-35c\/"]}]},{"@type":"BreadcrumbList","@id":"https:\/\/sulsc.com\/index.php\/2025\/02\/10\/segunda-feira-10-de-sol-forte-e-maximas-ultrapassando-os-35c\/#breadcrumb","itemListElement":[{"@type":"ListItem","position":1,"name":"In\u00edcio","item":"https:\/\/sulsc.com\/"},{"@type":"ListItem","position":2,"name":"Segunda-feira (10) de Sol forte e m\u00e1ximas ultrapassando os 35\u00b0C"}]},{"@type":"WebSite","@id":"https:\/\/sulsc.com\/#website","url":"https:\/\/sulsc.com\/","name":"","description":"","potentialAction":[{"@type":"SearchAction","target":{"@type":"EntryPoint","urlTemplate":"https:\/\/sulsc.com\/?s={search_term_string}"},"query-input":"required name=search_term_string"}],"inLanguage":"en-US"},{"@type":"Person","@id":"https:\/\/sulsc.com\/#\/schema\/person\/84d2fc571684f6248ba83092f07750a3","name":"Reda\u00e7\u00e3o Sul SC","image":{"@type":"ImageObject","inLanguage":"en-US","@id":"https:\/\/sulsc.com\/#\/schema\/person\/image\/e08d7fe2cc4ed596372063bbe852b8d0","url":"https:\/\/sulsc.com\/wp-content\/uploads\/2023\/09\/redacao.png","contentUrl":"https:\/\/sulsc.com\/wp-content\/uploads\/2023\/09\/redacao.png","caption":"Reda\u00e7\u00e3o Sul SC"},"description":"Foco em um jornalismo imparcial, voltado \u00e0 qualidade dos seus conte\u00fados e, assim, levar informa\u00e7\u00e3o de valor que agregue \u00e0 vida dos leitores. Esta \u00e9 grande miss\u00e3o do Portal de Not\u00edcias Sul SC. N\u00e3o \u00e9 quantidade que muda o mundo, sempre foi e seguir\u00e1 sendo qualidade!","sameAs":["https:\/\/sulsc.com\/","https:\/\/www.facebook.com\/profile.php?id=61559278119680","https:\/\/www.instagram.com\/sulscportal\/?hl=pt-br","https:\/\/twitter.com\/https:\/\/twitter.com\/PortalSulSC","https:\/\/www.youtube.com\/channel\/UCv_BE8GeySluDov2n8qhVmw"],"url":"https:\/\/sulsc.com\/index.php\/author\/redacao\/"}]}},"authors":[],"_links":{"self":[{"href":"https:\/\/sulsc.com\/index.php\/wp-json\/wp\/v2\/posts\/20172"}],"collection":[{"href":"https:\/\/sulsc.com\/index.php\/wp-json\/wp\/v2\/posts"}],"about":[{"href":"https:\/\/sulsc.com\/index.php\/wp-json\/wp\/v2\/types\/post"}],"author":[{"embeddable":true,"href":"https:\/\/sulsc.com\/index.php\/wp-json\/wp\/v2\/users\/3"}],"replies":[{"embeddable":true,"href":"https:\/\/sulsc.com\/index.php\/wp-json\/wp\/v2\/comments?post=20172"}],"version-history":[{"count":1,"href":"https:\/\/sulsc.com\/index.php\/wp-json\/wp\/v2\/posts\/20172\/revisions"}],"predecessor-version":[{"id":20175,"href":"https:\/\/sulsc.com\/index.php\/wp-json\/wp\/v2\/posts\/20172\/revisions\/20175"}],"wp:featuredmedia":[{"embeddable":true,"href":"https:\/\/sulsc.com\/index.php\/wp-json\/wp\/v2\/media\/20174"}],"wp:attachment":[{"href":"https:\/\/sulsc.com\/index.php\/wp-json\/wp\/v2\/media?parent=20172"}],"wp:term":[{"taxonomy":"category","embeddable":true,"href":"https:\/\/sulsc.com\/index.php\/wp-json\/wp\/v2\/categories?post=20172"},{"taxonomy":"post_tag","embeddable":true,"href":"https:\/\/sulsc.com\/index.php\/wp-json\/wp\/v2\/tags?post=20172"}],"curies":[{"name":"wp","href":"https:\/\/api.w.org\/{rel}","templated":true}]}}