{"id":20235,"date":"2025-02-10T17:45:59","date_gmt":"2025-02-10T20:45:59","guid":{"rendered":"https:\/\/sulsc.com\/?p=20235"},"modified":"2025-02-10T17:45:59","modified_gmt":"2025-02-10T20:45:59","slug":"tarifas-de-agua-e-esgoto-sofrem-reajuste-em-sc","status":"publish","type":"post","link":"https:\/\/sulsc.com\/index.php\/2025\/02\/10\/tarifas-de-agua-e-esgoto-sofrem-reajuste-em-sc\/","title":{"rendered":"Tarifas de \u00e1gua e esgoto sofrem reajuste em SC"},"content":{"rendered":"<p><span style=\"vertical-align: inherit;\"><span style=\"vertical-align: inherit;\">A tarifa de \u00e1gua e esgoto em Santa Catarina vai ficar mais cara. Foi autorizado um\u00a0 <\/span><\/span><span class=\"highlight highlighted\"><span style=\"vertical-align: inherit;\"><span style=\"vertical-align: inherit;\">reajuste de 5,56%<\/span><\/span><\/span><span style=\"vertical-align: inherit;\"><span style=\"vertical-align: inherit;\"> , que ser\u00e1 cobrado a partir de 1\u00ba de mar\u00e7o, informou a Companhia Catarinense de \u00c1guas e Saneamento (Casan).<\/span><\/span><\/p>\n<p><span style=\"vertical-align: inherit;\"><span style=\"vertical-align: inherit;\">De acordo com a companhia, os novos valores foram calculados com base no \u00cdndice Nacional de Pre\u00e7os ao Consumidor Amplo (IPCA), indicador oficial da infla\u00e7\u00e3o no Brasil. O percentual corresponde ao acumulado do IPCA entre abril de 2023 e setembro de 2024.<\/span><\/span><\/p>\n<p><img fetchpriority=\"high\" decoding=\"async\" class=\"aligncenter size-full wp-image-20237\" src=\"http:\/\/sulsc.com\/wp-content\/uploads\/2025\/02\/images.jpg\" alt=\"\" width=\"285\" height=\"177\" \/><\/p>\n<p>A quantia devida depende da faixa de consumo e do tipo de im\u00f3vel. A tabela abaixo mostra, na primeira coluna, o volume de \u00e1gua consumido. Nas demais, o pre\u00e7o, dependendo do tipo do im\u00f3vel.<\/p>\n<p>O reajuste tarif\u00e1rio anual de 2025 da companhia foi autorizado pela Ag\u00eancia Reguladora de Servi\u00e7os P\u00fablicos de Santa Catarina (Aresc), Ag\u00eancia Reguladora Intermunicipal de Saneamento (Aris), Ag\u00eancia Intermunicipal de Regula\u00e7\u00e3o do M\u00e9dio Vale do Itaja\u00ed (Agir) e Cons\u00f3rcio Intermunicipal de Saneamento Ambiental (Cisam-Sul).<\/p>\n","protected":false},"excerpt":{"rendered":"<p>A tarifa de \u00e1gua e esgoto em Santa Catarina vai ficar mais cara. Foi autorizado um\u00a0 reajuste de 5,56% , que ser\u00e1 cobrado a partir de 1\u00ba de mar\u00e7o, informou a Companhia Catarinense de \u00c1guas e Saneamento (Casan). De acordo com a companhia, os novos valores foram calculados com base no \u00cdndice Nacional de Pre\u00e7os &hellip;<\/p>\n<p class=\"read-more\"> <a class=\"\" href=\"https:\/\/sulsc.com\/index.php\/2025\/02\/10\/tarifas-de-agua-e-esgoto-sofrem-reajuste-em-sc\/\"> <span class=\"screen-reader-text\">Tarifas de \u00e1gua e esgoto sofrem reajuste em SC<\/span> Read More &raquo;<\/a><\/p>\n","protected":false},"author":3,"featured_media":20237,"comment_status":"open","ping_status":"open","sticky":false,"template":"","format":"standard","meta":{"site-sidebar-layout":"default","site-content-layout":"","ast-site-content-layout":"default","site-content-style":"default","site-sidebar-style":"default","ast-global-header-display":"","ast-banner-title-visibility":"","ast-main-header-display":"","ast-hfb-above-header-display":"","ast-hfb-below-header-display":"","ast-hfb-mobile-header-display":"","site-post-title":"","ast-breadcrumbs-content":"","ast-featured-img":"","footer-sml-layout":"","theme-transparent-header-meta":"default","adv-header-id-meta":"","stick-header-meta":"","header-above-stick-meta":"","header-main-stick-meta":"","header-below-stick-meta":"","astra-migrate-meta-layouts":"set","footnotes":""},"categories":[1],"tags":[],"yoast_head":"<!-- This site is optimized with the Yoast SEO plugin v21.4 - https:\/\/yoast.com\/wordpress\/plugins\/seo\/ -->\n<title>Tarifas de \u00e1gua e esgoto sofrem reajuste em SC -<\/title>\n<meta name=\"robots\" content=\"index, follow, max-snippet:-1, max-image-preview:large, max-video-preview:-1\" \/>\n<link rel=\"canonical\" href=\"https:\/\/sulsc.com\/index.php\/2025\/02\/10\/tarifas-de-agua-e-esgoto-sofrem-reajuste-em-sc\/\" \/>\n<meta property=\"og:locale\" content=\"en_US\" \/>\n<meta property=\"og:type\" content=\"article\" \/>\n<meta property=\"og:title\" content=\"Tarifas de \u00e1gua e esgoto sofrem reajuste em SC -\" \/>\n<meta property=\"og:description\" content=\"A tarifa de \u00e1gua e esgoto em Santa Catarina vai ficar mais cara. Foi autorizado um\u00a0 reajuste de 5,56% , que ser\u00e1 cobrado a partir de 1\u00ba de mar\u00e7o, informou a Companhia Catarinense de \u00c1guas e Saneamento (Casan). De acordo com a companhia, os novos valores foram calculados com base no \u00cdndice Nacional de Pre\u00e7os &hellip; Tarifas de \u00e1gua e esgoto sofrem reajuste em SC Read More &raquo;\" \/>\n<meta property=\"og:url\" content=\"https:\/\/sulsc.com\/index.php\/2025\/02\/10\/tarifas-de-agua-e-esgoto-sofrem-reajuste-em-sc\/\" \/>\n<meta property=\"article:author\" content=\"https:\/\/www.facebook.com\/profile.php?id=61559278119680\" \/>\n<meta property=\"article:published_time\" content=\"2025-02-10T20:45:59+00:00\" \/>\n<meta property=\"og:image\" content=\"http:\/\/sulsc.com\/wp-content\/uploads\/2025\/02\/images.jpg\" \/>\n\t<meta property=\"og:image:width\" content=\"285\" \/>\n\t<meta property=\"og:image:height\" content=\"177\" \/>\n\t<meta property=\"og:image:type\" content=\"image\/jpeg\" \/>\n<meta name=\"author\" content=\"Reda\u00e7\u00e3o Sul SC\" \/>\n<meta name=\"twitter:card\" content=\"summary_large_image\" \/>\n<meta name=\"twitter:creator\" content=\"@https:\/\/twitter.com\/PortalSulSC\" \/>\n<meta name=\"twitter:label1\" content=\"Written by\" \/>\n\t<meta name=\"twitter:data1\" content=\"Reda\u00e7\u00e3o Sul SC\" \/>\n\t<meta name=\"twitter:label2\" content=\"Est. reading time\" \/>\n\t<meta name=\"twitter:data2\" content=\"1 minute\" \/>\n<script type=\"application\/ld+json\" class=\"yoast-schema-graph\">{\"@context\":\"https:\/\/schema.org\",\"@graph\":[{\"@type\":\"WebPage\",\"@id\":\"https:\/\/sulsc.com\/index.php\/2025\/02\/10\/tarifas-de-agua-e-esgoto-sofrem-reajuste-em-sc\/\",\"url\":\"https:\/\/sulsc.com\/index.php\/2025\/02\/10\/tarifas-de-agua-e-esgoto-sofrem-reajuste-em-sc\/\",\"name\":\"Tarifas de \u00e1gua e esgoto sofrem reajuste em SC -\",\"isPartOf\":{\"@id\":\"https:\/\/sulsc.com\/#website\"},\"datePublished\":\"2025-02-10T20:45:59+00:00\",\"dateModified\":\"2025-02-10T20:45:59+00:00\",\"author\":{\"@id\":\"https:\/\/sulsc.com\/#\/schema\/person\/84d2fc571684f6248ba83092f07750a3\"},\"breadcrumb\":{\"@id\":\"https:\/\/sulsc.com\/index.php\/2025\/02\/10\/tarifas-de-agua-e-esgoto-sofrem-reajuste-em-sc\/#breadcrumb\"},\"inLanguage\":\"en-US\",\"potentialAction\":[{\"@type\":\"ReadAction\",\"target\":[\"https:\/\/sulsc.com\/index.php\/2025\/02\/10\/tarifas-de-agua-e-esgoto-sofrem-reajuste-em-sc\/\"]}]},{\"@type\":\"BreadcrumbList\",\"@id\":\"https:\/\/sulsc.com\/index.php\/2025\/02\/10\/tarifas-de-agua-e-esgoto-sofrem-reajuste-em-sc\/#breadcrumb\",\"itemListElement\":[{\"@type\":\"ListItem\",\"position\":1,\"name\":\"In\u00edcio\",\"item\":\"https:\/\/sulsc.com\/\"},{\"@type\":\"ListItem\",\"position\":2,\"name\":\"Tarifas de \u00e1gua e esgoto sofrem reajuste em SC\"}]},{\"@type\":\"WebSite\",\"@id\":\"https:\/\/sulsc.com\/#website\",\"url\":\"https:\/\/sulsc.com\/\",\"name\":\"\",\"description\":\"\",\"potentialAction\":[{\"@type\":\"SearchAction\",\"target\":{\"@type\":\"EntryPoint\",\"urlTemplate\":\"https:\/\/sulsc.com\/?s={search_term_string}\"},\"query-input\":\"required name=search_term_string\"}],\"inLanguage\":\"en-US\"},{\"@type\":\"Person\",\"@id\":\"https:\/\/sulsc.com\/#\/schema\/person\/84d2fc571684f6248ba83092f07750a3\",\"name\":\"Reda\u00e7\u00e3o Sul SC\",\"image\":{\"@type\":\"ImageObject\",\"inLanguage\":\"en-US\",\"@id\":\"https:\/\/sulsc.com\/#\/schema\/person\/image\/e08d7fe2cc4ed596372063bbe852b8d0\",\"url\":\"https:\/\/sulsc.com\/wp-content\/uploads\/2023\/09\/redacao.png\",\"contentUrl\":\"https:\/\/sulsc.com\/wp-content\/uploads\/2023\/09\/redacao.png\",\"caption\":\"Reda\u00e7\u00e3o Sul SC\"},\"description\":\"Foco em um jornalismo imparcial, voltado \u00e0 qualidade dos seus conte\u00fados e, assim, levar informa\u00e7\u00e3o de valor que agregue \u00e0 vida dos leitores. Esta \u00e9 grande miss\u00e3o do Portal de Not\u00edcias Sul SC. N\u00e3o \u00e9 quantidade que muda o mundo, sempre foi e seguir\u00e1 sendo qualidade!\",\"sameAs\":[\"https:\/\/sulsc.com\/\",\"https:\/\/www.facebook.com\/profile.php?id=61559278119680\",\"https:\/\/www.instagram.com\/sulscportal\/?hl=pt-br\",\"https:\/\/twitter.com\/https:\/\/twitter.com\/PortalSulSC\",\"https:\/\/www.youtube.com\/channel\/UCv_BE8GeySluDov2n8qhVmw\"],\"url\":\"https:\/\/sulsc.com\/index.php\/author\/redacao\/\"}]}<\/script>\n<!-- \/ Yoast SEO plugin. -->","yoast_head_json":{"title":"Tarifas de \u00e1gua e esgoto sofrem reajuste em SC -","robots":{"index":"index","follow":"follow","max-snippet":"max-snippet:-1","max-image-preview":"max-image-preview:large","max-video-preview":"max-video-preview:-1"},"canonical":"https:\/\/sulsc.com\/index.php\/2025\/02\/10\/tarifas-de-agua-e-esgoto-sofrem-reajuste-em-sc\/","og_locale":"en_US","og_type":"article","og_title":"Tarifas de \u00e1gua e esgoto sofrem reajuste em SC -","og_description":"A tarifa de \u00e1gua e esgoto em Santa Catarina vai ficar mais cara. Foi autorizado um\u00a0 reajuste de 5,56% , que ser\u00e1 cobrado a partir de 1\u00ba de mar\u00e7o, informou a Companhia Catarinense de \u00c1guas e Saneamento (Casan). De acordo com a companhia, os novos valores foram calculados com base no \u00cdndice Nacional de Pre\u00e7os &hellip; Tarifas de \u00e1gua e esgoto sofrem reajuste em SC Read More &raquo;","og_url":"https:\/\/sulsc.com\/index.php\/2025\/02\/10\/tarifas-de-agua-e-esgoto-sofrem-reajuste-em-sc\/","article_author":"https:\/\/www.facebook.com\/profile.php?id=61559278119680","article_published_time":"2025-02-10T20:45:59+00:00","og_image":[{"width":285,"height":177,"url":"http:\/\/sulsc.com\/wp-content\/uploads\/2025\/02\/images.jpg","type":"image\/jpeg"}],"author":"Reda\u00e7\u00e3o Sul SC","twitter_card":"summary_large_image","twitter_creator":"@https:\/\/twitter.com\/PortalSulSC","twitter_misc":{"Written by":"Reda\u00e7\u00e3o Sul SC","Est. reading time":"1 minute"},"schema":{"@context":"https:\/\/schema.org","@graph":[{"@type":"WebPage","@id":"https:\/\/sulsc.com\/index.php\/2025\/02\/10\/tarifas-de-agua-e-esgoto-sofrem-reajuste-em-sc\/","url":"https:\/\/sulsc.com\/index.php\/2025\/02\/10\/tarifas-de-agua-e-esgoto-sofrem-reajuste-em-sc\/","name":"Tarifas de \u00e1gua e esgoto sofrem reajuste em SC -","isPartOf":{"@id":"https:\/\/sulsc.com\/#website"},"datePublished":"2025-02-10T20:45:59+00:00","dateModified":"2025-02-10T20:45:59+00:00","author":{"@id":"https:\/\/sulsc.com\/#\/schema\/person\/84d2fc571684f6248ba83092f07750a3"},"breadcrumb":{"@id":"https:\/\/sulsc.com\/index.php\/2025\/02\/10\/tarifas-de-agua-e-esgoto-sofrem-reajuste-em-sc\/#breadcrumb"},"inLanguage":"en-US","potentialAction":[{"@type":"ReadAction","target":["https:\/\/sulsc.com\/index.php\/2025\/02\/10\/tarifas-de-agua-e-esgoto-sofrem-reajuste-em-sc\/"]}]},{"@type":"BreadcrumbList","@id":"https:\/\/sulsc.com\/index.php\/2025\/02\/10\/tarifas-de-agua-e-esgoto-sofrem-reajuste-em-sc\/#breadcrumb","itemListElement":[{"@type":"ListItem","position":1,"name":"In\u00edcio","item":"https:\/\/sulsc.com\/"},{"@type":"ListItem","position":2,"name":"Tarifas de \u00e1gua e esgoto sofrem reajuste em SC"}]},{"@type":"WebSite","@id":"https:\/\/sulsc.com\/#website","url":"https:\/\/sulsc.com\/","name":"","description":"","potentialAction":[{"@type":"SearchAction","target":{"@type":"EntryPoint","urlTemplate":"https:\/\/sulsc.com\/?s={search_term_string}"},"query-input":"required name=search_term_string"}],"inLanguage":"en-US"},{"@type":"Person","@id":"https:\/\/sulsc.com\/#\/schema\/person\/84d2fc571684f6248ba83092f07750a3","name":"Reda\u00e7\u00e3o Sul SC","image":{"@type":"ImageObject","inLanguage":"en-US","@id":"https:\/\/sulsc.com\/#\/schema\/person\/image\/e08d7fe2cc4ed596372063bbe852b8d0","url":"https:\/\/sulsc.com\/wp-content\/uploads\/2023\/09\/redacao.png","contentUrl":"https:\/\/sulsc.com\/wp-content\/uploads\/2023\/09\/redacao.png","caption":"Reda\u00e7\u00e3o Sul SC"},"description":"Foco em um jornalismo imparcial, voltado \u00e0 qualidade dos seus conte\u00fados e, assim, levar informa\u00e7\u00e3o de valor que agregue \u00e0 vida dos leitores. Esta \u00e9 grande miss\u00e3o do Portal de Not\u00edcias Sul SC. N\u00e3o \u00e9 quantidade que muda o mundo, sempre foi e seguir\u00e1 sendo qualidade!","sameAs":["https:\/\/sulsc.com\/","https:\/\/www.facebook.com\/profile.php?id=61559278119680","https:\/\/www.instagram.com\/sulscportal\/?hl=pt-br","https:\/\/twitter.com\/https:\/\/twitter.com\/PortalSulSC","https:\/\/www.youtube.com\/channel\/UCv_BE8GeySluDov2n8qhVmw"],"url":"https:\/\/sulsc.com\/index.php\/author\/redacao\/"}]}},"authors":[],"_links":{"self":[{"href":"https:\/\/sulsc.com\/index.php\/wp-json\/wp\/v2\/posts\/20235"}],"collection":[{"href":"https:\/\/sulsc.com\/index.php\/wp-json\/wp\/v2\/posts"}],"about":[{"href":"https:\/\/sulsc.com\/index.php\/wp-json\/wp\/v2\/types\/post"}],"author":[{"embeddable":true,"href":"https:\/\/sulsc.com\/index.php\/wp-json\/wp\/v2\/users\/3"}],"replies":[{"embeddable":true,"href":"https:\/\/sulsc.com\/index.php\/wp-json\/wp\/v2\/comments?post=20235"}],"version-history":[{"count":1,"href":"https:\/\/sulsc.com\/index.php\/wp-json\/wp\/v2\/posts\/20235\/revisions"}],"predecessor-version":[{"id":20238,"href":"https:\/\/sulsc.com\/index.php\/wp-json\/wp\/v2\/posts\/20235\/revisions\/20238"}],"wp:featuredmedia":[{"embeddable":true,"href":"https:\/\/sulsc.com\/index.php\/wp-json\/wp\/v2\/media\/20237"}],"wp:attachment":[{"href":"https:\/\/sulsc.com\/index.php\/wp-json\/wp\/v2\/media?parent=20235"}],"wp:term":[{"taxonomy":"category","embeddable":true,"href":"https:\/\/sulsc.com\/index.php\/wp-json\/wp\/v2\/categories?post=20235"},{"taxonomy":"post_tag","embeddable":true,"href":"https:\/\/sulsc.com\/index.php\/wp-json\/wp\/v2\/tags?post=20235"}],"curies":[{"name":"wp","href":"https:\/\/api.w.org\/{rel}","templated":true}]}}