{"id":20239,"date":"2025-02-11T08:06:05","date_gmt":"2025-02-11T11:06:05","guid":{"rendered":"https:\/\/sulsc.com\/?p=20239"},"modified":"2025-02-11T08:06:05","modified_gmt":"2025-02-11T11:06:05","slug":"terca-feira-11-de-calor-intenso-com-maximas-proximas-de-40c","status":"publish","type":"post","link":"https:\/\/sulsc.com\/index.php\/2025\/02\/11\/terca-feira-11-de-calor-intenso-com-maximas-proximas-de-40c\/","title":{"rendered":"Ter\u00e7a-feira (11) de calor intenso com m\u00e1ximas pr\u00f3ximas de 40\u00b0C"},"content":{"rendered":"<p>O calor segue predominando em Santa Catarina. No Litoral Sul e no Extremo Oeste catarinense, as m\u00e1ximas se aproximam dos 40\u00b0C.<\/p>\n<p><img fetchpriority=\"high\" decoding=\"async\" class=\"aligncenter size-full wp-image-20240\" src=\"http:\/\/sulsc.com\/wp-content\/uploads\/2025\/02\/3.png\" alt=\"\" width=\"1474\" height=\"1003\" srcset=\"https:\/\/sulsc.com\/wp-content\/uploads\/2025\/02\/3.png 1474w, https:\/\/sulsc.com\/wp-content\/uploads\/2025\/02\/3-300x204.png 300w, https:\/\/sulsc.com\/wp-content\/uploads\/2025\/02\/3-1024x697.png 1024w, https:\/\/sulsc.com\/wp-content\/uploads\/2025\/02\/3-768x523.png 768w\" sizes=\"(max-width: 1474px) 100vw, 1474px\" \/><\/p>\n<p><img decoding=\"async\" class=\"aligncenter  wp-image-17436\" src=\"http:\/\/sulsc.com\/wp-content\/uploads\/2024\/11\/Tempo-2.png\" alt=\"\" width=\"585\" height=\"108\" srcset=\"https:\/\/sulsc.com\/wp-content\/uploads\/2024\/11\/Tempo-2.png 1024w, https:\/\/sulsc.com\/wp-content\/uploads\/2024\/11\/Tempo-2-300x55.png 300w, https:\/\/sulsc.com\/wp-content\/uploads\/2024\/11\/Tempo-2-768x142.png 768w\" sizes=\"(max-width: 585px) 100vw, 585px\" \/><\/p>\n<p>Entre a tarde e \u00e0 noite, o calor e a umidade, somados a instabilidades na atmosfera, favorecem a forma\u00e7\u00e3o de temporais isolados acompanhados por raios, rajadas de vento e eventual queda de granizo, em grande parte do estado. O risco \u00e9 baixo a moderado para ocorr\u00eancias relacionadas aos temporais.<\/p>\n<p><strong>Aten\u00e7\u00e3o: <\/strong>O risco \u00e9 moderado a alto para ocorr\u00eancias relacionadas a insola\u00e7\u00e3o, desidrata\u00e7\u00e3o e agravamento de doen\u00e7as cardiorrespirat\u00f3rias.<\/p>\n<p>Fonte: Defesa Civil SC\/Meteorologista: Pedro Souza<\/p>\n<p>Foto\/Sulsc.com<\/p>\n","protected":false},"excerpt":{"rendered":"<p>O calor segue predominando em Santa Catarina. No Litoral Sul e no Extremo Oeste catarinense, as m\u00e1ximas se aproximam dos 40\u00b0C. Entre a tarde e \u00e0 noite, o calor e a umidade, somados a instabilidades na atmosfera, favorecem a forma\u00e7\u00e3o de temporais isolados acompanhados por raios, rajadas de vento e eventual queda de granizo, em &hellip;<\/p>\n<p class=\"read-more\"> <a class=\"\" href=\"https:\/\/sulsc.com\/index.php\/2025\/02\/11\/terca-feira-11-de-calor-intenso-com-maximas-proximas-de-40c\/\"> <span class=\"screen-reader-text\">Ter\u00e7a-feira (11) de calor intenso com m\u00e1ximas pr\u00f3ximas de 40\u00b0C<\/span> Read More &raquo;<\/a><\/p>\n","protected":false},"author":3,"featured_media":16524,"comment_status":"open","ping_status":"open","sticky":false,"template":"","format":"standard","meta":{"site-sidebar-layout":"default","site-content-layout":"","ast-site-content-layout":"default","site-content-style":"default","site-sidebar-style":"default","ast-global-header-display":"","ast-banner-title-visibility":"","ast-main-header-display":"","ast-hfb-above-header-display":"","ast-hfb-below-header-display":"","ast-hfb-mobile-header-display":"","site-post-title":"","ast-breadcrumbs-content":"","ast-featured-img":"","footer-sml-layout":"","theme-transparent-header-meta":"default","adv-header-id-meta":"","stick-header-meta":"","header-above-stick-meta":"","header-main-stick-meta":"","header-below-stick-meta":"","astra-migrate-meta-layouts":"set","footnotes":""},"categories":[38],"tags":[90],"yoast_head":"<!-- This site is optimized with the Yoast SEO plugin v21.4 - https:\/\/yoast.com\/wordpress\/plugins\/seo\/ -->\n<title>Ter\u00e7a-feira (11) de calor intenso com m\u00e1ximas pr\u00f3ximas de 40\u00b0C -<\/title>\n<meta name=\"description\" content=\"A tarde e \u00e0 noite o calor e a umidade somados a instabilidades na atmosfera favorecem a forma\u00e7\u00e3o de temporais isolados\" \/>\n<meta name=\"robots\" content=\"index, follow, max-snippet:-1, max-image-preview:large, max-video-preview:-1\" \/>\n<link rel=\"canonical\" href=\"https:\/\/sulsc.com\/index.php\/2025\/02\/11\/terca-feira-11-de-calor-intenso-com-maximas-proximas-de-40c\/\" \/>\n<meta property=\"og:locale\" content=\"en_US\" \/>\n<meta property=\"og:type\" content=\"article\" \/>\n<meta property=\"og:title\" content=\"Ter\u00e7a-feira (11) de calor intenso com m\u00e1ximas pr\u00f3ximas de 40\u00b0C -\" \/>\n<meta property=\"og:description\" content=\"A tarde e \u00e0 noite o calor e a umidade somados a instabilidades na atmosfera favorecem a forma\u00e7\u00e3o de temporais isolados\" \/>\n<meta property=\"og:url\" content=\"https:\/\/sulsc.com\/index.php\/2025\/02\/11\/terca-feira-11-de-calor-intenso-com-maximas-proximas-de-40c\/\" \/>\n<meta property=\"article:author\" content=\"https:\/\/www.facebook.com\/profile.php?id=61559278119680\" \/>\n<meta property=\"article:published_time\" content=\"2025-02-11T11:06:05+00:00\" \/>\n<meta property=\"og:image\" content=\"http:\/\/sulsc.com\/wp-content\/uploads\/2024\/10\/Tempo-scaled.jpg\" \/>\n\t<meta property=\"og:image:width\" content=\"2560\" \/>\n\t<meta property=\"og:image:height\" content=\"1151\" \/>\n\t<meta property=\"og:image:type\" content=\"image\/jpeg\" \/>\n<meta name=\"author\" content=\"Reda\u00e7\u00e3o Sul SC\" \/>\n<meta name=\"twitter:card\" content=\"summary_large_image\" \/>\n<meta name=\"twitter:creator\" content=\"@https:\/\/twitter.com\/PortalSulSC\" \/>\n<meta name=\"twitter:label1\" content=\"Written by\" \/>\n\t<meta name=\"twitter:data1\" content=\"Reda\u00e7\u00e3o Sul SC\" \/>\n\t<meta name=\"twitter:label2\" content=\"Est. reading time\" \/>\n\t<meta name=\"twitter:data2\" content=\"1 minute\" \/>\n<script type=\"application\/ld+json\" class=\"yoast-schema-graph\">{\"@context\":\"https:\/\/schema.org\",\"@graph\":[{\"@type\":\"WebPage\",\"@id\":\"https:\/\/sulsc.com\/index.php\/2025\/02\/11\/terca-feira-11-de-calor-intenso-com-maximas-proximas-de-40c\/\",\"url\":\"https:\/\/sulsc.com\/index.php\/2025\/02\/11\/terca-feira-11-de-calor-intenso-com-maximas-proximas-de-40c\/\",\"name\":\"Ter\u00e7a-feira (11) de calor intenso com m\u00e1ximas pr\u00f3ximas de 40\u00b0C -\",\"isPartOf\":{\"@id\":\"https:\/\/sulsc.com\/#website\"},\"datePublished\":\"2025-02-11T11:06:05+00:00\",\"dateModified\":\"2025-02-11T11:06:05+00:00\",\"author\":{\"@id\":\"https:\/\/sulsc.com\/#\/schema\/person\/84d2fc571684f6248ba83092f07750a3\"},\"description\":\"A tarde e \u00e0 noite o calor e a umidade somados a instabilidades na atmosfera favorecem a forma\u00e7\u00e3o de temporais isolados\",\"breadcrumb\":{\"@id\":\"https:\/\/sulsc.com\/index.php\/2025\/02\/11\/terca-feira-11-de-calor-intenso-com-maximas-proximas-de-40c\/#breadcrumb\"},\"inLanguage\":\"en-US\",\"potentialAction\":[{\"@type\":\"ReadAction\",\"target\":[\"https:\/\/sulsc.com\/index.php\/2025\/02\/11\/terca-feira-11-de-calor-intenso-com-maximas-proximas-de-40c\/\"]}]},{\"@type\":\"BreadcrumbList\",\"@id\":\"https:\/\/sulsc.com\/index.php\/2025\/02\/11\/terca-feira-11-de-calor-intenso-com-maximas-proximas-de-40c\/#breadcrumb\",\"itemListElement\":[{\"@type\":\"ListItem\",\"position\":1,\"name\":\"In\u00edcio\",\"item\":\"https:\/\/sulsc.com\/\"},{\"@type\":\"ListItem\",\"position\":2,\"name\":\"Ter\u00e7a-feira (11) de calor intenso com m\u00e1ximas pr\u00f3ximas de 40\u00b0C\"}]},{\"@type\":\"WebSite\",\"@id\":\"https:\/\/sulsc.com\/#website\",\"url\":\"https:\/\/sulsc.com\/\",\"name\":\"\",\"description\":\"\",\"potentialAction\":[{\"@type\":\"SearchAction\",\"target\":{\"@type\":\"EntryPoint\",\"urlTemplate\":\"https:\/\/sulsc.com\/?s={search_term_string}\"},\"query-input\":\"required name=search_term_string\"}],\"inLanguage\":\"en-US\"},{\"@type\":\"Person\",\"@id\":\"https:\/\/sulsc.com\/#\/schema\/person\/84d2fc571684f6248ba83092f07750a3\",\"name\":\"Reda\u00e7\u00e3o Sul SC\",\"image\":{\"@type\":\"ImageObject\",\"inLanguage\":\"en-US\",\"@id\":\"https:\/\/sulsc.com\/#\/schema\/person\/image\/e08d7fe2cc4ed596372063bbe852b8d0\",\"url\":\"https:\/\/sulsc.com\/wp-content\/uploads\/2023\/09\/redacao.png\",\"contentUrl\":\"https:\/\/sulsc.com\/wp-content\/uploads\/2023\/09\/redacao.png\",\"caption\":\"Reda\u00e7\u00e3o Sul SC\"},\"description\":\"Foco em um jornalismo imparcial, voltado \u00e0 qualidade dos seus conte\u00fados e, assim, levar informa\u00e7\u00e3o de valor que agregue \u00e0 vida dos leitores. Esta \u00e9 grande miss\u00e3o do Portal de Not\u00edcias Sul SC. N\u00e3o \u00e9 quantidade que muda o mundo, sempre foi e seguir\u00e1 sendo qualidade!\",\"sameAs\":[\"https:\/\/sulsc.com\/\",\"https:\/\/www.facebook.com\/profile.php?id=61559278119680\",\"https:\/\/www.instagram.com\/sulscportal\/?hl=pt-br\",\"https:\/\/twitter.com\/https:\/\/twitter.com\/PortalSulSC\",\"https:\/\/www.youtube.com\/channel\/UCv_BE8GeySluDov2n8qhVmw\"],\"url\":\"https:\/\/sulsc.com\/index.php\/author\/redacao\/\"}]}<\/script>\n<!-- \/ Yoast SEO plugin. -->","yoast_head_json":{"title":"Ter\u00e7a-feira (11) de calor intenso com m\u00e1ximas pr\u00f3ximas de 40\u00b0C -","description":"A tarde e \u00e0 noite o calor e a umidade somados a instabilidades na atmosfera favorecem a forma\u00e7\u00e3o de temporais isolados","robots":{"index":"index","follow":"follow","max-snippet":"max-snippet:-1","max-image-preview":"max-image-preview:large","max-video-preview":"max-video-preview:-1"},"canonical":"https:\/\/sulsc.com\/index.php\/2025\/02\/11\/terca-feira-11-de-calor-intenso-com-maximas-proximas-de-40c\/","og_locale":"en_US","og_type":"article","og_title":"Ter\u00e7a-feira (11) de calor intenso com m\u00e1ximas pr\u00f3ximas de 40\u00b0C -","og_description":"A tarde e \u00e0 noite o calor e a umidade somados a instabilidades na atmosfera favorecem a forma\u00e7\u00e3o de temporais isolados","og_url":"https:\/\/sulsc.com\/index.php\/2025\/02\/11\/terca-feira-11-de-calor-intenso-com-maximas-proximas-de-40c\/","article_author":"https:\/\/www.facebook.com\/profile.php?id=61559278119680","article_published_time":"2025-02-11T11:06:05+00:00","og_image":[{"width":2560,"height":1151,"url":"http:\/\/sulsc.com\/wp-content\/uploads\/2024\/10\/Tempo-scaled.jpg","type":"image\/jpeg"}],"author":"Reda\u00e7\u00e3o Sul SC","twitter_card":"summary_large_image","twitter_creator":"@https:\/\/twitter.com\/PortalSulSC","twitter_misc":{"Written by":"Reda\u00e7\u00e3o Sul SC","Est. reading time":"1 minute"},"schema":{"@context":"https:\/\/schema.org","@graph":[{"@type":"WebPage","@id":"https:\/\/sulsc.com\/index.php\/2025\/02\/11\/terca-feira-11-de-calor-intenso-com-maximas-proximas-de-40c\/","url":"https:\/\/sulsc.com\/index.php\/2025\/02\/11\/terca-feira-11-de-calor-intenso-com-maximas-proximas-de-40c\/","name":"Ter\u00e7a-feira (11) de calor intenso com m\u00e1ximas pr\u00f3ximas de 40\u00b0C -","isPartOf":{"@id":"https:\/\/sulsc.com\/#website"},"datePublished":"2025-02-11T11:06:05+00:00","dateModified":"2025-02-11T11:06:05+00:00","author":{"@id":"https:\/\/sulsc.com\/#\/schema\/person\/84d2fc571684f6248ba83092f07750a3"},"description":"A tarde e \u00e0 noite o calor e a umidade somados a instabilidades na atmosfera favorecem a forma\u00e7\u00e3o de temporais isolados","breadcrumb":{"@id":"https:\/\/sulsc.com\/index.php\/2025\/02\/11\/terca-feira-11-de-calor-intenso-com-maximas-proximas-de-40c\/#breadcrumb"},"inLanguage":"en-US","potentialAction":[{"@type":"ReadAction","target":["https:\/\/sulsc.com\/index.php\/2025\/02\/11\/terca-feira-11-de-calor-intenso-com-maximas-proximas-de-40c\/"]}]},{"@type":"BreadcrumbList","@id":"https:\/\/sulsc.com\/index.php\/2025\/02\/11\/terca-feira-11-de-calor-intenso-com-maximas-proximas-de-40c\/#breadcrumb","itemListElement":[{"@type":"ListItem","position":1,"name":"In\u00edcio","item":"https:\/\/sulsc.com\/"},{"@type":"ListItem","position":2,"name":"Ter\u00e7a-feira (11) de calor intenso com m\u00e1ximas pr\u00f3ximas de 40\u00b0C"}]},{"@type":"WebSite","@id":"https:\/\/sulsc.com\/#website","url":"https:\/\/sulsc.com\/","name":"","description":"","potentialAction":[{"@type":"SearchAction","target":{"@type":"EntryPoint","urlTemplate":"https:\/\/sulsc.com\/?s={search_term_string}"},"query-input":"required name=search_term_string"}],"inLanguage":"en-US"},{"@type":"Person","@id":"https:\/\/sulsc.com\/#\/schema\/person\/84d2fc571684f6248ba83092f07750a3","name":"Reda\u00e7\u00e3o Sul SC","image":{"@type":"ImageObject","inLanguage":"en-US","@id":"https:\/\/sulsc.com\/#\/schema\/person\/image\/e08d7fe2cc4ed596372063bbe852b8d0","url":"https:\/\/sulsc.com\/wp-content\/uploads\/2023\/09\/redacao.png","contentUrl":"https:\/\/sulsc.com\/wp-content\/uploads\/2023\/09\/redacao.png","caption":"Reda\u00e7\u00e3o Sul SC"},"description":"Foco em um jornalismo imparcial, voltado \u00e0 qualidade dos seus conte\u00fados e, assim, levar informa\u00e7\u00e3o de valor que agregue \u00e0 vida dos leitores. Esta \u00e9 grande miss\u00e3o do Portal de Not\u00edcias Sul SC. N\u00e3o \u00e9 quantidade que muda o mundo, sempre foi e seguir\u00e1 sendo qualidade!","sameAs":["https:\/\/sulsc.com\/","https:\/\/www.facebook.com\/profile.php?id=61559278119680","https:\/\/www.instagram.com\/sulscportal\/?hl=pt-br","https:\/\/twitter.com\/https:\/\/twitter.com\/PortalSulSC","https:\/\/www.youtube.com\/channel\/UCv_BE8GeySluDov2n8qhVmw"],"url":"https:\/\/sulsc.com\/index.php\/author\/redacao\/"}]}},"authors":[],"_links":{"self":[{"href":"https:\/\/sulsc.com\/index.php\/wp-json\/wp\/v2\/posts\/20239"}],"collection":[{"href":"https:\/\/sulsc.com\/index.php\/wp-json\/wp\/v2\/posts"}],"about":[{"href":"https:\/\/sulsc.com\/index.php\/wp-json\/wp\/v2\/types\/post"}],"author":[{"embeddable":true,"href":"https:\/\/sulsc.com\/index.php\/wp-json\/wp\/v2\/users\/3"}],"replies":[{"embeddable":true,"href":"https:\/\/sulsc.com\/index.php\/wp-json\/wp\/v2\/comments?post=20239"}],"version-history":[{"count":1,"href":"https:\/\/sulsc.com\/index.php\/wp-json\/wp\/v2\/posts\/20239\/revisions"}],"predecessor-version":[{"id":20241,"href":"https:\/\/sulsc.com\/index.php\/wp-json\/wp\/v2\/posts\/20239\/revisions\/20241"}],"wp:featuredmedia":[{"embeddable":true,"href":"https:\/\/sulsc.com\/index.php\/wp-json\/wp\/v2\/media\/16524"}],"wp:attachment":[{"href":"https:\/\/sulsc.com\/index.php\/wp-json\/wp\/v2\/media?parent=20239"}],"wp:term":[{"taxonomy":"category","embeddable":true,"href":"https:\/\/sulsc.com\/index.php\/wp-json\/wp\/v2\/categories?post=20239"},{"taxonomy":"post_tag","embeddable":true,"href":"https:\/\/sulsc.com\/index.php\/wp-json\/wp\/v2\/tags?post=20239"}],"curies":[{"name":"wp","href":"https:\/\/api.w.org\/{rel}","templated":true}]}}