{"id":20254,"date":"2025-02-11T16:28:41","date_gmt":"2025-02-11T19:28:41","guid":{"rendered":"https:\/\/sulsc.com\/?p=20254"},"modified":"2025-02-11T16:28:41","modified_gmt":"2025-02-11T19:28:41","slug":"sensacao-termica-pode-chegar-a-70oc-nos-proximos-dias-na-regiao-sul-e-sudeste","status":"publish","type":"post","link":"https:\/\/sulsc.com\/index.php\/2025\/02\/11\/sensacao-termica-pode-chegar-a-70oc-nos-proximos-dias-na-regiao-sul-e-sudeste\/","title":{"rendered":"Sensa\u00e7\u00e3o t\u00e9rmica pode chegar a 70\u00baC nos pr\u00f3ximos dias na regi\u00e3o Sul e Sudeste"},"content":{"rendered":"<p><span class=\"ng-star-inserted\" data-start-index=\"377\">Uma\u00a0onda de calor\u00a0prevista para ocorrer entre 12 e 21 de fevereiro deve afetar principalmente o\u00a0<\/span><span class=\"bold ng-star-inserted\" data-start-index=\"483\">Sudeste\u00a0e o\u00a0Sul<\/span><span class=\"ng-star-inserted\" data-start-index=\"503\">, mas tamb\u00e9m o\u00a0Centro-Oeste\u00a0e\u00a0Nordeste\u00a0brasileiro.<\/span><\/p>\n<p><span class=\"ng-star-inserted\" data-start-index=\"503\">As altas temperaturas podem produzir uma\u00a0sensa\u00e7\u00e3o t\u00e9rmica nessas regi\u00f5es que atingir\u00e1 at\u00e9 70\u00b0C durante esse per\u00edodo. A proje\u00e7\u00e3o est\u00e1 baseada na tabela de Climatologia Aplicada da Universidade de S\u00e3o Paulo (USP).<\/span><\/p>\n<p><img fetchpriority=\"high\" decoding=\"async\" class=\"aligncenter size-full wp-image-20255\" src=\"http:\/\/sulsc.com\/wp-content\/uploads\/2025\/02\/Calor-suor-hidratacao-agua-exercicio-fisico.jpg\" alt=\"\" width=\"790\" height=\"530\" srcset=\"https:\/\/sulsc.com\/wp-content\/uploads\/2025\/02\/Calor-suor-hidratacao-agua-exercicio-fisico.jpg 790w, https:\/\/sulsc.com\/wp-content\/uploads\/2025\/02\/Calor-suor-hidratacao-agua-exercicio-fisico-300x201.jpg 300w, https:\/\/sulsc.com\/wp-content\/uploads\/2025\/02\/Calor-suor-hidratacao-agua-exercicio-fisico-768x515.jpg 768w\" sizes=\"(max-width: 790px) 100vw, 790px\" \/><\/p>\n<p>A intensa\u00a0onda de calor\u00a0que atinge essas regi\u00f5es revela temperaturas que, no cen\u00e1rio atual, ultrapassam aquelas registradas pelos term\u00f4metros.<\/p>\n","protected":false},"excerpt":{"rendered":"<p>Uma\u00a0onda de calor\u00a0prevista para ocorrer entre 12 e 21 de fevereiro deve afetar principalmente o\u00a0Sudeste\u00a0e o\u00a0Sul, mas tamb\u00e9m o\u00a0Centro-Oeste\u00a0e\u00a0Nordeste\u00a0brasileiro. As altas temperaturas podem produzir uma\u00a0sensa\u00e7\u00e3o t\u00e9rmica nessas regi\u00f5es que atingir\u00e1 at\u00e9 70\u00b0C durante esse per\u00edodo. A proje\u00e7\u00e3o est\u00e1 baseada na tabela de Climatologia Aplicada da Universidade de S\u00e3o Paulo (USP). A intensa\u00a0onda de calor\u00a0que atinge &hellip;<\/p>\n<p class=\"read-more\"> <a class=\"\" href=\"https:\/\/sulsc.com\/index.php\/2025\/02\/11\/sensacao-termica-pode-chegar-a-70oc-nos-proximos-dias-na-regiao-sul-e-sudeste\/\"> <span class=\"screen-reader-text\">Sensa\u00e7\u00e3o t\u00e9rmica pode chegar a 70\u00baC nos pr\u00f3ximos dias na regi\u00e3o Sul e Sudeste<\/span> Read More &raquo;<\/a><\/p>\n","protected":false},"author":3,"featured_media":20255,"comment_status":"open","ping_status":"open","sticky":false,"template":"","format":"standard","meta":{"site-sidebar-layout":"default","site-content-layout":"","ast-site-content-layout":"default","site-content-style":"default","site-sidebar-style":"default","ast-global-header-display":"","ast-banner-title-visibility":"","ast-main-header-display":"","ast-hfb-above-header-display":"","ast-hfb-below-header-display":"","ast-hfb-mobile-header-display":"","site-post-title":"","ast-breadcrumbs-content":"","ast-featured-img":"","footer-sml-layout":"","theme-transparent-header-meta":"default","adv-header-id-meta":"","stick-header-meta":"","header-above-stick-meta":"","header-main-stick-meta":"","header-below-stick-meta":"","astra-migrate-meta-layouts":"set","footnotes":""},"categories":[38],"tags":[],"yoast_head":"<!-- This site is optimized with the Yoast SEO plugin v21.4 - https:\/\/yoast.com\/wordpress\/plugins\/seo\/ -->\n<title>Sensa\u00e7\u00e3o t\u00e9rmica pode chegar a 70\u00baC nos pr\u00f3ximos dias na regi\u00e3o Sul e Sudeste -<\/title>\n<meta name=\"robots\" content=\"index, follow, max-snippet:-1, max-image-preview:large, max-video-preview:-1\" \/>\n<link rel=\"canonical\" href=\"https:\/\/sulsc.com\/index.php\/2025\/02\/11\/sensacao-termica-pode-chegar-a-70oc-nos-proximos-dias-na-regiao-sul-e-sudeste\/\" \/>\n<meta property=\"og:locale\" content=\"en_US\" \/>\n<meta property=\"og:type\" content=\"article\" \/>\n<meta property=\"og:title\" content=\"Sensa\u00e7\u00e3o t\u00e9rmica pode chegar a 70\u00baC nos pr\u00f3ximos dias na regi\u00e3o Sul e Sudeste -\" \/>\n<meta property=\"og:description\" content=\"Uma\u00a0onda de calor\u00a0prevista para ocorrer entre 12 e 21 de fevereiro deve afetar principalmente o\u00a0Sudeste\u00a0e o\u00a0Sul, mas tamb\u00e9m o\u00a0Centro-Oeste\u00a0e\u00a0Nordeste\u00a0brasileiro. As altas temperaturas podem produzir uma\u00a0sensa\u00e7\u00e3o t\u00e9rmica nessas regi\u00f5es que atingir\u00e1 at\u00e9 70\u00b0C durante esse per\u00edodo. A proje\u00e7\u00e3o est\u00e1 baseada na tabela de Climatologia Aplicada da Universidade de S\u00e3o Paulo (USP). A intensa\u00a0onda de calor\u00a0que atinge &hellip; Sensa\u00e7\u00e3o t\u00e9rmica pode chegar a 70\u00baC nos pr\u00f3ximos dias na regi\u00e3o Sul e Sudeste Read More &raquo;\" \/>\n<meta property=\"og:url\" content=\"https:\/\/sulsc.com\/index.php\/2025\/02\/11\/sensacao-termica-pode-chegar-a-70oc-nos-proximos-dias-na-regiao-sul-e-sudeste\/\" \/>\n<meta property=\"article:author\" content=\"https:\/\/www.facebook.com\/profile.php?id=61559278119680\" \/>\n<meta property=\"article:published_time\" content=\"2025-02-11T19:28:41+00:00\" \/>\n<meta property=\"og:image\" content=\"http:\/\/sulsc.com\/wp-content\/uploads\/2025\/02\/Calor-suor-hidratacao-agua-exercicio-fisico.jpg\" \/>\n\t<meta property=\"og:image:width\" content=\"790\" \/>\n\t<meta property=\"og:image:height\" content=\"530\" \/>\n\t<meta property=\"og:image:type\" content=\"image\/jpeg\" \/>\n<meta name=\"author\" content=\"Reda\u00e7\u00e3o Sul SC\" \/>\n<meta name=\"twitter:card\" content=\"summary_large_image\" \/>\n<meta name=\"twitter:creator\" content=\"@https:\/\/twitter.com\/PortalSulSC\" \/>\n<meta name=\"twitter:label1\" content=\"Written by\" \/>\n\t<meta name=\"twitter:data1\" content=\"Reda\u00e7\u00e3o Sul SC\" \/>\n\t<meta name=\"twitter:label2\" content=\"Est. reading time\" \/>\n\t<meta name=\"twitter:data2\" content=\"1 minute\" \/>\n<script type=\"application\/ld+json\" class=\"yoast-schema-graph\">{\"@context\":\"https:\/\/schema.org\",\"@graph\":[{\"@type\":\"WebPage\",\"@id\":\"https:\/\/sulsc.com\/index.php\/2025\/02\/11\/sensacao-termica-pode-chegar-a-70oc-nos-proximos-dias-na-regiao-sul-e-sudeste\/\",\"url\":\"https:\/\/sulsc.com\/index.php\/2025\/02\/11\/sensacao-termica-pode-chegar-a-70oc-nos-proximos-dias-na-regiao-sul-e-sudeste\/\",\"name\":\"Sensa\u00e7\u00e3o t\u00e9rmica pode chegar a 70\u00baC nos pr\u00f3ximos dias na regi\u00e3o Sul e Sudeste -\",\"isPartOf\":{\"@id\":\"https:\/\/sulsc.com\/#website\"},\"datePublished\":\"2025-02-11T19:28:41+00:00\",\"dateModified\":\"2025-02-11T19:28:41+00:00\",\"author\":{\"@id\":\"https:\/\/sulsc.com\/#\/schema\/person\/84d2fc571684f6248ba83092f07750a3\"},\"breadcrumb\":{\"@id\":\"https:\/\/sulsc.com\/index.php\/2025\/02\/11\/sensacao-termica-pode-chegar-a-70oc-nos-proximos-dias-na-regiao-sul-e-sudeste\/#breadcrumb\"},\"inLanguage\":\"en-US\",\"potentialAction\":[{\"@type\":\"ReadAction\",\"target\":[\"https:\/\/sulsc.com\/index.php\/2025\/02\/11\/sensacao-termica-pode-chegar-a-70oc-nos-proximos-dias-na-regiao-sul-e-sudeste\/\"]}]},{\"@type\":\"BreadcrumbList\",\"@id\":\"https:\/\/sulsc.com\/index.php\/2025\/02\/11\/sensacao-termica-pode-chegar-a-70oc-nos-proximos-dias-na-regiao-sul-e-sudeste\/#breadcrumb\",\"itemListElement\":[{\"@type\":\"ListItem\",\"position\":1,\"name\":\"In\u00edcio\",\"item\":\"https:\/\/sulsc.com\/\"},{\"@type\":\"ListItem\",\"position\":2,\"name\":\"Sensa\u00e7\u00e3o t\u00e9rmica pode chegar a 70\u00baC nos pr\u00f3ximos dias na regi\u00e3o Sul e Sudeste\"}]},{\"@type\":\"WebSite\",\"@id\":\"https:\/\/sulsc.com\/#website\",\"url\":\"https:\/\/sulsc.com\/\",\"name\":\"\",\"description\":\"\",\"potentialAction\":[{\"@type\":\"SearchAction\",\"target\":{\"@type\":\"EntryPoint\",\"urlTemplate\":\"https:\/\/sulsc.com\/?s={search_term_string}\"},\"query-input\":\"required name=search_term_string\"}],\"inLanguage\":\"en-US\"},{\"@type\":\"Person\",\"@id\":\"https:\/\/sulsc.com\/#\/schema\/person\/84d2fc571684f6248ba83092f07750a3\",\"name\":\"Reda\u00e7\u00e3o Sul SC\",\"image\":{\"@type\":\"ImageObject\",\"inLanguage\":\"en-US\",\"@id\":\"https:\/\/sulsc.com\/#\/schema\/person\/image\/e08d7fe2cc4ed596372063bbe852b8d0\",\"url\":\"https:\/\/sulsc.com\/wp-content\/uploads\/2023\/09\/redacao.png\",\"contentUrl\":\"https:\/\/sulsc.com\/wp-content\/uploads\/2023\/09\/redacao.png\",\"caption\":\"Reda\u00e7\u00e3o Sul SC\"},\"description\":\"Foco em um jornalismo imparcial, voltado \u00e0 qualidade dos seus conte\u00fados e, assim, levar informa\u00e7\u00e3o de valor que agregue \u00e0 vida dos leitores. Esta \u00e9 grande miss\u00e3o do Portal de Not\u00edcias Sul SC. N\u00e3o \u00e9 quantidade que muda o mundo, sempre foi e seguir\u00e1 sendo qualidade!\",\"sameAs\":[\"https:\/\/sulsc.com\/\",\"https:\/\/www.facebook.com\/profile.php?id=61559278119680\",\"https:\/\/www.instagram.com\/sulscportal\/?hl=pt-br\",\"https:\/\/twitter.com\/https:\/\/twitter.com\/PortalSulSC\",\"https:\/\/www.youtube.com\/channel\/UCv_BE8GeySluDov2n8qhVmw\"],\"url\":\"https:\/\/sulsc.com\/index.php\/author\/redacao\/\"}]}<\/script>\n<!-- \/ Yoast SEO plugin. -->","yoast_head_json":{"title":"Sensa\u00e7\u00e3o t\u00e9rmica pode chegar a 70\u00baC nos pr\u00f3ximos dias na regi\u00e3o Sul e Sudeste -","robots":{"index":"index","follow":"follow","max-snippet":"max-snippet:-1","max-image-preview":"max-image-preview:large","max-video-preview":"max-video-preview:-1"},"canonical":"https:\/\/sulsc.com\/index.php\/2025\/02\/11\/sensacao-termica-pode-chegar-a-70oc-nos-proximos-dias-na-regiao-sul-e-sudeste\/","og_locale":"en_US","og_type":"article","og_title":"Sensa\u00e7\u00e3o t\u00e9rmica pode chegar a 70\u00baC nos pr\u00f3ximos dias na regi\u00e3o Sul e Sudeste -","og_description":"Uma\u00a0onda de calor\u00a0prevista para ocorrer entre 12 e 21 de fevereiro deve afetar principalmente o\u00a0Sudeste\u00a0e o\u00a0Sul, mas tamb\u00e9m o\u00a0Centro-Oeste\u00a0e\u00a0Nordeste\u00a0brasileiro. As altas temperaturas podem produzir uma\u00a0sensa\u00e7\u00e3o t\u00e9rmica nessas regi\u00f5es que atingir\u00e1 at\u00e9 70\u00b0C durante esse per\u00edodo. A proje\u00e7\u00e3o est\u00e1 baseada na tabela de Climatologia Aplicada da Universidade de S\u00e3o Paulo (USP). A intensa\u00a0onda de calor\u00a0que atinge &hellip; Sensa\u00e7\u00e3o t\u00e9rmica pode chegar a 70\u00baC nos pr\u00f3ximos dias na regi\u00e3o Sul e Sudeste Read More &raquo;","og_url":"https:\/\/sulsc.com\/index.php\/2025\/02\/11\/sensacao-termica-pode-chegar-a-70oc-nos-proximos-dias-na-regiao-sul-e-sudeste\/","article_author":"https:\/\/www.facebook.com\/profile.php?id=61559278119680","article_published_time":"2025-02-11T19:28:41+00:00","og_image":[{"width":790,"height":530,"url":"http:\/\/sulsc.com\/wp-content\/uploads\/2025\/02\/Calor-suor-hidratacao-agua-exercicio-fisico.jpg","type":"image\/jpeg"}],"author":"Reda\u00e7\u00e3o Sul SC","twitter_card":"summary_large_image","twitter_creator":"@https:\/\/twitter.com\/PortalSulSC","twitter_misc":{"Written by":"Reda\u00e7\u00e3o Sul SC","Est. reading time":"1 minute"},"schema":{"@context":"https:\/\/schema.org","@graph":[{"@type":"WebPage","@id":"https:\/\/sulsc.com\/index.php\/2025\/02\/11\/sensacao-termica-pode-chegar-a-70oc-nos-proximos-dias-na-regiao-sul-e-sudeste\/","url":"https:\/\/sulsc.com\/index.php\/2025\/02\/11\/sensacao-termica-pode-chegar-a-70oc-nos-proximos-dias-na-regiao-sul-e-sudeste\/","name":"Sensa\u00e7\u00e3o t\u00e9rmica pode chegar a 70\u00baC nos pr\u00f3ximos dias na regi\u00e3o Sul e Sudeste -","isPartOf":{"@id":"https:\/\/sulsc.com\/#website"},"datePublished":"2025-02-11T19:28:41+00:00","dateModified":"2025-02-11T19:28:41+00:00","author":{"@id":"https:\/\/sulsc.com\/#\/schema\/person\/84d2fc571684f6248ba83092f07750a3"},"breadcrumb":{"@id":"https:\/\/sulsc.com\/index.php\/2025\/02\/11\/sensacao-termica-pode-chegar-a-70oc-nos-proximos-dias-na-regiao-sul-e-sudeste\/#breadcrumb"},"inLanguage":"en-US","potentialAction":[{"@type":"ReadAction","target":["https:\/\/sulsc.com\/index.php\/2025\/02\/11\/sensacao-termica-pode-chegar-a-70oc-nos-proximos-dias-na-regiao-sul-e-sudeste\/"]}]},{"@type":"BreadcrumbList","@id":"https:\/\/sulsc.com\/index.php\/2025\/02\/11\/sensacao-termica-pode-chegar-a-70oc-nos-proximos-dias-na-regiao-sul-e-sudeste\/#breadcrumb","itemListElement":[{"@type":"ListItem","position":1,"name":"In\u00edcio","item":"https:\/\/sulsc.com\/"},{"@type":"ListItem","position":2,"name":"Sensa\u00e7\u00e3o t\u00e9rmica pode chegar a 70\u00baC nos pr\u00f3ximos dias na regi\u00e3o Sul e Sudeste"}]},{"@type":"WebSite","@id":"https:\/\/sulsc.com\/#website","url":"https:\/\/sulsc.com\/","name":"","description":"","potentialAction":[{"@type":"SearchAction","target":{"@type":"EntryPoint","urlTemplate":"https:\/\/sulsc.com\/?s={search_term_string}"},"query-input":"required name=search_term_string"}],"inLanguage":"en-US"},{"@type":"Person","@id":"https:\/\/sulsc.com\/#\/schema\/person\/84d2fc571684f6248ba83092f07750a3","name":"Reda\u00e7\u00e3o Sul SC","image":{"@type":"ImageObject","inLanguage":"en-US","@id":"https:\/\/sulsc.com\/#\/schema\/person\/image\/e08d7fe2cc4ed596372063bbe852b8d0","url":"https:\/\/sulsc.com\/wp-content\/uploads\/2023\/09\/redacao.png","contentUrl":"https:\/\/sulsc.com\/wp-content\/uploads\/2023\/09\/redacao.png","caption":"Reda\u00e7\u00e3o Sul SC"},"description":"Foco em um jornalismo imparcial, voltado \u00e0 qualidade dos seus conte\u00fados e, assim, levar informa\u00e7\u00e3o de valor que agregue \u00e0 vida dos leitores. Esta \u00e9 grande miss\u00e3o do Portal de Not\u00edcias Sul SC. N\u00e3o \u00e9 quantidade que muda o mundo, sempre foi e seguir\u00e1 sendo qualidade!","sameAs":["https:\/\/sulsc.com\/","https:\/\/www.facebook.com\/profile.php?id=61559278119680","https:\/\/www.instagram.com\/sulscportal\/?hl=pt-br","https:\/\/twitter.com\/https:\/\/twitter.com\/PortalSulSC","https:\/\/www.youtube.com\/channel\/UCv_BE8GeySluDov2n8qhVmw"],"url":"https:\/\/sulsc.com\/index.php\/author\/redacao\/"}]}},"authors":[],"_links":{"self":[{"href":"https:\/\/sulsc.com\/index.php\/wp-json\/wp\/v2\/posts\/20254"}],"collection":[{"href":"https:\/\/sulsc.com\/index.php\/wp-json\/wp\/v2\/posts"}],"about":[{"href":"https:\/\/sulsc.com\/index.php\/wp-json\/wp\/v2\/types\/post"}],"author":[{"embeddable":true,"href":"https:\/\/sulsc.com\/index.php\/wp-json\/wp\/v2\/users\/3"}],"replies":[{"embeddable":true,"href":"https:\/\/sulsc.com\/index.php\/wp-json\/wp\/v2\/comments?post=20254"}],"version-history":[{"count":1,"href":"https:\/\/sulsc.com\/index.php\/wp-json\/wp\/v2\/posts\/20254\/revisions"}],"predecessor-version":[{"id":20256,"href":"https:\/\/sulsc.com\/index.php\/wp-json\/wp\/v2\/posts\/20254\/revisions\/20256"}],"wp:featuredmedia":[{"embeddable":true,"href":"https:\/\/sulsc.com\/index.php\/wp-json\/wp\/v2\/media\/20255"}],"wp:attachment":[{"href":"https:\/\/sulsc.com\/index.php\/wp-json\/wp\/v2\/media?parent=20254"}],"wp:term":[{"taxonomy":"category","embeddable":true,"href":"https:\/\/sulsc.com\/index.php\/wp-json\/wp\/v2\/categories?post=20254"},{"taxonomy":"post_tag","embeddable":true,"href":"https:\/\/sulsc.com\/index.php\/wp-json\/wp\/v2\/tags?post=20254"}],"curies":[{"name":"wp","href":"https:\/\/api.w.org\/{rel}","templated":true}]}}