{"id":20270,"date":"2025-02-12T08:14:22","date_gmt":"2025-02-12T11:14:22","guid":{"rendered":"https:\/\/sulsc.com\/?p=20270"},"modified":"2025-02-12T08:15:07","modified_gmt":"2025-02-12T11:15:07","slug":"o-calor-e-temporais-no-final-do-dia-estao-previstos-para-esta-quarta-feira-12","status":"publish","type":"post","link":"https:\/\/sulsc.com\/index.php\/2025\/02\/12\/o-calor-e-temporais-no-final-do-dia-estao-previstos-para-esta-quarta-feira-12\/","title":{"rendered":"Calor e temporais no final do dia est\u00e3o previstos para est\u00e1 quarta-feira (12)"},"content":{"rendered":"<p>A sensa\u00e7\u00e3o de calor e abafamento permanecem nesta quarta-feira (12), as temperaturas seguem elevadas por toda Santa Catarina.<\/p>\n<p><strong>Aten\u00e7\u00e3o:\u00a0<\/strong>O risco se mant\u00e9m moderado a alto para ocorr\u00eancias relacionadas ao calor intenso.<\/p>\n<p>Entre a tarde e \u00e0 noite, o calor e a umidade combinados a r\u00e1pida passagem de uma frente fria pr\u00f3ximo ao estado, aumentam as condi\u00e7\u00f5es para temporais com raios, rajadas de vento, eventual queda de granizo e chuva pontualmente intensa, em todas as regi\u00f5es catarinenses.<\/p>\n<p><img fetchpriority=\"high\" decoding=\"async\" class=\"aligncenter size-full wp-image-20271\" src=\"http:\/\/sulsc.com\/wp-content\/uploads\/2025\/02\/4.png\" alt=\"\" width=\"1476\" height=\"993\" srcset=\"https:\/\/sulsc.com\/wp-content\/uploads\/2025\/02\/4.png 1476w, https:\/\/sulsc.com\/wp-content\/uploads\/2025\/02\/4-300x202.png 300w, https:\/\/sulsc.com\/wp-content\/uploads\/2025\/02\/4-1024x689.png 1024w, https:\/\/sulsc.com\/wp-content\/uploads\/2025\/02\/4-768x517.png 768w\" sizes=\"(max-width: 1476px) 100vw, 1476px\" \/><\/p>\n<p><img decoding=\"async\" class=\"aligncenter wp-image-17436\" src=\"http:\/\/sulsc.com\/wp-content\/uploads\/2024\/11\/Tempo-2.png\" alt=\"\" width=\"596\" height=\"110\" srcset=\"https:\/\/sulsc.com\/wp-content\/uploads\/2024\/11\/Tempo-2.png 1024w, https:\/\/sulsc.com\/wp-content\/uploads\/2024\/11\/Tempo-2-300x55.png 300w, https:\/\/sulsc.com\/wp-content\/uploads\/2024\/11\/Tempo-2-768x142.png 768w\" sizes=\"(max-width: 596px) 100vw, 596px\" \/><\/p>\n<p><strong>O risco \u00e9 moderado a alto para ocorr\u00eancias associadas \u00e0 destelhamentos, queda de galhos e \u00e1rvores, alagamentos e enxurradas pontuais.<\/strong><\/p>\n<p>Fonte: Defesa Civil SC\/Meteorologista: Pedro Souza<\/p>\n<p>&nbsp;<\/p>\n","protected":false},"excerpt":{"rendered":"<p>A sensa\u00e7\u00e3o de calor e abafamento permanecem nesta quarta-feira (12), as temperaturas seguem elevadas por toda Santa Catarina. Aten\u00e7\u00e3o:\u00a0O risco se mant\u00e9m moderado a alto para ocorr\u00eancias relacionadas ao calor intenso. Entre a tarde e \u00e0 noite, o calor e a umidade combinados a r\u00e1pida passagem de uma frente fria pr\u00f3ximo ao estado, aumentam as &hellip;<\/p>\n<p class=\"read-more\"> <a class=\"\" href=\"https:\/\/sulsc.com\/index.php\/2025\/02\/12\/o-calor-e-temporais-no-final-do-dia-estao-previstos-para-esta-quarta-feira-12\/\"> <span class=\"screen-reader-text\">Calor e temporais no final do dia est\u00e3o previstos para est\u00e1 quarta-feira (12)<\/span> Read More &raquo;<\/a><\/p>\n","protected":false},"author":3,"featured_media":2814,"comment_status":"open","ping_status":"open","sticky":false,"template":"","format":"standard","meta":{"site-sidebar-layout":"default","site-content-layout":"","ast-site-content-layout":"default","site-content-style":"default","site-sidebar-style":"default","ast-global-header-display":"","ast-banner-title-visibility":"","ast-main-header-display":"","ast-hfb-above-header-display":"","ast-hfb-below-header-display":"","ast-hfb-mobile-header-display":"","site-post-title":"","ast-breadcrumbs-content":"","ast-featured-img":"","footer-sml-layout":"","theme-transparent-header-meta":"default","adv-header-id-meta":"","stick-header-meta":"","header-above-stick-meta":"","header-main-stick-meta":"","header-below-stick-meta":"","astra-migrate-meta-layouts":"set","footnotes":""},"categories":[38],"tags":[90],"yoast_head":"<!-- This site is optimized with the Yoast SEO plugin v21.4 - https:\/\/yoast.com\/wordpress\/plugins\/seo\/ -->\n<title>Calor e temporais no final do dia est\u00e3o previstos para est\u00e1 quarta-feira (12) -<\/title>\n<meta name=\"description\" content=\"Entre a tarde e \u00e0 noite, o calor e a umidade combinados a r\u00e1pida passagem de uma frente fria aumentam as condi\u00e7\u00f5es para temporais\" \/>\n<meta name=\"robots\" content=\"index, follow, max-snippet:-1, max-image-preview:large, max-video-preview:-1\" \/>\n<link rel=\"canonical\" href=\"https:\/\/sulsc.com\/index.php\/2025\/02\/12\/o-calor-e-temporais-no-final-do-dia-estao-previstos-para-esta-quarta-feira-12\/\" \/>\n<meta property=\"og:locale\" content=\"en_US\" \/>\n<meta property=\"og:type\" content=\"article\" \/>\n<meta property=\"og:title\" content=\"Calor e temporais no final do dia est\u00e3o previstos para est\u00e1 quarta-feira (12) -\" \/>\n<meta property=\"og:description\" content=\"Entre a tarde e \u00e0 noite, o calor e a umidade combinados a r\u00e1pida passagem de uma frente fria aumentam as condi\u00e7\u00f5es para temporais\" \/>\n<meta property=\"og:url\" content=\"https:\/\/sulsc.com\/index.php\/2025\/02\/12\/o-calor-e-temporais-no-final-do-dia-estao-previstos-para-esta-quarta-feira-12\/\" \/>\n<meta property=\"article:author\" content=\"https:\/\/www.facebook.com\/profile.php?id=61559278119680\" \/>\n<meta property=\"article:published_time\" content=\"2025-02-12T11:14:22+00:00\" \/>\n<meta property=\"article:modified_time\" content=\"2025-02-12T11:15:07+00:00\" \/>\n<meta property=\"og:image\" content=\"http:\/\/sulsc.com\/wp-content\/uploads\/2023\/10\/Tempo-Firme-scaled.jpg\" \/>\n\t<meta property=\"og:image:width\" content=\"2560\" \/>\n\t<meta property=\"og:image:height\" content=\"1706\" \/>\n\t<meta property=\"og:image:type\" content=\"image\/jpeg\" \/>\n<meta name=\"author\" content=\"Reda\u00e7\u00e3o Sul SC\" \/>\n<meta name=\"twitter:card\" content=\"summary_large_image\" \/>\n<meta name=\"twitter:creator\" content=\"@https:\/\/twitter.com\/PortalSulSC\" \/>\n<meta name=\"twitter:label1\" content=\"Written by\" \/>\n\t<meta name=\"twitter:data1\" content=\"Reda\u00e7\u00e3o Sul SC\" \/>\n\t<meta name=\"twitter:label2\" content=\"Est. reading time\" \/>\n\t<meta name=\"twitter:data2\" content=\"1 minute\" \/>\n<script type=\"application\/ld+json\" class=\"yoast-schema-graph\">{\"@context\":\"https:\/\/schema.org\",\"@graph\":[{\"@type\":\"WebPage\",\"@id\":\"https:\/\/sulsc.com\/index.php\/2025\/02\/12\/o-calor-e-temporais-no-final-do-dia-estao-previstos-para-esta-quarta-feira-12\/\",\"url\":\"https:\/\/sulsc.com\/index.php\/2025\/02\/12\/o-calor-e-temporais-no-final-do-dia-estao-previstos-para-esta-quarta-feira-12\/\",\"name\":\"Calor e temporais no final do dia est\u00e3o previstos para est\u00e1 quarta-feira (12) -\",\"isPartOf\":{\"@id\":\"https:\/\/sulsc.com\/#website\"},\"datePublished\":\"2025-02-12T11:14:22+00:00\",\"dateModified\":\"2025-02-12T11:15:07+00:00\",\"author\":{\"@id\":\"https:\/\/sulsc.com\/#\/schema\/person\/84d2fc571684f6248ba83092f07750a3\"},\"description\":\"Entre a tarde e \u00e0 noite, o calor e a umidade combinados a r\u00e1pida passagem de uma frente fria aumentam as condi\u00e7\u00f5es para temporais\",\"breadcrumb\":{\"@id\":\"https:\/\/sulsc.com\/index.php\/2025\/02\/12\/o-calor-e-temporais-no-final-do-dia-estao-previstos-para-esta-quarta-feira-12\/#breadcrumb\"},\"inLanguage\":\"en-US\",\"potentialAction\":[{\"@type\":\"ReadAction\",\"target\":[\"https:\/\/sulsc.com\/index.php\/2025\/02\/12\/o-calor-e-temporais-no-final-do-dia-estao-previstos-para-esta-quarta-feira-12\/\"]}]},{\"@type\":\"BreadcrumbList\",\"@id\":\"https:\/\/sulsc.com\/index.php\/2025\/02\/12\/o-calor-e-temporais-no-final-do-dia-estao-previstos-para-esta-quarta-feira-12\/#breadcrumb\",\"itemListElement\":[{\"@type\":\"ListItem\",\"position\":1,\"name\":\"In\u00edcio\",\"item\":\"https:\/\/sulsc.com\/\"},{\"@type\":\"ListItem\",\"position\":2,\"name\":\"Calor e temporais no final do dia est\u00e3o previstos para est\u00e1 quarta-feira (12)\"}]},{\"@type\":\"WebSite\",\"@id\":\"https:\/\/sulsc.com\/#website\",\"url\":\"https:\/\/sulsc.com\/\",\"name\":\"\",\"description\":\"\",\"potentialAction\":[{\"@type\":\"SearchAction\",\"target\":{\"@type\":\"EntryPoint\",\"urlTemplate\":\"https:\/\/sulsc.com\/?s={search_term_string}\"},\"query-input\":\"required name=search_term_string\"}],\"inLanguage\":\"en-US\"},{\"@type\":\"Person\",\"@id\":\"https:\/\/sulsc.com\/#\/schema\/person\/84d2fc571684f6248ba83092f07750a3\",\"name\":\"Reda\u00e7\u00e3o Sul SC\",\"image\":{\"@type\":\"ImageObject\",\"inLanguage\":\"en-US\",\"@id\":\"https:\/\/sulsc.com\/#\/schema\/person\/image\/e08d7fe2cc4ed596372063bbe852b8d0\",\"url\":\"https:\/\/sulsc.com\/wp-content\/uploads\/2023\/09\/redacao.png\",\"contentUrl\":\"https:\/\/sulsc.com\/wp-content\/uploads\/2023\/09\/redacao.png\",\"caption\":\"Reda\u00e7\u00e3o Sul SC\"},\"description\":\"Foco em um jornalismo imparcial, voltado \u00e0 qualidade dos seus conte\u00fados e, assim, levar informa\u00e7\u00e3o de valor que agregue \u00e0 vida dos leitores. Esta \u00e9 grande miss\u00e3o do Portal de Not\u00edcias Sul SC. N\u00e3o \u00e9 quantidade que muda o mundo, sempre foi e seguir\u00e1 sendo qualidade!\",\"sameAs\":[\"https:\/\/sulsc.com\/\",\"https:\/\/www.facebook.com\/profile.php?id=61559278119680\",\"https:\/\/www.instagram.com\/sulscportal\/?hl=pt-br\",\"https:\/\/twitter.com\/https:\/\/twitter.com\/PortalSulSC\",\"https:\/\/www.youtube.com\/channel\/UCv_BE8GeySluDov2n8qhVmw\"],\"url\":\"https:\/\/sulsc.com\/index.php\/author\/redacao\/\"}]}<\/script>\n<!-- \/ Yoast SEO plugin. -->","yoast_head_json":{"title":"Calor e temporais no final do dia est\u00e3o previstos para est\u00e1 quarta-feira (12) -","description":"Entre a tarde e \u00e0 noite, o calor e a umidade combinados a r\u00e1pida passagem de uma frente fria aumentam as condi\u00e7\u00f5es para temporais","robots":{"index":"index","follow":"follow","max-snippet":"max-snippet:-1","max-image-preview":"max-image-preview:large","max-video-preview":"max-video-preview:-1"},"canonical":"https:\/\/sulsc.com\/index.php\/2025\/02\/12\/o-calor-e-temporais-no-final-do-dia-estao-previstos-para-esta-quarta-feira-12\/","og_locale":"en_US","og_type":"article","og_title":"Calor e temporais no final do dia est\u00e3o previstos para est\u00e1 quarta-feira (12) -","og_description":"Entre a tarde e \u00e0 noite, o calor e a umidade combinados a r\u00e1pida passagem de uma frente fria aumentam as condi\u00e7\u00f5es para temporais","og_url":"https:\/\/sulsc.com\/index.php\/2025\/02\/12\/o-calor-e-temporais-no-final-do-dia-estao-previstos-para-esta-quarta-feira-12\/","article_author":"https:\/\/www.facebook.com\/profile.php?id=61559278119680","article_published_time":"2025-02-12T11:14:22+00:00","article_modified_time":"2025-02-12T11:15:07+00:00","og_image":[{"width":2560,"height":1706,"url":"http:\/\/sulsc.com\/wp-content\/uploads\/2023\/10\/Tempo-Firme-scaled.jpg","type":"image\/jpeg"}],"author":"Reda\u00e7\u00e3o Sul SC","twitter_card":"summary_large_image","twitter_creator":"@https:\/\/twitter.com\/PortalSulSC","twitter_misc":{"Written by":"Reda\u00e7\u00e3o Sul SC","Est. reading time":"1 minute"},"schema":{"@context":"https:\/\/schema.org","@graph":[{"@type":"WebPage","@id":"https:\/\/sulsc.com\/index.php\/2025\/02\/12\/o-calor-e-temporais-no-final-do-dia-estao-previstos-para-esta-quarta-feira-12\/","url":"https:\/\/sulsc.com\/index.php\/2025\/02\/12\/o-calor-e-temporais-no-final-do-dia-estao-previstos-para-esta-quarta-feira-12\/","name":"Calor e temporais no final do dia est\u00e3o previstos para est\u00e1 quarta-feira (12) -","isPartOf":{"@id":"https:\/\/sulsc.com\/#website"},"datePublished":"2025-02-12T11:14:22+00:00","dateModified":"2025-02-12T11:15:07+00:00","author":{"@id":"https:\/\/sulsc.com\/#\/schema\/person\/84d2fc571684f6248ba83092f07750a3"},"description":"Entre a tarde e \u00e0 noite, o calor e a umidade combinados a r\u00e1pida passagem de uma frente fria aumentam as condi\u00e7\u00f5es para temporais","breadcrumb":{"@id":"https:\/\/sulsc.com\/index.php\/2025\/02\/12\/o-calor-e-temporais-no-final-do-dia-estao-previstos-para-esta-quarta-feira-12\/#breadcrumb"},"inLanguage":"en-US","potentialAction":[{"@type":"ReadAction","target":["https:\/\/sulsc.com\/index.php\/2025\/02\/12\/o-calor-e-temporais-no-final-do-dia-estao-previstos-para-esta-quarta-feira-12\/"]}]},{"@type":"BreadcrumbList","@id":"https:\/\/sulsc.com\/index.php\/2025\/02\/12\/o-calor-e-temporais-no-final-do-dia-estao-previstos-para-esta-quarta-feira-12\/#breadcrumb","itemListElement":[{"@type":"ListItem","position":1,"name":"In\u00edcio","item":"https:\/\/sulsc.com\/"},{"@type":"ListItem","position":2,"name":"Calor e temporais no final do dia est\u00e3o previstos para est\u00e1 quarta-feira (12)"}]},{"@type":"WebSite","@id":"https:\/\/sulsc.com\/#website","url":"https:\/\/sulsc.com\/","name":"","description":"","potentialAction":[{"@type":"SearchAction","target":{"@type":"EntryPoint","urlTemplate":"https:\/\/sulsc.com\/?s={search_term_string}"},"query-input":"required name=search_term_string"}],"inLanguage":"en-US"},{"@type":"Person","@id":"https:\/\/sulsc.com\/#\/schema\/person\/84d2fc571684f6248ba83092f07750a3","name":"Reda\u00e7\u00e3o Sul SC","image":{"@type":"ImageObject","inLanguage":"en-US","@id":"https:\/\/sulsc.com\/#\/schema\/person\/image\/e08d7fe2cc4ed596372063bbe852b8d0","url":"https:\/\/sulsc.com\/wp-content\/uploads\/2023\/09\/redacao.png","contentUrl":"https:\/\/sulsc.com\/wp-content\/uploads\/2023\/09\/redacao.png","caption":"Reda\u00e7\u00e3o Sul SC"},"description":"Foco em um jornalismo imparcial, voltado \u00e0 qualidade dos seus conte\u00fados e, assim, levar informa\u00e7\u00e3o de valor que agregue \u00e0 vida dos leitores. Esta \u00e9 grande miss\u00e3o do Portal de Not\u00edcias Sul SC. N\u00e3o \u00e9 quantidade que muda o mundo, sempre foi e seguir\u00e1 sendo qualidade!","sameAs":["https:\/\/sulsc.com\/","https:\/\/www.facebook.com\/profile.php?id=61559278119680","https:\/\/www.instagram.com\/sulscportal\/?hl=pt-br","https:\/\/twitter.com\/https:\/\/twitter.com\/PortalSulSC","https:\/\/www.youtube.com\/channel\/UCv_BE8GeySluDov2n8qhVmw"],"url":"https:\/\/sulsc.com\/index.php\/author\/redacao\/"}]}},"authors":[],"_links":{"self":[{"href":"https:\/\/sulsc.com\/index.php\/wp-json\/wp\/v2\/posts\/20270"}],"collection":[{"href":"https:\/\/sulsc.com\/index.php\/wp-json\/wp\/v2\/posts"}],"about":[{"href":"https:\/\/sulsc.com\/index.php\/wp-json\/wp\/v2\/types\/post"}],"author":[{"embeddable":true,"href":"https:\/\/sulsc.com\/index.php\/wp-json\/wp\/v2\/users\/3"}],"replies":[{"embeddable":true,"href":"https:\/\/sulsc.com\/index.php\/wp-json\/wp\/v2\/comments?post=20270"}],"version-history":[{"count":2,"href":"https:\/\/sulsc.com\/index.php\/wp-json\/wp\/v2\/posts\/20270\/revisions"}],"predecessor-version":[{"id":20273,"href":"https:\/\/sulsc.com\/index.php\/wp-json\/wp\/v2\/posts\/20270\/revisions\/20273"}],"wp:featuredmedia":[{"embeddable":true,"href":"https:\/\/sulsc.com\/index.php\/wp-json\/wp\/v2\/media\/2814"}],"wp:attachment":[{"href":"https:\/\/sulsc.com\/index.php\/wp-json\/wp\/v2\/media?parent=20270"}],"wp:term":[{"taxonomy":"category","embeddable":true,"href":"https:\/\/sulsc.com\/index.php\/wp-json\/wp\/v2\/categories?post=20270"},{"taxonomy":"post_tag","embeddable":true,"href":"https:\/\/sulsc.com\/index.php\/wp-json\/wp\/v2\/tags?post=20270"}],"curies":[{"name":"wp","href":"https:\/\/api.w.org\/{rel}","templated":true}]}}