{"id":20292,"date":"2025-02-12T16:06:14","date_gmt":"2025-02-12T19:06:14","guid":{"rendered":"https:\/\/sulsc.com\/?p=20292"},"modified":"2025-02-12T16:06:14","modified_gmt":"2025-02-12T19:06:14","slug":"tubarao-enfrenta-onda-de-calor-e-defesa-civil-mantem-alerta-para-temporais","status":"publish","type":"post","link":"https:\/\/sulsc.com\/index.php\/2025\/02\/12\/tubarao-enfrenta-onda-de-calor-e-defesa-civil-mantem-alerta-para-temporais\/","title":{"rendered":"Tubar\u00e3o enfrenta onda de calor e Defesa Civil mant\u00e9m alerta para temporais"},"content":{"rendered":"<p>Ap\u00f3s registrar a maior temperatura do ano nesta ter\u00e7a-feira (11), com 38.4\u00ba C na esta\u00e7\u00e3o experimental do Horto e sensa\u00e7\u00e3o t\u00e9rmica de 43,55\u00b0C, Tubar\u00e3o segue sob alerta da Defesa Civil. A previs\u00e3o indica mais um dia de calor intenso nesta quarta-feira (12), seguido de uma poss\u00edvel mudan\u00e7a no tempo a partir de quinta (13).<\/p>\n<p>A Defesa Civil refor\u00e7a que h\u00e1 risco de temporais, especialmente \u00e0 tarde, com possibilidade de chuva intensa, ventos fortes e granizo. A recomenda\u00e7\u00e3o \u00e9 que a popula\u00e7\u00e3o redobre os cuidados com a hidrata\u00e7\u00e3o e evite exposi\u00e7\u00e3o prolongada ao sol.<\/p>\n<p><img fetchpriority=\"high\" decoding=\"async\" class=\"aligncenter  wp-image-20293\" src=\"http:\/\/sulsc.com\/wp-content\/uploads\/2025\/02\/CALOR-TUBARAO-1202-800x445-1.jpg\" alt=\"\" width=\"692\" height=\"385\" srcset=\"https:\/\/sulsc.com\/wp-content\/uploads\/2025\/02\/CALOR-TUBARAO-1202-800x445-1.jpg 800w, https:\/\/sulsc.com\/wp-content\/uploads\/2025\/02\/CALOR-TUBARAO-1202-800x445-1-300x167.jpg 300w, https:\/\/sulsc.com\/wp-content\/uploads\/2025\/02\/CALOR-TUBARAO-1202-800x445-1-768x427.jpg 768w\" sizes=\"(max-width: 692px) 100vw, 692px\" \/><\/p>\n<p>Na regi\u00e3o Sul de Santa Catarina, as temperaturas tamb\u00e9m foram elevadas. Conforme os dados das esta\u00e7\u00f5es do CIRAM, Crici\u00fama registrou a maior temperatura da regi\u00e3o, atingindo 40,6\u00b0C. Outras cidades tamb\u00e9m tiveram m\u00e1ximas expressivas, como Jacinto Machado (39,6\u00b0C), Gravatal (39,5\u00b0C), Urussanga (38,4\u00b0C), Jaguaruna e Rio Fortuna (36,7\u00b0C), Orleans (36\u00b0C) e S\u00e3o Bonif\u00e1cio (33,1\u00b0C).<\/p>\n","protected":false},"excerpt":{"rendered":"<p>Ap\u00f3s registrar a maior temperatura do ano nesta ter\u00e7a-feira (11), com 38.4\u00ba C na esta\u00e7\u00e3o experimental do Horto e sensa\u00e7\u00e3o t\u00e9rmica de 43,55\u00b0C, Tubar\u00e3o segue sob alerta da Defesa Civil. A previs\u00e3o indica mais um dia de calor intenso nesta quarta-feira (12), seguido de uma poss\u00edvel mudan\u00e7a no tempo a partir de quinta (13). A &hellip;<\/p>\n<p class=\"read-more\"> <a class=\"\" href=\"https:\/\/sulsc.com\/index.php\/2025\/02\/12\/tubarao-enfrenta-onda-de-calor-e-defesa-civil-mantem-alerta-para-temporais\/\"> <span class=\"screen-reader-text\">Tubar\u00e3o enfrenta onda de calor e Defesa Civil mant\u00e9m alerta para temporais<\/span> Read More &raquo;<\/a><\/p>\n","protected":false},"author":3,"featured_media":20293,"comment_status":"open","ping_status":"open","sticky":false,"template":"","format":"standard","meta":{"site-sidebar-layout":"default","site-content-layout":"","ast-site-content-layout":"default","site-content-style":"default","site-sidebar-style":"default","ast-global-header-display":"","ast-banner-title-visibility":"","ast-main-header-display":"","ast-hfb-above-header-display":"","ast-hfb-below-header-display":"","ast-hfb-mobile-header-display":"","site-post-title":"","ast-breadcrumbs-content":"","ast-featured-img":"","footer-sml-layout":"","theme-transparent-header-meta":"default","adv-header-id-meta":"","stick-header-meta":"","header-above-stick-meta":"","header-main-stick-meta":"","header-below-stick-meta":"","astra-migrate-meta-layouts":"set","footnotes":""},"categories":[38],"tags":[],"yoast_head":"<!-- This site is optimized with the Yoast SEO plugin v21.4 - https:\/\/yoast.com\/wordpress\/plugins\/seo\/ -->\n<title>Tubar\u00e3o enfrenta onda de calor e Defesa Civil mant\u00e9m alerta para temporais -<\/title>\n<meta name=\"robots\" content=\"index, follow, max-snippet:-1, max-image-preview:large, max-video-preview:-1\" \/>\n<link rel=\"canonical\" href=\"https:\/\/sulsc.com\/index.php\/2025\/02\/12\/tubarao-enfrenta-onda-de-calor-e-defesa-civil-mantem-alerta-para-temporais\/\" \/>\n<meta property=\"og:locale\" content=\"en_US\" \/>\n<meta property=\"og:type\" content=\"article\" \/>\n<meta property=\"og:title\" content=\"Tubar\u00e3o enfrenta onda de calor e Defesa Civil mant\u00e9m alerta para temporais -\" \/>\n<meta property=\"og:description\" content=\"Ap\u00f3s registrar a maior temperatura do ano nesta ter\u00e7a-feira (11), com 38.4\u00ba C na esta\u00e7\u00e3o experimental do Horto e sensa\u00e7\u00e3o t\u00e9rmica de 43,55\u00b0C, Tubar\u00e3o segue sob alerta da Defesa Civil. A previs\u00e3o indica mais um dia de calor intenso nesta quarta-feira (12), seguido de uma poss\u00edvel mudan\u00e7a no tempo a partir de quinta (13). A &hellip; Tubar\u00e3o enfrenta onda de calor e Defesa Civil mant\u00e9m alerta para temporais Read More &raquo;\" \/>\n<meta property=\"og:url\" content=\"https:\/\/sulsc.com\/index.php\/2025\/02\/12\/tubarao-enfrenta-onda-de-calor-e-defesa-civil-mantem-alerta-para-temporais\/\" \/>\n<meta property=\"article:author\" content=\"https:\/\/www.facebook.com\/profile.php?id=61559278119680\" \/>\n<meta property=\"article:published_time\" content=\"2025-02-12T19:06:14+00:00\" \/>\n<meta property=\"og:image\" content=\"http:\/\/sulsc.com\/wp-content\/uploads\/2025\/02\/CALOR-TUBARAO-1202-800x445-1.jpg\" \/>\n\t<meta property=\"og:image:width\" content=\"800\" \/>\n\t<meta property=\"og:image:height\" content=\"445\" \/>\n\t<meta property=\"og:image:type\" content=\"image\/jpeg\" \/>\n<meta name=\"author\" content=\"Reda\u00e7\u00e3o Sul SC\" \/>\n<meta name=\"twitter:card\" content=\"summary_large_image\" \/>\n<meta name=\"twitter:creator\" content=\"@https:\/\/twitter.com\/PortalSulSC\" \/>\n<meta name=\"twitter:label1\" content=\"Written by\" \/>\n\t<meta name=\"twitter:data1\" content=\"Reda\u00e7\u00e3o Sul SC\" \/>\n\t<meta name=\"twitter:label2\" content=\"Est. reading time\" \/>\n\t<meta name=\"twitter:data2\" content=\"1 minute\" \/>\n<script type=\"application\/ld+json\" class=\"yoast-schema-graph\">{\"@context\":\"https:\/\/schema.org\",\"@graph\":[{\"@type\":\"WebPage\",\"@id\":\"https:\/\/sulsc.com\/index.php\/2025\/02\/12\/tubarao-enfrenta-onda-de-calor-e-defesa-civil-mantem-alerta-para-temporais\/\",\"url\":\"https:\/\/sulsc.com\/index.php\/2025\/02\/12\/tubarao-enfrenta-onda-de-calor-e-defesa-civil-mantem-alerta-para-temporais\/\",\"name\":\"Tubar\u00e3o enfrenta onda de calor e Defesa Civil mant\u00e9m alerta para temporais -\",\"isPartOf\":{\"@id\":\"https:\/\/sulsc.com\/#website\"},\"datePublished\":\"2025-02-12T19:06:14+00:00\",\"dateModified\":\"2025-02-12T19:06:14+00:00\",\"author\":{\"@id\":\"https:\/\/sulsc.com\/#\/schema\/person\/84d2fc571684f6248ba83092f07750a3\"},\"breadcrumb\":{\"@id\":\"https:\/\/sulsc.com\/index.php\/2025\/02\/12\/tubarao-enfrenta-onda-de-calor-e-defesa-civil-mantem-alerta-para-temporais\/#breadcrumb\"},\"inLanguage\":\"en-US\",\"potentialAction\":[{\"@type\":\"ReadAction\",\"target\":[\"https:\/\/sulsc.com\/index.php\/2025\/02\/12\/tubarao-enfrenta-onda-de-calor-e-defesa-civil-mantem-alerta-para-temporais\/\"]}]},{\"@type\":\"BreadcrumbList\",\"@id\":\"https:\/\/sulsc.com\/index.php\/2025\/02\/12\/tubarao-enfrenta-onda-de-calor-e-defesa-civil-mantem-alerta-para-temporais\/#breadcrumb\",\"itemListElement\":[{\"@type\":\"ListItem\",\"position\":1,\"name\":\"In\u00edcio\",\"item\":\"https:\/\/sulsc.com\/\"},{\"@type\":\"ListItem\",\"position\":2,\"name\":\"Tubar\u00e3o enfrenta onda de calor e Defesa Civil mant\u00e9m alerta para temporais\"}]},{\"@type\":\"WebSite\",\"@id\":\"https:\/\/sulsc.com\/#website\",\"url\":\"https:\/\/sulsc.com\/\",\"name\":\"\",\"description\":\"\",\"potentialAction\":[{\"@type\":\"SearchAction\",\"target\":{\"@type\":\"EntryPoint\",\"urlTemplate\":\"https:\/\/sulsc.com\/?s={search_term_string}\"},\"query-input\":\"required name=search_term_string\"}],\"inLanguage\":\"en-US\"},{\"@type\":\"Person\",\"@id\":\"https:\/\/sulsc.com\/#\/schema\/person\/84d2fc571684f6248ba83092f07750a3\",\"name\":\"Reda\u00e7\u00e3o Sul SC\",\"image\":{\"@type\":\"ImageObject\",\"inLanguage\":\"en-US\",\"@id\":\"https:\/\/sulsc.com\/#\/schema\/person\/image\/e08d7fe2cc4ed596372063bbe852b8d0\",\"url\":\"https:\/\/sulsc.com\/wp-content\/uploads\/2023\/09\/redacao.png\",\"contentUrl\":\"https:\/\/sulsc.com\/wp-content\/uploads\/2023\/09\/redacao.png\",\"caption\":\"Reda\u00e7\u00e3o Sul SC\"},\"description\":\"Foco em um jornalismo imparcial, voltado \u00e0 qualidade dos seus conte\u00fados e, assim, levar informa\u00e7\u00e3o de valor que agregue \u00e0 vida dos leitores. Esta \u00e9 grande miss\u00e3o do Portal de Not\u00edcias Sul SC. N\u00e3o \u00e9 quantidade que muda o mundo, sempre foi e seguir\u00e1 sendo qualidade!\",\"sameAs\":[\"https:\/\/sulsc.com\/\",\"https:\/\/www.facebook.com\/profile.php?id=61559278119680\",\"https:\/\/www.instagram.com\/sulscportal\/?hl=pt-br\",\"https:\/\/twitter.com\/https:\/\/twitter.com\/PortalSulSC\",\"https:\/\/www.youtube.com\/channel\/UCv_BE8GeySluDov2n8qhVmw\"],\"url\":\"https:\/\/sulsc.com\/index.php\/author\/redacao\/\"}]}<\/script>\n<!-- \/ Yoast SEO plugin. -->","yoast_head_json":{"title":"Tubar\u00e3o enfrenta onda de calor e Defesa Civil mant\u00e9m alerta para temporais -","robots":{"index":"index","follow":"follow","max-snippet":"max-snippet:-1","max-image-preview":"max-image-preview:large","max-video-preview":"max-video-preview:-1"},"canonical":"https:\/\/sulsc.com\/index.php\/2025\/02\/12\/tubarao-enfrenta-onda-de-calor-e-defesa-civil-mantem-alerta-para-temporais\/","og_locale":"en_US","og_type":"article","og_title":"Tubar\u00e3o enfrenta onda de calor e Defesa Civil mant\u00e9m alerta para temporais -","og_description":"Ap\u00f3s registrar a maior temperatura do ano nesta ter\u00e7a-feira (11), com 38.4\u00ba C na esta\u00e7\u00e3o experimental do Horto e sensa\u00e7\u00e3o t\u00e9rmica de 43,55\u00b0C, Tubar\u00e3o segue sob alerta da Defesa Civil. A previs\u00e3o indica mais um dia de calor intenso nesta quarta-feira (12), seguido de uma poss\u00edvel mudan\u00e7a no tempo a partir de quinta (13). A &hellip; Tubar\u00e3o enfrenta onda de calor e Defesa Civil mant\u00e9m alerta para temporais Read More &raquo;","og_url":"https:\/\/sulsc.com\/index.php\/2025\/02\/12\/tubarao-enfrenta-onda-de-calor-e-defesa-civil-mantem-alerta-para-temporais\/","article_author":"https:\/\/www.facebook.com\/profile.php?id=61559278119680","article_published_time":"2025-02-12T19:06:14+00:00","og_image":[{"width":800,"height":445,"url":"http:\/\/sulsc.com\/wp-content\/uploads\/2025\/02\/CALOR-TUBARAO-1202-800x445-1.jpg","type":"image\/jpeg"}],"author":"Reda\u00e7\u00e3o Sul SC","twitter_card":"summary_large_image","twitter_creator":"@https:\/\/twitter.com\/PortalSulSC","twitter_misc":{"Written by":"Reda\u00e7\u00e3o Sul SC","Est. reading time":"1 minute"},"schema":{"@context":"https:\/\/schema.org","@graph":[{"@type":"WebPage","@id":"https:\/\/sulsc.com\/index.php\/2025\/02\/12\/tubarao-enfrenta-onda-de-calor-e-defesa-civil-mantem-alerta-para-temporais\/","url":"https:\/\/sulsc.com\/index.php\/2025\/02\/12\/tubarao-enfrenta-onda-de-calor-e-defesa-civil-mantem-alerta-para-temporais\/","name":"Tubar\u00e3o enfrenta onda de calor e Defesa Civil mant\u00e9m alerta para temporais -","isPartOf":{"@id":"https:\/\/sulsc.com\/#website"},"datePublished":"2025-02-12T19:06:14+00:00","dateModified":"2025-02-12T19:06:14+00:00","author":{"@id":"https:\/\/sulsc.com\/#\/schema\/person\/84d2fc571684f6248ba83092f07750a3"},"breadcrumb":{"@id":"https:\/\/sulsc.com\/index.php\/2025\/02\/12\/tubarao-enfrenta-onda-de-calor-e-defesa-civil-mantem-alerta-para-temporais\/#breadcrumb"},"inLanguage":"en-US","potentialAction":[{"@type":"ReadAction","target":["https:\/\/sulsc.com\/index.php\/2025\/02\/12\/tubarao-enfrenta-onda-de-calor-e-defesa-civil-mantem-alerta-para-temporais\/"]}]},{"@type":"BreadcrumbList","@id":"https:\/\/sulsc.com\/index.php\/2025\/02\/12\/tubarao-enfrenta-onda-de-calor-e-defesa-civil-mantem-alerta-para-temporais\/#breadcrumb","itemListElement":[{"@type":"ListItem","position":1,"name":"In\u00edcio","item":"https:\/\/sulsc.com\/"},{"@type":"ListItem","position":2,"name":"Tubar\u00e3o enfrenta onda de calor e Defesa Civil mant\u00e9m alerta para temporais"}]},{"@type":"WebSite","@id":"https:\/\/sulsc.com\/#website","url":"https:\/\/sulsc.com\/","name":"","description":"","potentialAction":[{"@type":"SearchAction","target":{"@type":"EntryPoint","urlTemplate":"https:\/\/sulsc.com\/?s={search_term_string}"},"query-input":"required name=search_term_string"}],"inLanguage":"en-US"},{"@type":"Person","@id":"https:\/\/sulsc.com\/#\/schema\/person\/84d2fc571684f6248ba83092f07750a3","name":"Reda\u00e7\u00e3o Sul SC","image":{"@type":"ImageObject","inLanguage":"en-US","@id":"https:\/\/sulsc.com\/#\/schema\/person\/image\/e08d7fe2cc4ed596372063bbe852b8d0","url":"https:\/\/sulsc.com\/wp-content\/uploads\/2023\/09\/redacao.png","contentUrl":"https:\/\/sulsc.com\/wp-content\/uploads\/2023\/09\/redacao.png","caption":"Reda\u00e7\u00e3o Sul SC"},"description":"Foco em um jornalismo imparcial, voltado \u00e0 qualidade dos seus conte\u00fados e, assim, levar informa\u00e7\u00e3o de valor que agregue \u00e0 vida dos leitores. Esta \u00e9 grande miss\u00e3o do Portal de Not\u00edcias Sul SC. N\u00e3o \u00e9 quantidade que muda o mundo, sempre foi e seguir\u00e1 sendo qualidade!","sameAs":["https:\/\/sulsc.com\/","https:\/\/www.facebook.com\/profile.php?id=61559278119680","https:\/\/www.instagram.com\/sulscportal\/?hl=pt-br","https:\/\/twitter.com\/https:\/\/twitter.com\/PortalSulSC","https:\/\/www.youtube.com\/channel\/UCv_BE8GeySluDov2n8qhVmw"],"url":"https:\/\/sulsc.com\/index.php\/author\/redacao\/"}]}},"authors":[],"_links":{"self":[{"href":"https:\/\/sulsc.com\/index.php\/wp-json\/wp\/v2\/posts\/20292"}],"collection":[{"href":"https:\/\/sulsc.com\/index.php\/wp-json\/wp\/v2\/posts"}],"about":[{"href":"https:\/\/sulsc.com\/index.php\/wp-json\/wp\/v2\/types\/post"}],"author":[{"embeddable":true,"href":"https:\/\/sulsc.com\/index.php\/wp-json\/wp\/v2\/users\/3"}],"replies":[{"embeddable":true,"href":"https:\/\/sulsc.com\/index.php\/wp-json\/wp\/v2\/comments?post=20292"}],"version-history":[{"count":1,"href":"https:\/\/sulsc.com\/index.php\/wp-json\/wp\/v2\/posts\/20292\/revisions"}],"predecessor-version":[{"id":20294,"href":"https:\/\/sulsc.com\/index.php\/wp-json\/wp\/v2\/posts\/20292\/revisions\/20294"}],"wp:featuredmedia":[{"embeddable":true,"href":"https:\/\/sulsc.com\/index.php\/wp-json\/wp\/v2\/media\/20293"}],"wp:attachment":[{"href":"https:\/\/sulsc.com\/index.php\/wp-json\/wp\/v2\/media?parent=20292"}],"wp:term":[{"taxonomy":"category","embeddable":true,"href":"https:\/\/sulsc.com\/index.php\/wp-json\/wp\/v2\/categories?post=20292"},{"taxonomy":"post_tag","embeddable":true,"href":"https:\/\/sulsc.com\/index.php\/wp-json\/wp\/v2\/tags?post=20292"}],"curies":[{"name":"wp","href":"https:\/\/api.w.org\/{rel}","templated":true}]}}