{"id":20310,"date":"2025-02-13T06:58:04","date_gmt":"2025-02-13T09:58:04","guid":{"rendered":"https:\/\/sulsc.com\/?p=20310"},"modified":"2025-02-13T06:58:04","modified_gmt":"2025-02-13T09:58:04","slug":"sol-entre-nuvens-e-possibilidade-de-temporais-ja-pela-manha-desta-quinta-feira-13","status":"publish","type":"post","link":"https:\/\/sulsc.com\/index.php\/2025\/02\/13\/sol-entre-nuvens-e-possibilidade-de-temporais-ja-pela-manha-desta-quinta-feira-13\/","title":{"rendered":"Sol entre nuvens e possibilidade de temporais j\u00e1 pela manh\u00e3 desta quinta-feira (13)"},"content":{"rendered":"<p>O sol aparece em meio a varia\u00e7\u00e3o de nuvens na manh\u00e3, o que favorece a eleva\u00e7\u00e3o das temperaturas, mantendo o calor no estado. A partir do final da manh\u00e3 desta quinta-feira (13), o calor combinado a uma frente fria favorece a ocorr\u00eancia de temporais em todas as regi\u00f5es catarinenses.<\/p>\n<p>Associados aos temporais ocorrem raios, rajadas de vento, eventual queda de granizo e chuva pontualmente intensa, especialmente entre o Meio-Oeste e o Litoral. <strong>Aten\u00e7\u00e3o: O risco \u00e9 moderado a alto para ocorr\u00eancias associadas a destelhamentos, queda de galhos e \u00e1rvores, alagamentos e enxurradas pontuais.<\/strong><\/p>\n<p><img fetchpriority=\"high\" decoding=\"async\" class=\"aligncenter size-full wp-image-20311\" src=\"http:\/\/sulsc.com\/wp-content\/uploads\/2025\/02\/5-1.png\" alt=\"\" width=\"1024\" height=\"696\" srcset=\"https:\/\/sulsc.com\/wp-content\/uploads\/2025\/02\/5-1.png 1024w, https:\/\/sulsc.com\/wp-content\/uploads\/2025\/02\/5-1-300x204.png 300w, https:\/\/sulsc.com\/wp-content\/uploads\/2025\/02\/5-1-768x522.png 768w\" sizes=\"(max-width: 1024px) 100vw, 1024px\" \/><\/p>\n<p><img decoding=\"async\" class=\"aligncenter  wp-image-17436\" src=\"http:\/\/sulsc.com\/wp-content\/uploads\/2024\/11\/Tempo-2.png\" alt=\"\" width=\"575\" height=\"106\" srcset=\"https:\/\/sulsc.com\/wp-content\/uploads\/2024\/11\/Tempo-2.png 1024w, https:\/\/sulsc.com\/wp-content\/uploads\/2024\/11\/Tempo-2-300x55.png 300w, https:\/\/sulsc.com\/wp-content\/uploads\/2024\/11\/Tempo-2-768x142.png 768w\" sizes=\"(max-width: 575px) 100vw, 575px\" \/><\/p>\n<p>O vento vira para sul\/sudeste com intensidade moderada e com rajadas no Litoral, o que deixa mar agitado, a partir da noite, entre o Litoral Sul e a Grande Florian\u00f3polis, com ondas de sul entre 1,5 e 2,0m e picos mais altos afastados da costa.<\/p>\n<p>Amanh\u00e3 sexta-feira (14), a frente fria se afasta para o mar, mas ainda mant\u00e9m a presen\u00e7a de nuvens em SC, as temperaturas diminuem mas ainda assim se aproximam dos 30\u00b0C na maioria das regi\u00f5es.<\/p>\n<p>Fonte: Defesa Civil SC\/Meteorologista: Pedro Souza<\/p>\n<p>Foto\/Sulsc.com<\/p>\n","protected":false},"excerpt":{"rendered":"<p>O sol aparece em meio a varia\u00e7\u00e3o de nuvens na manh\u00e3, o que favorece a eleva\u00e7\u00e3o das temperaturas, mantendo o calor no estado. A partir do final da manh\u00e3 desta quinta-feira (13), o calor combinado a uma frente fria favorece a ocorr\u00eancia de temporais em todas as regi\u00f5es catarinenses. Associados aos temporais ocorrem raios, rajadas &hellip;<\/p>\n<p class=\"read-more\"> <a class=\"\" href=\"https:\/\/sulsc.com\/index.php\/2025\/02\/13\/sol-entre-nuvens-e-possibilidade-de-temporais-ja-pela-manha-desta-quinta-feira-13\/\"> <span class=\"screen-reader-text\">Sol entre nuvens e possibilidade de temporais j\u00e1 pela manh\u00e3 desta quinta-feira (13)<\/span> Read More &raquo;<\/a><\/p>\n","protected":false},"author":3,"featured_media":20312,"comment_status":"open","ping_status":"open","sticky":false,"template":"","format":"standard","meta":{"site-sidebar-layout":"default","site-content-layout":"","ast-site-content-layout":"default","site-content-style":"default","site-sidebar-style":"default","ast-global-header-display":"","ast-banner-title-visibility":"","ast-main-header-display":"","ast-hfb-above-header-display":"","ast-hfb-below-header-display":"","ast-hfb-mobile-header-display":"","site-post-title":"","ast-breadcrumbs-content":"","ast-featured-img":"","footer-sml-layout":"","theme-transparent-header-meta":"default","adv-header-id-meta":"","stick-header-meta":"","header-above-stick-meta":"","header-main-stick-meta":"","header-below-stick-meta":"","astra-migrate-meta-layouts":"set","footnotes":""},"categories":[38],"tags":[90],"yoast_head":"<!-- This site is optimized with the Yoast SEO plugin v21.4 - https:\/\/yoast.com\/wordpress\/plugins\/seo\/ -->\n<title>Sol entre nuvens e possibilidade de temporais j\u00e1 pela manh\u00e3 desta quinta-feira (13) -<\/title>\n<meta name=\"description\" content=\"Mar agitado, a partir da noite, entre o Litoral Sul e a Grande Florian\u00f3polis, com ondas de sul entre 1,5 e 2,0m\" \/>\n<meta name=\"robots\" content=\"index, follow, max-snippet:-1, max-image-preview:large, max-video-preview:-1\" \/>\n<link rel=\"canonical\" href=\"https:\/\/sulsc.com\/index.php\/2025\/02\/13\/sol-entre-nuvens-e-possibilidade-de-temporais-ja-pela-manha-desta-quinta-feira-13\/\" \/>\n<meta property=\"og:locale\" content=\"en_US\" \/>\n<meta property=\"og:type\" content=\"article\" \/>\n<meta property=\"og:title\" content=\"Sol entre nuvens e possibilidade de temporais j\u00e1 pela manh\u00e3 desta quinta-feira (13) -\" \/>\n<meta property=\"og:description\" content=\"Mar agitado, a partir da noite, entre o Litoral Sul e a Grande Florian\u00f3polis, com ondas de sul entre 1,5 e 2,0m\" \/>\n<meta property=\"og:url\" content=\"https:\/\/sulsc.com\/index.php\/2025\/02\/13\/sol-entre-nuvens-e-possibilidade-de-temporais-ja-pela-manha-desta-quinta-feira-13\/\" \/>\n<meta property=\"article:author\" content=\"https:\/\/www.facebook.com\/profile.php?id=61559278119680\" \/>\n<meta property=\"article:published_time\" content=\"2025-02-13T09:58:04+00:00\" \/>\n<meta property=\"og:image\" content=\"http:\/\/sulsc.com\/wp-content\/uploads\/2025\/02\/1f108c15-8ccd-48a0-92aa-f3d0d612711f-1.jpg\" \/>\n\t<meta property=\"og:image:width\" content=\"1080\" \/>\n\t<meta property=\"og:image:height\" content=\"1318\" \/>\n\t<meta property=\"og:image:type\" content=\"image\/jpeg\" \/>\n<meta name=\"author\" content=\"Reda\u00e7\u00e3o Sul SC\" \/>\n<meta name=\"twitter:card\" content=\"summary_large_image\" \/>\n<meta name=\"twitter:creator\" content=\"@https:\/\/twitter.com\/PortalSulSC\" \/>\n<meta name=\"twitter:label1\" content=\"Written by\" \/>\n\t<meta name=\"twitter:data1\" content=\"Reda\u00e7\u00e3o Sul SC\" \/>\n\t<meta name=\"twitter:label2\" content=\"Est. reading time\" \/>\n\t<meta name=\"twitter:data2\" content=\"2 minutes\" \/>\n<script type=\"application\/ld+json\" class=\"yoast-schema-graph\">{\"@context\":\"https:\/\/schema.org\",\"@graph\":[{\"@type\":\"WebPage\",\"@id\":\"https:\/\/sulsc.com\/index.php\/2025\/02\/13\/sol-entre-nuvens-e-possibilidade-de-temporais-ja-pela-manha-desta-quinta-feira-13\/\",\"url\":\"https:\/\/sulsc.com\/index.php\/2025\/02\/13\/sol-entre-nuvens-e-possibilidade-de-temporais-ja-pela-manha-desta-quinta-feira-13\/\",\"name\":\"Sol entre nuvens e possibilidade de temporais j\u00e1 pela manh\u00e3 desta quinta-feira (13) -\",\"isPartOf\":{\"@id\":\"https:\/\/sulsc.com\/#website\"},\"datePublished\":\"2025-02-13T09:58:04+00:00\",\"dateModified\":\"2025-02-13T09:58:04+00:00\",\"author\":{\"@id\":\"https:\/\/sulsc.com\/#\/schema\/person\/84d2fc571684f6248ba83092f07750a3\"},\"description\":\"Mar agitado, a partir da noite, entre o Litoral Sul e a Grande Florian\u00f3polis, com ondas de sul entre 1,5 e 2,0m\",\"breadcrumb\":{\"@id\":\"https:\/\/sulsc.com\/index.php\/2025\/02\/13\/sol-entre-nuvens-e-possibilidade-de-temporais-ja-pela-manha-desta-quinta-feira-13\/#breadcrumb\"},\"inLanguage\":\"en-US\",\"potentialAction\":[{\"@type\":\"ReadAction\",\"target\":[\"https:\/\/sulsc.com\/index.php\/2025\/02\/13\/sol-entre-nuvens-e-possibilidade-de-temporais-ja-pela-manha-desta-quinta-feira-13\/\"]}]},{\"@type\":\"BreadcrumbList\",\"@id\":\"https:\/\/sulsc.com\/index.php\/2025\/02\/13\/sol-entre-nuvens-e-possibilidade-de-temporais-ja-pela-manha-desta-quinta-feira-13\/#breadcrumb\",\"itemListElement\":[{\"@type\":\"ListItem\",\"position\":1,\"name\":\"In\u00edcio\",\"item\":\"https:\/\/sulsc.com\/\"},{\"@type\":\"ListItem\",\"position\":2,\"name\":\"Sol entre nuvens e possibilidade de temporais j\u00e1 pela manh\u00e3 desta quinta-feira (13)\"}]},{\"@type\":\"WebSite\",\"@id\":\"https:\/\/sulsc.com\/#website\",\"url\":\"https:\/\/sulsc.com\/\",\"name\":\"\",\"description\":\"\",\"potentialAction\":[{\"@type\":\"SearchAction\",\"target\":{\"@type\":\"EntryPoint\",\"urlTemplate\":\"https:\/\/sulsc.com\/?s={search_term_string}\"},\"query-input\":\"required name=search_term_string\"}],\"inLanguage\":\"en-US\"},{\"@type\":\"Person\",\"@id\":\"https:\/\/sulsc.com\/#\/schema\/person\/84d2fc571684f6248ba83092f07750a3\",\"name\":\"Reda\u00e7\u00e3o Sul SC\",\"image\":{\"@type\":\"ImageObject\",\"inLanguage\":\"en-US\",\"@id\":\"https:\/\/sulsc.com\/#\/schema\/person\/image\/e08d7fe2cc4ed596372063bbe852b8d0\",\"url\":\"https:\/\/sulsc.com\/wp-content\/uploads\/2023\/09\/redacao.png\",\"contentUrl\":\"https:\/\/sulsc.com\/wp-content\/uploads\/2023\/09\/redacao.png\",\"caption\":\"Reda\u00e7\u00e3o Sul SC\"},\"description\":\"Foco em um jornalismo imparcial, voltado \u00e0 qualidade dos seus conte\u00fados e, assim, levar informa\u00e7\u00e3o de valor que agregue \u00e0 vida dos leitores. Esta \u00e9 grande miss\u00e3o do Portal de Not\u00edcias Sul SC. N\u00e3o \u00e9 quantidade que muda o mundo, sempre foi e seguir\u00e1 sendo qualidade!\",\"sameAs\":[\"https:\/\/sulsc.com\/\",\"https:\/\/www.facebook.com\/profile.php?id=61559278119680\",\"https:\/\/www.instagram.com\/sulscportal\/?hl=pt-br\",\"https:\/\/twitter.com\/https:\/\/twitter.com\/PortalSulSC\",\"https:\/\/www.youtube.com\/channel\/UCv_BE8GeySluDov2n8qhVmw\"],\"url\":\"https:\/\/sulsc.com\/index.php\/author\/redacao\/\"}]}<\/script>\n<!-- \/ Yoast SEO plugin. -->","yoast_head_json":{"title":"Sol entre nuvens e possibilidade de temporais j\u00e1 pela manh\u00e3 desta quinta-feira (13) -","description":"Mar agitado, a partir da noite, entre o Litoral Sul e a Grande Florian\u00f3polis, com ondas de sul entre 1,5 e 2,0m","robots":{"index":"index","follow":"follow","max-snippet":"max-snippet:-1","max-image-preview":"max-image-preview:large","max-video-preview":"max-video-preview:-1"},"canonical":"https:\/\/sulsc.com\/index.php\/2025\/02\/13\/sol-entre-nuvens-e-possibilidade-de-temporais-ja-pela-manha-desta-quinta-feira-13\/","og_locale":"en_US","og_type":"article","og_title":"Sol entre nuvens e possibilidade de temporais j\u00e1 pela manh\u00e3 desta quinta-feira (13) -","og_description":"Mar agitado, a partir da noite, entre o Litoral Sul e a Grande Florian\u00f3polis, com ondas de sul entre 1,5 e 2,0m","og_url":"https:\/\/sulsc.com\/index.php\/2025\/02\/13\/sol-entre-nuvens-e-possibilidade-de-temporais-ja-pela-manha-desta-quinta-feira-13\/","article_author":"https:\/\/www.facebook.com\/profile.php?id=61559278119680","article_published_time":"2025-02-13T09:58:04+00:00","og_image":[{"width":1080,"height":1318,"url":"http:\/\/sulsc.com\/wp-content\/uploads\/2025\/02\/1f108c15-8ccd-48a0-92aa-f3d0d612711f-1.jpg","type":"image\/jpeg"}],"author":"Reda\u00e7\u00e3o Sul SC","twitter_card":"summary_large_image","twitter_creator":"@https:\/\/twitter.com\/PortalSulSC","twitter_misc":{"Written by":"Reda\u00e7\u00e3o Sul SC","Est. reading time":"2 minutes"},"schema":{"@context":"https:\/\/schema.org","@graph":[{"@type":"WebPage","@id":"https:\/\/sulsc.com\/index.php\/2025\/02\/13\/sol-entre-nuvens-e-possibilidade-de-temporais-ja-pela-manha-desta-quinta-feira-13\/","url":"https:\/\/sulsc.com\/index.php\/2025\/02\/13\/sol-entre-nuvens-e-possibilidade-de-temporais-ja-pela-manha-desta-quinta-feira-13\/","name":"Sol entre nuvens e possibilidade de temporais j\u00e1 pela manh\u00e3 desta quinta-feira (13) -","isPartOf":{"@id":"https:\/\/sulsc.com\/#website"},"datePublished":"2025-02-13T09:58:04+00:00","dateModified":"2025-02-13T09:58:04+00:00","author":{"@id":"https:\/\/sulsc.com\/#\/schema\/person\/84d2fc571684f6248ba83092f07750a3"},"description":"Mar agitado, a partir da noite, entre o Litoral Sul e a Grande Florian\u00f3polis, com ondas de sul entre 1,5 e 2,0m","breadcrumb":{"@id":"https:\/\/sulsc.com\/index.php\/2025\/02\/13\/sol-entre-nuvens-e-possibilidade-de-temporais-ja-pela-manha-desta-quinta-feira-13\/#breadcrumb"},"inLanguage":"en-US","potentialAction":[{"@type":"ReadAction","target":["https:\/\/sulsc.com\/index.php\/2025\/02\/13\/sol-entre-nuvens-e-possibilidade-de-temporais-ja-pela-manha-desta-quinta-feira-13\/"]}]},{"@type":"BreadcrumbList","@id":"https:\/\/sulsc.com\/index.php\/2025\/02\/13\/sol-entre-nuvens-e-possibilidade-de-temporais-ja-pela-manha-desta-quinta-feira-13\/#breadcrumb","itemListElement":[{"@type":"ListItem","position":1,"name":"In\u00edcio","item":"https:\/\/sulsc.com\/"},{"@type":"ListItem","position":2,"name":"Sol entre nuvens e possibilidade de temporais j\u00e1 pela manh\u00e3 desta quinta-feira (13)"}]},{"@type":"WebSite","@id":"https:\/\/sulsc.com\/#website","url":"https:\/\/sulsc.com\/","name":"","description":"","potentialAction":[{"@type":"SearchAction","target":{"@type":"EntryPoint","urlTemplate":"https:\/\/sulsc.com\/?s={search_term_string}"},"query-input":"required name=search_term_string"}],"inLanguage":"en-US"},{"@type":"Person","@id":"https:\/\/sulsc.com\/#\/schema\/person\/84d2fc571684f6248ba83092f07750a3","name":"Reda\u00e7\u00e3o Sul SC","image":{"@type":"ImageObject","inLanguage":"en-US","@id":"https:\/\/sulsc.com\/#\/schema\/person\/image\/e08d7fe2cc4ed596372063bbe852b8d0","url":"https:\/\/sulsc.com\/wp-content\/uploads\/2023\/09\/redacao.png","contentUrl":"https:\/\/sulsc.com\/wp-content\/uploads\/2023\/09\/redacao.png","caption":"Reda\u00e7\u00e3o Sul SC"},"description":"Foco em um jornalismo imparcial, voltado \u00e0 qualidade dos seus conte\u00fados e, assim, levar informa\u00e7\u00e3o de valor que agregue \u00e0 vida dos leitores. Esta \u00e9 grande miss\u00e3o do Portal de Not\u00edcias Sul SC. N\u00e3o \u00e9 quantidade que muda o mundo, sempre foi e seguir\u00e1 sendo qualidade!","sameAs":["https:\/\/sulsc.com\/","https:\/\/www.facebook.com\/profile.php?id=61559278119680","https:\/\/www.instagram.com\/sulscportal\/?hl=pt-br","https:\/\/twitter.com\/https:\/\/twitter.com\/PortalSulSC","https:\/\/www.youtube.com\/channel\/UCv_BE8GeySluDov2n8qhVmw"],"url":"https:\/\/sulsc.com\/index.php\/author\/redacao\/"}]}},"authors":[],"_links":{"self":[{"href":"https:\/\/sulsc.com\/index.php\/wp-json\/wp\/v2\/posts\/20310"}],"collection":[{"href":"https:\/\/sulsc.com\/index.php\/wp-json\/wp\/v2\/posts"}],"about":[{"href":"https:\/\/sulsc.com\/index.php\/wp-json\/wp\/v2\/types\/post"}],"author":[{"embeddable":true,"href":"https:\/\/sulsc.com\/index.php\/wp-json\/wp\/v2\/users\/3"}],"replies":[{"embeddable":true,"href":"https:\/\/sulsc.com\/index.php\/wp-json\/wp\/v2\/comments?post=20310"}],"version-history":[{"count":1,"href":"https:\/\/sulsc.com\/index.php\/wp-json\/wp\/v2\/posts\/20310\/revisions"}],"predecessor-version":[{"id":20313,"href":"https:\/\/sulsc.com\/index.php\/wp-json\/wp\/v2\/posts\/20310\/revisions\/20313"}],"wp:featuredmedia":[{"embeddable":true,"href":"https:\/\/sulsc.com\/index.php\/wp-json\/wp\/v2\/media\/20312"}],"wp:attachment":[{"href":"https:\/\/sulsc.com\/index.php\/wp-json\/wp\/v2\/media?parent=20310"}],"wp:term":[{"taxonomy":"category","embeddable":true,"href":"https:\/\/sulsc.com\/index.php\/wp-json\/wp\/v2\/categories?post=20310"},{"taxonomy":"post_tag","embeddable":true,"href":"https:\/\/sulsc.com\/index.php\/wp-json\/wp\/v2\/tags?post=20310"}],"curies":[{"name":"wp","href":"https:\/\/api.w.org\/{rel}","templated":true}]}}