{"id":2034,"date":"2023-10-09T11:40:17","date_gmt":"2023-10-09T14:40:17","guid":{"rendered":"https:\/\/sulsc.com\/?p=2034"},"modified":"2023-10-09T11:56:19","modified_gmt":"2023-10-09T14:56:19","slug":"chuvas-em-sc-celesc-segue-mobilizada-em-todo-o-estado","status":"publish","type":"post","link":"https:\/\/sulsc.com\/index.php\/2023\/10\/09\/chuvas-em-sc-celesc-segue-mobilizada-em-todo-o-estado\/","title":{"rendered":"Chuvas em SC: Celesc segue mobilizada em todo o estado"},"content":{"rendered":"<p data-raofz=\"16\">Cerca de 200 equipes da Celesc atuam por todas as regi\u00f5es do estado durante as chuvas para restabelecer o fornecimento de energia e garantir a seguran\u00e7a da rede el\u00e9trica. At\u00e9 a noite de domingo a maioria das unidades consumidoras impactadas se concentravam nas regionais de Lages e Rio do Sul.<\/p>\n<p data-raofz=\"16\">Segundo o diretor de Distribui\u00e7\u00e3o da Celesc, Cl\u00e1udio Varella, os eletricistas enfrentam v\u00e1rios desafios para chegar nas redes afetadas, como alagamentos, quedas de barreiras e inunda\u00e7\u00f5es. \u201cMas estamos firmes para atender a popula\u00e7\u00e3o com a maior agilidade e efici\u00eancia poss\u00edvel, atuando ao lado dos demais setores do Estado e das for\u00e7as de seguran\u00e7a. Nossas equipes est\u00e3o mobilizadas por todas as regi\u00f5es, seja de barco, caminhonetes ou de caminh\u00e3o\u201d, destaca ele.<\/p>\n<p data-raofz=\"16\">Varella tamb\u00e9m observa que, em caso de inunda\u00e7\u00f5es, o protocolo \u00e9 desligar temporariamente os transformadores para garantir a seguran\u00e7a da popula\u00e7\u00e3o. \u201cAs equipes locais da Celesc monitoram a situa\u00e7\u00e3o\u201d, informa.<\/p>\n<figure class=\"wp-block-image size-full\"><img fetchpriority=\"high\" decoding=\"async\" class=\"wp-image-262016\" src=\"https:\/\/estado.sc.gov.br\/noticias\/wp-content\/uploads\/sites\/3\/2023\/10\/celesc_chuvas.jpeg\" alt=\"\" width=\"1200\" height=\"1027\" \/><\/figure>\n<p>&nbsp;<\/p>\n<p>Fonte: Gov. SC<\/p>\n","protected":false},"excerpt":{"rendered":"<p>Cerca de 200 equipes da Celesc atuam por todas as regi\u00f5es do estado durante as chuvas para restabelecer o fornecimento de energia e garantir a seguran\u00e7a da rede el\u00e9trica. At\u00e9 a noite de domingo a maioria das unidades consumidoras impactadas se concentravam nas regionais de Lages e Rio do Sul. Segundo o diretor de Distribui\u00e7\u00e3o &hellip;<\/p>\n<p class=\"read-more\"> <a class=\"\" href=\"https:\/\/sulsc.com\/index.php\/2023\/10\/09\/chuvas-em-sc-celesc-segue-mobilizada-em-todo-o-estado\/\"> <span class=\"screen-reader-text\">Chuvas em SC: Celesc segue mobilizada em todo o estado<\/span> Read More &raquo;<\/a><\/p>\n","protected":false},"author":3,"featured_media":2035,"comment_status":"open","ping_status":"open","sticky":false,"template":"","format":"standard","meta":{"site-sidebar-layout":"default","site-content-layout":"","ast-site-content-layout":"default","site-content-style":"default","site-sidebar-style":"default","ast-global-header-display":"","ast-banner-title-visibility":"","ast-main-header-display":"","ast-hfb-above-header-display":"","ast-hfb-below-header-display":"","ast-hfb-mobile-header-display":"","site-post-title":"","ast-breadcrumbs-content":"","ast-featured-img":"","footer-sml-layout":"","theme-transparent-header-meta":"default","adv-header-id-meta":"","stick-header-meta":"","header-above-stick-meta":"","header-main-stick-meta":"","header-below-stick-meta":"","astra-migrate-meta-layouts":"set","footnotes":""},"categories":[1,8],"tags":[],"yoast_head":"<!-- This site is optimized with the Yoast SEO plugin v21.4 - https:\/\/yoast.com\/wordpress\/plugins\/seo\/ -->\n<title>Chuvas em SC: Celesc segue mobilizada em todo o estado -<\/title>\n<meta name=\"robots\" content=\"index, follow, max-snippet:-1, max-image-preview:large, max-video-preview:-1\" \/>\n<link rel=\"canonical\" href=\"https:\/\/sulsc.com\/index.php\/2023\/10\/09\/chuvas-em-sc-celesc-segue-mobilizada-em-todo-o-estado\/\" \/>\n<meta property=\"og:locale\" content=\"en_US\" \/>\n<meta property=\"og:type\" content=\"article\" \/>\n<meta property=\"og:title\" content=\"Chuvas em SC: Celesc segue mobilizada em todo o estado -\" \/>\n<meta property=\"og:description\" content=\"Cerca de 200 equipes da Celesc atuam por todas as regi\u00f5es do estado durante as chuvas para restabelecer o fornecimento de energia e garantir a seguran\u00e7a da rede el\u00e9trica. At\u00e9 a noite de domingo a maioria das unidades consumidoras impactadas se concentravam nas regionais de Lages e Rio do Sul. Segundo o diretor de Distribui\u00e7\u00e3o &hellip; Chuvas em SC: Celesc segue mobilizada em todo o estado Read More &raquo;\" \/>\n<meta property=\"og:url\" content=\"https:\/\/sulsc.com\/index.php\/2023\/10\/09\/chuvas-em-sc-celesc-segue-mobilizada-em-todo-o-estado\/\" \/>\n<meta property=\"article:author\" content=\"https:\/\/www.facebook.com\/profile.php?id=61559278119680\" \/>\n<meta property=\"article:published_time\" content=\"2023-10-09T14:40:17+00:00\" \/>\n<meta property=\"article:modified_time\" content=\"2023-10-09T14:56:19+00:00\" \/>\n<meta property=\"og:image\" content=\"https:\/\/sulsc.com\/wp-content\/uploads\/2023\/10\/Celesc-chuvas.jpeg\" \/>\n\t<meta property=\"og:image:width\" content=\"1042\" \/>\n\t<meta property=\"og:image:height\" content=\"586\" \/>\n\t<meta property=\"og:image:type\" content=\"image\/jpeg\" \/>\n<meta name=\"author\" content=\"Reda\u00e7\u00e3o Sul SC\" \/>\n<meta name=\"twitter:card\" content=\"summary_large_image\" \/>\n<meta name=\"twitter:creator\" content=\"@https:\/\/twitter.com\/PortalSulSC\" \/>\n<meta name=\"twitter:label1\" content=\"Written by\" \/>\n\t<meta name=\"twitter:data1\" content=\"Reda\u00e7\u00e3o Sul SC\" \/>\n\t<meta name=\"twitter:label2\" content=\"Est. reading time\" \/>\n\t<meta name=\"twitter:data2\" content=\"1 minute\" \/>\n<script type=\"application\/ld+json\" class=\"yoast-schema-graph\">{\"@context\":\"https:\/\/schema.org\",\"@graph\":[{\"@type\":\"WebPage\",\"@id\":\"https:\/\/sulsc.com\/index.php\/2023\/10\/09\/chuvas-em-sc-celesc-segue-mobilizada-em-todo-o-estado\/\",\"url\":\"https:\/\/sulsc.com\/index.php\/2023\/10\/09\/chuvas-em-sc-celesc-segue-mobilizada-em-todo-o-estado\/\",\"name\":\"Chuvas em SC: Celesc segue mobilizada em todo o estado -\",\"isPartOf\":{\"@id\":\"https:\/\/sulsc.com\/#website\"},\"datePublished\":\"2023-10-09T14:40:17+00:00\",\"dateModified\":\"2023-10-09T14:56:19+00:00\",\"author\":{\"@id\":\"https:\/\/sulsc.com\/#\/schema\/person\/84d2fc571684f6248ba83092f07750a3\"},\"breadcrumb\":{\"@id\":\"https:\/\/sulsc.com\/index.php\/2023\/10\/09\/chuvas-em-sc-celesc-segue-mobilizada-em-todo-o-estado\/#breadcrumb\"},\"inLanguage\":\"en-US\",\"potentialAction\":[{\"@type\":\"ReadAction\",\"target\":[\"https:\/\/sulsc.com\/index.php\/2023\/10\/09\/chuvas-em-sc-celesc-segue-mobilizada-em-todo-o-estado\/\"]}]},{\"@type\":\"BreadcrumbList\",\"@id\":\"https:\/\/sulsc.com\/index.php\/2023\/10\/09\/chuvas-em-sc-celesc-segue-mobilizada-em-todo-o-estado\/#breadcrumb\",\"itemListElement\":[{\"@type\":\"ListItem\",\"position\":1,\"name\":\"In\u00edcio\",\"item\":\"https:\/\/sulsc.com\/\"},{\"@type\":\"ListItem\",\"position\":2,\"name\":\"Chuvas em SC: Celesc segue mobilizada em todo o estado\"}]},{\"@type\":\"WebSite\",\"@id\":\"https:\/\/sulsc.com\/#website\",\"url\":\"https:\/\/sulsc.com\/\",\"name\":\"\",\"description\":\"\",\"potentialAction\":[{\"@type\":\"SearchAction\",\"target\":{\"@type\":\"EntryPoint\",\"urlTemplate\":\"https:\/\/sulsc.com\/?s={search_term_string}\"},\"query-input\":\"required name=search_term_string\"}],\"inLanguage\":\"en-US\"},{\"@type\":\"Person\",\"@id\":\"https:\/\/sulsc.com\/#\/schema\/person\/84d2fc571684f6248ba83092f07750a3\",\"name\":\"Reda\u00e7\u00e3o Sul SC\",\"image\":{\"@type\":\"ImageObject\",\"inLanguage\":\"en-US\",\"@id\":\"https:\/\/sulsc.com\/#\/schema\/person\/image\/e08d7fe2cc4ed596372063bbe852b8d0\",\"url\":\"https:\/\/sulsc.com\/wp-content\/uploads\/2023\/09\/redacao.png\",\"contentUrl\":\"https:\/\/sulsc.com\/wp-content\/uploads\/2023\/09\/redacao.png\",\"caption\":\"Reda\u00e7\u00e3o Sul SC\"},\"description\":\"Foco em um jornalismo imparcial, voltado \u00e0 qualidade dos seus conte\u00fados e, assim, levar informa\u00e7\u00e3o de valor que agregue \u00e0 vida dos leitores. Esta \u00e9 grande miss\u00e3o do Portal de Not\u00edcias Sul SC. N\u00e3o \u00e9 quantidade que muda o mundo, sempre foi e seguir\u00e1 sendo qualidade!\",\"sameAs\":[\"https:\/\/sulsc.com\/\",\"https:\/\/www.facebook.com\/profile.php?id=61559278119680\",\"https:\/\/www.instagram.com\/sulscportal\/?hl=pt-br\",\"https:\/\/twitter.com\/https:\/\/twitter.com\/PortalSulSC\",\"https:\/\/www.youtube.com\/channel\/UCv_BE8GeySluDov2n8qhVmw\"],\"url\":\"https:\/\/sulsc.com\/index.php\/author\/redacao\/\"}]}<\/script>\n<!-- \/ Yoast SEO plugin. -->","yoast_head_json":{"title":"Chuvas em SC: Celesc segue mobilizada em todo o estado -","robots":{"index":"index","follow":"follow","max-snippet":"max-snippet:-1","max-image-preview":"max-image-preview:large","max-video-preview":"max-video-preview:-1"},"canonical":"https:\/\/sulsc.com\/index.php\/2023\/10\/09\/chuvas-em-sc-celesc-segue-mobilizada-em-todo-o-estado\/","og_locale":"en_US","og_type":"article","og_title":"Chuvas em SC: Celesc segue mobilizada em todo o estado -","og_description":"Cerca de 200 equipes da Celesc atuam por todas as regi\u00f5es do estado durante as chuvas para restabelecer o fornecimento de energia e garantir a seguran\u00e7a da rede el\u00e9trica. At\u00e9 a noite de domingo a maioria das unidades consumidoras impactadas se concentravam nas regionais de Lages e Rio do Sul. Segundo o diretor de Distribui\u00e7\u00e3o &hellip; Chuvas em SC: Celesc segue mobilizada em todo o estado Read More &raquo;","og_url":"https:\/\/sulsc.com\/index.php\/2023\/10\/09\/chuvas-em-sc-celesc-segue-mobilizada-em-todo-o-estado\/","article_author":"https:\/\/www.facebook.com\/profile.php?id=61559278119680","article_published_time":"2023-10-09T14:40:17+00:00","article_modified_time":"2023-10-09T14:56:19+00:00","og_image":[{"width":1042,"height":586,"url":"https:\/\/sulsc.com\/wp-content\/uploads\/2023\/10\/Celesc-chuvas.jpeg","type":"image\/jpeg"}],"author":"Reda\u00e7\u00e3o Sul SC","twitter_card":"summary_large_image","twitter_creator":"@https:\/\/twitter.com\/PortalSulSC","twitter_misc":{"Written by":"Reda\u00e7\u00e3o Sul SC","Est. reading time":"1 minute"},"schema":{"@context":"https:\/\/schema.org","@graph":[{"@type":"WebPage","@id":"https:\/\/sulsc.com\/index.php\/2023\/10\/09\/chuvas-em-sc-celesc-segue-mobilizada-em-todo-o-estado\/","url":"https:\/\/sulsc.com\/index.php\/2023\/10\/09\/chuvas-em-sc-celesc-segue-mobilizada-em-todo-o-estado\/","name":"Chuvas em SC: Celesc segue mobilizada em todo o estado -","isPartOf":{"@id":"https:\/\/sulsc.com\/#website"},"datePublished":"2023-10-09T14:40:17+00:00","dateModified":"2023-10-09T14:56:19+00:00","author":{"@id":"https:\/\/sulsc.com\/#\/schema\/person\/84d2fc571684f6248ba83092f07750a3"},"breadcrumb":{"@id":"https:\/\/sulsc.com\/index.php\/2023\/10\/09\/chuvas-em-sc-celesc-segue-mobilizada-em-todo-o-estado\/#breadcrumb"},"inLanguage":"en-US","potentialAction":[{"@type":"ReadAction","target":["https:\/\/sulsc.com\/index.php\/2023\/10\/09\/chuvas-em-sc-celesc-segue-mobilizada-em-todo-o-estado\/"]}]},{"@type":"BreadcrumbList","@id":"https:\/\/sulsc.com\/index.php\/2023\/10\/09\/chuvas-em-sc-celesc-segue-mobilizada-em-todo-o-estado\/#breadcrumb","itemListElement":[{"@type":"ListItem","position":1,"name":"In\u00edcio","item":"https:\/\/sulsc.com\/"},{"@type":"ListItem","position":2,"name":"Chuvas em SC: Celesc segue mobilizada em todo o estado"}]},{"@type":"WebSite","@id":"https:\/\/sulsc.com\/#website","url":"https:\/\/sulsc.com\/","name":"","description":"","potentialAction":[{"@type":"SearchAction","target":{"@type":"EntryPoint","urlTemplate":"https:\/\/sulsc.com\/?s={search_term_string}"},"query-input":"required name=search_term_string"}],"inLanguage":"en-US"},{"@type":"Person","@id":"https:\/\/sulsc.com\/#\/schema\/person\/84d2fc571684f6248ba83092f07750a3","name":"Reda\u00e7\u00e3o Sul SC","image":{"@type":"ImageObject","inLanguage":"en-US","@id":"https:\/\/sulsc.com\/#\/schema\/person\/image\/e08d7fe2cc4ed596372063bbe852b8d0","url":"https:\/\/sulsc.com\/wp-content\/uploads\/2023\/09\/redacao.png","contentUrl":"https:\/\/sulsc.com\/wp-content\/uploads\/2023\/09\/redacao.png","caption":"Reda\u00e7\u00e3o Sul SC"},"description":"Foco em um jornalismo imparcial, voltado \u00e0 qualidade dos seus conte\u00fados e, assim, levar informa\u00e7\u00e3o de valor que agregue \u00e0 vida dos leitores. Esta \u00e9 grande miss\u00e3o do Portal de Not\u00edcias Sul SC. N\u00e3o \u00e9 quantidade que muda o mundo, sempre foi e seguir\u00e1 sendo qualidade!","sameAs":["https:\/\/sulsc.com\/","https:\/\/www.facebook.com\/profile.php?id=61559278119680","https:\/\/www.instagram.com\/sulscportal\/?hl=pt-br","https:\/\/twitter.com\/https:\/\/twitter.com\/PortalSulSC","https:\/\/www.youtube.com\/channel\/UCv_BE8GeySluDov2n8qhVmw"],"url":"https:\/\/sulsc.com\/index.php\/author\/redacao\/"}]}},"authors":[],"_links":{"self":[{"href":"https:\/\/sulsc.com\/index.php\/wp-json\/wp\/v2\/posts\/2034"}],"collection":[{"href":"https:\/\/sulsc.com\/index.php\/wp-json\/wp\/v2\/posts"}],"about":[{"href":"https:\/\/sulsc.com\/index.php\/wp-json\/wp\/v2\/types\/post"}],"author":[{"embeddable":true,"href":"https:\/\/sulsc.com\/index.php\/wp-json\/wp\/v2\/users\/3"}],"replies":[{"embeddable":true,"href":"https:\/\/sulsc.com\/index.php\/wp-json\/wp\/v2\/comments?post=2034"}],"version-history":[{"count":1,"href":"https:\/\/sulsc.com\/index.php\/wp-json\/wp\/v2\/posts\/2034\/revisions"}],"predecessor-version":[{"id":2036,"href":"https:\/\/sulsc.com\/index.php\/wp-json\/wp\/v2\/posts\/2034\/revisions\/2036"}],"wp:featuredmedia":[{"embeddable":true,"href":"https:\/\/sulsc.com\/index.php\/wp-json\/wp\/v2\/media\/2035"}],"wp:attachment":[{"href":"https:\/\/sulsc.com\/index.php\/wp-json\/wp\/v2\/media?parent=2034"}],"wp:term":[{"taxonomy":"category","embeddable":true,"href":"https:\/\/sulsc.com\/index.php\/wp-json\/wp\/v2\/categories?post=2034"},{"taxonomy":"post_tag","embeddable":true,"href":"https:\/\/sulsc.com\/index.php\/wp-json\/wp\/v2\/tags?post=2034"}],"curies":[{"name":"wp","href":"https:\/\/api.w.org\/{rel}","templated":true}]}}