{"id":20354,"date":"2025-02-14T10:17:37","date_gmt":"2025-02-14T13:17:37","guid":{"rendered":"https:\/\/sulsc.com\/?p=20354"},"modified":"2025-02-14T10:17:37","modified_gmt":"2025-02-14T13:17:37","slug":"papa-francisco-e-internado-para-exames-e-tratamento-de-bronquite","status":"publish","type":"post","link":"https:\/\/sulsc.com\/index.php\/2025\/02\/14\/papa-francisco-e-internado-para-exames-e-tratamento-de-bronquite\/","title":{"rendered":"Papa Francisco \u00e9 internado para exames e tratamento de bronquite"},"content":{"rendered":"<p>Na manh\u00e3 desta sexta-feira, 14 de fevereiro, ao t\u00e9rmino das audi\u00eancias, o Papa foi internado no Hospital Agostino Gemelli para alguns exames diagn\u00f3sticos necess\u00e1rios e para prosseguir em ambiente hospitalar o tratamento para a bronquite que ainda persiste. A informa\u00e7\u00e3o foi divulgada por meio de um comunicado da Sala de Imprensa da Santa S\u00e9.<\/p>\n<p>H\u00e1 v\u00e1rios dias, o pr\u00f3prio Pont\u00edfice j\u00e1 havia mencionado publicamente os problemas de sa\u00fade que o impediram de ler as catequeses, homilias e discursos preparados. Ainda assim, nesta manh\u00e3, manteve integralmente sua agenda de compromissos, que foram realizados na Casa Santa Marta.<\/p>\n<p><img fetchpriority=\"high\" decoding=\"async\" class=\"aligncenter  wp-image-20356\" src=\"http:\/\/sulsc.com\/wp-content\/uploads\/2025\/02\/papa-francisco_1739532774732-1024x576-1.jpg\" alt=\"\" width=\"612\" height=\"344\" srcset=\"https:\/\/sulsc.com\/wp-content\/uploads\/2025\/02\/papa-francisco_1739532774732-1024x576-1.jpg 1024w, https:\/\/sulsc.com\/wp-content\/uploads\/2025\/02\/papa-francisco_1739532774732-1024x576-1-300x169.jpg 300w, https:\/\/sulsc.com\/wp-content\/uploads\/2025\/02\/papa-francisco_1739532774732-1024x576-1-768x432.jpg 768w\" sizes=\"(max-width: 612px) 100vw, 612px\" \/><\/p>\n<p>Esta \u00e9 a quarta vez que o Papa Francisco \u00e9 internado no hospital romano. Ele j\u00e1 havia sido hospitalizado em junho de 2021 para uma cirurgia programada devido a uma estenose diverticular sintom\u00e1tica do c\u00f3lon, em junho de 2023 para uma cirurgia de &#8220;laparotomia e reconstru\u00e7\u00e3o da parede abdominal&#8221;, e em mar\u00e7o de 2023 para exames m\u00e9dicos.<\/p>\n","protected":false},"excerpt":{"rendered":"<p>Na manh\u00e3 desta sexta-feira, 14 de fevereiro, ao t\u00e9rmino das audi\u00eancias, o Papa foi internado no Hospital Agostino Gemelli para alguns exames diagn\u00f3sticos necess\u00e1rios e para prosseguir em ambiente hospitalar o tratamento para a bronquite que ainda persiste. A informa\u00e7\u00e3o foi divulgada por meio de um comunicado da Sala de Imprensa da Santa S\u00e9. H\u00e1 &hellip;<\/p>\n<p class=\"read-more\"> <a class=\"\" href=\"https:\/\/sulsc.com\/index.php\/2025\/02\/14\/papa-francisco-e-internado-para-exames-e-tratamento-de-bronquite\/\"> <span class=\"screen-reader-text\">Papa Francisco \u00e9 internado para exames e tratamento de bronquite<\/span> Read More &raquo;<\/a><\/p>\n","protected":false},"author":3,"featured_media":20355,"comment_status":"open","ping_status":"open","sticky":false,"template":"","format":"standard","meta":{"site-sidebar-layout":"default","site-content-layout":"","ast-site-content-layout":"default","site-content-style":"default","site-sidebar-style":"default","ast-global-header-display":"","ast-banner-title-visibility":"","ast-main-header-display":"","ast-hfb-above-header-display":"","ast-hfb-below-header-display":"","ast-hfb-mobile-header-display":"","site-post-title":"","ast-breadcrumbs-content":"","ast-featured-img":"","footer-sml-layout":"","theme-transparent-header-meta":"default","adv-header-id-meta":"","stick-header-meta":"","header-above-stick-meta":"","header-main-stick-meta":"","header-below-stick-meta":"","astra-migrate-meta-layouts":"set","footnotes":""},"categories":[1],"tags":[2176,2177],"yoast_head":"<!-- This site is optimized with the Yoast SEO plugin v21.4 - https:\/\/yoast.com\/wordpress\/plugins\/seo\/ -->\n<title>Papa Francisco \u00e9 internado para exames e tratamento de bronquite -<\/title>\n<meta name=\"robots\" content=\"index, follow, max-snippet:-1, max-image-preview:large, max-video-preview:-1\" \/>\n<link rel=\"canonical\" href=\"https:\/\/sulsc.com\/index.php\/2025\/02\/14\/papa-francisco-e-internado-para-exames-e-tratamento-de-bronquite\/\" \/>\n<meta property=\"og:locale\" content=\"en_US\" \/>\n<meta property=\"og:type\" content=\"article\" \/>\n<meta property=\"og:title\" content=\"Papa Francisco \u00e9 internado para exames e tratamento de bronquite -\" \/>\n<meta property=\"og:description\" content=\"Na manh\u00e3 desta sexta-feira, 14 de fevereiro, ao t\u00e9rmino das audi\u00eancias, o Papa foi internado no Hospital Agostino Gemelli para alguns exames diagn\u00f3sticos necess\u00e1rios e para prosseguir em ambiente hospitalar o tratamento para a bronquite que ainda persiste. A informa\u00e7\u00e3o foi divulgada por meio de um comunicado da Sala de Imprensa da Santa S\u00e9. H\u00e1 &hellip; Papa Francisco \u00e9 internado para exames e tratamento de bronquite Read More &raquo;\" \/>\n<meta property=\"og:url\" content=\"https:\/\/sulsc.com\/index.php\/2025\/02\/14\/papa-francisco-e-internado-para-exames-e-tratamento-de-bronquite\/\" \/>\n<meta property=\"article:author\" content=\"https:\/\/www.facebook.com\/profile.php?id=61559278119680\" \/>\n<meta property=\"article:published_time\" content=\"2025-02-14T13:17:37+00:00\" \/>\n<meta property=\"og:image\" content=\"http:\/\/sulsc.com\/wp-content\/uploads\/2025\/02\/cq5dam.thumbnail.cropped.750.422.jpeg\" \/>\n\t<meta property=\"og:image:width\" content=\"750\" \/>\n\t<meta property=\"og:image:height\" content=\"422\" \/>\n\t<meta property=\"og:image:type\" content=\"image\/jpeg\" \/>\n<meta name=\"author\" content=\"Reda\u00e7\u00e3o Sul SC\" \/>\n<meta name=\"twitter:card\" content=\"summary_large_image\" \/>\n<meta name=\"twitter:creator\" content=\"@https:\/\/twitter.com\/PortalSulSC\" \/>\n<meta name=\"twitter:label1\" content=\"Written by\" \/>\n\t<meta name=\"twitter:data1\" content=\"Reda\u00e7\u00e3o Sul SC\" \/>\n\t<meta name=\"twitter:label2\" content=\"Est. reading time\" \/>\n\t<meta name=\"twitter:data2\" content=\"1 minute\" \/>\n<script type=\"application\/ld+json\" class=\"yoast-schema-graph\">{\"@context\":\"https:\/\/schema.org\",\"@graph\":[{\"@type\":\"WebPage\",\"@id\":\"https:\/\/sulsc.com\/index.php\/2025\/02\/14\/papa-francisco-e-internado-para-exames-e-tratamento-de-bronquite\/\",\"url\":\"https:\/\/sulsc.com\/index.php\/2025\/02\/14\/papa-francisco-e-internado-para-exames-e-tratamento-de-bronquite\/\",\"name\":\"Papa Francisco \u00e9 internado para exames e tratamento de bronquite -\",\"isPartOf\":{\"@id\":\"https:\/\/sulsc.com\/#website\"},\"datePublished\":\"2025-02-14T13:17:37+00:00\",\"dateModified\":\"2025-02-14T13:17:37+00:00\",\"author\":{\"@id\":\"https:\/\/sulsc.com\/#\/schema\/person\/84d2fc571684f6248ba83092f07750a3\"},\"breadcrumb\":{\"@id\":\"https:\/\/sulsc.com\/index.php\/2025\/02\/14\/papa-francisco-e-internado-para-exames-e-tratamento-de-bronquite\/#breadcrumb\"},\"inLanguage\":\"en-US\",\"potentialAction\":[{\"@type\":\"ReadAction\",\"target\":[\"https:\/\/sulsc.com\/index.php\/2025\/02\/14\/papa-francisco-e-internado-para-exames-e-tratamento-de-bronquite\/\"]}]},{\"@type\":\"BreadcrumbList\",\"@id\":\"https:\/\/sulsc.com\/index.php\/2025\/02\/14\/papa-francisco-e-internado-para-exames-e-tratamento-de-bronquite\/#breadcrumb\",\"itemListElement\":[{\"@type\":\"ListItem\",\"position\":1,\"name\":\"In\u00edcio\",\"item\":\"https:\/\/sulsc.com\/\"},{\"@type\":\"ListItem\",\"position\":2,\"name\":\"Papa Francisco \u00e9 internado para exames e tratamento de bronquite\"}]},{\"@type\":\"WebSite\",\"@id\":\"https:\/\/sulsc.com\/#website\",\"url\":\"https:\/\/sulsc.com\/\",\"name\":\"\",\"description\":\"\",\"potentialAction\":[{\"@type\":\"SearchAction\",\"target\":{\"@type\":\"EntryPoint\",\"urlTemplate\":\"https:\/\/sulsc.com\/?s={search_term_string}\"},\"query-input\":\"required name=search_term_string\"}],\"inLanguage\":\"en-US\"},{\"@type\":\"Person\",\"@id\":\"https:\/\/sulsc.com\/#\/schema\/person\/84d2fc571684f6248ba83092f07750a3\",\"name\":\"Reda\u00e7\u00e3o Sul SC\",\"image\":{\"@type\":\"ImageObject\",\"inLanguage\":\"en-US\",\"@id\":\"https:\/\/sulsc.com\/#\/schema\/person\/image\/e08d7fe2cc4ed596372063bbe852b8d0\",\"url\":\"https:\/\/sulsc.com\/wp-content\/uploads\/2023\/09\/redacao.png\",\"contentUrl\":\"https:\/\/sulsc.com\/wp-content\/uploads\/2023\/09\/redacao.png\",\"caption\":\"Reda\u00e7\u00e3o Sul SC\"},\"description\":\"Foco em um jornalismo imparcial, voltado \u00e0 qualidade dos seus conte\u00fados e, assim, levar informa\u00e7\u00e3o de valor que agregue \u00e0 vida dos leitores. Esta \u00e9 grande miss\u00e3o do Portal de Not\u00edcias Sul SC. N\u00e3o \u00e9 quantidade que muda o mundo, sempre foi e seguir\u00e1 sendo qualidade!\",\"sameAs\":[\"https:\/\/sulsc.com\/\",\"https:\/\/www.facebook.com\/profile.php?id=61559278119680\",\"https:\/\/www.instagram.com\/sulscportal\/?hl=pt-br\",\"https:\/\/twitter.com\/https:\/\/twitter.com\/PortalSulSC\",\"https:\/\/www.youtube.com\/channel\/UCv_BE8GeySluDov2n8qhVmw\"],\"url\":\"https:\/\/sulsc.com\/index.php\/author\/redacao\/\"}]}<\/script>\n<!-- \/ Yoast SEO plugin. -->","yoast_head_json":{"title":"Papa Francisco \u00e9 internado para exames e tratamento de bronquite -","robots":{"index":"index","follow":"follow","max-snippet":"max-snippet:-1","max-image-preview":"max-image-preview:large","max-video-preview":"max-video-preview:-1"},"canonical":"https:\/\/sulsc.com\/index.php\/2025\/02\/14\/papa-francisco-e-internado-para-exames-e-tratamento-de-bronquite\/","og_locale":"en_US","og_type":"article","og_title":"Papa Francisco \u00e9 internado para exames e tratamento de bronquite -","og_description":"Na manh\u00e3 desta sexta-feira, 14 de fevereiro, ao t\u00e9rmino das audi\u00eancias, o Papa foi internado no Hospital Agostino Gemelli para alguns exames diagn\u00f3sticos necess\u00e1rios e para prosseguir em ambiente hospitalar o tratamento para a bronquite que ainda persiste. A informa\u00e7\u00e3o foi divulgada por meio de um comunicado da Sala de Imprensa da Santa S\u00e9. H\u00e1 &hellip; Papa Francisco \u00e9 internado para exames e tratamento de bronquite Read More &raquo;","og_url":"https:\/\/sulsc.com\/index.php\/2025\/02\/14\/papa-francisco-e-internado-para-exames-e-tratamento-de-bronquite\/","article_author":"https:\/\/www.facebook.com\/profile.php?id=61559278119680","article_published_time":"2025-02-14T13:17:37+00:00","og_image":[{"width":750,"height":422,"url":"http:\/\/sulsc.com\/wp-content\/uploads\/2025\/02\/cq5dam.thumbnail.cropped.750.422.jpeg","type":"image\/jpeg"}],"author":"Reda\u00e7\u00e3o Sul SC","twitter_card":"summary_large_image","twitter_creator":"@https:\/\/twitter.com\/PortalSulSC","twitter_misc":{"Written by":"Reda\u00e7\u00e3o Sul SC","Est. reading time":"1 minute"},"schema":{"@context":"https:\/\/schema.org","@graph":[{"@type":"WebPage","@id":"https:\/\/sulsc.com\/index.php\/2025\/02\/14\/papa-francisco-e-internado-para-exames-e-tratamento-de-bronquite\/","url":"https:\/\/sulsc.com\/index.php\/2025\/02\/14\/papa-francisco-e-internado-para-exames-e-tratamento-de-bronquite\/","name":"Papa Francisco \u00e9 internado para exames e tratamento de bronquite -","isPartOf":{"@id":"https:\/\/sulsc.com\/#website"},"datePublished":"2025-02-14T13:17:37+00:00","dateModified":"2025-02-14T13:17:37+00:00","author":{"@id":"https:\/\/sulsc.com\/#\/schema\/person\/84d2fc571684f6248ba83092f07750a3"},"breadcrumb":{"@id":"https:\/\/sulsc.com\/index.php\/2025\/02\/14\/papa-francisco-e-internado-para-exames-e-tratamento-de-bronquite\/#breadcrumb"},"inLanguage":"en-US","potentialAction":[{"@type":"ReadAction","target":["https:\/\/sulsc.com\/index.php\/2025\/02\/14\/papa-francisco-e-internado-para-exames-e-tratamento-de-bronquite\/"]}]},{"@type":"BreadcrumbList","@id":"https:\/\/sulsc.com\/index.php\/2025\/02\/14\/papa-francisco-e-internado-para-exames-e-tratamento-de-bronquite\/#breadcrumb","itemListElement":[{"@type":"ListItem","position":1,"name":"In\u00edcio","item":"https:\/\/sulsc.com\/"},{"@type":"ListItem","position":2,"name":"Papa Francisco \u00e9 internado para exames e tratamento de bronquite"}]},{"@type":"WebSite","@id":"https:\/\/sulsc.com\/#website","url":"https:\/\/sulsc.com\/","name":"","description":"","potentialAction":[{"@type":"SearchAction","target":{"@type":"EntryPoint","urlTemplate":"https:\/\/sulsc.com\/?s={search_term_string}"},"query-input":"required name=search_term_string"}],"inLanguage":"en-US"},{"@type":"Person","@id":"https:\/\/sulsc.com\/#\/schema\/person\/84d2fc571684f6248ba83092f07750a3","name":"Reda\u00e7\u00e3o Sul SC","image":{"@type":"ImageObject","inLanguage":"en-US","@id":"https:\/\/sulsc.com\/#\/schema\/person\/image\/e08d7fe2cc4ed596372063bbe852b8d0","url":"https:\/\/sulsc.com\/wp-content\/uploads\/2023\/09\/redacao.png","contentUrl":"https:\/\/sulsc.com\/wp-content\/uploads\/2023\/09\/redacao.png","caption":"Reda\u00e7\u00e3o Sul SC"},"description":"Foco em um jornalismo imparcial, voltado \u00e0 qualidade dos seus conte\u00fados e, assim, levar informa\u00e7\u00e3o de valor que agregue \u00e0 vida dos leitores. Esta \u00e9 grande miss\u00e3o do Portal de Not\u00edcias Sul SC. N\u00e3o \u00e9 quantidade que muda o mundo, sempre foi e seguir\u00e1 sendo qualidade!","sameAs":["https:\/\/sulsc.com\/","https:\/\/www.facebook.com\/profile.php?id=61559278119680","https:\/\/www.instagram.com\/sulscportal\/?hl=pt-br","https:\/\/twitter.com\/https:\/\/twitter.com\/PortalSulSC","https:\/\/www.youtube.com\/channel\/UCv_BE8GeySluDov2n8qhVmw"],"url":"https:\/\/sulsc.com\/index.php\/author\/redacao\/"}]}},"authors":[],"_links":{"self":[{"href":"https:\/\/sulsc.com\/index.php\/wp-json\/wp\/v2\/posts\/20354"}],"collection":[{"href":"https:\/\/sulsc.com\/index.php\/wp-json\/wp\/v2\/posts"}],"about":[{"href":"https:\/\/sulsc.com\/index.php\/wp-json\/wp\/v2\/types\/post"}],"author":[{"embeddable":true,"href":"https:\/\/sulsc.com\/index.php\/wp-json\/wp\/v2\/users\/3"}],"replies":[{"embeddable":true,"href":"https:\/\/sulsc.com\/index.php\/wp-json\/wp\/v2\/comments?post=20354"}],"version-history":[{"count":1,"href":"https:\/\/sulsc.com\/index.php\/wp-json\/wp\/v2\/posts\/20354\/revisions"}],"predecessor-version":[{"id":20357,"href":"https:\/\/sulsc.com\/index.php\/wp-json\/wp\/v2\/posts\/20354\/revisions\/20357"}],"wp:featuredmedia":[{"embeddable":true,"href":"https:\/\/sulsc.com\/index.php\/wp-json\/wp\/v2\/media\/20355"}],"wp:attachment":[{"href":"https:\/\/sulsc.com\/index.php\/wp-json\/wp\/v2\/media?parent=20354"}],"wp:term":[{"taxonomy":"category","embeddable":true,"href":"https:\/\/sulsc.com\/index.php\/wp-json\/wp\/v2\/categories?post=20354"},{"taxonomy":"post_tag","embeddable":true,"href":"https:\/\/sulsc.com\/index.php\/wp-json\/wp\/v2\/tags?post=20354"}],"curies":[{"name":"wp","href":"https:\/\/api.w.org\/{rel}","templated":true}]}}