{"id":20371,"date":"2025-02-14T15:34:45","date_gmt":"2025-02-14T18:34:45","guid":{"rendered":"https:\/\/sulsc.com\/?p=20371"},"modified":"2025-02-14T15:34:45","modified_gmt":"2025-02-14T18:34:45","slug":"vendas-do-comercio-catarinense-crescem-72-em-2024","status":"publish","type":"post","link":"https:\/\/sulsc.com\/index.php\/2025\/02\/14\/vendas-do-comercio-catarinense-crescem-72-em-2024\/","title":{"rendered":"Vendas do com\u00e9rcio catarinense crescem 7,2% em 2024"},"content":{"rendered":"<p>O com\u00e9rcio varejista ampliado de Santa Catarina registrou um aumento do volume de vendas de 7,2% entre janeiro e dezembro de 2024, conforme dados do IBGE divulgados nesta quinta-feira, 13. O percentual ficou acima da m\u00e9dia brasileira de 4,1%. Os principais destaques de 2024 foram as vendas de ve\u00edculos, motocicletas, partes e pe\u00e7as, com alta de 17,2%, e a comercializa\u00e7\u00e3o de eletrodom\u00e9sticos, com alta de 12,7%.<\/p>\n<p>O segmento de artigos farmac\u00eauticos, m\u00e9dicos, ortop\u00e9dicos, de perfumaria e cosm\u00e9ticos tamb\u00e9m registrou forte eleva\u00e7\u00e3o, com varia\u00e7\u00e3o positiva de 11,9%.<\/p>\n<p>\u201cA pesquisa mostra que houve aumento das vendas de bens dur\u00e1veis, como os ve\u00edculos e eletrodom\u00e9sticos. Esse dado revela que o cidad\u00e3o catarinense, em grande medida, est\u00e1 mais disposto a comprar produtos de valor agregado. Com certeza\u00a0<a href=\"https:\/\/www.sicos.sc.gov.br\/sine-anuncia-mais-de-10-mil-vagas-de-emprego-abertas-em-santa-catarina\/\" target=\"_blank\" rel=\"noreferrer noopener\">a gera\u00e7\u00e3o de emprego e renda<\/a>\u00a0e o crescimento da economia catarinense foi decisiva para este resultado positivo\u201d, afirma o secret\u00e1rio de Estado de Ind\u00fastria, Com\u00e9rcio e Servi\u00e7o, Silvio Dreveck.<\/p>\n<p><img fetchpriority=\"high\" decoding=\"async\" class=\"aligncenter  wp-image-20372\" src=\"http:\/\/sulsc.com\/wp-content\/uploads\/2025\/02\/RTR_3799.jpg\" alt=\"\" width=\"419\" height=\"279\" srcset=\"https:\/\/sulsc.com\/wp-content\/uploads\/2025\/02\/RTR_3799.jpg 1500w, https:\/\/sulsc.com\/wp-content\/uploads\/2025\/02\/RTR_3799-300x200.jpg 300w, https:\/\/sulsc.com\/wp-content\/uploads\/2025\/02\/RTR_3799-1024x683.jpg 1024w, https:\/\/sulsc.com\/wp-content\/uploads\/2025\/02\/RTR_3799-768x512.jpg 768w\" sizes=\"(max-width: 419px) 100vw, 419px\" \/><\/p>\n<h4 class=\"wp-block-heading\">Crescimento em 10 de 14 segmentos pesquisados<\/h4>\n<p>Em 2024, o com\u00e9rcio catarinense teve crescimento em 10 dos 14 segmentos avaliados pelo IBGE. Al\u00e9m dos j\u00e1 mencionados, houve eleva\u00e7\u00e3o tamb\u00e9m nas vendas de artigos de uso pessoal e dom\u00e9stico (8%), nos atacados (5,8%), hipermercados e supermercados (5,1%) e nos materiais de constru\u00e7\u00e3o (1,2%).<\/p>\n<p>Outros segmentos, no entanto, tiveram varia\u00e7\u00e3o negativa. \u00c9 o caso dos livros, jornais, revistas e papelaria (-3,8%), tecidos, vestu\u00e1rio e cal\u00e7ados (-3,7%), combust\u00edveis e lubrificantes (-1,1%) e equipamentos e materiais para escrit\u00f3rio, inform\u00e1tica e comunica\u00e7\u00e3o (-0,3%).<\/p>\n<p>\u201cO consumidor est\u00e1 mudando alguns h\u00e1bitos de consumo e isso se reflete no resultado das vendas. Pr\u00e1ticas como a informatiza\u00e7\u00e3o, o crescimento do teletrabalho e a facilidade de comprar pela internet colocam um novo paradigma para o com\u00e9rcio catarinense. No entanto,\u00a0<a href=\"https:\/\/estado.sc.gov.br\/noticias\/santa-catarina-inicia-2025-com-alta-de-44-na-abertura-de-empresas-2\/\" target=\"_blank\" rel=\"noreferrer noopener\">o resultado final \u00e9 positivo<\/a>\u00a0e o com\u00e9rcio tem sido decisivo para fazer avan\u00e7ar a economia catarinense\u201d, acrescentou Dreveck.<\/p>\n<h4 class=\"wp-block-heading\">Perspectiva positiva para 2025<\/h4>\n<p>Os empres\u00e1rios do com\u00e9rcio projetam um crescimento do volume de vendas superior a 2% para 2025, conforme dados da Federa\u00e7\u00e3o do Com\u00e9rcio de Bens, Servi\u00e7os e Turismo de Santa Catarina (Fecom\u00e9rcio SC). O percentual supera a expectativa a n\u00edvel nacional, que ficou em alta de 1,9%.<\/p>\n<p>Segundo a Fecom\u00e9rcio SC, entre os indicadores que sustentam essa perspectiva positiva para 2025. Um deles \u00e9 o aumento de 2,6% na inten\u00e7\u00e3o dos varejistas de investir no pr\u00f3prio neg\u00f3cio. Outro \u00e9 o aquecimento do mercado de trabalho, que garante, sobretudo, n\u00edveis de emprego e renda para o consumidor.<\/p>\n","protected":false},"excerpt":{"rendered":"<p>O com\u00e9rcio varejista ampliado de Santa Catarina registrou um aumento do volume de vendas de 7,2% entre janeiro e dezembro de 2024, conforme dados do IBGE divulgados nesta quinta-feira, 13. O percentual ficou acima da m\u00e9dia brasileira de 4,1%. Os principais destaques de 2024 foram as vendas de ve\u00edculos, motocicletas, partes e pe\u00e7as, com alta &hellip;<\/p>\n<p class=\"read-more\"> <a class=\"\" href=\"https:\/\/sulsc.com\/index.php\/2025\/02\/14\/vendas-do-comercio-catarinense-crescem-72-em-2024\/\"> <span class=\"screen-reader-text\">Vendas do com\u00e9rcio catarinense crescem 7,2% em 2024<\/span> Read More &raquo;<\/a><\/p>\n","protected":false},"author":3,"featured_media":20372,"comment_status":"open","ping_status":"open","sticky":false,"template":"","format":"standard","meta":{"site-sidebar-layout":"default","site-content-layout":"","ast-site-content-layout":"default","site-content-style":"default","site-sidebar-style":"default","ast-global-header-display":"","ast-banner-title-visibility":"","ast-main-header-display":"","ast-hfb-above-header-display":"","ast-hfb-below-header-display":"","ast-hfb-mobile-header-display":"","site-post-title":"","ast-breadcrumbs-content":"","ast-featured-img":"","footer-sml-layout":"","theme-transparent-header-meta":"default","adv-header-id-meta":"","stick-header-meta":"","header-above-stick-meta":"","header-main-stick-meta":"","header-below-stick-meta":"","astra-migrate-meta-layouts":"set","footnotes":""},"categories":[1],"tags":[],"yoast_head":"<!-- This site is optimized with the Yoast SEO plugin v21.4 - https:\/\/yoast.com\/wordpress\/plugins\/seo\/ -->\n<title>Vendas do com\u00e9rcio catarinense crescem 7,2% em 2024 -<\/title>\n<meta name=\"robots\" content=\"index, follow, max-snippet:-1, max-image-preview:large, max-video-preview:-1\" \/>\n<link rel=\"canonical\" href=\"https:\/\/sulsc.com\/index.php\/2025\/02\/14\/vendas-do-comercio-catarinense-crescem-72-em-2024\/\" \/>\n<meta property=\"og:locale\" content=\"en_US\" \/>\n<meta property=\"og:type\" content=\"article\" \/>\n<meta property=\"og:title\" content=\"Vendas do com\u00e9rcio catarinense crescem 7,2% em 2024 -\" \/>\n<meta property=\"og:description\" content=\"O com\u00e9rcio varejista ampliado de Santa Catarina registrou um aumento do volume de vendas de 7,2% entre janeiro e dezembro de 2024, conforme dados do IBGE divulgados nesta quinta-feira, 13. O percentual ficou acima da m\u00e9dia brasileira de 4,1%. Os principais destaques de 2024 foram as vendas de ve\u00edculos, motocicletas, partes e pe\u00e7as, com alta &hellip; Vendas do com\u00e9rcio catarinense crescem 7,2% em 2024 Read More &raquo;\" \/>\n<meta property=\"og:url\" content=\"https:\/\/sulsc.com\/index.php\/2025\/02\/14\/vendas-do-comercio-catarinense-crescem-72-em-2024\/\" \/>\n<meta property=\"article:author\" content=\"https:\/\/www.facebook.com\/profile.php?id=61559278119680\" \/>\n<meta property=\"article:published_time\" content=\"2025-02-14T18:34:45+00:00\" \/>\n<meta property=\"og:image\" content=\"http:\/\/sulsc.com\/wp-content\/uploads\/2025\/02\/RTR_3799.jpg\" \/>\n\t<meta property=\"og:image:width\" content=\"1500\" \/>\n\t<meta property=\"og:image:height\" content=\"1000\" \/>\n\t<meta property=\"og:image:type\" content=\"image\/jpeg\" \/>\n<meta name=\"author\" content=\"Reda\u00e7\u00e3o Sul SC\" \/>\n<meta name=\"twitter:card\" content=\"summary_large_image\" \/>\n<meta name=\"twitter:creator\" content=\"@https:\/\/twitter.com\/PortalSulSC\" \/>\n<meta name=\"twitter:label1\" content=\"Written by\" \/>\n\t<meta name=\"twitter:data1\" content=\"Reda\u00e7\u00e3o Sul SC\" \/>\n\t<meta name=\"twitter:label2\" content=\"Est. reading time\" \/>\n\t<meta name=\"twitter:data2\" content=\"2 minutes\" \/>\n<script type=\"application\/ld+json\" class=\"yoast-schema-graph\">{\"@context\":\"https:\/\/schema.org\",\"@graph\":[{\"@type\":\"WebPage\",\"@id\":\"https:\/\/sulsc.com\/index.php\/2025\/02\/14\/vendas-do-comercio-catarinense-crescem-72-em-2024\/\",\"url\":\"https:\/\/sulsc.com\/index.php\/2025\/02\/14\/vendas-do-comercio-catarinense-crescem-72-em-2024\/\",\"name\":\"Vendas do com\u00e9rcio catarinense crescem 7,2% em 2024 -\",\"isPartOf\":{\"@id\":\"https:\/\/sulsc.com\/#website\"},\"datePublished\":\"2025-02-14T18:34:45+00:00\",\"dateModified\":\"2025-02-14T18:34:45+00:00\",\"author\":{\"@id\":\"https:\/\/sulsc.com\/#\/schema\/person\/84d2fc571684f6248ba83092f07750a3\"},\"breadcrumb\":{\"@id\":\"https:\/\/sulsc.com\/index.php\/2025\/02\/14\/vendas-do-comercio-catarinense-crescem-72-em-2024\/#breadcrumb\"},\"inLanguage\":\"en-US\",\"potentialAction\":[{\"@type\":\"ReadAction\",\"target\":[\"https:\/\/sulsc.com\/index.php\/2025\/02\/14\/vendas-do-comercio-catarinense-crescem-72-em-2024\/\"]}]},{\"@type\":\"BreadcrumbList\",\"@id\":\"https:\/\/sulsc.com\/index.php\/2025\/02\/14\/vendas-do-comercio-catarinense-crescem-72-em-2024\/#breadcrumb\",\"itemListElement\":[{\"@type\":\"ListItem\",\"position\":1,\"name\":\"In\u00edcio\",\"item\":\"https:\/\/sulsc.com\/\"},{\"@type\":\"ListItem\",\"position\":2,\"name\":\"Vendas do com\u00e9rcio catarinense crescem 7,2% em 2024\"}]},{\"@type\":\"WebSite\",\"@id\":\"https:\/\/sulsc.com\/#website\",\"url\":\"https:\/\/sulsc.com\/\",\"name\":\"\",\"description\":\"\",\"potentialAction\":[{\"@type\":\"SearchAction\",\"target\":{\"@type\":\"EntryPoint\",\"urlTemplate\":\"https:\/\/sulsc.com\/?s={search_term_string}\"},\"query-input\":\"required name=search_term_string\"}],\"inLanguage\":\"en-US\"},{\"@type\":\"Person\",\"@id\":\"https:\/\/sulsc.com\/#\/schema\/person\/84d2fc571684f6248ba83092f07750a3\",\"name\":\"Reda\u00e7\u00e3o Sul SC\",\"image\":{\"@type\":\"ImageObject\",\"inLanguage\":\"en-US\",\"@id\":\"https:\/\/sulsc.com\/#\/schema\/person\/image\/e08d7fe2cc4ed596372063bbe852b8d0\",\"url\":\"https:\/\/sulsc.com\/wp-content\/uploads\/2023\/09\/redacao.png\",\"contentUrl\":\"https:\/\/sulsc.com\/wp-content\/uploads\/2023\/09\/redacao.png\",\"caption\":\"Reda\u00e7\u00e3o Sul SC\"},\"description\":\"Foco em um jornalismo imparcial, voltado \u00e0 qualidade dos seus conte\u00fados e, assim, levar informa\u00e7\u00e3o de valor que agregue \u00e0 vida dos leitores. Esta \u00e9 grande miss\u00e3o do Portal de Not\u00edcias Sul SC. N\u00e3o \u00e9 quantidade que muda o mundo, sempre foi e seguir\u00e1 sendo qualidade!\",\"sameAs\":[\"https:\/\/sulsc.com\/\",\"https:\/\/www.facebook.com\/profile.php?id=61559278119680\",\"https:\/\/www.instagram.com\/sulscportal\/?hl=pt-br\",\"https:\/\/twitter.com\/https:\/\/twitter.com\/PortalSulSC\",\"https:\/\/www.youtube.com\/channel\/UCv_BE8GeySluDov2n8qhVmw\"],\"url\":\"https:\/\/sulsc.com\/index.php\/author\/redacao\/\"}]}<\/script>\n<!-- \/ Yoast SEO plugin. -->","yoast_head_json":{"title":"Vendas do com\u00e9rcio catarinense crescem 7,2% em 2024 -","robots":{"index":"index","follow":"follow","max-snippet":"max-snippet:-1","max-image-preview":"max-image-preview:large","max-video-preview":"max-video-preview:-1"},"canonical":"https:\/\/sulsc.com\/index.php\/2025\/02\/14\/vendas-do-comercio-catarinense-crescem-72-em-2024\/","og_locale":"en_US","og_type":"article","og_title":"Vendas do com\u00e9rcio catarinense crescem 7,2% em 2024 -","og_description":"O com\u00e9rcio varejista ampliado de Santa Catarina registrou um aumento do volume de vendas de 7,2% entre janeiro e dezembro de 2024, conforme dados do IBGE divulgados nesta quinta-feira, 13. O percentual ficou acima da m\u00e9dia brasileira de 4,1%. Os principais destaques de 2024 foram as vendas de ve\u00edculos, motocicletas, partes e pe\u00e7as, com alta &hellip; Vendas do com\u00e9rcio catarinense crescem 7,2% em 2024 Read More &raquo;","og_url":"https:\/\/sulsc.com\/index.php\/2025\/02\/14\/vendas-do-comercio-catarinense-crescem-72-em-2024\/","article_author":"https:\/\/www.facebook.com\/profile.php?id=61559278119680","article_published_time":"2025-02-14T18:34:45+00:00","og_image":[{"width":1500,"height":1000,"url":"http:\/\/sulsc.com\/wp-content\/uploads\/2025\/02\/RTR_3799.jpg","type":"image\/jpeg"}],"author":"Reda\u00e7\u00e3o Sul SC","twitter_card":"summary_large_image","twitter_creator":"@https:\/\/twitter.com\/PortalSulSC","twitter_misc":{"Written by":"Reda\u00e7\u00e3o Sul SC","Est. reading time":"2 minutes"},"schema":{"@context":"https:\/\/schema.org","@graph":[{"@type":"WebPage","@id":"https:\/\/sulsc.com\/index.php\/2025\/02\/14\/vendas-do-comercio-catarinense-crescem-72-em-2024\/","url":"https:\/\/sulsc.com\/index.php\/2025\/02\/14\/vendas-do-comercio-catarinense-crescem-72-em-2024\/","name":"Vendas do com\u00e9rcio catarinense crescem 7,2% em 2024 -","isPartOf":{"@id":"https:\/\/sulsc.com\/#website"},"datePublished":"2025-02-14T18:34:45+00:00","dateModified":"2025-02-14T18:34:45+00:00","author":{"@id":"https:\/\/sulsc.com\/#\/schema\/person\/84d2fc571684f6248ba83092f07750a3"},"breadcrumb":{"@id":"https:\/\/sulsc.com\/index.php\/2025\/02\/14\/vendas-do-comercio-catarinense-crescem-72-em-2024\/#breadcrumb"},"inLanguage":"en-US","potentialAction":[{"@type":"ReadAction","target":["https:\/\/sulsc.com\/index.php\/2025\/02\/14\/vendas-do-comercio-catarinense-crescem-72-em-2024\/"]}]},{"@type":"BreadcrumbList","@id":"https:\/\/sulsc.com\/index.php\/2025\/02\/14\/vendas-do-comercio-catarinense-crescem-72-em-2024\/#breadcrumb","itemListElement":[{"@type":"ListItem","position":1,"name":"In\u00edcio","item":"https:\/\/sulsc.com\/"},{"@type":"ListItem","position":2,"name":"Vendas do com\u00e9rcio catarinense crescem 7,2% em 2024"}]},{"@type":"WebSite","@id":"https:\/\/sulsc.com\/#website","url":"https:\/\/sulsc.com\/","name":"","description":"","potentialAction":[{"@type":"SearchAction","target":{"@type":"EntryPoint","urlTemplate":"https:\/\/sulsc.com\/?s={search_term_string}"},"query-input":"required name=search_term_string"}],"inLanguage":"en-US"},{"@type":"Person","@id":"https:\/\/sulsc.com\/#\/schema\/person\/84d2fc571684f6248ba83092f07750a3","name":"Reda\u00e7\u00e3o Sul SC","image":{"@type":"ImageObject","inLanguage":"en-US","@id":"https:\/\/sulsc.com\/#\/schema\/person\/image\/e08d7fe2cc4ed596372063bbe852b8d0","url":"https:\/\/sulsc.com\/wp-content\/uploads\/2023\/09\/redacao.png","contentUrl":"https:\/\/sulsc.com\/wp-content\/uploads\/2023\/09\/redacao.png","caption":"Reda\u00e7\u00e3o Sul SC"},"description":"Foco em um jornalismo imparcial, voltado \u00e0 qualidade dos seus conte\u00fados e, assim, levar informa\u00e7\u00e3o de valor que agregue \u00e0 vida dos leitores. Esta \u00e9 grande miss\u00e3o do Portal de Not\u00edcias Sul SC. N\u00e3o \u00e9 quantidade que muda o mundo, sempre foi e seguir\u00e1 sendo qualidade!","sameAs":["https:\/\/sulsc.com\/","https:\/\/www.facebook.com\/profile.php?id=61559278119680","https:\/\/www.instagram.com\/sulscportal\/?hl=pt-br","https:\/\/twitter.com\/https:\/\/twitter.com\/PortalSulSC","https:\/\/www.youtube.com\/channel\/UCv_BE8GeySluDov2n8qhVmw"],"url":"https:\/\/sulsc.com\/index.php\/author\/redacao\/"}]}},"authors":[],"_links":{"self":[{"href":"https:\/\/sulsc.com\/index.php\/wp-json\/wp\/v2\/posts\/20371"}],"collection":[{"href":"https:\/\/sulsc.com\/index.php\/wp-json\/wp\/v2\/posts"}],"about":[{"href":"https:\/\/sulsc.com\/index.php\/wp-json\/wp\/v2\/types\/post"}],"author":[{"embeddable":true,"href":"https:\/\/sulsc.com\/index.php\/wp-json\/wp\/v2\/users\/3"}],"replies":[{"embeddable":true,"href":"https:\/\/sulsc.com\/index.php\/wp-json\/wp\/v2\/comments?post=20371"}],"version-history":[{"count":2,"href":"https:\/\/sulsc.com\/index.php\/wp-json\/wp\/v2\/posts\/20371\/revisions"}],"predecessor-version":[{"id":20374,"href":"https:\/\/sulsc.com\/index.php\/wp-json\/wp\/v2\/posts\/20371\/revisions\/20374"}],"wp:featuredmedia":[{"embeddable":true,"href":"https:\/\/sulsc.com\/index.php\/wp-json\/wp\/v2\/media\/20372"}],"wp:attachment":[{"href":"https:\/\/sulsc.com\/index.php\/wp-json\/wp\/v2\/media?parent=20371"}],"wp:term":[{"taxonomy":"category","embeddable":true,"href":"https:\/\/sulsc.com\/index.php\/wp-json\/wp\/v2\/categories?post=20371"},{"taxonomy":"post_tag","embeddable":true,"href":"https:\/\/sulsc.com\/index.php\/wp-json\/wp\/v2\/tags?post=20371"}],"curies":[{"name":"wp","href":"https:\/\/api.w.org\/{rel}","templated":true}]}}