{"id":20378,"date":"2025-02-15T09:57:03","date_gmt":"2025-02-15T12:57:03","guid":{"rendered":"https:\/\/sulsc.com\/?p=20378"},"modified":"2025-02-15T09:57:03","modified_gmt":"2025-02-15T12:57:03","slug":"dia-tipico-de-verao-temperaturas-altas-e-chuvas-rapidas-no-fim-do-dia","status":"publish","type":"post","link":"https:\/\/sulsc.com\/index.php\/2025\/02\/15\/dia-tipico-de-verao-temperaturas-altas-e-chuvas-rapidas-no-fim-do-dia\/","title":{"rendered":"Dia t\u00edpico de ver\u00e3o, temperaturas altas e chuvas r\u00e1pidas no fim do dia"},"content":{"rendered":"<p>O dia ser\u00e1 t\u00edpico de ver\u00e3o em SC, com sol, calor e instabilidade na maioria das regi\u00f5es neste s\u00e1bado (15). No amanhecer a sensa\u00e7\u00e3o de abafamento j\u00e1 se faz presente e as temperaturas sobem rapidamente no decorrer da manh\u00e3.<\/p>\n<p><strong>Temperaturas<\/strong><\/p>\n<p>No per\u00edodo da tarde as m\u00e1ximas ficam em torno de 30\u00b0C em todo o estado e ficam entre 33 e 35\u00b0C no Grande Oeste. O calor e a disponibilidade de umidade favorecem condi\u00e7\u00f5es para temporais isolados acompanhados de chuva pontualmente intensa, especialmente entre o Planalto Sul e o Litoral Sul.<\/p>\n<p><img fetchpriority=\"high\" decoding=\"async\" class=\"aligncenter size-full wp-image-20379\" src=\"http:\/\/sulsc.com\/wp-content\/uploads\/2025\/02\/Sabado-2.png\" alt=\"\" width=\"1476\" height=\"993\" srcset=\"https:\/\/sulsc.com\/wp-content\/uploads\/2025\/02\/Sabado-2.png 1476w, https:\/\/sulsc.com\/wp-content\/uploads\/2025\/02\/Sabado-2-300x202.png 300w, https:\/\/sulsc.com\/wp-content\/uploads\/2025\/02\/Sabado-2-1024x689.png 1024w, https:\/\/sulsc.com\/wp-content\/uploads\/2025\/02\/Sabado-2-768x517.png 768w\" sizes=\"(max-width: 1476px) 100vw, 1476px\" \/><\/p>\n<p><img decoding=\"async\" class=\"aligncenter  wp-image-17436\" src=\"http:\/\/sulsc.com\/wp-content\/uploads\/2024\/11\/Tempo-2.png\" alt=\"\" width=\"596\" height=\"110\" srcset=\"https:\/\/sulsc.com\/wp-content\/uploads\/2024\/11\/Tempo-2.png 1024w, https:\/\/sulsc.com\/wp-content\/uploads\/2024\/11\/Tempo-2-300x55.png 300w, https:\/\/sulsc.com\/wp-content\/uploads\/2024\/11\/Tempo-2-768x142.png 768w\" sizes=\"(max-width: 596px) 100vw, 596px\" \/><\/p>\n<p><strong>O risco \u00e9 moderado a alto para ocorr\u00eancias relacionadas a alagamentos, enxurradas pontuais e destelhamentos<\/strong>. \u00c0 noite, a chuva deve seguir persistente e por vezes intensa entre a Grande Florian\u00f3polis e o Litoral Norte.<\/p>\n<p>Fonte: Defesa Civil SC\/Meteorologista: Nicolle Reis<\/p>\n<p>Foto\/Sulsc.com<\/p>\n","protected":false},"excerpt":{"rendered":"<p>O dia ser\u00e1 t\u00edpico de ver\u00e3o em SC, com sol, calor e instabilidade na maioria das regi\u00f5es neste s\u00e1bado (15). No amanhecer a sensa\u00e7\u00e3o de abafamento j\u00e1 se faz presente e as temperaturas sobem rapidamente no decorrer da manh\u00e3. Temperaturas No per\u00edodo da tarde as m\u00e1ximas ficam em torno de 30\u00b0C em todo o estado &hellip;<\/p>\n<p class=\"read-more\"> <a class=\"\" href=\"https:\/\/sulsc.com\/index.php\/2025\/02\/15\/dia-tipico-de-verao-temperaturas-altas-e-chuvas-rapidas-no-fim-do-dia\/\"> <span class=\"screen-reader-text\">Dia t\u00edpico de ver\u00e3o, temperaturas altas e chuvas r\u00e1pidas no fim do dia<\/span> Read More &raquo;<\/a><\/p>\n","protected":false},"author":3,"featured_media":20380,"comment_status":"open","ping_status":"open","sticky":false,"template":"","format":"standard","meta":{"site-sidebar-layout":"default","site-content-layout":"","ast-site-content-layout":"default","site-content-style":"default","site-sidebar-style":"default","ast-global-header-display":"","ast-banner-title-visibility":"","ast-main-header-display":"","ast-hfb-above-header-display":"","ast-hfb-below-header-display":"","ast-hfb-mobile-header-display":"","site-post-title":"","ast-breadcrumbs-content":"","ast-featured-img":"","footer-sml-layout":"","theme-transparent-header-meta":"default","adv-header-id-meta":"","stick-header-meta":"","header-above-stick-meta":"","header-main-stick-meta":"","header-below-stick-meta":"","astra-migrate-meta-layouts":"set","footnotes":""},"categories":[38],"tags":[90],"yoast_head":"<!-- This site is optimized with the Yoast SEO plugin v21.4 - https:\/\/yoast.com\/wordpress\/plugins\/seo\/ -->\n<title>Dia t\u00edpico de ver\u00e3o, temperaturas altas e chuvas r\u00e1pidas no fim do dia -<\/title>\n<meta name=\"description\" content=\"O calor e a umidade trazem condi\u00e7\u00f5es para temporais isolados acompanhados de chuva entre o Planalto Sul e o Litoral Sul\" \/>\n<meta name=\"robots\" content=\"index, follow, max-snippet:-1, max-image-preview:large, max-video-preview:-1\" \/>\n<link rel=\"canonical\" href=\"https:\/\/sulsc.com\/index.php\/2025\/02\/15\/dia-tipico-de-verao-temperaturas-altas-e-chuvas-rapidas-no-fim-do-dia\/\" \/>\n<meta property=\"og:locale\" content=\"en_US\" \/>\n<meta property=\"og:type\" content=\"article\" \/>\n<meta property=\"og:title\" content=\"Dia t\u00edpico de ver\u00e3o, temperaturas altas e chuvas r\u00e1pidas no fim do dia -\" \/>\n<meta property=\"og:description\" content=\"O calor e a umidade trazem condi\u00e7\u00f5es para temporais isolados acompanhados de chuva entre o Planalto Sul e o Litoral Sul\" \/>\n<meta property=\"og:url\" content=\"https:\/\/sulsc.com\/index.php\/2025\/02\/15\/dia-tipico-de-verao-temperaturas-altas-e-chuvas-rapidas-no-fim-do-dia\/\" \/>\n<meta property=\"article:author\" content=\"https:\/\/www.facebook.com\/profile.php?id=61559278119680\" \/>\n<meta property=\"article:published_time\" content=\"2025-02-15T12:57:03+00:00\" \/>\n<meta property=\"og:image\" content=\"http:\/\/sulsc.com\/wp-content\/uploads\/2025\/02\/Tereza.jpg\" \/>\n\t<meta property=\"og:image:width\" content=\"1600\" \/>\n\t<meta property=\"og:image:height\" content=\"720\" \/>\n\t<meta property=\"og:image:type\" content=\"image\/jpeg\" \/>\n<meta name=\"author\" content=\"Reda\u00e7\u00e3o Sul SC\" \/>\n<meta name=\"twitter:card\" content=\"summary_large_image\" \/>\n<meta name=\"twitter:creator\" content=\"@https:\/\/twitter.com\/PortalSulSC\" \/>\n<meta name=\"twitter:label1\" content=\"Written by\" \/>\n\t<meta name=\"twitter:data1\" content=\"Reda\u00e7\u00e3o Sul SC\" \/>\n\t<meta name=\"twitter:label2\" content=\"Est. reading time\" \/>\n\t<meta name=\"twitter:data2\" content=\"1 minute\" \/>\n<script type=\"application\/ld+json\" class=\"yoast-schema-graph\">{\"@context\":\"https:\/\/schema.org\",\"@graph\":[{\"@type\":\"WebPage\",\"@id\":\"https:\/\/sulsc.com\/index.php\/2025\/02\/15\/dia-tipico-de-verao-temperaturas-altas-e-chuvas-rapidas-no-fim-do-dia\/\",\"url\":\"https:\/\/sulsc.com\/index.php\/2025\/02\/15\/dia-tipico-de-verao-temperaturas-altas-e-chuvas-rapidas-no-fim-do-dia\/\",\"name\":\"Dia t\u00edpico de ver\u00e3o, temperaturas altas e chuvas r\u00e1pidas no fim do dia -\",\"isPartOf\":{\"@id\":\"https:\/\/sulsc.com\/#website\"},\"datePublished\":\"2025-02-15T12:57:03+00:00\",\"dateModified\":\"2025-02-15T12:57:03+00:00\",\"author\":{\"@id\":\"https:\/\/sulsc.com\/#\/schema\/person\/84d2fc571684f6248ba83092f07750a3\"},\"description\":\"O calor e a umidade trazem condi\u00e7\u00f5es para temporais isolados acompanhados de chuva entre o Planalto Sul e o Litoral Sul\",\"breadcrumb\":{\"@id\":\"https:\/\/sulsc.com\/index.php\/2025\/02\/15\/dia-tipico-de-verao-temperaturas-altas-e-chuvas-rapidas-no-fim-do-dia\/#breadcrumb\"},\"inLanguage\":\"en-US\",\"potentialAction\":[{\"@type\":\"ReadAction\",\"target\":[\"https:\/\/sulsc.com\/index.php\/2025\/02\/15\/dia-tipico-de-verao-temperaturas-altas-e-chuvas-rapidas-no-fim-do-dia\/\"]}]},{\"@type\":\"BreadcrumbList\",\"@id\":\"https:\/\/sulsc.com\/index.php\/2025\/02\/15\/dia-tipico-de-verao-temperaturas-altas-e-chuvas-rapidas-no-fim-do-dia\/#breadcrumb\",\"itemListElement\":[{\"@type\":\"ListItem\",\"position\":1,\"name\":\"In\u00edcio\",\"item\":\"https:\/\/sulsc.com\/\"},{\"@type\":\"ListItem\",\"position\":2,\"name\":\"Dia t\u00edpico de ver\u00e3o, temperaturas altas e chuvas r\u00e1pidas no fim do dia\"}]},{\"@type\":\"WebSite\",\"@id\":\"https:\/\/sulsc.com\/#website\",\"url\":\"https:\/\/sulsc.com\/\",\"name\":\"\",\"description\":\"\",\"potentialAction\":[{\"@type\":\"SearchAction\",\"target\":{\"@type\":\"EntryPoint\",\"urlTemplate\":\"https:\/\/sulsc.com\/?s={search_term_string}\"},\"query-input\":\"required name=search_term_string\"}],\"inLanguage\":\"en-US\"},{\"@type\":\"Person\",\"@id\":\"https:\/\/sulsc.com\/#\/schema\/person\/84d2fc571684f6248ba83092f07750a3\",\"name\":\"Reda\u00e7\u00e3o Sul SC\",\"image\":{\"@type\":\"ImageObject\",\"inLanguage\":\"en-US\",\"@id\":\"https:\/\/sulsc.com\/#\/schema\/person\/image\/e08d7fe2cc4ed596372063bbe852b8d0\",\"url\":\"https:\/\/sulsc.com\/wp-content\/uploads\/2023\/09\/redacao.png\",\"contentUrl\":\"https:\/\/sulsc.com\/wp-content\/uploads\/2023\/09\/redacao.png\",\"caption\":\"Reda\u00e7\u00e3o Sul SC\"},\"description\":\"Foco em um jornalismo imparcial, voltado \u00e0 qualidade dos seus conte\u00fados e, assim, levar informa\u00e7\u00e3o de valor que agregue \u00e0 vida dos leitores. Esta \u00e9 grande miss\u00e3o do Portal de Not\u00edcias Sul SC. N\u00e3o \u00e9 quantidade que muda o mundo, sempre foi e seguir\u00e1 sendo qualidade!\",\"sameAs\":[\"https:\/\/sulsc.com\/\",\"https:\/\/www.facebook.com\/profile.php?id=61559278119680\",\"https:\/\/www.instagram.com\/sulscportal\/?hl=pt-br\",\"https:\/\/twitter.com\/https:\/\/twitter.com\/PortalSulSC\",\"https:\/\/www.youtube.com\/channel\/UCv_BE8GeySluDov2n8qhVmw\"],\"url\":\"https:\/\/sulsc.com\/index.php\/author\/redacao\/\"}]}<\/script>\n<!-- \/ Yoast SEO plugin. -->","yoast_head_json":{"title":"Dia t\u00edpico de ver\u00e3o, temperaturas altas e chuvas r\u00e1pidas no fim do dia -","description":"O calor e a umidade trazem condi\u00e7\u00f5es para temporais isolados acompanhados de chuva entre o Planalto Sul e o Litoral Sul","robots":{"index":"index","follow":"follow","max-snippet":"max-snippet:-1","max-image-preview":"max-image-preview:large","max-video-preview":"max-video-preview:-1"},"canonical":"https:\/\/sulsc.com\/index.php\/2025\/02\/15\/dia-tipico-de-verao-temperaturas-altas-e-chuvas-rapidas-no-fim-do-dia\/","og_locale":"en_US","og_type":"article","og_title":"Dia t\u00edpico de ver\u00e3o, temperaturas altas e chuvas r\u00e1pidas no fim do dia -","og_description":"O calor e a umidade trazem condi\u00e7\u00f5es para temporais isolados acompanhados de chuva entre o Planalto Sul e o Litoral Sul","og_url":"https:\/\/sulsc.com\/index.php\/2025\/02\/15\/dia-tipico-de-verao-temperaturas-altas-e-chuvas-rapidas-no-fim-do-dia\/","article_author":"https:\/\/www.facebook.com\/profile.php?id=61559278119680","article_published_time":"2025-02-15T12:57:03+00:00","og_image":[{"width":1600,"height":720,"url":"http:\/\/sulsc.com\/wp-content\/uploads\/2025\/02\/Tereza.jpg","type":"image\/jpeg"}],"author":"Reda\u00e7\u00e3o Sul SC","twitter_card":"summary_large_image","twitter_creator":"@https:\/\/twitter.com\/PortalSulSC","twitter_misc":{"Written by":"Reda\u00e7\u00e3o Sul SC","Est. reading time":"1 minute"},"schema":{"@context":"https:\/\/schema.org","@graph":[{"@type":"WebPage","@id":"https:\/\/sulsc.com\/index.php\/2025\/02\/15\/dia-tipico-de-verao-temperaturas-altas-e-chuvas-rapidas-no-fim-do-dia\/","url":"https:\/\/sulsc.com\/index.php\/2025\/02\/15\/dia-tipico-de-verao-temperaturas-altas-e-chuvas-rapidas-no-fim-do-dia\/","name":"Dia t\u00edpico de ver\u00e3o, temperaturas altas e chuvas r\u00e1pidas no fim do dia -","isPartOf":{"@id":"https:\/\/sulsc.com\/#website"},"datePublished":"2025-02-15T12:57:03+00:00","dateModified":"2025-02-15T12:57:03+00:00","author":{"@id":"https:\/\/sulsc.com\/#\/schema\/person\/84d2fc571684f6248ba83092f07750a3"},"description":"O calor e a umidade trazem condi\u00e7\u00f5es para temporais isolados acompanhados de chuva entre o Planalto Sul e o Litoral Sul","breadcrumb":{"@id":"https:\/\/sulsc.com\/index.php\/2025\/02\/15\/dia-tipico-de-verao-temperaturas-altas-e-chuvas-rapidas-no-fim-do-dia\/#breadcrumb"},"inLanguage":"en-US","potentialAction":[{"@type":"ReadAction","target":["https:\/\/sulsc.com\/index.php\/2025\/02\/15\/dia-tipico-de-verao-temperaturas-altas-e-chuvas-rapidas-no-fim-do-dia\/"]}]},{"@type":"BreadcrumbList","@id":"https:\/\/sulsc.com\/index.php\/2025\/02\/15\/dia-tipico-de-verao-temperaturas-altas-e-chuvas-rapidas-no-fim-do-dia\/#breadcrumb","itemListElement":[{"@type":"ListItem","position":1,"name":"In\u00edcio","item":"https:\/\/sulsc.com\/"},{"@type":"ListItem","position":2,"name":"Dia t\u00edpico de ver\u00e3o, temperaturas altas e chuvas r\u00e1pidas no fim do dia"}]},{"@type":"WebSite","@id":"https:\/\/sulsc.com\/#website","url":"https:\/\/sulsc.com\/","name":"","description":"","potentialAction":[{"@type":"SearchAction","target":{"@type":"EntryPoint","urlTemplate":"https:\/\/sulsc.com\/?s={search_term_string}"},"query-input":"required name=search_term_string"}],"inLanguage":"en-US"},{"@type":"Person","@id":"https:\/\/sulsc.com\/#\/schema\/person\/84d2fc571684f6248ba83092f07750a3","name":"Reda\u00e7\u00e3o Sul SC","image":{"@type":"ImageObject","inLanguage":"en-US","@id":"https:\/\/sulsc.com\/#\/schema\/person\/image\/e08d7fe2cc4ed596372063bbe852b8d0","url":"https:\/\/sulsc.com\/wp-content\/uploads\/2023\/09\/redacao.png","contentUrl":"https:\/\/sulsc.com\/wp-content\/uploads\/2023\/09\/redacao.png","caption":"Reda\u00e7\u00e3o Sul SC"},"description":"Foco em um jornalismo imparcial, voltado \u00e0 qualidade dos seus conte\u00fados e, assim, levar informa\u00e7\u00e3o de valor que agregue \u00e0 vida dos leitores. Esta \u00e9 grande miss\u00e3o do Portal de Not\u00edcias Sul SC. N\u00e3o \u00e9 quantidade que muda o mundo, sempre foi e seguir\u00e1 sendo qualidade!","sameAs":["https:\/\/sulsc.com\/","https:\/\/www.facebook.com\/profile.php?id=61559278119680","https:\/\/www.instagram.com\/sulscportal\/?hl=pt-br","https:\/\/twitter.com\/https:\/\/twitter.com\/PortalSulSC","https:\/\/www.youtube.com\/channel\/UCv_BE8GeySluDov2n8qhVmw"],"url":"https:\/\/sulsc.com\/index.php\/author\/redacao\/"}]}},"authors":[],"_links":{"self":[{"href":"https:\/\/sulsc.com\/index.php\/wp-json\/wp\/v2\/posts\/20378"}],"collection":[{"href":"https:\/\/sulsc.com\/index.php\/wp-json\/wp\/v2\/posts"}],"about":[{"href":"https:\/\/sulsc.com\/index.php\/wp-json\/wp\/v2\/types\/post"}],"author":[{"embeddable":true,"href":"https:\/\/sulsc.com\/index.php\/wp-json\/wp\/v2\/users\/3"}],"replies":[{"embeddable":true,"href":"https:\/\/sulsc.com\/index.php\/wp-json\/wp\/v2\/comments?post=20378"}],"version-history":[{"count":1,"href":"https:\/\/sulsc.com\/index.php\/wp-json\/wp\/v2\/posts\/20378\/revisions"}],"predecessor-version":[{"id":20381,"href":"https:\/\/sulsc.com\/index.php\/wp-json\/wp\/v2\/posts\/20378\/revisions\/20381"}],"wp:featuredmedia":[{"embeddable":true,"href":"https:\/\/sulsc.com\/index.php\/wp-json\/wp\/v2\/media\/20380"}],"wp:attachment":[{"href":"https:\/\/sulsc.com\/index.php\/wp-json\/wp\/v2\/media?parent=20378"}],"wp:term":[{"taxonomy":"category","embeddable":true,"href":"https:\/\/sulsc.com\/index.php\/wp-json\/wp\/v2\/categories?post=20378"},{"taxonomy":"post_tag","embeddable":true,"href":"https:\/\/sulsc.com\/index.php\/wp-json\/wp\/v2\/tags?post=20378"}],"curies":[{"name":"wp","href":"https:\/\/api.w.org\/{rel}","templated":true}]}}