{"id":20412,"date":"2025-02-17T07:44:58","date_gmt":"2025-02-17T10:44:58","guid":{"rendered":"https:\/\/sulsc.com\/?p=20412"},"modified":"2025-02-17T07:44:58","modified_gmt":"2025-02-17T10:44:58","slug":"calor-e-chuva-forte-marcam-o-inicio-da-semana-em-santa-catarina","status":"publish","type":"post","link":"https:\/\/sulsc.com\/index.php\/2025\/02\/17\/calor-e-chuva-forte-marcam-o-inicio-da-semana-em-santa-catarina\/","title":{"rendered":"Calor e chuva forte marcam o in\u00edcio da semana em Santa Catarina"},"content":{"rendered":"<p data-sourcepos=\"23:1-23:294\">A segunda-feira (17) ser\u00e1 marcada por tempo inst\u00e1vel em todo o estado. A combina\u00e7\u00e3o de calor intenso, com temperaturas m\u00e1ximas entre 35\u00b0C e 37\u00b0C, e o avan\u00e7o de uma frente fria, favorecer\u00e1 a forma\u00e7\u00e3o de temporais com chuva forte, raios, rajadas de vento e at\u00e9 mesmo granizo.<\/p>\n<p data-sourcepos=\"23:1-23:294\"><img fetchpriority=\"high\" decoding=\"async\" class=\"wp-image-20413 alignleft\" src=\"http:\/\/sulsc.com\/wp-content\/uploads\/2025\/02\/AGV_vUfPyWbmvzZOtpMhNryireRrlrfaVnGQ8mrZQFDZor5WP16wSfWwQQg5qF-gCdNBLY6eYiTaWlqVlfw6UUV5brcwphcrVkwOvJUno9ps0xkyAbk_V_V-hyd6eSvpXLiSvax40nvcs2048.png\" alt=\"\" width=\"474\" height=\"319\" srcset=\"https:\/\/sulsc.com\/wp-content\/uploads\/2025\/02\/AGV_vUfPyWbmvzZOtpMhNryireRrlrfaVnGQ8mrZQFDZor5WP16wSfWwQQg5qF-gCdNBLY6eYiTaWlqVlfw6UUV5brcwphcrVkwOvJUno9ps0xkyAbk_V_V-hyd6eSvpXLiSvax40nvcs2048.png 1476w, https:\/\/sulsc.com\/wp-content\/uploads\/2025\/02\/AGV_vUfPyWbmvzZOtpMhNryireRrlrfaVnGQ8mrZQFDZor5WP16wSfWwQQg5qF-gCdNBLY6eYiTaWlqVlfw6UUV5brcwphcrVkwOvJUno9ps0xkyAbk_V_V-hyd6eSvpXLiSvax40nvcs2048-300x202.png 300w, https:\/\/sulsc.com\/wp-content\/uploads\/2025\/02\/AGV_vUfPyWbmvzZOtpMhNryireRrlrfaVnGQ8mrZQFDZor5WP16wSfWwQQg5qF-gCdNBLY6eYiTaWlqVlfw6UUV5brcwphcrVkwOvJUno9ps0xkyAbk_V_V-hyd6eSvpXLiSvax40nvcs2048-1024x689.png 1024w, https:\/\/sulsc.com\/wp-content\/uploads\/2025\/02\/AGV_vUfPyWbmvzZOtpMhNryireRrlrfaVnGQ8mrZQFDZor5WP16wSfWwQQg5qF-gCdNBLY6eYiTaWlqVlfw6UUV5brcwphcrVkwOvJUno9ps0xkyAbk_V_V-hyd6eSvpXLiSvax40nvcs2048-768x517.png 768w\" sizes=\"(max-width: 474px) 100vw, 474px\" \/><\/p>\n<p data-sourcepos=\"25:1-25:188\">O risco de alagamentos e enxurradas \u00e9 alto, principalmente nas regi\u00f5es do Planalto Sul, Litoral Sul e Grande Florian\u00f3polis. H\u00e1 tamb\u00e9m possibilidade de destelhamentos e danos em estruturas.<\/p>\n","protected":false},"excerpt":{"rendered":"<p>A segunda-feira (17) ser\u00e1 marcada por tempo inst\u00e1vel em todo o estado. A combina\u00e7\u00e3o de calor intenso, com temperaturas m\u00e1ximas entre 35\u00b0C e 37\u00b0C, e o avan\u00e7o de uma frente fria, favorecer\u00e1 a forma\u00e7\u00e3o de temporais com chuva forte, raios, rajadas de vento e at\u00e9 mesmo granizo. O risco de alagamentos e enxurradas \u00e9 alto, &hellip;<\/p>\n<p class=\"read-more\"> <a class=\"\" href=\"https:\/\/sulsc.com\/index.php\/2025\/02\/17\/calor-e-chuva-forte-marcam-o-inicio-da-semana-em-santa-catarina\/\"> <span class=\"screen-reader-text\">Calor e chuva forte marcam o in\u00edcio da semana em Santa Catarina<\/span> Read More &raquo;<\/a><\/p>\n","protected":false},"author":3,"featured_media":20414,"comment_status":"open","ping_status":"open","sticky":false,"template":"","format":"standard","meta":{"site-sidebar-layout":"default","site-content-layout":"","ast-site-content-layout":"default","site-content-style":"default","site-sidebar-style":"default","ast-global-header-display":"","ast-banner-title-visibility":"","ast-main-header-display":"","ast-hfb-above-header-display":"","ast-hfb-below-header-display":"","ast-hfb-mobile-header-display":"","site-post-title":"","ast-breadcrumbs-content":"","ast-featured-img":"","footer-sml-layout":"","theme-transparent-header-meta":"default","adv-header-id-meta":"","stick-header-meta":"","header-above-stick-meta":"","header-main-stick-meta":"","header-below-stick-meta":"","astra-migrate-meta-layouts":"set","footnotes":""},"categories":[38],"tags":[],"yoast_head":"<!-- This site is optimized with the Yoast SEO plugin v21.4 - https:\/\/yoast.com\/wordpress\/plugins\/seo\/ -->\n<title>Calor e chuva forte marcam o in\u00edcio da semana em Santa Catarina -<\/title>\n<meta name=\"robots\" content=\"index, follow, max-snippet:-1, max-image-preview:large, max-video-preview:-1\" \/>\n<link rel=\"canonical\" href=\"https:\/\/sulsc.com\/index.php\/2025\/02\/17\/calor-e-chuva-forte-marcam-o-inicio-da-semana-em-santa-catarina\/\" \/>\n<meta property=\"og:locale\" content=\"en_US\" \/>\n<meta property=\"og:type\" content=\"article\" \/>\n<meta property=\"og:title\" content=\"Calor e chuva forte marcam o in\u00edcio da semana em Santa Catarina -\" \/>\n<meta property=\"og:description\" content=\"A segunda-feira (17) ser\u00e1 marcada por tempo inst\u00e1vel em todo o estado. A combina\u00e7\u00e3o de calor intenso, com temperaturas m\u00e1ximas entre 35\u00b0C e 37\u00b0C, e o avan\u00e7o de uma frente fria, favorecer\u00e1 a forma\u00e7\u00e3o de temporais com chuva forte, raios, rajadas de vento e at\u00e9 mesmo granizo. O risco de alagamentos e enxurradas \u00e9 alto, &hellip; Calor e chuva forte marcam o in\u00edcio da semana em Santa Catarina Read More &raquo;\" \/>\n<meta property=\"og:url\" content=\"https:\/\/sulsc.com\/index.php\/2025\/02\/17\/calor-e-chuva-forte-marcam-o-inicio-da-semana-em-santa-catarina\/\" \/>\n<meta property=\"article:author\" content=\"https:\/\/www.facebook.com\/profile.php?id=61559278119680\" \/>\n<meta property=\"article:published_time\" content=\"2025-02-17T10:44:58+00:00\" \/>\n<meta property=\"og:image\" content=\"http:\/\/sulsc.com\/wp-content\/uploads\/2025\/02\/WhatsApp-Image-2025-02-17-at-07.43.33.jpeg\" \/>\n\t<meta property=\"og:image:width\" content=\"1600\" \/>\n\t<meta property=\"og:image:height\" content=\"1200\" \/>\n\t<meta property=\"og:image:type\" content=\"image\/jpeg\" \/>\n<meta name=\"author\" content=\"Reda\u00e7\u00e3o Sul SC\" \/>\n<meta name=\"twitter:card\" content=\"summary_large_image\" \/>\n<meta name=\"twitter:creator\" content=\"@https:\/\/twitter.com\/PortalSulSC\" \/>\n<meta name=\"twitter:label1\" content=\"Written by\" \/>\n\t<meta name=\"twitter:data1\" content=\"Reda\u00e7\u00e3o Sul SC\" \/>\n\t<meta name=\"twitter:label2\" content=\"Est. reading time\" \/>\n\t<meta name=\"twitter:data2\" content=\"1 minute\" \/>\n<script type=\"application\/ld+json\" class=\"yoast-schema-graph\">{\"@context\":\"https:\/\/schema.org\",\"@graph\":[{\"@type\":\"WebPage\",\"@id\":\"https:\/\/sulsc.com\/index.php\/2025\/02\/17\/calor-e-chuva-forte-marcam-o-inicio-da-semana-em-santa-catarina\/\",\"url\":\"https:\/\/sulsc.com\/index.php\/2025\/02\/17\/calor-e-chuva-forte-marcam-o-inicio-da-semana-em-santa-catarina\/\",\"name\":\"Calor e chuva forte marcam o in\u00edcio da semana em Santa Catarina -\",\"isPartOf\":{\"@id\":\"https:\/\/sulsc.com\/#website\"},\"datePublished\":\"2025-02-17T10:44:58+00:00\",\"dateModified\":\"2025-02-17T10:44:58+00:00\",\"author\":{\"@id\":\"https:\/\/sulsc.com\/#\/schema\/person\/84d2fc571684f6248ba83092f07750a3\"},\"breadcrumb\":{\"@id\":\"https:\/\/sulsc.com\/index.php\/2025\/02\/17\/calor-e-chuva-forte-marcam-o-inicio-da-semana-em-santa-catarina\/#breadcrumb\"},\"inLanguage\":\"en-US\",\"potentialAction\":[{\"@type\":\"ReadAction\",\"target\":[\"https:\/\/sulsc.com\/index.php\/2025\/02\/17\/calor-e-chuva-forte-marcam-o-inicio-da-semana-em-santa-catarina\/\"]}]},{\"@type\":\"BreadcrumbList\",\"@id\":\"https:\/\/sulsc.com\/index.php\/2025\/02\/17\/calor-e-chuva-forte-marcam-o-inicio-da-semana-em-santa-catarina\/#breadcrumb\",\"itemListElement\":[{\"@type\":\"ListItem\",\"position\":1,\"name\":\"In\u00edcio\",\"item\":\"https:\/\/sulsc.com\/\"},{\"@type\":\"ListItem\",\"position\":2,\"name\":\"Calor e chuva forte marcam o in\u00edcio da semana em Santa Catarina\"}]},{\"@type\":\"WebSite\",\"@id\":\"https:\/\/sulsc.com\/#website\",\"url\":\"https:\/\/sulsc.com\/\",\"name\":\"\",\"description\":\"\",\"potentialAction\":[{\"@type\":\"SearchAction\",\"target\":{\"@type\":\"EntryPoint\",\"urlTemplate\":\"https:\/\/sulsc.com\/?s={search_term_string}\"},\"query-input\":\"required name=search_term_string\"}],\"inLanguage\":\"en-US\"},{\"@type\":\"Person\",\"@id\":\"https:\/\/sulsc.com\/#\/schema\/person\/84d2fc571684f6248ba83092f07750a3\",\"name\":\"Reda\u00e7\u00e3o Sul SC\",\"image\":{\"@type\":\"ImageObject\",\"inLanguage\":\"en-US\",\"@id\":\"https:\/\/sulsc.com\/#\/schema\/person\/image\/e08d7fe2cc4ed596372063bbe852b8d0\",\"url\":\"https:\/\/sulsc.com\/wp-content\/uploads\/2023\/09\/redacao.png\",\"contentUrl\":\"https:\/\/sulsc.com\/wp-content\/uploads\/2023\/09\/redacao.png\",\"caption\":\"Reda\u00e7\u00e3o Sul SC\"},\"description\":\"Foco em um jornalismo imparcial, voltado \u00e0 qualidade dos seus conte\u00fados e, assim, levar informa\u00e7\u00e3o de valor que agregue \u00e0 vida dos leitores. Esta \u00e9 grande miss\u00e3o do Portal de Not\u00edcias Sul SC. N\u00e3o \u00e9 quantidade que muda o mundo, sempre foi e seguir\u00e1 sendo qualidade!\",\"sameAs\":[\"https:\/\/sulsc.com\/\",\"https:\/\/www.facebook.com\/profile.php?id=61559278119680\",\"https:\/\/www.instagram.com\/sulscportal\/?hl=pt-br\",\"https:\/\/twitter.com\/https:\/\/twitter.com\/PortalSulSC\",\"https:\/\/www.youtube.com\/channel\/UCv_BE8GeySluDov2n8qhVmw\"],\"url\":\"https:\/\/sulsc.com\/index.php\/author\/redacao\/\"}]}<\/script>\n<!-- \/ Yoast SEO plugin. -->","yoast_head_json":{"title":"Calor e chuva forte marcam o in\u00edcio da semana em Santa Catarina -","robots":{"index":"index","follow":"follow","max-snippet":"max-snippet:-1","max-image-preview":"max-image-preview:large","max-video-preview":"max-video-preview:-1"},"canonical":"https:\/\/sulsc.com\/index.php\/2025\/02\/17\/calor-e-chuva-forte-marcam-o-inicio-da-semana-em-santa-catarina\/","og_locale":"en_US","og_type":"article","og_title":"Calor e chuva forte marcam o in\u00edcio da semana em Santa Catarina -","og_description":"A segunda-feira (17) ser\u00e1 marcada por tempo inst\u00e1vel em todo o estado. A combina\u00e7\u00e3o de calor intenso, com temperaturas m\u00e1ximas entre 35\u00b0C e 37\u00b0C, e o avan\u00e7o de uma frente fria, favorecer\u00e1 a forma\u00e7\u00e3o de temporais com chuva forte, raios, rajadas de vento e at\u00e9 mesmo granizo. O risco de alagamentos e enxurradas \u00e9 alto, &hellip; Calor e chuva forte marcam o in\u00edcio da semana em Santa Catarina Read More &raquo;","og_url":"https:\/\/sulsc.com\/index.php\/2025\/02\/17\/calor-e-chuva-forte-marcam-o-inicio-da-semana-em-santa-catarina\/","article_author":"https:\/\/www.facebook.com\/profile.php?id=61559278119680","article_published_time":"2025-02-17T10:44:58+00:00","og_image":[{"width":1600,"height":1200,"url":"http:\/\/sulsc.com\/wp-content\/uploads\/2025\/02\/WhatsApp-Image-2025-02-17-at-07.43.33.jpeg","type":"image\/jpeg"}],"author":"Reda\u00e7\u00e3o Sul SC","twitter_card":"summary_large_image","twitter_creator":"@https:\/\/twitter.com\/PortalSulSC","twitter_misc":{"Written by":"Reda\u00e7\u00e3o Sul SC","Est. reading time":"1 minute"},"schema":{"@context":"https:\/\/schema.org","@graph":[{"@type":"WebPage","@id":"https:\/\/sulsc.com\/index.php\/2025\/02\/17\/calor-e-chuva-forte-marcam-o-inicio-da-semana-em-santa-catarina\/","url":"https:\/\/sulsc.com\/index.php\/2025\/02\/17\/calor-e-chuva-forte-marcam-o-inicio-da-semana-em-santa-catarina\/","name":"Calor e chuva forte marcam o in\u00edcio da semana em Santa Catarina -","isPartOf":{"@id":"https:\/\/sulsc.com\/#website"},"datePublished":"2025-02-17T10:44:58+00:00","dateModified":"2025-02-17T10:44:58+00:00","author":{"@id":"https:\/\/sulsc.com\/#\/schema\/person\/84d2fc571684f6248ba83092f07750a3"},"breadcrumb":{"@id":"https:\/\/sulsc.com\/index.php\/2025\/02\/17\/calor-e-chuva-forte-marcam-o-inicio-da-semana-em-santa-catarina\/#breadcrumb"},"inLanguage":"en-US","potentialAction":[{"@type":"ReadAction","target":["https:\/\/sulsc.com\/index.php\/2025\/02\/17\/calor-e-chuva-forte-marcam-o-inicio-da-semana-em-santa-catarina\/"]}]},{"@type":"BreadcrumbList","@id":"https:\/\/sulsc.com\/index.php\/2025\/02\/17\/calor-e-chuva-forte-marcam-o-inicio-da-semana-em-santa-catarina\/#breadcrumb","itemListElement":[{"@type":"ListItem","position":1,"name":"In\u00edcio","item":"https:\/\/sulsc.com\/"},{"@type":"ListItem","position":2,"name":"Calor e chuva forte marcam o in\u00edcio da semana em Santa Catarina"}]},{"@type":"WebSite","@id":"https:\/\/sulsc.com\/#website","url":"https:\/\/sulsc.com\/","name":"","description":"","potentialAction":[{"@type":"SearchAction","target":{"@type":"EntryPoint","urlTemplate":"https:\/\/sulsc.com\/?s={search_term_string}"},"query-input":"required name=search_term_string"}],"inLanguage":"en-US"},{"@type":"Person","@id":"https:\/\/sulsc.com\/#\/schema\/person\/84d2fc571684f6248ba83092f07750a3","name":"Reda\u00e7\u00e3o Sul SC","image":{"@type":"ImageObject","inLanguage":"en-US","@id":"https:\/\/sulsc.com\/#\/schema\/person\/image\/e08d7fe2cc4ed596372063bbe852b8d0","url":"https:\/\/sulsc.com\/wp-content\/uploads\/2023\/09\/redacao.png","contentUrl":"https:\/\/sulsc.com\/wp-content\/uploads\/2023\/09\/redacao.png","caption":"Reda\u00e7\u00e3o Sul SC"},"description":"Foco em um jornalismo imparcial, voltado \u00e0 qualidade dos seus conte\u00fados e, assim, levar informa\u00e7\u00e3o de valor que agregue \u00e0 vida dos leitores. Esta \u00e9 grande miss\u00e3o do Portal de Not\u00edcias Sul SC. N\u00e3o \u00e9 quantidade que muda o mundo, sempre foi e seguir\u00e1 sendo qualidade!","sameAs":["https:\/\/sulsc.com\/","https:\/\/www.facebook.com\/profile.php?id=61559278119680","https:\/\/www.instagram.com\/sulscportal\/?hl=pt-br","https:\/\/twitter.com\/https:\/\/twitter.com\/PortalSulSC","https:\/\/www.youtube.com\/channel\/UCv_BE8GeySluDov2n8qhVmw"],"url":"https:\/\/sulsc.com\/index.php\/author\/redacao\/"}]}},"authors":[],"_links":{"self":[{"href":"https:\/\/sulsc.com\/index.php\/wp-json\/wp\/v2\/posts\/20412"}],"collection":[{"href":"https:\/\/sulsc.com\/index.php\/wp-json\/wp\/v2\/posts"}],"about":[{"href":"https:\/\/sulsc.com\/index.php\/wp-json\/wp\/v2\/types\/post"}],"author":[{"embeddable":true,"href":"https:\/\/sulsc.com\/index.php\/wp-json\/wp\/v2\/users\/3"}],"replies":[{"embeddable":true,"href":"https:\/\/sulsc.com\/index.php\/wp-json\/wp\/v2\/comments?post=20412"}],"version-history":[{"count":1,"href":"https:\/\/sulsc.com\/index.php\/wp-json\/wp\/v2\/posts\/20412\/revisions"}],"predecessor-version":[{"id":20415,"href":"https:\/\/sulsc.com\/index.php\/wp-json\/wp\/v2\/posts\/20412\/revisions\/20415"}],"wp:featuredmedia":[{"embeddable":true,"href":"https:\/\/sulsc.com\/index.php\/wp-json\/wp\/v2\/media\/20414"}],"wp:attachment":[{"href":"https:\/\/sulsc.com\/index.php\/wp-json\/wp\/v2\/media?parent=20412"}],"wp:term":[{"taxonomy":"category","embeddable":true,"href":"https:\/\/sulsc.com\/index.php\/wp-json\/wp\/v2\/categories?post=20412"},{"taxonomy":"post_tag","embeddable":true,"href":"https:\/\/sulsc.com\/index.php\/wp-json\/wp\/v2\/tags?post=20412"}],"curies":[{"name":"wp","href":"https:\/\/api.w.org\/{rel}","templated":true}]}}