{"id":20482,"date":"2025-02-19T07:18:39","date_gmt":"2025-02-19T10:18:39","guid":{"rendered":"https:\/\/sulsc.com\/?p=20482"},"modified":"2025-02-19T08:16:39","modified_gmt":"2025-02-19T11:16:39","slug":"quinta-feira-com-tempo-instavel-e-temperaturas-amenas-no-litoral-sul","status":"publish","type":"post","link":"https:\/\/sulsc.com\/index.php\/2025\/02\/19\/quinta-feira-com-tempo-instavel-e-temperaturas-amenas-no-litoral-sul\/","title":{"rendered":"Quinta-feira com tempo inst\u00e1vel e temperaturas amenas no Litoral Sul"},"content":{"rendered":"<p>A frente fria se afasta para alto mar, mas as instabilidades associadas a ela e a circula\u00e7\u00e3o mar\u00edtima mant\u00e9m o tempo inst\u00e1vel e com chuva em todas as regi\u00f5es de SC, a qualquer hora do dia nesta quarta-feira (19).<\/p>\n<p>Entre a tarde e \u00e0 noite, as condi\u00e7\u00f5es para temporais aumentam, com chuva intensa, acompanhadas por raios, rajadas de vento e eventual queda de granizo, especialmente entre os planaltos e o Litoral. O risco \u00e9 moderado a alto para ocorr\u00eancias relacionadas a alagamentos, destelhamentos, queda de galhos e \u00e1rvores e enxurradas.<\/p>\n<p><img fetchpriority=\"high\" decoding=\"async\" class=\"aligncenter size-full wp-image-20483\" src=\"http:\/\/sulsc.com\/wp-content\/uploads\/2025\/02\/4-1.png\" alt=\"\" width=\"1477\" height=\"991\" srcset=\"https:\/\/sulsc.com\/wp-content\/uploads\/2025\/02\/4-1.png 1477w, https:\/\/sulsc.com\/wp-content\/uploads\/2025\/02\/4-1-300x201.png 300w, https:\/\/sulsc.com\/wp-content\/uploads\/2025\/02\/4-1-1024x687.png 1024w, https:\/\/sulsc.com\/wp-content\/uploads\/2025\/02\/4-1-768x515.png 768w\" sizes=\"(max-width: 1477px) 100vw, 1477px\" \/><\/p>\n<p><img decoding=\"async\" class=\"aligncenter wp-image-17436\" src=\"http:\/\/sulsc.com\/wp-content\/uploads\/2024\/11\/Tempo-2.png\" alt=\"\" width=\"607\" height=\"112\" srcset=\"https:\/\/sulsc.com\/wp-content\/uploads\/2024\/11\/Tempo-2.png 1024w, https:\/\/sulsc.com\/wp-content\/uploads\/2024\/11\/Tempo-2-300x55.png 300w, https:\/\/sulsc.com\/wp-content\/uploads\/2024\/11\/Tempo-2-768x142.png 768w\" sizes=\"(max-width: 607px) 100vw, 607px\" \/><\/p>\n<p><strong>Temperaturas<\/strong><\/p>\n<p>As temperaturas permanecem mais amenas na maioria das regi\u00f5es, com m\u00e1ximas entre 25 e 26\u00b0C, mas voltam a se elevar no Oeste e entre a Grande Florian\u00f3polis e o Litoral Norte, onde ficam pr\u00f3ximas dos 30\u00b0C. J\u00e1 amanh\u00e3 quinta-feira (20), o sistema se afasta ainda mais de SC e o sol aparece mais, em rela\u00e7\u00e3o aos dias anteriores.<\/p>\n<p>Fonte: Defesa Civil SC\/Meteorologista: J\u00e9ssica Silva<\/p>\n<p>Foto\/Sulsc.com<\/p>\n","protected":false},"excerpt":{"rendered":"<p>A frente fria se afasta para alto mar, mas as instabilidades associadas a ela e a circula\u00e7\u00e3o mar\u00edtima mant\u00e9m o tempo inst\u00e1vel e com chuva em todas as regi\u00f5es de SC, a qualquer hora do dia nesta quarta-feira (19). Entre a tarde e \u00e0 noite, as condi\u00e7\u00f5es para temporais aumentam, com chuva intensa, acompanhadas por &hellip;<\/p>\n<p class=\"read-more\"> <a class=\"\" href=\"https:\/\/sulsc.com\/index.php\/2025\/02\/19\/quinta-feira-com-tempo-instavel-e-temperaturas-amenas-no-litoral-sul\/\"> <span class=\"screen-reader-text\">Quinta-feira com tempo inst\u00e1vel e temperaturas amenas no Litoral Sul<\/span> Read More &raquo;<\/a><\/p>\n","protected":false},"author":3,"featured_media":13306,"comment_status":"open","ping_status":"open","sticky":false,"template":"","format":"standard","meta":{"site-sidebar-layout":"default","site-content-layout":"","ast-site-content-layout":"default","site-content-style":"default","site-sidebar-style":"default","ast-global-header-display":"","ast-banner-title-visibility":"","ast-main-header-display":"","ast-hfb-above-header-display":"","ast-hfb-below-header-display":"","ast-hfb-mobile-header-display":"","site-post-title":"","ast-breadcrumbs-content":"","ast-featured-img":"","footer-sml-layout":"","theme-transparent-header-meta":"default","adv-header-id-meta":"","stick-header-meta":"","header-above-stick-meta":"","header-main-stick-meta":"","header-below-stick-meta":"","astra-migrate-meta-layouts":"set","footnotes":""},"categories":[38],"tags":[90],"yoast_head":"<!-- This site is optimized with the Yoast SEO plugin v21.4 - https:\/\/yoast.com\/wordpress\/plugins\/seo\/ -->\n<title>Quinta-feira com tempo inst\u00e1vel e temperaturas amenas no Litoral Sul -<\/title>\n<meta name=\"description\" content=\"As temperaturas permanecem mais amenas na maioria das regi\u00f5es com m\u00e1ximas entre 25 e 26\u00b0C\" \/>\n<meta name=\"robots\" content=\"index, follow, max-snippet:-1, max-image-preview:large, max-video-preview:-1\" \/>\n<link rel=\"canonical\" href=\"https:\/\/sulsc.com\/index.php\/2025\/02\/19\/quinta-feira-com-tempo-instavel-e-temperaturas-amenas-no-litoral-sul\/\" \/>\n<meta property=\"og:locale\" content=\"en_US\" \/>\n<meta property=\"og:type\" content=\"article\" \/>\n<meta property=\"og:title\" content=\"Quinta-feira com tempo inst\u00e1vel e temperaturas amenas no Litoral Sul -\" \/>\n<meta property=\"og:description\" content=\"As temperaturas permanecem mais amenas na maioria das regi\u00f5es com m\u00e1ximas entre 25 e 26\u00b0C\" \/>\n<meta property=\"og:url\" content=\"https:\/\/sulsc.com\/index.php\/2025\/02\/19\/quinta-feira-com-tempo-instavel-e-temperaturas-amenas-no-litoral-sul\/\" \/>\n<meta property=\"article:author\" content=\"https:\/\/www.facebook.com\/profile.php?id=61559278119680\" \/>\n<meta property=\"article:published_time\" content=\"2025-02-19T10:18:39+00:00\" \/>\n<meta property=\"article:modified_time\" content=\"2025-02-19T11:16:39+00:00\" \/>\n<meta property=\"og:image\" content=\"http:\/\/sulsc.com\/wp-content\/uploads\/2024\/06\/tempo.jpg\" \/>\n\t<meta property=\"og:image:width\" content=\"1500\" \/>\n\t<meta property=\"og:image:height\" content=\"1000\" \/>\n\t<meta property=\"og:image:type\" content=\"image\/jpeg\" \/>\n<meta name=\"author\" content=\"Reda\u00e7\u00e3o Sul SC\" \/>\n<meta name=\"twitter:card\" content=\"summary_large_image\" \/>\n<meta name=\"twitter:creator\" content=\"@https:\/\/twitter.com\/PortalSulSC\" \/>\n<meta name=\"twitter:label1\" content=\"Written by\" \/>\n\t<meta name=\"twitter:data1\" content=\"Reda\u00e7\u00e3o Sul SC\" \/>\n\t<meta name=\"twitter:label2\" content=\"Est. reading time\" \/>\n\t<meta name=\"twitter:data2\" content=\"2 minutes\" \/>\n<script type=\"application\/ld+json\" class=\"yoast-schema-graph\">{\"@context\":\"https:\/\/schema.org\",\"@graph\":[{\"@type\":\"WebPage\",\"@id\":\"https:\/\/sulsc.com\/index.php\/2025\/02\/19\/quinta-feira-com-tempo-instavel-e-temperaturas-amenas-no-litoral-sul\/\",\"url\":\"https:\/\/sulsc.com\/index.php\/2025\/02\/19\/quinta-feira-com-tempo-instavel-e-temperaturas-amenas-no-litoral-sul\/\",\"name\":\"Quinta-feira com tempo inst\u00e1vel e temperaturas amenas no Litoral Sul -\",\"isPartOf\":{\"@id\":\"https:\/\/sulsc.com\/#website\"},\"datePublished\":\"2025-02-19T10:18:39+00:00\",\"dateModified\":\"2025-02-19T11:16:39+00:00\",\"author\":{\"@id\":\"https:\/\/sulsc.com\/#\/schema\/person\/84d2fc571684f6248ba83092f07750a3\"},\"description\":\"As temperaturas permanecem mais amenas na maioria das regi\u00f5es com m\u00e1ximas entre 25 e 26\u00b0C\",\"breadcrumb\":{\"@id\":\"https:\/\/sulsc.com\/index.php\/2025\/02\/19\/quinta-feira-com-tempo-instavel-e-temperaturas-amenas-no-litoral-sul\/#breadcrumb\"},\"inLanguage\":\"en-US\",\"potentialAction\":[{\"@type\":\"ReadAction\",\"target\":[\"https:\/\/sulsc.com\/index.php\/2025\/02\/19\/quinta-feira-com-tempo-instavel-e-temperaturas-amenas-no-litoral-sul\/\"]}]},{\"@type\":\"BreadcrumbList\",\"@id\":\"https:\/\/sulsc.com\/index.php\/2025\/02\/19\/quinta-feira-com-tempo-instavel-e-temperaturas-amenas-no-litoral-sul\/#breadcrumb\",\"itemListElement\":[{\"@type\":\"ListItem\",\"position\":1,\"name\":\"In\u00edcio\",\"item\":\"https:\/\/sulsc.com\/\"},{\"@type\":\"ListItem\",\"position\":2,\"name\":\"Quinta-feira com tempo inst\u00e1vel e temperaturas amenas no Litoral Sul\"}]},{\"@type\":\"WebSite\",\"@id\":\"https:\/\/sulsc.com\/#website\",\"url\":\"https:\/\/sulsc.com\/\",\"name\":\"\",\"description\":\"\",\"potentialAction\":[{\"@type\":\"SearchAction\",\"target\":{\"@type\":\"EntryPoint\",\"urlTemplate\":\"https:\/\/sulsc.com\/?s={search_term_string}\"},\"query-input\":\"required name=search_term_string\"}],\"inLanguage\":\"en-US\"},{\"@type\":\"Person\",\"@id\":\"https:\/\/sulsc.com\/#\/schema\/person\/84d2fc571684f6248ba83092f07750a3\",\"name\":\"Reda\u00e7\u00e3o Sul SC\",\"image\":{\"@type\":\"ImageObject\",\"inLanguage\":\"en-US\",\"@id\":\"https:\/\/sulsc.com\/#\/schema\/person\/image\/e08d7fe2cc4ed596372063bbe852b8d0\",\"url\":\"https:\/\/sulsc.com\/wp-content\/uploads\/2023\/09\/redacao.png\",\"contentUrl\":\"https:\/\/sulsc.com\/wp-content\/uploads\/2023\/09\/redacao.png\",\"caption\":\"Reda\u00e7\u00e3o Sul SC\"},\"description\":\"Foco em um jornalismo imparcial, voltado \u00e0 qualidade dos seus conte\u00fados e, assim, levar informa\u00e7\u00e3o de valor que agregue \u00e0 vida dos leitores. Esta \u00e9 grande miss\u00e3o do Portal de Not\u00edcias Sul SC. N\u00e3o \u00e9 quantidade que muda o mundo, sempre foi e seguir\u00e1 sendo qualidade!\",\"sameAs\":[\"https:\/\/sulsc.com\/\",\"https:\/\/www.facebook.com\/profile.php?id=61559278119680\",\"https:\/\/www.instagram.com\/sulscportal\/?hl=pt-br\",\"https:\/\/twitter.com\/https:\/\/twitter.com\/PortalSulSC\",\"https:\/\/www.youtube.com\/channel\/UCv_BE8GeySluDov2n8qhVmw\"],\"url\":\"https:\/\/sulsc.com\/index.php\/author\/redacao\/\"}]}<\/script>\n<!-- \/ Yoast SEO plugin. -->","yoast_head_json":{"title":"Quinta-feira com tempo inst\u00e1vel e temperaturas amenas no Litoral Sul -","description":"As temperaturas permanecem mais amenas na maioria das regi\u00f5es com m\u00e1ximas entre 25 e 26\u00b0C","robots":{"index":"index","follow":"follow","max-snippet":"max-snippet:-1","max-image-preview":"max-image-preview:large","max-video-preview":"max-video-preview:-1"},"canonical":"https:\/\/sulsc.com\/index.php\/2025\/02\/19\/quinta-feira-com-tempo-instavel-e-temperaturas-amenas-no-litoral-sul\/","og_locale":"en_US","og_type":"article","og_title":"Quinta-feira com tempo inst\u00e1vel e temperaturas amenas no Litoral Sul -","og_description":"As temperaturas permanecem mais amenas na maioria das regi\u00f5es com m\u00e1ximas entre 25 e 26\u00b0C","og_url":"https:\/\/sulsc.com\/index.php\/2025\/02\/19\/quinta-feira-com-tempo-instavel-e-temperaturas-amenas-no-litoral-sul\/","article_author":"https:\/\/www.facebook.com\/profile.php?id=61559278119680","article_published_time":"2025-02-19T10:18:39+00:00","article_modified_time":"2025-02-19T11:16:39+00:00","og_image":[{"width":1500,"height":1000,"url":"http:\/\/sulsc.com\/wp-content\/uploads\/2024\/06\/tempo.jpg","type":"image\/jpeg"}],"author":"Reda\u00e7\u00e3o Sul SC","twitter_card":"summary_large_image","twitter_creator":"@https:\/\/twitter.com\/PortalSulSC","twitter_misc":{"Written by":"Reda\u00e7\u00e3o Sul SC","Est. reading time":"2 minutes"},"schema":{"@context":"https:\/\/schema.org","@graph":[{"@type":"WebPage","@id":"https:\/\/sulsc.com\/index.php\/2025\/02\/19\/quinta-feira-com-tempo-instavel-e-temperaturas-amenas-no-litoral-sul\/","url":"https:\/\/sulsc.com\/index.php\/2025\/02\/19\/quinta-feira-com-tempo-instavel-e-temperaturas-amenas-no-litoral-sul\/","name":"Quinta-feira com tempo inst\u00e1vel e temperaturas amenas no Litoral Sul -","isPartOf":{"@id":"https:\/\/sulsc.com\/#website"},"datePublished":"2025-02-19T10:18:39+00:00","dateModified":"2025-02-19T11:16:39+00:00","author":{"@id":"https:\/\/sulsc.com\/#\/schema\/person\/84d2fc571684f6248ba83092f07750a3"},"description":"As temperaturas permanecem mais amenas na maioria das regi\u00f5es com m\u00e1ximas entre 25 e 26\u00b0C","breadcrumb":{"@id":"https:\/\/sulsc.com\/index.php\/2025\/02\/19\/quinta-feira-com-tempo-instavel-e-temperaturas-amenas-no-litoral-sul\/#breadcrumb"},"inLanguage":"en-US","potentialAction":[{"@type":"ReadAction","target":["https:\/\/sulsc.com\/index.php\/2025\/02\/19\/quinta-feira-com-tempo-instavel-e-temperaturas-amenas-no-litoral-sul\/"]}]},{"@type":"BreadcrumbList","@id":"https:\/\/sulsc.com\/index.php\/2025\/02\/19\/quinta-feira-com-tempo-instavel-e-temperaturas-amenas-no-litoral-sul\/#breadcrumb","itemListElement":[{"@type":"ListItem","position":1,"name":"In\u00edcio","item":"https:\/\/sulsc.com\/"},{"@type":"ListItem","position":2,"name":"Quinta-feira com tempo inst\u00e1vel e temperaturas amenas no Litoral Sul"}]},{"@type":"WebSite","@id":"https:\/\/sulsc.com\/#website","url":"https:\/\/sulsc.com\/","name":"","description":"","potentialAction":[{"@type":"SearchAction","target":{"@type":"EntryPoint","urlTemplate":"https:\/\/sulsc.com\/?s={search_term_string}"},"query-input":"required name=search_term_string"}],"inLanguage":"en-US"},{"@type":"Person","@id":"https:\/\/sulsc.com\/#\/schema\/person\/84d2fc571684f6248ba83092f07750a3","name":"Reda\u00e7\u00e3o Sul SC","image":{"@type":"ImageObject","inLanguage":"en-US","@id":"https:\/\/sulsc.com\/#\/schema\/person\/image\/e08d7fe2cc4ed596372063bbe852b8d0","url":"https:\/\/sulsc.com\/wp-content\/uploads\/2023\/09\/redacao.png","contentUrl":"https:\/\/sulsc.com\/wp-content\/uploads\/2023\/09\/redacao.png","caption":"Reda\u00e7\u00e3o Sul SC"},"description":"Foco em um jornalismo imparcial, voltado \u00e0 qualidade dos seus conte\u00fados e, assim, levar informa\u00e7\u00e3o de valor que agregue \u00e0 vida dos leitores. Esta \u00e9 grande miss\u00e3o do Portal de Not\u00edcias Sul SC. N\u00e3o \u00e9 quantidade que muda o mundo, sempre foi e seguir\u00e1 sendo qualidade!","sameAs":["https:\/\/sulsc.com\/","https:\/\/www.facebook.com\/profile.php?id=61559278119680","https:\/\/www.instagram.com\/sulscportal\/?hl=pt-br","https:\/\/twitter.com\/https:\/\/twitter.com\/PortalSulSC","https:\/\/www.youtube.com\/channel\/UCv_BE8GeySluDov2n8qhVmw"],"url":"https:\/\/sulsc.com\/index.php\/author\/redacao\/"}]}},"authors":[],"_links":{"self":[{"href":"https:\/\/sulsc.com\/index.php\/wp-json\/wp\/v2\/posts\/20482"}],"collection":[{"href":"https:\/\/sulsc.com\/index.php\/wp-json\/wp\/v2\/posts"}],"about":[{"href":"https:\/\/sulsc.com\/index.php\/wp-json\/wp\/v2\/types\/post"}],"author":[{"embeddable":true,"href":"https:\/\/sulsc.com\/index.php\/wp-json\/wp\/v2\/users\/3"}],"replies":[{"embeddable":true,"href":"https:\/\/sulsc.com\/index.php\/wp-json\/wp\/v2\/comments?post=20482"}],"version-history":[{"count":2,"href":"https:\/\/sulsc.com\/index.php\/wp-json\/wp\/v2\/posts\/20482\/revisions"}],"predecessor-version":[{"id":20489,"href":"https:\/\/sulsc.com\/index.php\/wp-json\/wp\/v2\/posts\/20482\/revisions\/20489"}],"wp:featuredmedia":[{"embeddable":true,"href":"https:\/\/sulsc.com\/index.php\/wp-json\/wp\/v2\/media\/13306"}],"wp:attachment":[{"href":"https:\/\/sulsc.com\/index.php\/wp-json\/wp\/v2\/media?parent=20482"}],"wp:term":[{"taxonomy":"category","embeddable":true,"href":"https:\/\/sulsc.com\/index.php\/wp-json\/wp\/v2\/categories?post=20482"},{"taxonomy":"post_tag","embeddable":true,"href":"https:\/\/sulsc.com\/index.php\/wp-json\/wp\/v2\/tags?post=20482"}],"curies":[{"name":"wp","href":"https:\/\/api.w.org\/{rel}","templated":true}]}}