{"id":20594,"date":"2025-02-21T18:01:39","date_gmt":"2025-02-21T21:01:39","guid":{"rendered":"https:\/\/sulsc.com\/?p=20594"},"modified":"2025-02-21T18:01:39","modified_gmt":"2025-02-21T21:01:39","slug":"mais-de-400-pessoas-sao-aguardadas-amanha-sabado-22-para-o-mutirao-de-limpeza-do-rio-tubarao","status":"publish","type":"post","link":"https:\/\/sulsc.com\/index.php\/2025\/02\/21\/mais-de-400-pessoas-sao-aguardadas-amanha-sabado-22-para-o-mutirao-de-limpeza-do-rio-tubarao\/","title":{"rendered":"Mais de 400 pessoas s\u00e3o aguardadas amanh\u00e3 s\u00e1bado (22) para o mutir\u00e3o de limpeza do Rio Tubar\u00e3o"},"content":{"rendered":"<p>Neste s\u00e1bado (22) acontece o mutir\u00e3o de limpeza no Rio Tubar\u00e3o, mais de 400 pessoas s\u00e3o aguardadas <span style=\"font-size: 16px;\">. A iniciativa tem como objetivo remover res\u00edduos acumulados ao longo das margens e refor\u00e7ar a import\u00e2ncia da preserva\u00e7\u00e3o do principal cart\u00e3o-postal da cidade.<\/span><\/p>\n<p>A a\u00e7\u00e3o ocorrer\u00e1 em quatro frentes, partindo das pontes Manoel Alves dos Santos (Morrotes) e Orlando Francalacci (Quartel), abrangendo as margens esquerda e direita do rio. O encerramento est\u00e1 programado para o meio-dia, na Pra\u00e7a Orlando Francalacci (antigo Besc), com apresenta\u00e7\u00f5es art\u00edsticas e uma confraterniza\u00e7\u00e3o em celebra\u00e7\u00e3o ao esfor\u00e7o coletivo dos volunt\u00e1rios.<\/p>\n<p>A previs\u00e3o do tempo para este s\u00e1bado (22), segundo a Epagri\/Ciram, \u00e9 de sol entre nuvens, com m\u00e1xima 28\u00baC e m\u00ednima de 20\u00baC.<\/p>\n<p>Os interessados em participar podem se inscrever por meio\u00a0<strong><a href=\"https:\/\/forms.gle\/dGMVDxmnp8rSYcRs7\">deste formul\u00e1rio<\/a><\/strong>. A inscri\u00e7\u00e3o\u00a0<strong>n\u00e3o<\/strong>\u00a0\u00e9 obrigat\u00f3ria \u2013 todos podem ir direto aos pontos de partida.<\/p>\n<figure id=\"attachment_20595\" aria-describedby=\"caption-attachment-20595\" style=\"width: 800px\" class=\"wp-caption aligncenter\"><img fetchpriority=\"high\" decoding=\"async\" class=\"size-full wp-image-20595\" src=\"http:\/\/sulsc.com\/wp-content\/uploads\/2025\/02\/Tubarao.jpg\" alt=\"\" width=\"800\" height=\"445\" srcset=\"https:\/\/sulsc.com\/wp-content\/uploads\/2025\/02\/Tubarao.jpg 800w, https:\/\/sulsc.com\/wp-content\/uploads\/2025\/02\/Tubarao-300x167.jpg 300w, https:\/\/sulsc.com\/wp-content\/uploads\/2025\/02\/Tubarao-768x427.jpg 768w\" sizes=\"(max-width: 800px) 100vw, 800px\" \/><figcaption id=\"caption-attachment-20595\" class=\"wp-caption-text\"><strong>Foto\/Assessoria PMT<\/strong><\/figcaption><\/figure>\n<h3 class=\"wp-block-heading\"><strong>Cuidados e orienta\u00e7\u00f5es para os volunt\u00e1rios<\/strong><\/h3>\n<p>Para garantir a seguran\u00e7a e o conforto dos volunt\u00e1rios durante a atividade, recomenda-se seguir algumas diretrizes:<\/p>\n<p><img decoding=\"async\" class=\"emoji\" role=\"img\" draggable=\"false\" src=\"https:\/\/s.w.org\/images\/core\/emoji\/14.0.0\/svg\/2705.svg\" alt=\"\u2705\" \/>\u00a0<strong>Cal\u00e7ados apropriados<\/strong>: Preferencialmente botas de borracha de cano longo. Caso n\u00e3o tenha, utilize t\u00eanis fechado.<br \/>\n<img decoding=\"async\" class=\"emoji\" role=\"img\" draggable=\"false\" src=\"https:\/\/s.w.org\/images\/core\/emoji\/14.0.0\/svg\/2705.svg\" alt=\"\u2705\" \/>\u00a0<strong>Roupas adequadas<\/strong>: Cal\u00e7a e meias compridas e camiseta de manga longa s\u00e3o indicadas para maior prote\u00e7\u00e3o.<br \/>\n<img decoding=\"async\" class=\"emoji\" role=\"img\" draggable=\"false\" src=\"https:\/\/s.w.org\/images\/core\/emoji\/14.0.0\/svg\/2705.svg\" alt=\"\u2705\" \/>\u00a0<strong>Protetor solar e repelente<\/strong>: Itens essenciais para evitar queimaduras solares e picadas de insetos.<br \/>\n<img decoding=\"async\" class=\"emoji\" role=\"img\" draggable=\"false\" src=\"https:\/\/s.w.org\/images\/core\/emoji\/14.0.0\/svg\/2705.svg\" alt=\"\u2705\" \/>\u00a0<strong>Hidrata\u00e7\u00e3o<\/strong>: Haver\u00e1 distribui\u00e7\u00e3o de \u00e1gua ao longo do percurso para os participantes.<\/p>\n<p>Parceiros fornecer\u00e3o luvas de prote\u00e7\u00e3o e sacos de lixo, garantindo mais seguran\u00e7a no manuseio dos res\u00edduos.<\/p>\n<p>&nbsp;<\/p>\n<h3 class=\"wp-block-heading\">Parceiros<\/h3>\n<p>O Mutir\u00e3o de Limpeza \u00e9 uma promo\u00e7\u00e3o da Prefeitura de Tubar\u00e3o, atrav\u00e9s de uma for\u00e7a-tarefa conjunta entre todas as secretarias e funda\u00e7\u00f5es. Contudo, a mobiliza\u00e7\u00e3o s\u00f3 ser\u00e1 poss\u00edvel gra\u00e7as ao apoio de grupos, entidades e empresas que fizeram doa\u00e7\u00f5es e garantiram o engajamento dos seus colaboradores e integrantes. S\u00e3o eles:<\/p>\n<ul>\n<li>49 B<\/li>\n<li>C\u00e2mara de Vereadores<\/li>\n<li>Celesc<\/li>\n<li>CDL<\/li>\n<li>Col\u00e9gio Dehon<\/li>\n<li>Comit\u00ea Estudantil Voluntariado<\/li>\n<li>Conset<\/li>\n<li>Corpo de Bombeiros<\/li>\n<li>CREA-SC<\/li>\n<li>DCE da UniSul<\/li>\n<li>Diamante<\/li>\n<li>ETCT<\/li>\n<li>Funda\u00e7\u00e3o InoversaSul<\/li>\n<li>Grupo de Pescadores<\/li>\n<li>Ivetu Inspe\u00e7\u00e3o Veicular<\/li>\n<li>Juntos Por Tubar\u00e3o<\/li>\n<li>LV Disk Chopp<\/li>\n<li>Normatec<\/li>\n<li>Ordem Demolay<\/li>\n<li>Pres\u00eddio Regional<\/li>\n<li>Running Friends<\/li>\n<li>Sanitary<\/li>\n<li>Sindimad<\/li>\n<li>Trip Burguer<\/li>\n<li>Tubar\u00e3o Saneamento<\/li>\n<li>UniSul<\/li>\n<li>Vivah KM 60<\/li>\n<\/ul>\n","protected":false},"excerpt":{"rendered":"<p>Neste s\u00e1bado (22) acontece o mutir\u00e3o de limpeza no Rio Tubar\u00e3o, mais de 400 pessoas s\u00e3o aguardadas . A iniciativa tem como objetivo remover res\u00edduos acumulados ao longo das margens e refor\u00e7ar a import\u00e2ncia da preserva\u00e7\u00e3o do principal cart\u00e3o-postal da cidade. A a\u00e7\u00e3o ocorrer\u00e1 em quatro frentes, partindo das pontes Manoel Alves dos Santos (Morrotes) &hellip;<\/p>\n<p class=\"read-more\"> <a class=\"\" href=\"https:\/\/sulsc.com\/index.php\/2025\/02\/21\/mais-de-400-pessoas-sao-aguardadas-amanha-sabado-22-para-o-mutirao-de-limpeza-do-rio-tubarao\/\"> <span class=\"screen-reader-text\">Mais de 400 pessoas s\u00e3o aguardadas amanh\u00e3 s\u00e1bado (22) para o mutir\u00e3o de limpeza do Rio Tubar\u00e3o<\/span> Read More &raquo;<\/a><\/p>\n","protected":false},"author":3,"featured_media":20595,"comment_status":"open","ping_status":"open","sticky":false,"template":"","format":"standard","meta":{"site-sidebar-layout":"default","site-content-layout":"","ast-site-content-layout":"default","site-content-style":"default","site-sidebar-style":"default","ast-global-header-display":"","ast-banner-title-visibility":"","ast-main-header-display":"","ast-hfb-above-header-display":"","ast-hfb-below-header-display":"","ast-hfb-mobile-header-display":"","site-post-title":"","ast-breadcrumbs-content":"","ast-featured-img":"","footer-sml-layout":"","theme-transparent-header-meta":"default","adv-header-id-meta":"","stick-header-meta":"","header-above-stick-meta":"","header-main-stick-meta":"","header-below-stick-meta":"","astra-migrate-meta-layouts":"set","footnotes":""},"categories":[17],"tags":[2178],"yoast_head":"<!-- This site is optimized with the Yoast SEO plugin v21.4 - https:\/\/yoast.com\/wordpress\/plugins\/seo\/ -->\n<title>Mais de 400 pessoas s\u00e3o aguardadas amanh\u00e3 s\u00e1bado (22) para o mutir\u00e3o de limpeza do Rio Tubar\u00e3o -<\/title>\n<meta name=\"description\" content=\"A a\u00e7\u00e3o ocorrer\u00e1 em quatro frentes partindo das pontes Manoel Alves dos Santos Morrote e Orlando Francalacci Quartel nas duas margens\" \/>\n<meta name=\"robots\" content=\"index, follow, max-snippet:-1, max-image-preview:large, max-video-preview:-1\" \/>\n<link rel=\"canonical\" href=\"https:\/\/sulsc.com\/index.php\/2025\/02\/21\/mais-de-400-pessoas-sao-aguardadas-amanha-sabado-22-para-o-mutirao-de-limpeza-do-rio-tubarao\/\" \/>\n<meta property=\"og:locale\" content=\"en_US\" \/>\n<meta property=\"og:type\" content=\"article\" \/>\n<meta property=\"og:title\" content=\"Mais de 400 pessoas s\u00e3o aguardadas amanh\u00e3 s\u00e1bado (22) para o mutir\u00e3o de limpeza do Rio Tubar\u00e3o -\" \/>\n<meta property=\"og:description\" content=\"A a\u00e7\u00e3o ocorrer\u00e1 em quatro frentes partindo das pontes Manoel Alves dos Santos Morrote e Orlando Francalacci Quartel nas duas margens\" \/>\n<meta property=\"og:url\" content=\"https:\/\/sulsc.com\/index.php\/2025\/02\/21\/mais-de-400-pessoas-sao-aguardadas-amanha-sabado-22-para-o-mutirao-de-limpeza-do-rio-tubarao\/\" \/>\n<meta property=\"article:author\" content=\"https:\/\/www.facebook.com\/profile.php?id=61559278119680\" \/>\n<meta property=\"article:published_time\" content=\"2025-02-21T21:01:39+00:00\" \/>\n<meta property=\"og:image\" content=\"http:\/\/sulsc.com\/wp-content\/uploads\/2025\/02\/Tubarao.jpg\" \/>\n\t<meta property=\"og:image:width\" content=\"800\" \/>\n\t<meta property=\"og:image:height\" content=\"445\" \/>\n\t<meta property=\"og:image:type\" content=\"image\/jpeg\" \/>\n<meta name=\"author\" content=\"Reda\u00e7\u00e3o Sul SC\" \/>\n<meta name=\"twitter:card\" content=\"summary_large_image\" \/>\n<meta name=\"twitter:creator\" content=\"@https:\/\/twitter.com\/PortalSulSC\" \/>\n<meta name=\"twitter:label1\" content=\"Written by\" \/>\n\t<meta name=\"twitter:data1\" content=\"Reda\u00e7\u00e3o Sul SC\" \/>\n\t<meta name=\"twitter:label2\" content=\"Est. reading time\" \/>\n\t<meta name=\"twitter:data2\" content=\"3 minutes\" \/>\n<script type=\"application\/ld+json\" class=\"yoast-schema-graph\">{\"@context\":\"https:\/\/schema.org\",\"@graph\":[{\"@type\":\"WebPage\",\"@id\":\"https:\/\/sulsc.com\/index.php\/2025\/02\/21\/mais-de-400-pessoas-sao-aguardadas-amanha-sabado-22-para-o-mutirao-de-limpeza-do-rio-tubarao\/\",\"url\":\"https:\/\/sulsc.com\/index.php\/2025\/02\/21\/mais-de-400-pessoas-sao-aguardadas-amanha-sabado-22-para-o-mutirao-de-limpeza-do-rio-tubarao\/\",\"name\":\"Mais de 400 pessoas s\u00e3o aguardadas amanh\u00e3 s\u00e1bado (22) para o mutir\u00e3o de limpeza do Rio Tubar\u00e3o -\",\"isPartOf\":{\"@id\":\"https:\/\/sulsc.com\/#website\"},\"datePublished\":\"2025-02-21T21:01:39+00:00\",\"dateModified\":\"2025-02-21T21:01:39+00:00\",\"author\":{\"@id\":\"https:\/\/sulsc.com\/#\/schema\/person\/84d2fc571684f6248ba83092f07750a3\"},\"description\":\"A a\u00e7\u00e3o ocorrer\u00e1 em quatro frentes partindo das pontes Manoel Alves dos Santos Morrote e Orlando Francalacci Quartel nas duas margens\",\"breadcrumb\":{\"@id\":\"https:\/\/sulsc.com\/index.php\/2025\/02\/21\/mais-de-400-pessoas-sao-aguardadas-amanha-sabado-22-para-o-mutirao-de-limpeza-do-rio-tubarao\/#breadcrumb\"},\"inLanguage\":\"en-US\",\"potentialAction\":[{\"@type\":\"ReadAction\",\"target\":[\"https:\/\/sulsc.com\/index.php\/2025\/02\/21\/mais-de-400-pessoas-sao-aguardadas-amanha-sabado-22-para-o-mutirao-de-limpeza-do-rio-tubarao\/\"]}]},{\"@type\":\"BreadcrumbList\",\"@id\":\"https:\/\/sulsc.com\/index.php\/2025\/02\/21\/mais-de-400-pessoas-sao-aguardadas-amanha-sabado-22-para-o-mutirao-de-limpeza-do-rio-tubarao\/#breadcrumb\",\"itemListElement\":[{\"@type\":\"ListItem\",\"position\":1,\"name\":\"In\u00edcio\",\"item\":\"https:\/\/sulsc.com\/\"},{\"@type\":\"ListItem\",\"position\":2,\"name\":\"Mais de 400 pessoas s\u00e3o aguardadas amanh\u00e3 s\u00e1bado (22) para o mutir\u00e3o de limpeza do Rio Tubar\u00e3o\"}]},{\"@type\":\"WebSite\",\"@id\":\"https:\/\/sulsc.com\/#website\",\"url\":\"https:\/\/sulsc.com\/\",\"name\":\"\",\"description\":\"\",\"potentialAction\":[{\"@type\":\"SearchAction\",\"target\":{\"@type\":\"EntryPoint\",\"urlTemplate\":\"https:\/\/sulsc.com\/?s={search_term_string}\"},\"query-input\":\"required name=search_term_string\"}],\"inLanguage\":\"en-US\"},{\"@type\":\"Person\",\"@id\":\"https:\/\/sulsc.com\/#\/schema\/person\/84d2fc571684f6248ba83092f07750a3\",\"name\":\"Reda\u00e7\u00e3o Sul SC\",\"image\":{\"@type\":\"ImageObject\",\"inLanguage\":\"en-US\",\"@id\":\"https:\/\/sulsc.com\/#\/schema\/person\/image\/e08d7fe2cc4ed596372063bbe852b8d0\",\"url\":\"https:\/\/sulsc.com\/wp-content\/uploads\/2023\/09\/redacao.png\",\"contentUrl\":\"https:\/\/sulsc.com\/wp-content\/uploads\/2023\/09\/redacao.png\",\"caption\":\"Reda\u00e7\u00e3o Sul SC\"},\"description\":\"Foco em um jornalismo imparcial, voltado \u00e0 qualidade dos seus conte\u00fados e, assim, levar informa\u00e7\u00e3o de valor que agregue \u00e0 vida dos leitores. Esta \u00e9 grande miss\u00e3o do Portal de Not\u00edcias Sul SC. N\u00e3o \u00e9 quantidade que muda o mundo, sempre foi e seguir\u00e1 sendo qualidade!\",\"sameAs\":[\"https:\/\/sulsc.com\/\",\"https:\/\/www.facebook.com\/profile.php?id=61559278119680\",\"https:\/\/www.instagram.com\/sulscportal\/?hl=pt-br\",\"https:\/\/twitter.com\/https:\/\/twitter.com\/PortalSulSC\",\"https:\/\/www.youtube.com\/channel\/UCv_BE8GeySluDov2n8qhVmw\"],\"url\":\"https:\/\/sulsc.com\/index.php\/author\/redacao\/\"}]}<\/script>\n<!-- \/ Yoast SEO plugin. -->","yoast_head_json":{"title":"Mais de 400 pessoas s\u00e3o aguardadas amanh\u00e3 s\u00e1bado (22) para o mutir\u00e3o de limpeza do Rio Tubar\u00e3o -","description":"A a\u00e7\u00e3o ocorrer\u00e1 em quatro frentes partindo das pontes Manoel Alves dos Santos Morrote e Orlando Francalacci Quartel nas duas margens","robots":{"index":"index","follow":"follow","max-snippet":"max-snippet:-1","max-image-preview":"max-image-preview:large","max-video-preview":"max-video-preview:-1"},"canonical":"https:\/\/sulsc.com\/index.php\/2025\/02\/21\/mais-de-400-pessoas-sao-aguardadas-amanha-sabado-22-para-o-mutirao-de-limpeza-do-rio-tubarao\/","og_locale":"en_US","og_type":"article","og_title":"Mais de 400 pessoas s\u00e3o aguardadas amanh\u00e3 s\u00e1bado (22) para o mutir\u00e3o de limpeza do Rio Tubar\u00e3o -","og_description":"A a\u00e7\u00e3o ocorrer\u00e1 em quatro frentes partindo das pontes Manoel Alves dos Santos Morrote e Orlando Francalacci Quartel nas duas margens","og_url":"https:\/\/sulsc.com\/index.php\/2025\/02\/21\/mais-de-400-pessoas-sao-aguardadas-amanha-sabado-22-para-o-mutirao-de-limpeza-do-rio-tubarao\/","article_author":"https:\/\/www.facebook.com\/profile.php?id=61559278119680","article_published_time":"2025-02-21T21:01:39+00:00","og_image":[{"width":800,"height":445,"url":"http:\/\/sulsc.com\/wp-content\/uploads\/2025\/02\/Tubarao.jpg","type":"image\/jpeg"}],"author":"Reda\u00e7\u00e3o Sul SC","twitter_card":"summary_large_image","twitter_creator":"@https:\/\/twitter.com\/PortalSulSC","twitter_misc":{"Written by":"Reda\u00e7\u00e3o Sul SC","Est. reading time":"3 minutes"},"schema":{"@context":"https:\/\/schema.org","@graph":[{"@type":"WebPage","@id":"https:\/\/sulsc.com\/index.php\/2025\/02\/21\/mais-de-400-pessoas-sao-aguardadas-amanha-sabado-22-para-o-mutirao-de-limpeza-do-rio-tubarao\/","url":"https:\/\/sulsc.com\/index.php\/2025\/02\/21\/mais-de-400-pessoas-sao-aguardadas-amanha-sabado-22-para-o-mutirao-de-limpeza-do-rio-tubarao\/","name":"Mais de 400 pessoas s\u00e3o aguardadas amanh\u00e3 s\u00e1bado (22) para o mutir\u00e3o de limpeza do Rio Tubar\u00e3o -","isPartOf":{"@id":"https:\/\/sulsc.com\/#website"},"datePublished":"2025-02-21T21:01:39+00:00","dateModified":"2025-02-21T21:01:39+00:00","author":{"@id":"https:\/\/sulsc.com\/#\/schema\/person\/84d2fc571684f6248ba83092f07750a3"},"description":"A a\u00e7\u00e3o ocorrer\u00e1 em quatro frentes partindo das pontes Manoel Alves dos Santos Morrote e Orlando Francalacci Quartel nas duas margens","breadcrumb":{"@id":"https:\/\/sulsc.com\/index.php\/2025\/02\/21\/mais-de-400-pessoas-sao-aguardadas-amanha-sabado-22-para-o-mutirao-de-limpeza-do-rio-tubarao\/#breadcrumb"},"inLanguage":"en-US","potentialAction":[{"@type":"ReadAction","target":["https:\/\/sulsc.com\/index.php\/2025\/02\/21\/mais-de-400-pessoas-sao-aguardadas-amanha-sabado-22-para-o-mutirao-de-limpeza-do-rio-tubarao\/"]}]},{"@type":"BreadcrumbList","@id":"https:\/\/sulsc.com\/index.php\/2025\/02\/21\/mais-de-400-pessoas-sao-aguardadas-amanha-sabado-22-para-o-mutirao-de-limpeza-do-rio-tubarao\/#breadcrumb","itemListElement":[{"@type":"ListItem","position":1,"name":"In\u00edcio","item":"https:\/\/sulsc.com\/"},{"@type":"ListItem","position":2,"name":"Mais de 400 pessoas s\u00e3o aguardadas amanh\u00e3 s\u00e1bado (22) para o mutir\u00e3o de limpeza do Rio Tubar\u00e3o"}]},{"@type":"WebSite","@id":"https:\/\/sulsc.com\/#website","url":"https:\/\/sulsc.com\/","name":"","description":"","potentialAction":[{"@type":"SearchAction","target":{"@type":"EntryPoint","urlTemplate":"https:\/\/sulsc.com\/?s={search_term_string}"},"query-input":"required name=search_term_string"}],"inLanguage":"en-US"},{"@type":"Person","@id":"https:\/\/sulsc.com\/#\/schema\/person\/84d2fc571684f6248ba83092f07750a3","name":"Reda\u00e7\u00e3o Sul SC","image":{"@type":"ImageObject","inLanguage":"en-US","@id":"https:\/\/sulsc.com\/#\/schema\/person\/image\/e08d7fe2cc4ed596372063bbe852b8d0","url":"https:\/\/sulsc.com\/wp-content\/uploads\/2023\/09\/redacao.png","contentUrl":"https:\/\/sulsc.com\/wp-content\/uploads\/2023\/09\/redacao.png","caption":"Reda\u00e7\u00e3o Sul SC"},"description":"Foco em um jornalismo imparcial, voltado \u00e0 qualidade dos seus conte\u00fados e, assim, levar informa\u00e7\u00e3o de valor que agregue \u00e0 vida dos leitores. Esta \u00e9 grande miss\u00e3o do Portal de Not\u00edcias Sul SC. N\u00e3o \u00e9 quantidade que muda o mundo, sempre foi e seguir\u00e1 sendo qualidade!","sameAs":["https:\/\/sulsc.com\/","https:\/\/www.facebook.com\/profile.php?id=61559278119680","https:\/\/www.instagram.com\/sulscportal\/?hl=pt-br","https:\/\/twitter.com\/https:\/\/twitter.com\/PortalSulSC","https:\/\/www.youtube.com\/channel\/UCv_BE8GeySluDov2n8qhVmw"],"url":"https:\/\/sulsc.com\/index.php\/author\/redacao\/"}]}},"authors":[],"_links":{"self":[{"href":"https:\/\/sulsc.com\/index.php\/wp-json\/wp\/v2\/posts\/20594"}],"collection":[{"href":"https:\/\/sulsc.com\/index.php\/wp-json\/wp\/v2\/posts"}],"about":[{"href":"https:\/\/sulsc.com\/index.php\/wp-json\/wp\/v2\/types\/post"}],"author":[{"embeddable":true,"href":"https:\/\/sulsc.com\/index.php\/wp-json\/wp\/v2\/users\/3"}],"replies":[{"embeddable":true,"href":"https:\/\/sulsc.com\/index.php\/wp-json\/wp\/v2\/comments?post=20594"}],"version-history":[{"count":1,"href":"https:\/\/sulsc.com\/index.php\/wp-json\/wp\/v2\/posts\/20594\/revisions"}],"predecessor-version":[{"id":20596,"href":"https:\/\/sulsc.com\/index.php\/wp-json\/wp\/v2\/posts\/20594\/revisions\/20596"}],"wp:featuredmedia":[{"embeddable":true,"href":"https:\/\/sulsc.com\/index.php\/wp-json\/wp\/v2\/media\/20595"}],"wp:attachment":[{"href":"https:\/\/sulsc.com\/index.php\/wp-json\/wp\/v2\/media?parent=20594"}],"wp:term":[{"taxonomy":"category","embeddable":true,"href":"https:\/\/sulsc.com\/index.php\/wp-json\/wp\/v2\/categories?post=20594"},{"taxonomy":"post_tag","embeddable":true,"href":"https:\/\/sulsc.com\/index.php\/wp-json\/wp\/v2\/tags?post=20594"}],"curies":[{"name":"wp","href":"https:\/\/api.w.org\/{rel}","templated":true}]}}