{"id":20597,"date":"2025-02-22T09:03:06","date_gmt":"2025-02-22T12:03:06","guid":{"rendered":"https:\/\/sulsc.com\/?p=20597"},"modified":"2025-02-22T09:05:35","modified_gmt":"2025-02-22T12:05:35","slug":"20597","status":"publish","type":"post","link":"https:\/\/sulsc.com\/index.php\/2025\/02\/22\/20597\/","title":{"rendered":"S\u00e1bado (22) entre nuvens com condi\u00e7\u00e3o de chuva isolada na regi\u00e3o litor\u00e2nea"},"content":{"rendered":"<p>A circula\u00e7\u00e3o mar\u00edtima (deslocamento de umidade do mar para o continente) favorece a presen\u00e7a e varia\u00e7\u00e3o de nuvens, bem como a condi\u00e7\u00e3o para chuva isolada por alguns momentos no Litoral e \u00e1reas pr\u00f3ximas neste s\u00e1bado (22).<\/p>\n<p>Nas demais regi\u00f5es, o sol predomina elevando as temperaturas, o que resulta em pancadas de chuva e trovoadas isoladas entre a tarde e a noite, sobretudo nas \u00e1reas de divisa com o PR. O risco para ocorr\u00eancias associadas \u00e0 chuva e aos temporais \u00e9 baixo.<\/p>\n<p><img fetchpriority=\"high\" decoding=\"async\" class=\"aligncenter size-full wp-image-20598\" src=\"http:\/\/sulsc.com\/wp-content\/uploads\/2025\/02\/Sab.png\" alt=\"\" width=\"1024\" height=\"694\" srcset=\"https:\/\/sulsc.com\/wp-content\/uploads\/2025\/02\/Sab.png 1024w, https:\/\/sulsc.com\/wp-content\/uploads\/2025\/02\/Sab-300x203.png 300w, https:\/\/sulsc.com\/wp-content\/uploads\/2025\/02\/Sab-768x521.png 768w\" sizes=\"(max-width: 1024px) 100vw, 1024px\" \/><\/p>\n<p><img decoding=\"async\" class=\"aligncenter wp-image-17436\" src=\"http:\/\/sulsc.com\/wp-content\/uploads\/2024\/11\/Tempo-2.png\" alt=\"\" width=\"569\" height=\"105\" srcset=\"https:\/\/sulsc.com\/wp-content\/uploads\/2024\/11\/Tempo-2.png 1024w, https:\/\/sulsc.com\/wp-content\/uploads\/2024\/11\/Tempo-2-300x55.png 300w, https:\/\/sulsc.com\/wp-content\/uploads\/2024\/11\/Tempo-2-768x142.png 768w\" sizes=\"(max-width: 569px) 100vw, 569px\" \/><\/p>\n<p><strong>Temperaturas<\/strong><\/p>\n<p>As temperaturas permanecem subindo gradativamente e se aproximam dos 30\u00b0C em todo estado. No Oeste sobem ainda mais e as m\u00e1ximas variam entre 32 e 36\u00b0C. J\u00e1 amanh\u00e3 domingo (23), no litoral teremos sol com presen\u00e7a e varia\u00e7\u00e3o de nuvens com\u00a0 condi\u00e7\u00e3o de chuva isolada.<\/p>\n<p>Fonte: Defesa Civil SC\/Meteorologista: Francine Sacco<\/p>\n<p>Foto\/Sulsc.com<\/p>\n","protected":false},"excerpt":{"rendered":"<p>A circula\u00e7\u00e3o mar\u00edtima (deslocamento de umidade do mar para o continente) favorece a presen\u00e7a e varia\u00e7\u00e3o de nuvens, bem como a condi\u00e7\u00e3o para chuva isolada por alguns momentos no Litoral e \u00e1reas pr\u00f3ximas neste s\u00e1bado (22). Nas demais regi\u00f5es, o sol predomina elevando as temperaturas, o que resulta em pancadas de chuva e trovoadas isoladas &hellip;<\/p>\n<p class=\"read-more\"> <a class=\"\" href=\"https:\/\/sulsc.com\/index.php\/2025\/02\/22\/20597\/\"> <span class=\"screen-reader-text\">S\u00e1bado (22) entre nuvens com condi\u00e7\u00e3o de chuva isolada na regi\u00e3o litor\u00e2nea<\/span> Read More &raquo;<\/a><\/p>\n","protected":false},"author":3,"featured_media":20599,"comment_status":"open","ping_status":"open","sticky":false,"template":"","format":"standard","meta":{"site-sidebar-layout":"default","site-content-layout":"","ast-site-content-layout":"default","site-content-style":"default","site-sidebar-style":"default","ast-global-header-display":"","ast-banner-title-visibility":"","ast-main-header-display":"","ast-hfb-above-header-display":"","ast-hfb-below-header-display":"","ast-hfb-mobile-header-display":"","site-post-title":"","ast-breadcrumbs-content":"","ast-featured-img":"","footer-sml-layout":"","theme-transparent-header-meta":"default","adv-header-id-meta":"","stick-header-meta":"","header-above-stick-meta":"","header-main-stick-meta":"","header-below-stick-meta":"","astra-migrate-meta-layouts":"set","footnotes":""},"categories":[38],"tags":[90],"yoast_head":"<!-- This site is optimized with the Yoast SEO plugin v21.4 - https:\/\/yoast.com\/wordpress\/plugins\/seo\/ -->\n<title>S\u00e1bado (22) entre nuvens com condi\u00e7\u00e3o de chuva isolada na regi\u00e3o litor\u00e2nea -<\/title>\n<meta name=\"description\" content=\"As temperaturas permanecem subindo gradativamente e se aproximam dos 30\u00b0C em todo estado\" \/>\n<meta name=\"robots\" content=\"index, follow, max-snippet:-1, max-image-preview:large, max-video-preview:-1\" \/>\n<link rel=\"canonical\" href=\"https:\/\/sulsc.com\/index.php\/2025\/02\/22\/20597\/\" \/>\n<meta property=\"og:locale\" content=\"en_US\" \/>\n<meta property=\"og:type\" content=\"article\" \/>\n<meta property=\"og:title\" content=\"S\u00e1bado (22) entre nuvens com condi\u00e7\u00e3o de chuva isolada na regi\u00e3o litor\u00e2nea -\" \/>\n<meta property=\"og:description\" content=\"As temperaturas permanecem subindo gradativamente e se aproximam dos 30\u00b0C em todo estado\" \/>\n<meta property=\"og:url\" content=\"https:\/\/sulsc.com\/index.php\/2025\/02\/22\/20597\/\" \/>\n<meta property=\"article:author\" content=\"https:\/\/www.facebook.com\/profile.php?id=61559278119680\" \/>\n<meta property=\"article:published_time\" content=\"2025-02-22T12:03:06+00:00\" \/>\n<meta property=\"article:modified_time\" content=\"2025-02-22T12:05:35+00:00\" \/>\n<meta property=\"og:image\" content=\"http:\/\/sulsc.com\/wp-content\/uploads\/2025\/02\/1d6bcc2e-f573-44d1-b1fd-e4891e50682a.jpg\" \/>\n\t<meta property=\"og:image:width\" content=\"719\" \/>\n\t<meta property=\"og:image:height\" content=\"1600\" \/>\n\t<meta property=\"og:image:type\" content=\"image\/jpeg\" \/>\n<meta name=\"author\" content=\"Reda\u00e7\u00e3o Sul SC\" \/>\n<meta name=\"twitter:card\" content=\"summary_large_image\" \/>\n<meta name=\"twitter:creator\" content=\"@https:\/\/twitter.com\/PortalSulSC\" \/>\n<meta name=\"twitter:label1\" content=\"Written by\" \/>\n\t<meta name=\"twitter:data1\" content=\"Reda\u00e7\u00e3o Sul SC\" \/>\n\t<meta name=\"twitter:label2\" content=\"Est. reading time\" \/>\n\t<meta name=\"twitter:data2\" content=\"1 minute\" \/>\n<script type=\"application\/ld+json\" class=\"yoast-schema-graph\">{\"@context\":\"https:\/\/schema.org\",\"@graph\":[{\"@type\":\"WebPage\",\"@id\":\"https:\/\/sulsc.com\/index.php\/2025\/02\/22\/20597\/\",\"url\":\"https:\/\/sulsc.com\/index.php\/2025\/02\/22\/20597\/\",\"name\":\"S\u00e1bado (22) entre nuvens com condi\u00e7\u00e3o de chuva isolada na regi\u00e3o litor\u00e2nea -\",\"isPartOf\":{\"@id\":\"https:\/\/sulsc.com\/#website\"},\"datePublished\":\"2025-02-22T12:03:06+00:00\",\"dateModified\":\"2025-02-22T12:05:35+00:00\",\"author\":{\"@id\":\"https:\/\/sulsc.com\/#\/schema\/person\/84d2fc571684f6248ba83092f07750a3\"},\"description\":\"As temperaturas permanecem subindo gradativamente e se aproximam dos 30\u00b0C em todo estado\",\"breadcrumb\":{\"@id\":\"https:\/\/sulsc.com\/index.php\/2025\/02\/22\/20597\/#breadcrumb\"},\"inLanguage\":\"en-US\",\"potentialAction\":[{\"@type\":\"ReadAction\",\"target\":[\"https:\/\/sulsc.com\/index.php\/2025\/02\/22\/20597\/\"]}]},{\"@type\":\"BreadcrumbList\",\"@id\":\"https:\/\/sulsc.com\/index.php\/2025\/02\/22\/20597\/#breadcrumb\",\"itemListElement\":[{\"@type\":\"ListItem\",\"position\":1,\"name\":\"In\u00edcio\",\"item\":\"https:\/\/sulsc.com\/\"},{\"@type\":\"ListItem\",\"position\":2,\"name\":\"S\u00e1bado (22) entre nuvens com condi\u00e7\u00e3o de chuva isolada na regi\u00e3o litor\u00e2nea\"}]},{\"@type\":\"WebSite\",\"@id\":\"https:\/\/sulsc.com\/#website\",\"url\":\"https:\/\/sulsc.com\/\",\"name\":\"\",\"description\":\"\",\"potentialAction\":[{\"@type\":\"SearchAction\",\"target\":{\"@type\":\"EntryPoint\",\"urlTemplate\":\"https:\/\/sulsc.com\/?s={search_term_string}\"},\"query-input\":\"required name=search_term_string\"}],\"inLanguage\":\"en-US\"},{\"@type\":\"Person\",\"@id\":\"https:\/\/sulsc.com\/#\/schema\/person\/84d2fc571684f6248ba83092f07750a3\",\"name\":\"Reda\u00e7\u00e3o Sul SC\",\"image\":{\"@type\":\"ImageObject\",\"inLanguage\":\"en-US\",\"@id\":\"https:\/\/sulsc.com\/#\/schema\/person\/image\/e08d7fe2cc4ed596372063bbe852b8d0\",\"url\":\"https:\/\/sulsc.com\/wp-content\/uploads\/2023\/09\/redacao.png\",\"contentUrl\":\"https:\/\/sulsc.com\/wp-content\/uploads\/2023\/09\/redacao.png\",\"caption\":\"Reda\u00e7\u00e3o Sul SC\"},\"description\":\"Foco em um jornalismo imparcial, voltado \u00e0 qualidade dos seus conte\u00fados e, assim, levar informa\u00e7\u00e3o de valor que agregue \u00e0 vida dos leitores. Esta \u00e9 grande miss\u00e3o do Portal de Not\u00edcias Sul SC. N\u00e3o \u00e9 quantidade que muda o mundo, sempre foi e seguir\u00e1 sendo qualidade!\",\"sameAs\":[\"https:\/\/sulsc.com\/\",\"https:\/\/www.facebook.com\/profile.php?id=61559278119680\",\"https:\/\/www.instagram.com\/sulscportal\/?hl=pt-br\",\"https:\/\/twitter.com\/https:\/\/twitter.com\/PortalSulSC\",\"https:\/\/www.youtube.com\/channel\/UCv_BE8GeySluDov2n8qhVmw\"],\"url\":\"https:\/\/sulsc.com\/index.php\/author\/redacao\/\"}]}<\/script>\n<!-- \/ Yoast SEO plugin. -->","yoast_head_json":{"title":"S\u00e1bado (22) entre nuvens com condi\u00e7\u00e3o de chuva isolada na regi\u00e3o litor\u00e2nea -","description":"As temperaturas permanecem subindo gradativamente e se aproximam dos 30\u00b0C em todo estado","robots":{"index":"index","follow":"follow","max-snippet":"max-snippet:-1","max-image-preview":"max-image-preview:large","max-video-preview":"max-video-preview:-1"},"canonical":"https:\/\/sulsc.com\/index.php\/2025\/02\/22\/20597\/","og_locale":"en_US","og_type":"article","og_title":"S\u00e1bado (22) entre nuvens com condi\u00e7\u00e3o de chuva isolada na regi\u00e3o litor\u00e2nea -","og_description":"As temperaturas permanecem subindo gradativamente e se aproximam dos 30\u00b0C em todo estado","og_url":"https:\/\/sulsc.com\/index.php\/2025\/02\/22\/20597\/","article_author":"https:\/\/www.facebook.com\/profile.php?id=61559278119680","article_published_time":"2025-02-22T12:03:06+00:00","article_modified_time":"2025-02-22T12:05:35+00:00","og_image":[{"width":719,"height":1600,"url":"http:\/\/sulsc.com\/wp-content\/uploads\/2025\/02\/1d6bcc2e-f573-44d1-b1fd-e4891e50682a.jpg","type":"image\/jpeg"}],"author":"Reda\u00e7\u00e3o Sul SC","twitter_card":"summary_large_image","twitter_creator":"@https:\/\/twitter.com\/PortalSulSC","twitter_misc":{"Written by":"Reda\u00e7\u00e3o Sul SC","Est. reading time":"1 minute"},"schema":{"@context":"https:\/\/schema.org","@graph":[{"@type":"WebPage","@id":"https:\/\/sulsc.com\/index.php\/2025\/02\/22\/20597\/","url":"https:\/\/sulsc.com\/index.php\/2025\/02\/22\/20597\/","name":"S\u00e1bado (22) entre nuvens com condi\u00e7\u00e3o de chuva isolada na regi\u00e3o litor\u00e2nea -","isPartOf":{"@id":"https:\/\/sulsc.com\/#website"},"datePublished":"2025-02-22T12:03:06+00:00","dateModified":"2025-02-22T12:05:35+00:00","author":{"@id":"https:\/\/sulsc.com\/#\/schema\/person\/84d2fc571684f6248ba83092f07750a3"},"description":"As temperaturas permanecem subindo gradativamente e se aproximam dos 30\u00b0C em todo estado","breadcrumb":{"@id":"https:\/\/sulsc.com\/index.php\/2025\/02\/22\/20597\/#breadcrumb"},"inLanguage":"en-US","potentialAction":[{"@type":"ReadAction","target":["https:\/\/sulsc.com\/index.php\/2025\/02\/22\/20597\/"]}]},{"@type":"BreadcrumbList","@id":"https:\/\/sulsc.com\/index.php\/2025\/02\/22\/20597\/#breadcrumb","itemListElement":[{"@type":"ListItem","position":1,"name":"In\u00edcio","item":"https:\/\/sulsc.com\/"},{"@type":"ListItem","position":2,"name":"S\u00e1bado (22) entre nuvens com condi\u00e7\u00e3o de chuva isolada na regi\u00e3o litor\u00e2nea"}]},{"@type":"WebSite","@id":"https:\/\/sulsc.com\/#website","url":"https:\/\/sulsc.com\/","name":"","description":"","potentialAction":[{"@type":"SearchAction","target":{"@type":"EntryPoint","urlTemplate":"https:\/\/sulsc.com\/?s={search_term_string}"},"query-input":"required name=search_term_string"}],"inLanguage":"en-US"},{"@type":"Person","@id":"https:\/\/sulsc.com\/#\/schema\/person\/84d2fc571684f6248ba83092f07750a3","name":"Reda\u00e7\u00e3o Sul SC","image":{"@type":"ImageObject","inLanguage":"en-US","@id":"https:\/\/sulsc.com\/#\/schema\/person\/image\/e08d7fe2cc4ed596372063bbe852b8d0","url":"https:\/\/sulsc.com\/wp-content\/uploads\/2023\/09\/redacao.png","contentUrl":"https:\/\/sulsc.com\/wp-content\/uploads\/2023\/09\/redacao.png","caption":"Reda\u00e7\u00e3o Sul SC"},"description":"Foco em um jornalismo imparcial, voltado \u00e0 qualidade dos seus conte\u00fados e, assim, levar informa\u00e7\u00e3o de valor que agregue \u00e0 vida dos leitores. Esta \u00e9 grande miss\u00e3o do Portal de Not\u00edcias Sul SC. N\u00e3o \u00e9 quantidade que muda o mundo, sempre foi e seguir\u00e1 sendo qualidade!","sameAs":["https:\/\/sulsc.com\/","https:\/\/www.facebook.com\/profile.php?id=61559278119680","https:\/\/www.instagram.com\/sulscportal\/?hl=pt-br","https:\/\/twitter.com\/https:\/\/twitter.com\/PortalSulSC","https:\/\/www.youtube.com\/channel\/UCv_BE8GeySluDov2n8qhVmw"],"url":"https:\/\/sulsc.com\/index.php\/author\/redacao\/"}]}},"authors":[],"_links":{"self":[{"href":"https:\/\/sulsc.com\/index.php\/wp-json\/wp\/v2\/posts\/20597"}],"collection":[{"href":"https:\/\/sulsc.com\/index.php\/wp-json\/wp\/v2\/posts"}],"about":[{"href":"https:\/\/sulsc.com\/index.php\/wp-json\/wp\/v2\/types\/post"}],"author":[{"embeddable":true,"href":"https:\/\/sulsc.com\/index.php\/wp-json\/wp\/v2\/users\/3"}],"replies":[{"embeddable":true,"href":"https:\/\/sulsc.com\/index.php\/wp-json\/wp\/v2\/comments?post=20597"}],"version-history":[{"count":3,"href":"https:\/\/sulsc.com\/index.php\/wp-json\/wp\/v2\/posts\/20597\/revisions"}],"predecessor-version":[{"id":20602,"href":"https:\/\/sulsc.com\/index.php\/wp-json\/wp\/v2\/posts\/20597\/revisions\/20602"}],"wp:featuredmedia":[{"embeddable":true,"href":"https:\/\/sulsc.com\/index.php\/wp-json\/wp\/v2\/media\/20599"}],"wp:attachment":[{"href":"https:\/\/sulsc.com\/index.php\/wp-json\/wp\/v2\/media?parent=20597"}],"wp:term":[{"taxonomy":"category","embeddable":true,"href":"https:\/\/sulsc.com\/index.php\/wp-json\/wp\/v2\/categories?post=20597"},{"taxonomy":"post_tag","embeddable":true,"href":"https:\/\/sulsc.com\/index.php\/wp-json\/wp\/v2\/tags?post=20597"}],"curies":[{"name":"wp","href":"https:\/\/api.w.org\/{rel}","templated":true}]}}