{"id":20615,"date":"2025-02-23T09:19:22","date_gmt":"2025-02-23T12:19:22","guid":{"rendered":"https:\/\/sulsc.com\/?p=20615"},"modified":"2025-02-23T09:19:22","modified_gmt":"2025-02-23T12:19:22","slug":"domingo-de-sol-e-chuva-isolada-em-santa-catarina","status":"publish","type":"post","link":"https:\/\/sulsc.com\/index.php\/2025\/02\/23\/domingo-de-sol-e-chuva-isolada-em-santa-catarina\/","title":{"rendered":"Domingo de sol e chuva isolada em Santa Catarina"},"content":{"rendered":"<p>Neste domingo (23), o Litoral de Santa Catarina e \u00e1reas pr\u00f3ximas estar\u00e3o sob a influ\u00eancia da circula\u00e7\u00e3o mar\u00edtima, o que significa que o c\u00e9u ter\u00e1 varia\u00e7\u00e3o de nuvens e h\u00e1 possibilidade de chuva isolada, com momentos de melhoria. J\u00e1 no Grande Oeste, o sol predominar\u00e1 e as temperaturas estar\u00e3o ainda mais elevadas do que nos dias anteriores, o que aumenta a chance de pancadas de chuva e temporais isolados entre a tarde e a noite. Apesar da previs\u00e3o de chuva, o risco de ocorr\u00eancias associadas a ela e aos temporais \u00e9 considerado baixo.<\/p>\n<p><img fetchpriority=\"high\" decoding=\"async\" class=\"wp-image-20616 alignleft\" src=\"http:\/\/sulsc.com\/wp-content\/uploads\/2025\/02\/Captura-de-tela-2025-02-23-013043-1536x1045-1.png\" alt=\"\" width=\"571\" height=\"388\" srcset=\"https:\/\/sulsc.com\/wp-content\/uploads\/2025\/02\/Captura-de-tela-2025-02-23-013043-1536x1045-1.png 1536w, https:\/\/sulsc.com\/wp-content\/uploads\/2025\/02\/Captura-de-tela-2025-02-23-013043-1536x1045-1-300x204.png 300w, https:\/\/sulsc.com\/wp-content\/uploads\/2025\/02\/Captura-de-tela-2025-02-23-013043-1536x1045-1-1024x697.png 1024w, https:\/\/sulsc.com\/wp-content\/uploads\/2025\/02\/Captura-de-tela-2025-02-23-013043-1536x1045-1-768x523.png 768w\" sizes=\"(max-width: 571px) 100vw, 571px\" \/><\/p>\n<p data-sourcepos=\"3:1-3:155\">As temperaturas m\u00e1ximas devem se manter na casa dos 30\u00b0C em todo o estado, mas no Grande Oeste, onde o sol estar\u00e1 mais forte, podem variar entre 36 e 38\u00b0C.<\/p>\n","protected":false},"excerpt":{"rendered":"<p>Neste domingo (23), o Litoral de Santa Catarina e \u00e1reas pr\u00f3ximas estar\u00e3o sob a influ\u00eancia da circula\u00e7\u00e3o mar\u00edtima, o que significa que o c\u00e9u ter\u00e1 varia\u00e7\u00e3o de nuvens e h\u00e1 possibilidade de chuva isolada, com momentos de melhoria. J\u00e1 no Grande Oeste, o sol predominar\u00e1 e as temperaturas estar\u00e3o ainda mais elevadas do que nos &hellip;<\/p>\n<p class=\"read-more\"> <a class=\"\" href=\"https:\/\/sulsc.com\/index.php\/2025\/02\/23\/domingo-de-sol-e-chuva-isolada-em-santa-catarina\/\"> <span class=\"screen-reader-text\">Domingo de sol e chuva isolada em Santa Catarina<\/span> Read More &raquo;<\/a><\/p>\n","protected":false},"author":3,"featured_media":20616,"comment_status":"open","ping_status":"open","sticky":false,"template":"","format":"standard","meta":{"site-sidebar-layout":"default","site-content-layout":"","ast-site-content-layout":"default","site-content-style":"default","site-sidebar-style":"default","ast-global-header-display":"","ast-banner-title-visibility":"","ast-main-header-display":"","ast-hfb-above-header-display":"","ast-hfb-below-header-display":"","ast-hfb-mobile-header-display":"","site-post-title":"","ast-breadcrumbs-content":"","ast-featured-img":"","footer-sml-layout":"","theme-transparent-header-meta":"default","adv-header-id-meta":"","stick-header-meta":"","header-above-stick-meta":"","header-main-stick-meta":"","header-below-stick-meta":"","astra-migrate-meta-layouts":"set","footnotes":""},"categories":[38],"tags":[],"yoast_head":"<!-- This site is optimized with the Yoast SEO plugin v21.4 - https:\/\/yoast.com\/wordpress\/plugins\/seo\/ -->\n<title>Domingo de sol e chuva isolada em Santa Catarina -<\/title>\n<meta name=\"robots\" content=\"index, follow, max-snippet:-1, max-image-preview:large, max-video-preview:-1\" \/>\n<link rel=\"canonical\" href=\"https:\/\/sulsc.com\/index.php\/2025\/02\/23\/domingo-de-sol-e-chuva-isolada-em-santa-catarina\/\" \/>\n<meta property=\"og:locale\" content=\"en_US\" \/>\n<meta property=\"og:type\" content=\"article\" \/>\n<meta property=\"og:title\" content=\"Domingo de sol e chuva isolada em Santa Catarina -\" \/>\n<meta property=\"og:description\" content=\"Neste domingo (23), o Litoral de Santa Catarina e \u00e1reas pr\u00f3ximas estar\u00e3o sob a influ\u00eancia da circula\u00e7\u00e3o mar\u00edtima, o que significa que o c\u00e9u ter\u00e1 varia\u00e7\u00e3o de nuvens e h\u00e1 possibilidade de chuva isolada, com momentos de melhoria. J\u00e1 no Grande Oeste, o sol predominar\u00e1 e as temperaturas estar\u00e3o ainda mais elevadas do que nos &hellip; Domingo de sol e chuva isolada em Santa Catarina Read More &raquo;\" \/>\n<meta property=\"og:url\" content=\"https:\/\/sulsc.com\/index.php\/2025\/02\/23\/domingo-de-sol-e-chuva-isolada-em-santa-catarina\/\" \/>\n<meta property=\"article:author\" content=\"https:\/\/www.facebook.com\/profile.php?id=61559278119680\" \/>\n<meta property=\"article:published_time\" content=\"2025-02-23T12:19:22+00:00\" \/>\n<meta property=\"og:image\" content=\"http:\/\/sulsc.com\/wp-content\/uploads\/2025\/02\/Captura-de-tela-2025-02-23-013043-1536x1045-1.png\" \/>\n\t<meta property=\"og:image:width\" content=\"1536\" \/>\n\t<meta property=\"og:image:height\" content=\"1045\" \/>\n\t<meta property=\"og:image:type\" content=\"image\/png\" \/>\n<meta name=\"author\" content=\"Reda\u00e7\u00e3o Sul SC\" \/>\n<meta name=\"twitter:card\" content=\"summary_large_image\" \/>\n<meta name=\"twitter:creator\" content=\"@https:\/\/twitter.com\/PortalSulSC\" \/>\n<meta name=\"twitter:label1\" content=\"Written by\" \/>\n\t<meta name=\"twitter:data1\" content=\"Reda\u00e7\u00e3o Sul SC\" \/>\n\t<meta name=\"twitter:label2\" content=\"Est. reading time\" \/>\n\t<meta name=\"twitter:data2\" content=\"1 minute\" \/>\n<script type=\"application\/ld+json\" class=\"yoast-schema-graph\">{\"@context\":\"https:\/\/schema.org\",\"@graph\":[{\"@type\":\"WebPage\",\"@id\":\"https:\/\/sulsc.com\/index.php\/2025\/02\/23\/domingo-de-sol-e-chuva-isolada-em-santa-catarina\/\",\"url\":\"https:\/\/sulsc.com\/index.php\/2025\/02\/23\/domingo-de-sol-e-chuva-isolada-em-santa-catarina\/\",\"name\":\"Domingo de sol e chuva isolada em Santa Catarina -\",\"isPartOf\":{\"@id\":\"https:\/\/sulsc.com\/#website\"},\"datePublished\":\"2025-02-23T12:19:22+00:00\",\"dateModified\":\"2025-02-23T12:19:22+00:00\",\"author\":{\"@id\":\"https:\/\/sulsc.com\/#\/schema\/person\/84d2fc571684f6248ba83092f07750a3\"},\"breadcrumb\":{\"@id\":\"https:\/\/sulsc.com\/index.php\/2025\/02\/23\/domingo-de-sol-e-chuva-isolada-em-santa-catarina\/#breadcrumb\"},\"inLanguage\":\"en-US\",\"potentialAction\":[{\"@type\":\"ReadAction\",\"target\":[\"https:\/\/sulsc.com\/index.php\/2025\/02\/23\/domingo-de-sol-e-chuva-isolada-em-santa-catarina\/\"]}]},{\"@type\":\"BreadcrumbList\",\"@id\":\"https:\/\/sulsc.com\/index.php\/2025\/02\/23\/domingo-de-sol-e-chuva-isolada-em-santa-catarina\/#breadcrumb\",\"itemListElement\":[{\"@type\":\"ListItem\",\"position\":1,\"name\":\"In\u00edcio\",\"item\":\"https:\/\/sulsc.com\/\"},{\"@type\":\"ListItem\",\"position\":2,\"name\":\"Domingo de sol e chuva isolada em Santa Catarina\"}]},{\"@type\":\"WebSite\",\"@id\":\"https:\/\/sulsc.com\/#website\",\"url\":\"https:\/\/sulsc.com\/\",\"name\":\"\",\"description\":\"\",\"potentialAction\":[{\"@type\":\"SearchAction\",\"target\":{\"@type\":\"EntryPoint\",\"urlTemplate\":\"https:\/\/sulsc.com\/?s={search_term_string}\"},\"query-input\":\"required name=search_term_string\"}],\"inLanguage\":\"en-US\"},{\"@type\":\"Person\",\"@id\":\"https:\/\/sulsc.com\/#\/schema\/person\/84d2fc571684f6248ba83092f07750a3\",\"name\":\"Reda\u00e7\u00e3o Sul SC\",\"image\":{\"@type\":\"ImageObject\",\"inLanguage\":\"en-US\",\"@id\":\"https:\/\/sulsc.com\/#\/schema\/person\/image\/e08d7fe2cc4ed596372063bbe852b8d0\",\"url\":\"https:\/\/sulsc.com\/wp-content\/uploads\/2023\/09\/redacao.png\",\"contentUrl\":\"https:\/\/sulsc.com\/wp-content\/uploads\/2023\/09\/redacao.png\",\"caption\":\"Reda\u00e7\u00e3o Sul SC\"},\"description\":\"Foco em um jornalismo imparcial, voltado \u00e0 qualidade dos seus conte\u00fados e, assim, levar informa\u00e7\u00e3o de valor que agregue \u00e0 vida dos leitores. Esta \u00e9 grande miss\u00e3o do Portal de Not\u00edcias Sul SC. N\u00e3o \u00e9 quantidade que muda o mundo, sempre foi e seguir\u00e1 sendo qualidade!\",\"sameAs\":[\"https:\/\/sulsc.com\/\",\"https:\/\/www.facebook.com\/profile.php?id=61559278119680\",\"https:\/\/www.instagram.com\/sulscportal\/?hl=pt-br\",\"https:\/\/twitter.com\/https:\/\/twitter.com\/PortalSulSC\",\"https:\/\/www.youtube.com\/channel\/UCv_BE8GeySluDov2n8qhVmw\"],\"url\":\"https:\/\/sulsc.com\/index.php\/author\/redacao\/\"}]}<\/script>\n<!-- \/ Yoast SEO plugin. -->","yoast_head_json":{"title":"Domingo de sol e chuva isolada em Santa Catarina -","robots":{"index":"index","follow":"follow","max-snippet":"max-snippet:-1","max-image-preview":"max-image-preview:large","max-video-preview":"max-video-preview:-1"},"canonical":"https:\/\/sulsc.com\/index.php\/2025\/02\/23\/domingo-de-sol-e-chuva-isolada-em-santa-catarina\/","og_locale":"en_US","og_type":"article","og_title":"Domingo de sol e chuva isolada em Santa Catarina -","og_description":"Neste domingo (23), o Litoral de Santa Catarina e \u00e1reas pr\u00f3ximas estar\u00e3o sob a influ\u00eancia da circula\u00e7\u00e3o mar\u00edtima, o que significa que o c\u00e9u ter\u00e1 varia\u00e7\u00e3o de nuvens e h\u00e1 possibilidade de chuva isolada, com momentos de melhoria. J\u00e1 no Grande Oeste, o sol predominar\u00e1 e as temperaturas estar\u00e3o ainda mais elevadas do que nos &hellip; Domingo de sol e chuva isolada em Santa Catarina Read More &raquo;","og_url":"https:\/\/sulsc.com\/index.php\/2025\/02\/23\/domingo-de-sol-e-chuva-isolada-em-santa-catarina\/","article_author":"https:\/\/www.facebook.com\/profile.php?id=61559278119680","article_published_time":"2025-02-23T12:19:22+00:00","og_image":[{"width":1536,"height":1045,"url":"http:\/\/sulsc.com\/wp-content\/uploads\/2025\/02\/Captura-de-tela-2025-02-23-013043-1536x1045-1.png","type":"image\/png"}],"author":"Reda\u00e7\u00e3o Sul SC","twitter_card":"summary_large_image","twitter_creator":"@https:\/\/twitter.com\/PortalSulSC","twitter_misc":{"Written by":"Reda\u00e7\u00e3o Sul SC","Est. reading time":"1 minute"},"schema":{"@context":"https:\/\/schema.org","@graph":[{"@type":"WebPage","@id":"https:\/\/sulsc.com\/index.php\/2025\/02\/23\/domingo-de-sol-e-chuva-isolada-em-santa-catarina\/","url":"https:\/\/sulsc.com\/index.php\/2025\/02\/23\/domingo-de-sol-e-chuva-isolada-em-santa-catarina\/","name":"Domingo de sol e chuva isolada em Santa Catarina -","isPartOf":{"@id":"https:\/\/sulsc.com\/#website"},"datePublished":"2025-02-23T12:19:22+00:00","dateModified":"2025-02-23T12:19:22+00:00","author":{"@id":"https:\/\/sulsc.com\/#\/schema\/person\/84d2fc571684f6248ba83092f07750a3"},"breadcrumb":{"@id":"https:\/\/sulsc.com\/index.php\/2025\/02\/23\/domingo-de-sol-e-chuva-isolada-em-santa-catarina\/#breadcrumb"},"inLanguage":"en-US","potentialAction":[{"@type":"ReadAction","target":["https:\/\/sulsc.com\/index.php\/2025\/02\/23\/domingo-de-sol-e-chuva-isolada-em-santa-catarina\/"]}]},{"@type":"BreadcrumbList","@id":"https:\/\/sulsc.com\/index.php\/2025\/02\/23\/domingo-de-sol-e-chuva-isolada-em-santa-catarina\/#breadcrumb","itemListElement":[{"@type":"ListItem","position":1,"name":"In\u00edcio","item":"https:\/\/sulsc.com\/"},{"@type":"ListItem","position":2,"name":"Domingo de sol e chuva isolada em Santa Catarina"}]},{"@type":"WebSite","@id":"https:\/\/sulsc.com\/#website","url":"https:\/\/sulsc.com\/","name":"","description":"","potentialAction":[{"@type":"SearchAction","target":{"@type":"EntryPoint","urlTemplate":"https:\/\/sulsc.com\/?s={search_term_string}"},"query-input":"required name=search_term_string"}],"inLanguage":"en-US"},{"@type":"Person","@id":"https:\/\/sulsc.com\/#\/schema\/person\/84d2fc571684f6248ba83092f07750a3","name":"Reda\u00e7\u00e3o Sul SC","image":{"@type":"ImageObject","inLanguage":"en-US","@id":"https:\/\/sulsc.com\/#\/schema\/person\/image\/e08d7fe2cc4ed596372063bbe852b8d0","url":"https:\/\/sulsc.com\/wp-content\/uploads\/2023\/09\/redacao.png","contentUrl":"https:\/\/sulsc.com\/wp-content\/uploads\/2023\/09\/redacao.png","caption":"Reda\u00e7\u00e3o Sul SC"},"description":"Foco em um jornalismo imparcial, voltado \u00e0 qualidade dos seus conte\u00fados e, assim, levar informa\u00e7\u00e3o de valor que agregue \u00e0 vida dos leitores. Esta \u00e9 grande miss\u00e3o do Portal de Not\u00edcias Sul SC. N\u00e3o \u00e9 quantidade que muda o mundo, sempre foi e seguir\u00e1 sendo qualidade!","sameAs":["https:\/\/sulsc.com\/","https:\/\/www.facebook.com\/profile.php?id=61559278119680","https:\/\/www.instagram.com\/sulscportal\/?hl=pt-br","https:\/\/twitter.com\/https:\/\/twitter.com\/PortalSulSC","https:\/\/www.youtube.com\/channel\/UCv_BE8GeySluDov2n8qhVmw"],"url":"https:\/\/sulsc.com\/index.php\/author\/redacao\/"}]}},"authors":[],"_links":{"self":[{"href":"https:\/\/sulsc.com\/index.php\/wp-json\/wp\/v2\/posts\/20615"}],"collection":[{"href":"https:\/\/sulsc.com\/index.php\/wp-json\/wp\/v2\/posts"}],"about":[{"href":"https:\/\/sulsc.com\/index.php\/wp-json\/wp\/v2\/types\/post"}],"author":[{"embeddable":true,"href":"https:\/\/sulsc.com\/index.php\/wp-json\/wp\/v2\/users\/3"}],"replies":[{"embeddable":true,"href":"https:\/\/sulsc.com\/index.php\/wp-json\/wp\/v2\/comments?post=20615"}],"version-history":[{"count":1,"href":"https:\/\/sulsc.com\/index.php\/wp-json\/wp\/v2\/posts\/20615\/revisions"}],"predecessor-version":[{"id":20617,"href":"https:\/\/sulsc.com\/index.php\/wp-json\/wp\/v2\/posts\/20615\/revisions\/20617"}],"wp:featuredmedia":[{"embeddable":true,"href":"https:\/\/sulsc.com\/index.php\/wp-json\/wp\/v2\/media\/20616"}],"wp:attachment":[{"href":"https:\/\/sulsc.com\/index.php\/wp-json\/wp\/v2\/media?parent=20615"}],"wp:term":[{"taxonomy":"category","embeddable":true,"href":"https:\/\/sulsc.com\/index.php\/wp-json\/wp\/v2\/categories?post=20615"},{"taxonomy":"post_tag","embeddable":true,"href":"https:\/\/sulsc.com\/index.php\/wp-json\/wp\/v2\/tags?post=20615"}],"curies":[{"name":"wp","href":"https:\/\/api.w.org\/{rel}","templated":true}]}}