{"id":2064,"date":"2023-10-09T18:50:00","date_gmt":"2023-10-09T21:50:00","guid":{"rendered":"https:\/\/sulsc.com\/?p=2064"},"modified":"2023-10-09T17:53:07","modified_gmt":"2023-10-09T20:53:07","slug":"tj-suspende-temporariamente-prazos-judiciais-por-causa-das-chuvas","status":"publish","type":"post","link":"https:\/\/sulsc.com\/index.php\/2023\/10\/09\/tj-suspende-temporariamente-prazos-judiciais-por-causa-das-chuvas\/","title":{"rendered":"TJ suspende temporariamente prazos judiciais por causa das chuvas"},"content":{"rendered":"<p>Em raz\u00e3o das fortes chuvas que atingem o Estado de Santa Catarina, o presidente do Tribunal de Justi\u00e7a de Santa Catarina (TJSC), desembargador Jo\u00e3o Henrique Blasi, determinou a suspens\u00e3o, a partir desta segunda-feira (9), at\u00e9 a pr\u00f3xima quarta-feira (11), dos prazos judiciais nos 1\u00ba e 2\u00ba graus de jurisdi\u00e7\u00e3o do Poder Judici\u00e1rio catarinense.<\/p>\n<p>Neste per\u00edodo, de acordo com a Resolu\u00e7\u00e3o GP n. 63\/2023, fica mantida a realiza\u00e7\u00e3o das audi\u00eancias e sess\u00f5es de julgamento j\u00e1 designadas. A normativa destaca que caber\u00e1 ao juiz da causa, no 1\u00ba grau de jurisdi\u00e7\u00e3o, avaliar a situa\u00e7\u00e3o de emerg\u00eancia e a pertin\u00eancia de efetuar o adiamento das audi\u00eancias designadas, sem preju\u00edzo \u00e0s partes.<\/p>\n<p>No Tribunal de Justi\u00e7a, o expediente presencial dever\u00e1 ser avaliado pelos desembargadores e pelo diretor-geral administrativo ou pelo diretor-geral judici\u00e1rio de acordo com sua esfera de compet\u00eancia.<\/p>\n<p>A edi\u00e7\u00e3o da referida resolu\u00e7\u00e3o levou em considera\u00e7\u00e3o, ainda, a decreta\u00e7\u00e3o de situa\u00e7\u00e3o de emerg\u00eancia em 54 munic\u00edpios catarinenses, a interdi\u00e7\u00e3o de rodovias estaduais e a opera\u00e7\u00e3o de barragens localizadas nos munic\u00edpios de Ituporanga, Tai\u00f3 e Jos\u00e9 Boiteux; a necessidade de dar tratamento uniforme \u00e0s medidas de suspens\u00e3o de prazos a todas as comarcas afetadas; al\u00e9m do Of\u00edcio n. 642\/2023-GP, da Ordem dos Advogados do Brasil \u2013 Se\u00e7\u00e3o de Santa Catarina, que destaca a \u201cimpossibilidade de acesso aos \u00f3rg\u00e3os do Poder Judici\u00e1rio\u201d.<\/p>\n<p><img fetchpriority=\"high\" decoding=\"async\" class=\"aligncenter size-full wp-image-383439 b-loaded\" src=\"https:\/\/portallitoralsul.com.br\/wp-content\/uploads\/2023\/10\/article-1.jpg\" sizes=\"(max-width: 555px) 100vw, 555px\" srcset=\"https:\/\/portallitoralsul.com.br\/wp-content\/uploads\/2023\/10\/article-1.jpg 555w, https:\/\/portallitoralsul.com.br\/wp-content\/uploads\/2023\/10\/article-1-300x200.jpg 300w\" alt=\"\" width=\"555\" height=\"370\" \/><\/p>\n<p>&nbsp;<\/p>\n<p>Fonte: Litoral Sul<\/p>\n","protected":false},"excerpt":{"rendered":"<p>Em raz\u00e3o das fortes chuvas que atingem o Estado de Santa Catarina, o presidente do Tribunal de Justi\u00e7a de Santa Catarina (TJSC), desembargador Jo\u00e3o Henrique Blasi, determinou a suspens\u00e3o, a partir desta segunda-feira (9), at\u00e9 a pr\u00f3xima quarta-feira (11), dos prazos judiciais nos 1\u00ba e 2\u00ba graus de jurisdi\u00e7\u00e3o do Poder Judici\u00e1rio catarinense. Neste per\u00edodo, &hellip;<\/p>\n<p class=\"read-more\"> <a class=\"\" href=\"https:\/\/sulsc.com\/index.php\/2023\/10\/09\/tj-suspende-temporariamente-prazos-judiciais-por-causa-das-chuvas\/\"> <span class=\"screen-reader-text\">TJ suspende temporariamente prazos judiciais por causa das chuvas<\/span> Read More &raquo;<\/a><\/p>\n","protected":false},"author":3,"featured_media":2065,"comment_status":"open","ping_status":"open","sticky":false,"template":"","format":"standard","meta":{"site-sidebar-layout":"default","site-content-layout":"","ast-site-content-layout":"default","site-content-style":"default","site-sidebar-style":"default","ast-global-header-display":"","ast-banner-title-visibility":"","ast-main-header-display":"","ast-hfb-above-header-display":"","ast-hfb-below-header-display":"","ast-hfb-mobile-header-display":"","site-post-title":"","ast-breadcrumbs-content":"","ast-featured-img":"","footer-sml-layout":"","theme-transparent-header-meta":"default","adv-header-id-meta":"","stick-header-meta":"","header-above-stick-meta":"","header-main-stick-meta":"","header-below-stick-meta":"","astra-migrate-meta-layouts":"set","footnotes":""},"categories":[1],"tags":[],"yoast_head":"<!-- This site is optimized with the Yoast SEO plugin v21.4 - https:\/\/yoast.com\/wordpress\/plugins\/seo\/ -->\n<title>TJ suspende temporariamente prazos judiciais por causa das chuvas -<\/title>\n<meta name=\"robots\" content=\"index, follow, max-snippet:-1, max-image-preview:large, max-video-preview:-1\" \/>\n<link rel=\"canonical\" href=\"https:\/\/sulsc.com\/index.php\/2023\/10\/09\/tj-suspende-temporariamente-prazos-judiciais-por-causa-das-chuvas\/\" \/>\n<meta property=\"og:locale\" content=\"en_US\" \/>\n<meta property=\"og:type\" content=\"article\" \/>\n<meta property=\"og:title\" content=\"TJ suspende temporariamente prazos judiciais por causa das chuvas -\" \/>\n<meta property=\"og:description\" content=\"Em raz\u00e3o das fortes chuvas que atingem o Estado de Santa Catarina, o presidente do Tribunal de Justi\u00e7a de Santa Catarina (TJSC), desembargador Jo\u00e3o Henrique Blasi, determinou a suspens\u00e3o, a partir desta segunda-feira (9), at\u00e9 a pr\u00f3xima quarta-feira (11), dos prazos judiciais nos 1\u00ba e 2\u00ba graus de jurisdi\u00e7\u00e3o do Poder Judici\u00e1rio catarinense. Neste per\u00edodo, &hellip; TJ suspende temporariamente prazos judiciais por causa das chuvas Read More &raquo;\" \/>\n<meta property=\"og:url\" content=\"https:\/\/sulsc.com\/index.php\/2023\/10\/09\/tj-suspende-temporariamente-prazos-judiciais-por-causa-das-chuvas\/\" \/>\n<meta property=\"article:author\" content=\"https:\/\/www.facebook.com\/profile.php?id=61559278119680\" \/>\n<meta property=\"article:published_time\" content=\"2023-10-09T21:50:00+00:00\" \/>\n<meta property=\"article:modified_time\" content=\"2023-10-09T20:53:07+00:00\" \/>\n<meta property=\"og:image\" content=\"https:\/\/sulsc.com\/wp-content\/uploads\/2023\/10\/l-tj-sc-1024x580-1.webp\" \/>\n\t<meta property=\"og:image:width\" content=\"1024\" \/>\n\t<meta property=\"og:image:height\" content=\"580\" \/>\n\t<meta property=\"og:image:type\" content=\"image\/webp\" \/>\n<meta name=\"author\" content=\"Reda\u00e7\u00e3o Sul SC\" \/>\n<meta name=\"twitter:card\" content=\"summary_large_image\" \/>\n<meta name=\"twitter:creator\" content=\"@https:\/\/twitter.com\/PortalSulSC\" \/>\n<meta name=\"twitter:label1\" content=\"Written by\" \/>\n\t<meta name=\"twitter:data1\" content=\"Reda\u00e7\u00e3o Sul SC\" \/>\n\t<meta name=\"twitter:label2\" content=\"Est. reading time\" \/>\n\t<meta name=\"twitter:data2\" content=\"1 minute\" \/>\n<script type=\"application\/ld+json\" class=\"yoast-schema-graph\">{\"@context\":\"https:\/\/schema.org\",\"@graph\":[{\"@type\":\"WebPage\",\"@id\":\"https:\/\/sulsc.com\/index.php\/2023\/10\/09\/tj-suspende-temporariamente-prazos-judiciais-por-causa-das-chuvas\/\",\"url\":\"https:\/\/sulsc.com\/index.php\/2023\/10\/09\/tj-suspende-temporariamente-prazos-judiciais-por-causa-das-chuvas\/\",\"name\":\"TJ suspende temporariamente prazos judiciais por causa das chuvas -\",\"isPartOf\":{\"@id\":\"https:\/\/sulsc.com\/#website\"},\"datePublished\":\"2023-10-09T21:50:00+00:00\",\"dateModified\":\"2023-10-09T20:53:07+00:00\",\"author\":{\"@id\":\"https:\/\/sulsc.com\/#\/schema\/person\/84d2fc571684f6248ba83092f07750a3\"},\"breadcrumb\":{\"@id\":\"https:\/\/sulsc.com\/index.php\/2023\/10\/09\/tj-suspende-temporariamente-prazos-judiciais-por-causa-das-chuvas\/#breadcrumb\"},\"inLanguage\":\"en-US\",\"potentialAction\":[{\"@type\":\"ReadAction\",\"target\":[\"https:\/\/sulsc.com\/index.php\/2023\/10\/09\/tj-suspende-temporariamente-prazos-judiciais-por-causa-das-chuvas\/\"]}]},{\"@type\":\"BreadcrumbList\",\"@id\":\"https:\/\/sulsc.com\/index.php\/2023\/10\/09\/tj-suspende-temporariamente-prazos-judiciais-por-causa-das-chuvas\/#breadcrumb\",\"itemListElement\":[{\"@type\":\"ListItem\",\"position\":1,\"name\":\"In\u00edcio\",\"item\":\"https:\/\/sulsc.com\/\"},{\"@type\":\"ListItem\",\"position\":2,\"name\":\"TJ suspende temporariamente prazos judiciais por causa das chuvas\"}]},{\"@type\":\"WebSite\",\"@id\":\"https:\/\/sulsc.com\/#website\",\"url\":\"https:\/\/sulsc.com\/\",\"name\":\"\",\"description\":\"\",\"potentialAction\":[{\"@type\":\"SearchAction\",\"target\":{\"@type\":\"EntryPoint\",\"urlTemplate\":\"https:\/\/sulsc.com\/?s={search_term_string}\"},\"query-input\":\"required name=search_term_string\"}],\"inLanguage\":\"en-US\"},{\"@type\":\"Person\",\"@id\":\"https:\/\/sulsc.com\/#\/schema\/person\/84d2fc571684f6248ba83092f07750a3\",\"name\":\"Reda\u00e7\u00e3o Sul SC\",\"image\":{\"@type\":\"ImageObject\",\"inLanguage\":\"en-US\",\"@id\":\"https:\/\/sulsc.com\/#\/schema\/person\/image\/e08d7fe2cc4ed596372063bbe852b8d0\",\"url\":\"https:\/\/sulsc.com\/wp-content\/uploads\/2023\/09\/redacao.png\",\"contentUrl\":\"https:\/\/sulsc.com\/wp-content\/uploads\/2023\/09\/redacao.png\",\"caption\":\"Reda\u00e7\u00e3o Sul SC\"},\"description\":\"Foco em um jornalismo imparcial, voltado \u00e0 qualidade dos seus conte\u00fados e, assim, levar informa\u00e7\u00e3o de valor que agregue \u00e0 vida dos leitores. Esta \u00e9 grande miss\u00e3o do Portal de Not\u00edcias Sul SC. N\u00e3o \u00e9 quantidade que muda o mundo, sempre foi e seguir\u00e1 sendo qualidade!\",\"sameAs\":[\"https:\/\/sulsc.com\/\",\"https:\/\/www.facebook.com\/profile.php?id=61559278119680\",\"https:\/\/www.instagram.com\/sulscportal\/?hl=pt-br\",\"https:\/\/twitter.com\/https:\/\/twitter.com\/PortalSulSC\",\"https:\/\/www.youtube.com\/channel\/UCv_BE8GeySluDov2n8qhVmw\"],\"url\":\"https:\/\/sulsc.com\/index.php\/author\/redacao\/\"}]}<\/script>\n<!-- \/ Yoast SEO plugin. -->","yoast_head_json":{"title":"TJ suspende temporariamente prazos judiciais por causa das chuvas -","robots":{"index":"index","follow":"follow","max-snippet":"max-snippet:-1","max-image-preview":"max-image-preview:large","max-video-preview":"max-video-preview:-1"},"canonical":"https:\/\/sulsc.com\/index.php\/2023\/10\/09\/tj-suspende-temporariamente-prazos-judiciais-por-causa-das-chuvas\/","og_locale":"en_US","og_type":"article","og_title":"TJ suspende temporariamente prazos judiciais por causa das chuvas -","og_description":"Em raz\u00e3o das fortes chuvas que atingem o Estado de Santa Catarina, o presidente do Tribunal de Justi\u00e7a de Santa Catarina (TJSC), desembargador Jo\u00e3o Henrique Blasi, determinou a suspens\u00e3o, a partir desta segunda-feira (9), at\u00e9 a pr\u00f3xima quarta-feira (11), dos prazos judiciais nos 1\u00ba e 2\u00ba graus de jurisdi\u00e7\u00e3o do Poder Judici\u00e1rio catarinense. Neste per\u00edodo, &hellip; TJ suspende temporariamente prazos judiciais por causa das chuvas Read More &raquo;","og_url":"https:\/\/sulsc.com\/index.php\/2023\/10\/09\/tj-suspende-temporariamente-prazos-judiciais-por-causa-das-chuvas\/","article_author":"https:\/\/www.facebook.com\/profile.php?id=61559278119680","article_published_time":"2023-10-09T21:50:00+00:00","article_modified_time":"2023-10-09T20:53:07+00:00","og_image":[{"width":1024,"height":580,"url":"https:\/\/sulsc.com\/wp-content\/uploads\/2023\/10\/l-tj-sc-1024x580-1.webp","type":"image\/webp"}],"author":"Reda\u00e7\u00e3o Sul SC","twitter_card":"summary_large_image","twitter_creator":"@https:\/\/twitter.com\/PortalSulSC","twitter_misc":{"Written by":"Reda\u00e7\u00e3o Sul SC","Est. reading time":"1 minute"},"schema":{"@context":"https:\/\/schema.org","@graph":[{"@type":"WebPage","@id":"https:\/\/sulsc.com\/index.php\/2023\/10\/09\/tj-suspende-temporariamente-prazos-judiciais-por-causa-das-chuvas\/","url":"https:\/\/sulsc.com\/index.php\/2023\/10\/09\/tj-suspende-temporariamente-prazos-judiciais-por-causa-das-chuvas\/","name":"TJ suspende temporariamente prazos judiciais por causa das chuvas -","isPartOf":{"@id":"https:\/\/sulsc.com\/#website"},"datePublished":"2023-10-09T21:50:00+00:00","dateModified":"2023-10-09T20:53:07+00:00","author":{"@id":"https:\/\/sulsc.com\/#\/schema\/person\/84d2fc571684f6248ba83092f07750a3"},"breadcrumb":{"@id":"https:\/\/sulsc.com\/index.php\/2023\/10\/09\/tj-suspende-temporariamente-prazos-judiciais-por-causa-das-chuvas\/#breadcrumb"},"inLanguage":"en-US","potentialAction":[{"@type":"ReadAction","target":["https:\/\/sulsc.com\/index.php\/2023\/10\/09\/tj-suspende-temporariamente-prazos-judiciais-por-causa-das-chuvas\/"]}]},{"@type":"BreadcrumbList","@id":"https:\/\/sulsc.com\/index.php\/2023\/10\/09\/tj-suspende-temporariamente-prazos-judiciais-por-causa-das-chuvas\/#breadcrumb","itemListElement":[{"@type":"ListItem","position":1,"name":"In\u00edcio","item":"https:\/\/sulsc.com\/"},{"@type":"ListItem","position":2,"name":"TJ suspende temporariamente prazos judiciais por causa das chuvas"}]},{"@type":"WebSite","@id":"https:\/\/sulsc.com\/#website","url":"https:\/\/sulsc.com\/","name":"","description":"","potentialAction":[{"@type":"SearchAction","target":{"@type":"EntryPoint","urlTemplate":"https:\/\/sulsc.com\/?s={search_term_string}"},"query-input":"required name=search_term_string"}],"inLanguage":"en-US"},{"@type":"Person","@id":"https:\/\/sulsc.com\/#\/schema\/person\/84d2fc571684f6248ba83092f07750a3","name":"Reda\u00e7\u00e3o Sul SC","image":{"@type":"ImageObject","inLanguage":"en-US","@id":"https:\/\/sulsc.com\/#\/schema\/person\/image\/e08d7fe2cc4ed596372063bbe852b8d0","url":"https:\/\/sulsc.com\/wp-content\/uploads\/2023\/09\/redacao.png","contentUrl":"https:\/\/sulsc.com\/wp-content\/uploads\/2023\/09\/redacao.png","caption":"Reda\u00e7\u00e3o Sul SC"},"description":"Foco em um jornalismo imparcial, voltado \u00e0 qualidade dos seus conte\u00fados e, assim, levar informa\u00e7\u00e3o de valor que agregue \u00e0 vida dos leitores. Esta \u00e9 grande miss\u00e3o do Portal de Not\u00edcias Sul SC. N\u00e3o \u00e9 quantidade que muda o mundo, sempre foi e seguir\u00e1 sendo qualidade!","sameAs":["https:\/\/sulsc.com\/","https:\/\/www.facebook.com\/profile.php?id=61559278119680","https:\/\/www.instagram.com\/sulscportal\/?hl=pt-br","https:\/\/twitter.com\/https:\/\/twitter.com\/PortalSulSC","https:\/\/www.youtube.com\/channel\/UCv_BE8GeySluDov2n8qhVmw"],"url":"https:\/\/sulsc.com\/index.php\/author\/redacao\/"}]}},"authors":[],"_links":{"self":[{"href":"https:\/\/sulsc.com\/index.php\/wp-json\/wp\/v2\/posts\/2064"}],"collection":[{"href":"https:\/\/sulsc.com\/index.php\/wp-json\/wp\/v2\/posts"}],"about":[{"href":"https:\/\/sulsc.com\/index.php\/wp-json\/wp\/v2\/types\/post"}],"author":[{"embeddable":true,"href":"https:\/\/sulsc.com\/index.php\/wp-json\/wp\/v2\/users\/3"}],"replies":[{"embeddable":true,"href":"https:\/\/sulsc.com\/index.php\/wp-json\/wp\/v2\/comments?post=2064"}],"version-history":[{"count":1,"href":"https:\/\/sulsc.com\/index.php\/wp-json\/wp\/v2\/posts\/2064\/revisions"}],"predecessor-version":[{"id":2066,"href":"https:\/\/sulsc.com\/index.php\/wp-json\/wp\/v2\/posts\/2064\/revisions\/2066"}],"wp:featuredmedia":[{"embeddable":true,"href":"https:\/\/sulsc.com\/index.php\/wp-json\/wp\/v2\/media\/2065"}],"wp:attachment":[{"href":"https:\/\/sulsc.com\/index.php\/wp-json\/wp\/v2\/media?parent=2064"}],"wp:term":[{"taxonomy":"category","embeddable":true,"href":"https:\/\/sulsc.com\/index.php\/wp-json\/wp\/v2\/categories?post=2064"},{"taxonomy":"post_tag","embeddable":true,"href":"https:\/\/sulsc.com\/index.php\/wp-json\/wp\/v2\/tags?post=2064"}],"curies":[{"name":"wp","href":"https:\/\/api.w.org\/{rel}","templated":true}]}}