{"id":20677,"date":"2025-02-25T15:57:03","date_gmt":"2025-02-25T18:57:03","guid":{"rendered":"https:\/\/sulsc.com\/?p=20677"},"modified":"2025-02-25T16:08:29","modified_gmt":"2025-02-25T19:08:29","slug":"ponte-pensil-do-centro-e-interditada-para-manutencao","status":"publish","type":"post","link":"https:\/\/sulsc.com\/index.php\/2025\/02\/25\/ponte-pensil-do-centro-e-interditada-para-manutencao\/","title":{"rendered":"Ponte P\u00eansil do Centro \u00e9 interditada para manuten\u00e7\u00e3o"},"content":{"rendered":"<p><span style=\"vertical-align: inherit;\"><span style=\"vertical-align: inherit;\">A Secretaria de Prote\u00e7\u00e3o e Defesa Civil de Tubar\u00e3o interditou, nesta segunda-feira (24), a Ponte P\u00eansil do Centro devido a danos estruturais identificados no piso de madeira e na guarda-corpo. A medida foi adotada para garantir a seguran\u00e7a dos pedestres que utilizam a travessia diariamente.<\/span><\/span><\/p>\n<p><img fetchpriority=\"high\" decoding=\"async\" class=\"size-full wp-image-20678 alignleft\" src=\"http:\/\/sulsc.com\/wp-content\/uploads\/2025\/02\/WhatsApp-Image-2025-02-12-at-10.34.28-1-800x445-1.jpeg\" alt=\"\" width=\"800\" height=\"445\" srcset=\"https:\/\/sulsc.com\/wp-content\/uploads\/2025\/02\/WhatsApp-Image-2025-02-12-at-10.34.28-1-800x445-1.jpeg 800w, https:\/\/sulsc.com\/wp-content\/uploads\/2025\/02\/WhatsApp-Image-2025-02-12-at-10.34.28-1-800x445-1-300x167.jpeg 300w, https:\/\/sulsc.com\/wp-content\/uploads\/2025\/02\/WhatsApp-Image-2025-02-12-at-10.34.28-1-800x445-1-768x427.jpeg 768w\" sizes=\"(max-width: 800px) 100vw, 800px\" \/><\/p>\n<p><span style=\"vertical-align: inherit;\"><span style=\"vertical-align: inherit;\">Fitas de isolamento foram colocadas no local para evitar a passagem at\u00e9 que os reparos fossem conclu\u00eddos. A Secretaria de Infraestrutura j\u00e1 foi acionada e realizar\u00e1 os servi\u00e7os de recupera\u00e7\u00e3o nos pr\u00f3ximos dias.<\/span><\/span><\/p>\n<p><span style=\"vertical-align: inherit;\"><span style=\"vertical-align: inherit;\">\u201cO fechamento tempor\u00e1rio da ponte \u00e9 uma medida preventiva essencial para evitar acidentes. A seguran\u00e7a da popula\u00e7\u00e3o ser\u00e1 sempre priorit\u00e1ria, e a interdi\u00e7\u00e3o permitir\u00e1 que os reparos sejam feitos com qualidade e efici\u00eancia\u201d, afirma o secret\u00e1rio de Prote\u00e7\u00e3o e Defesa Civil, Rafael Marques.<\/span><\/span><\/p>\n<p><span style=\"vertical-align: inherit;\"><span style=\"vertical-align: inherit;\">Apesar da interdi\u00e7\u00e3o, a medida n\u00e3o afetar\u00e1 significativamente o fluxo de pedestres, que poder\u00e1 utilizar a Passarela \u00c2ngelo Ant\u00f4nio Zaboti para a travessia.<\/span><\/span><\/p>\n","protected":false},"excerpt":{"rendered":"<p>A Secretaria de Prote\u00e7\u00e3o e Defesa Civil de Tubar\u00e3o interditou, nesta segunda-feira (24), a Ponte P\u00eansil do Centro devido a danos estruturais identificados no piso de madeira e na guarda-corpo. A medida foi adotada para garantir a seguran\u00e7a dos pedestres que utilizam a travessia diariamente. Fitas de isolamento foram colocadas no local para evitar a &hellip;<\/p>\n<p class=\"read-more\"> <a class=\"\" href=\"https:\/\/sulsc.com\/index.php\/2025\/02\/25\/ponte-pensil-do-centro-e-interditada-para-manutencao\/\"> <span class=\"screen-reader-text\">Ponte P\u00eansil do Centro \u00e9 interditada para manuten\u00e7\u00e3o<\/span> Read More &raquo;<\/a><\/p>\n","protected":false},"author":3,"featured_media":20678,"comment_status":"open","ping_status":"open","sticky":false,"template":"","format":"standard","meta":{"site-sidebar-layout":"default","site-content-layout":"","ast-site-content-layout":"default","site-content-style":"default","site-sidebar-style":"default","ast-global-header-display":"","ast-banner-title-visibility":"","ast-main-header-display":"","ast-hfb-above-header-display":"","ast-hfb-below-header-display":"","ast-hfb-mobile-header-display":"","site-post-title":"","ast-breadcrumbs-content":"","ast-featured-img":"","footer-sml-layout":"","theme-transparent-header-meta":"default","adv-header-id-meta":"","stick-header-meta":"","header-above-stick-meta":"","header-main-stick-meta":"","header-below-stick-meta":"","astra-migrate-meta-layouts":"set","footnotes":""},"categories":[1],"tags":[],"yoast_head":"<!-- This site is optimized with the Yoast SEO plugin v21.4 - https:\/\/yoast.com\/wordpress\/plugins\/seo\/ -->\n<title>Ponte P\u00eansil do Centro \u00e9 interditada para manuten\u00e7\u00e3o -<\/title>\n<meta name=\"robots\" content=\"index, follow, max-snippet:-1, max-image-preview:large, max-video-preview:-1\" \/>\n<link rel=\"canonical\" href=\"https:\/\/sulsc.com\/index.php\/2025\/02\/25\/ponte-pensil-do-centro-e-interditada-para-manutencao\/\" \/>\n<meta property=\"og:locale\" content=\"en_US\" \/>\n<meta property=\"og:type\" content=\"article\" \/>\n<meta property=\"og:title\" content=\"Ponte P\u00eansil do Centro \u00e9 interditada para manuten\u00e7\u00e3o -\" \/>\n<meta property=\"og:description\" content=\"A Secretaria de Prote\u00e7\u00e3o e Defesa Civil de Tubar\u00e3o interditou, nesta segunda-feira (24), a Ponte P\u00eansil do Centro devido a danos estruturais identificados no piso de madeira e na guarda-corpo. A medida foi adotada para garantir a seguran\u00e7a dos pedestres que utilizam a travessia diariamente. Fitas de isolamento foram colocadas no local para evitar a &hellip; Ponte P\u00eansil do Centro \u00e9 interditada para manuten\u00e7\u00e3o Read More &raquo;\" \/>\n<meta property=\"og:url\" content=\"https:\/\/sulsc.com\/index.php\/2025\/02\/25\/ponte-pensil-do-centro-e-interditada-para-manutencao\/\" \/>\n<meta property=\"article:author\" content=\"https:\/\/www.facebook.com\/profile.php?id=61559278119680\" \/>\n<meta property=\"article:published_time\" content=\"2025-02-25T18:57:03+00:00\" \/>\n<meta property=\"article:modified_time\" content=\"2025-02-25T19:08:29+00:00\" \/>\n<meta property=\"og:image\" content=\"http:\/\/sulsc.com\/wp-content\/uploads\/2025\/02\/WhatsApp-Image-2025-02-12-at-10.34.28-1-800x445-1.jpeg\" \/>\n\t<meta property=\"og:image:width\" content=\"800\" \/>\n\t<meta property=\"og:image:height\" content=\"445\" \/>\n\t<meta property=\"og:image:type\" content=\"image\/jpeg\" \/>\n<meta name=\"author\" content=\"Reda\u00e7\u00e3o Sul SC\" \/>\n<meta name=\"twitter:card\" content=\"summary_large_image\" \/>\n<meta name=\"twitter:creator\" content=\"@https:\/\/twitter.com\/PortalSulSC\" \/>\n<meta name=\"twitter:label1\" content=\"Written by\" \/>\n\t<meta name=\"twitter:data1\" content=\"Reda\u00e7\u00e3o Sul SC\" \/>\n\t<meta name=\"twitter:label2\" content=\"Est. reading time\" \/>\n\t<meta name=\"twitter:data2\" content=\"1 minute\" \/>\n<script type=\"application\/ld+json\" class=\"yoast-schema-graph\">{\"@context\":\"https:\/\/schema.org\",\"@graph\":[{\"@type\":\"WebPage\",\"@id\":\"https:\/\/sulsc.com\/index.php\/2025\/02\/25\/ponte-pensil-do-centro-e-interditada-para-manutencao\/\",\"url\":\"https:\/\/sulsc.com\/index.php\/2025\/02\/25\/ponte-pensil-do-centro-e-interditada-para-manutencao\/\",\"name\":\"Ponte P\u00eansil do Centro \u00e9 interditada para manuten\u00e7\u00e3o -\",\"isPartOf\":{\"@id\":\"https:\/\/sulsc.com\/#website\"},\"datePublished\":\"2025-02-25T18:57:03+00:00\",\"dateModified\":\"2025-02-25T19:08:29+00:00\",\"author\":{\"@id\":\"https:\/\/sulsc.com\/#\/schema\/person\/84d2fc571684f6248ba83092f07750a3\"},\"breadcrumb\":{\"@id\":\"https:\/\/sulsc.com\/index.php\/2025\/02\/25\/ponte-pensil-do-centro-e-interditada-para-manutencao\/#breadcrumb\"},\"inLanguage\":\"en-US\",\"potentialAction\":[{\"@type\":\"ReadAction\",\"target\":[\"https:\/\/sulsc.com\/index.php\/2025\/02\/25\/ponte-pensil-do-centro-e-interditada-para-manutencao\/\"]}]},{\"@type\":\"BreadcrumbList\",\"@id\":\"https:\/\/sulsc.com\/index.php\/2025\/02\/25\/ponte-pensil-do-centro-e-interditada-para-manutencao\/#breadcrumb\",\"itemListElement\":[{\"@type\":\"ListItem\",\"position\":1,\"name\":\"In\u00edcio\",\"item\":\"https:\/\/sulsc.com\/\"},{\"@type\":\"ListItem\",\"position\":2,\"name\":\"Ponte P\u00eansil do Centro \u00e9 interditada para manuten\u00e7\u00e3o\"}]},{\"@type\":\"WebSite\",\"@id\":\"https:\/\/sulsc.com\/#website\",\"url\":\"https:\/\/sulsc.com\/\",\"name\":\"\",\"description\":\"\",\"potentialAction\":[{\"@type\":\"SearchAction\",\"target\":{\"@type\":\"EntryPoint\",\"urlTemplate\":\"https:\/\/sulsc.com\/?s={search_term_string}\"},\"query-input\":\"required name=search_term_string\"}],\"inLanguage\":\"en-US\"},{\"@type\":\"Person\",\"@id\":\"https:\/\/sulsc.com\/#\/schema\/person\/84d2fc571684f6248ba83092f07750a3\",\"name\":\"Reda\u00e7\u00e3o Sul SC\",\"image\":{\"@type\":\"ImageObject\",\"inLanguage\":\"en-US\",\"@id\":\"https:\/\/sulsc.com\/#\/schema\/person\/image\/e08d7fe2cc4ed596372063bbe852b8d0\",\"url\":\"https:\/\/sulsc.com\/wp-content\/uploads\/2023\/09\/redacao.png\",\"contentUrl\":\"https:\/\/sulsc.com\/wp-content\/uploads\/2023\/09\/redacao.png\",\"caption\":\"Reda\u00e7\u00e3o Sul SC\"},\"description\":\"Foco em um jornalismo imparcial, voltado \u00e0 qualidade dos seus conte\u00fados e, assim, levar informa\u00e7\u00e3o de valor que agregue \u00e0 vida dos leitores. Esta \u00e9 grande miss\u00e3o do Portal de Not\u00edcias Sul SC. N\u00e3o \u00e9 quantidade que muda o mundo, sempre foi e seguir\u00e1 sendo qualidade!\",\"sameAs\":[\"https:\/\/sulsc.com\/\",\"https:\/\/www.facebook.com\/profile.php?id=61559278119680\",\"https:\/\/www.instagram.com\/sulscportal\/?hl=pt-br\",\"https:\/\/twitter.com\/https:\/\/twitter.com\/PortalSulSC\",\"https:\/\/www.youtube.com\/channel\/UCv_BE8GeySluDov2n8qhVmw\"],\"url\":\"https:\/\/sulsc.com\/index.php\/author\/redacao\/\"}]}<\/script>\n<!-- \/ Yoast SEO plugin. -->","yoast_head_json":{"title":"Ponte P\u00eansil do Centro \u00e9 interditada para manuten\u00e7\u00e3o -","robots":{"index":"index","follow":"follow","max-snippet":"max-snippet:-1","max-image-preview":"max-image-preview:large","max-video-preview":"max-video-preview:-1"},"canonical":"https:\/\/sulsc.com\/index.php\/2025\/02\/25\/ponte-pensil-do-centro-e-interditada-para-manutencao\/","og_locale":"en_US","og_type":"article","og_title":"Ponte P\u00eansil do Centro \u00e9 interditada para manuten\u00e7\u00e3o -","og_description":"A Secretaria de Prote\u00e7\u00e3o e Defesa Civil de Tubar\u00e3o interditou, nesta segunda-feira (24), a Ponte P\u00eansil do Centro devido a danos estruturais identificados no piso de madeira e na guarda-corpo. A medida foi adotada para garantir a seguran\u00e7a dos pedestres que utilizam a travessia diariamente. Fitas de isolamento foram colocadas no local para evitar a &hellip; Ponte P\u00eansil do Centro \u00e9 interditada para manuten\u00e7\u00e3o Read More &raquo;","og_url":"https:\/\/sulsc.com\/index.php\/2025\/02\/25\/ponte-pensil-do-centro-e-interditada-para-manutencao\/","article_author":"https:\/\/www.facebook.com\/profile.php?id=61559278119680","article_published_time":"2025-02-25T18:57:03+00:00","article_modified_time":"2025-02-25T19:08:29+00:00","og_image":[{"width":800,"height":445,"url":"http:\/\/sulsc.com\/wp-content\/uploads\/2025\/02\/WhatsApp-Image-2025-02-12-at-10.34.28-1-800x445-1.jpeg","type":"image\/jpeg"}],"author":"Reda\u00e7\u00e3o Sul SC","twitter_card":"summary_large_image","twitter_creator":"@https:\/\/twitter.com\/PortalSulSC","twitter_misc":{"Written by":"Reda\u00e7\u00e3o Sul SC","Est. reading time":"1 minute"},"schema":{"@context":"https:\/\/schema.org","@graph":[{"@type":"WebPage","@id":"https:\/\/sulsc.com\/index.php\/2025\/02\/25\/ponte-pensil-do-centro-e-interditada-para-manutencao\/","url":"https:\/\/sulsc.com\/index.php\/2025\/02\/25\/ponte-pensil-do-centro-e-interditada-para-manutencao\/","name":"Ponte P\u00eansil do Centro \u00e9 interditada para manuten\u00e7\u00e3o -","isPartOf":{"@id":"https:\/\/sulsc.com\/#website"},"datePublished":"2025-02-25T18:57:03+00:00","dateModified":"2025-02-25T19:08:29+00:00","author":{"@id":"https:\/\/sulsc.com\/#\/schema\/person\/84d2fc571684f6248ba83092f07750a3"},"breadcrumb":{"@id":"https:\/\/sulsc.com\/index.php\/2025\/02\/25\/ponte-pensil-do-centro-e-interditada-para-manutencao\/#breadcrumb"},"inLanguage":"en-US","potentialAction":[{"@type":"ReadAction","target":["https:\/\/sulsc.com\/index.php\/2025\/02\/25\/ponte-pensil-do-centro-e-interditada-para-manutencao\/"]}]},{"@type":"BreadcrumbList","@id":"https:\/\/sulsc.com\/index.php\/2025\/02\/25\/ponte-pensil-do-centro-e-interditada-para-manutencao\/#breadcrumb","itemListElement":[{"@type":"ListItem","position":1,"name":"In\u00edcio","item":"https:\/\/sulsc.com\/"},{"@type":"ListItem","position":2,"name":"Ponte P\u00eansil do Centro \u00e9 interditada para manuten\u00e7\u00e3o"}]},{"@type":"WebSite","@id":"https:\/\/sulsc.com\/#website","url":"https:\/\/sulsc.com\/","name":"","description":"","potentialAction":[{"@type":"SearchAction","target":{"@type":"EntryPoint","urlTemplate":"https:\/\/sulsc.com\/?s={search_term_string}"},"query-input":"required name=search_term_string"}],"inLanguage":"en-US"},{"@type":"Person","@id":"https:\/\/sulsc.com\/#\/schema\/person\/84d2fc571684f6248ba83092f07750a3","name":"Reda\u00e7\u00e3o Sul SC","image":{"@type":"ImageObject","inLanguage":"en-US","@id":"https:\/\/sulsc.com\/#\/schema\/person\/image\/e08d7fe2cc4ed596372063bbe852b8d0","url":"https:\/\/sulsc.com\/wp-content\/uploads\/2023\/09\/redacao.png","contentUrl":"https:\/\/sulsc.com\/wp-content\/uploads\/2023\/09\/redacao.png","caption":"Reda\u00e7\u00e3o Sul SC"},"description":"Foco em um jornalismo imparcial, voltado \u00e0 qualidade dos seus conte\u00fados e, assim, levar informa\u00e7\u00e3o de valor que agregue \u00e0 vida dos leitores. Esta \u00e9 grande miss\u00e3o do Portal de Not\u00edcias Sul SC. N\u00e3o \u00e9 quantidade que muda o mundo, sempre foi e seguir\u00e1 sendo qualidade!","sameAs":["https:\/\/sulsc.com\/","https:\/\/www.facebook.com\/profile.php?id=61559278119680","https:\/\/www.instagram.com\/sulscportal\/?hl=pt-br","https:\/\/twitter.com\/https:\/\/twitter.com\/PortalSulSC","https:\/\/www.youtube.com\/channel\/UCv_BE8GeySluDov2n8qhVmw"],"url":"https:\/\/sulsc.com\/index.php\/author\/redacao\/"}]}},"authors":[],"_links":{"self":[{"href":"https:\/\/sulsc.com\/index.php\/wp-json\/wp\/v2\/posts\/20677"}],"collection":[{"href":"https:\/\/sulsc.com\/index.php\/wp-json\/wp\/v2\/posts"}],"about":[{"href":"https:\/\/sulsc.com\/index.php\/wp-json\/wp\/v2\/types\/post"}],"author":[{"embeddable":true,"href":"https:\/\/sulsc.com\/index.php\/wp-json\/wp\/v2\/users\/3"}],"replies":[{"embeddable":true,"href":"https:\/\/sulsc.com\/index.php\/wp-json\/wp\/v2\/comments?post=20677"}],"version-history":[{"count":2,"href":"https:\/\/sulsc.com\/index.php\/wp-json\/wp\/v2\/posts\/20677\/revisions"}],"predecessor-version":[{"id":20685,"href":"https:\/\/sulsc.com\/index.php\/wp-json\/wp\/v2\/posts\/20677\/revisions\/20685"}],"wp:featuredmedia":[{"embeddable":true,"href":"https:\/\/sulsc.com\/index.php\/wp-json\/wp\/v2\/media\/20678"}],"wp:attachment":[{"href":"https:\/\/sulsc.com\/index.php\/wp-json\/wp\/v2\/media?parent=20677"}],"wp:term":[{"taxonomy":"category","embeddable":true,"href":"https:\/\/sulsc.com\/index.php\/wp-json\/wp\/v2\/categories?post=20677"},{"taxonomy":"post_tag","embeddable":true,"href":"https:\/\/sulsc.com\/index.php\/wp-json\/wp\/v2\/tags?post=20677"}],"curies":[{"name":"wp","href":"https:\/\/api.w.org\/{rel}","templated":true}]}}