{"id":20698,"date":"2025-02-26T07:34:54","date_gmt":"2025-02-26T10:34:54","guid":{"rendered":"https:\/\/sulsc.com\/?p=20698"},"modified":"2025-02-26T07:34:54","modified_gmt":"2025-02-26T10:34:54","slug":"quarta-feira-26-sera-de-temperaturas-altas-no-litoral-sul-e-nas-demais-regioes","status":"publish","type":"post","link":"https:\/\/sulsc.com\/index.php\/2025\/02\/26\/quarta-feira-26-sera-de-temperaturas-altas-no-litoral-sul-e-nas-demais-regioes\/","title":{"rendered":"Quarta-feira (26) ser\u00e1 de temperaturas altas no litoral sul e nas demais regi\u00f5es"},"content":{"rendered":"<p>A quarta-feira (26) ser\u00e1 mais um dia com tempo t\u00edpico de ver\u00e3o em toda Santa Catarina. O dia inicia com tempo firme e predom\u00ednio de sol, o que favorece o calor intenso no estado, no Litoral Sul e \u00e1reas do Oeste as m\u00e1ximas chegam aos 37\u00b0C. Nas\u00a0 demais \u00e1reas as\u00a0 m\u00e1ximas chegam na casa de 30 a 35\u00b0C .<\/p>\n<p><img fetchpriority=\"high\" decoding=\"async\" class=\"aligncenter size-full wp-image-20703\" src=\"http:\/\/sulsc.com\/wp-content\/uploads\/2025\/02\/4-2.png\" alt=\"\" width=\"1477\" height=\"998\" srcset=\"https:\/\/sulsc.com\/wp-content\/uploads\/2025\/02\/4-2.png 1477w, https:\/\/sulsc.com\/wp-content\/uploads\/2025\/02\/4-2-300x203.png 300w, https:\/\/sulsc.com\/wp-content\/uploads\/2025\/02\/4-2-1024x692.png 1024w, https:\/\/sulsc.com\/wp-content\/uploads\/2025\/02\/4-2-768x519.png 768w\" sizes=\"(max-width: 1477px) 100vw, 1477px\" \/><\/p>\n<p><img decoding=\"async\" class=\"aligncenter  wp-image-17436\" src=\"http:\/\/sulsc.com\/wp-content\/uploads\/2024\/11\/Tempo-2.png\" alt=\"\" width=\"613\" height=\"113\" srcset=\"https:\/\/sulsc.com\/wp-content\/uploads\/2024\/11\/Tempo-2.png 1024w, https:\/\/sulsc.com\/wp-content\/uploads\/2024\/11\/Tempo-2-300x55.png 300w, https:\/\/sulsc.com\/wp-content\/uploads\/2024\/11\/Tempo-2-768x142.png 768w\" sizes=\"(max-width: 613px) 100vw, 613px\" \/><\/p>\n<p>O risco ser\u00e1 de baixo a moderado para ocorr\u00eancias associadas ao calor intenso, como desconforto t\u00e9rmico, desidrata\u00e7\u00e3o e agravamento de doen\u00e7as cardiorrespirat\u00f3rias. Entre a tarde e a noite, o forte calor combinado a umidade favorece condi\u00e7\u00f5es para temporais isolados, com risco baixo a moderado para ocorr\u00eancias associadas a alagamentos pontuais e destelhamentos.<\/p>\n<p>Fonte: Defesa Civil SC\/Meteorologista: Nicolle Reis<\/p>\n","protected":false},"excerpt":{"rendered":"<p>A quarta-feira (26) ser\u00e1 mais um dia com tempo t\u00edpico de ver\u00e3o em toda Santa Catarina. O dia inicia com tempo firme e predom\u00ednio de sol, o que favorece o calor intenso no estado, no Litoral Sul e \u00e1reas do Oeste as m\u00e1ximas chegam aos 37\u00b0C. Nas\u00a0 demais \u00e1reas as\u00a0 m\u00e1ximas chegam na casa de &hellip;<\/p>\n<p class=\"read-more\"> <a class=\"\" href=\"https:\/\/sulsc.com\/index.php\/2025\/02\/26\/quarta-feira-26-sera-de-temperaturas-altas-no-litoral-sul-e-nas-demais-regioes\/\"> <span class=\"screen-reader-text\">Quarta-feira (26) ser\u00e1 de temperaturas altas no litoral sul e nas demais regi\u00f5es<\/span> Read More &raquo;<\/a><\/p>\n","protected":false},"author":3,"featured_media":18877,"comment_status":"open","ping_status":"open","sticky":false,"template":"","format":"standard","meta":{"site-sidebar-layout":"default","site-content-layout":"","ast-site-content-layout":"default","site-content-style":"default","site-sidebar-style":"default","ast-global-header-display":"","ast-banner-title-visibility":"","ast-main-header-display":"","ast-hfb-above-header-display":"","ast-hfb-below-header-display":"","ast-hfb-mobile-header-display":"","site-post-title":"","ast-breadcrumbs-content":"","ast-featured-img":"","footer-sml-layout":"","theme-transparent-header-meta":"default","adv-header-id-meta":"","stick-header-meta":"","header-above-stick-meta":"","header-main-stick-meta":"","header-below-stick-meta":"","astra-migrate-meta-layouts":"set","footnotes":""},"categories":[38],"tags":[90],"yoast_head":"<!-- This site is optimized with the Yoast SEO plugin v21.4 - https:\/\/yoast.com\/wordpress\/plugins\/seo\/ -->\n<title>Quarta-feira (26) ser\u00e1 de temperaturas altas no litoral sul e nas demais regi\u00f5es -<\/title>\n<meta name=\"description\" content=\"Entre a tarde e a noite o forte calor combinado a umidade favorece condi\u00e7\u00f5es para temporais isolados\" \/>\n<meta name=\"robots\" content=\"index, follow, max-snippet:-1, max-image-preview:large, max-video-preview:-1\" \/>\n<link rel=\"canonical\" href=\"https:\/\/sulsc.com\/index.php\/2025\/02\/26\/quarta-feira-26-sera-de-temperaturas-altas-no-litoral-sul-e-nas-demais-regioes\/\" \/>\n<meta property=\"og:locale\" content=\"en_US\" \/>\n<meta property=\"og:type\" content=\"article\" \/>\n<meta property=\"og:title\" content=\"Quarta-feira (26) ser\u00e1 de temperaturas altas no litoral sul e nas demais regi\u00f5es -\" \/>\n<meta property=\"og:description\" content=\"Entre a tarde e a noite o forte calor combinado a umidade favorece condi\u00e7\u00f5es para temporais isolados\" \/>\n<meta property=\"og:url\" content=\"https:\/\/sulsc.com\/index.php\/2025\/02\/26\/quarta-feira-26-sera-de-temperaturas-altas-no-litoral-sul-e-nas-demais-regioes\/\" \/>\n<meta property=\"article:author\" content=\"https:\/\/www.facebook.com\/profile.php?id=61559278119680\" \/>\n<meta property=\"article:published_time\" content=\"2025-02-26T10:34:54+00:00\" \/>\n<meta property=\"og:image\" content=\"http:\/\/sulsc.com\/wp-content\/uploads\/2025\/01\/tempo.jpg\" \/>\n\t<meta property=\"og:image:width\" content=\"1600\" \/>\n\t<meta property=\"og:image:height\" content=\"720\" \/>\n\t<meta property=\"og:image:type\" content=\"image\/jpeg\" \/>\n<meta name=\"author\" content=\"Reda\u00e7\u00e3o Sul SC\" \/>\n<meta name=\"twitter:card\" content=\"summary_large_image\" \/>\n<meta name=\"twitter:creator\" content=\"@https:\/\/twitter.com\/PortalSulSC\" \/>\n<meta name=\"twitter:label1\" content=\"Written by\" \/>\n\t<meta name=\"twitter:data1\" content=\"Reda\u00e7\u00e3o Sul SC\" \/>\n\t<meta name=\"twitter:label2\" content=\"Est. reading time\" \/>\n\t<meta name=\"twitter:data2\" content=\"1 minute\" \/>\n<script type=\"application\/ld+json\" class=\"yoast-schema-graph\">{\"@context\":\"https:\/\/schema.org\",\"@graph\":[{\"@type\":\"WebPage\",\"@id\":\"https:\/\/sulsc.com\/index.php\/2025\/02\/26\/quarta-feira-26-sera-de-temperaturas-altas-no-litoral-sul-e-nas-demais-regioes\/\",\"url\":\"https:\/\/sulsc.com\/index.php\/2025\/02\/26\/quarta-feira-26-sera-de-temperaturas-altas-no-litoral-sul-e-nas-demais-regioes\/\",\"name\":\"Quarta-feira (26) ser\u00e1 de temperaturas altas no litoral sul e nas demais regi\u00f5es -\",\"isPartOf\":{\"@id\":\"https:\/\/sulsc.com\/#website\"},\"datePublished\":\"2025-02-26T10:34:54+00:00\",\"dateModified\":\"2025-02-26T10:34:54+00:00\",\"author\":{\"@id\":\"https:\/\/sulsc.com\/#\/schema\/person\/84d2fc571684f6248ba83092f07750a3\"},\"description\":\"Entre a tarde e a noite o forte calor combinado a umidade favorece condi\u00e7\u00f5es para temporais isolados\",\"breadcrumb\":{\"@id\":\"https:\/\/sulsc.com\/index.php\/2025\/02\/26\/quarta-feira-26-sera-de-temperaturas-altas-no-litoral-sul-e-nas-demais-regioes\/#breadcrumb\"},\"inLanguage\":\"en-US\",\"potentialAction\":[{\"@type\":\"ReadAction\",\"target\":[\"https:\/\/sulsc.com\/index.php\/2025\/02\/26\/quarta-feira-26-sera-de-temperaturas-altas-no-litoral-sul-e-nas-demais-regioes\/\"]}]},{\"@type\":\"BreadcrumbList\",\"@id\":\"https:\/\/sulsc.com\/index.php\/2025\/02\/26\/quarta-feira-26-sera-de-temperaturas-altas-no-litoral-sul-e-nas-demais-regioes\/#breadcrumb\",\"itemListElement\":[{\"@type\":\"ListItem\",\"position\":1,\"name\":\"In\u00edcio\",\"item\":\"https:\/\/sulsc.com\/\"},{\"@type\":\"ListItem\",\"position\":2,\"name\":\"Quarta-feira (26) ser\u00e1 de temperaturas altas no litoral sul e nas demais regi\u00f5es\"}]},{\"@type\":\"WebSite\",\"@id\":\"https:\/\/sulsc.com\/#website\",\"url\":\"https:\/\/sulsc.com\/\",\"name\":\"\",\"description\":\"\",\"potentialAction\":[{\"@type\":\"SearchAction\",\"target\":{\"@type\":\"EntryPoint\",\"urlTemplate\":\"https:\/\/sulsc.com\/?s={search_term_string}\"},\"query-input\":\"required name=search_term_string\"}],\"inLanguage\":\"en-US\"},{\"@type\":\"Person\",\"@id\":\"https:\/\/sulsc.com\/#\/schema\/person\/84d2fc571684f6248ba83092f07750a3\",\"name\":\"Reda\u00e7\u00e3o Sul SC\",\"image\":{\"@type\":\"ImageObject\",\"inLanguage\":\"en-US\",\"@id\":\"https:\/\/sulsc.com\/#\/schema\/person\/image\/e08d7fe2cc4ed596372063bbe852b8d0\",\"url\":\"https:\/\/sulsc.com\/wp-content\/uploads\/2023\/09\/redacao.png\",\"contentUrl\":\"https:\/\/sulsc.com\/wp-content\/uploads\/2023\/09\/redacao.png\",\"caption\":\"Reda\u00e7\u00e3o Sul SC\"},\"description\":\"Foco em um jornalismo imparcial, voltado \u00e0 qualidade dos seus conte\u00fados e, assim, levar informa\u00e7\u00e3o de valor que agregue \u00e0 vida dos leitores. Esta \u00e9 grande miss\u00e3o do Portal de Not\u00edcias Sul SC. N\u00e3o \u00e9 quantidade que muda o mundo, sempre foi e seguir\u00e1 sendo qualidade!\",\"sameAs\":[\"https:\/\/sulsc.com\/\",\"https:\/\/www.facebook.com\/profile.php?id=61559278119680\",\"https:\/\/www.instagram.com\/sulscportal\/?hl=pt-br\",\"https:\/\/twitter.com\/https:\/\/twitter.com\/PortalSulSC\",\"https:\/\/www.youtube.com\/channel\/UCv_BE8GeySluDov2n8qhVmw\"],\"url\":\"https:\/\/sulsc.com\/index.php\/author\/redacao\/\"}]}<\/script>\n<!-- \/ Yoast SEO plugin. -->","yoast_head_json":{"title":"Quarta-feira (26) ser\u00e1 de temperaturas altas no litoral sul e nas demais regi\u00f5es -","description":"Entre a tarde e a noite o forte calor combinado a umidade favorece condi\u00e7\u00f5es para temporais isolados","robots":{"index":"index","follow":"follow","max-snippet":"max-snippet:-1","max-image-preview":"max-image-preview:large","max-video-preview":"max-video-preview:-1"},"canonical":"https:\/\/sulsc.com\/index.php\/2025\/02\/26\/quarta-feira-26-sera-de-temperaturas-altas-no-litoral-sul-e-nas-demais-regioes\/","og_locale":"en_US","og_type":"article","og_title":"Quarta-feira (26) ser\u00e1 de temperaturas altas no litoral sul e nas demais regi\u00f5es -","og_description":"Entre a tarde e a noite o forte calor combinado a umidade favorece condi\u00e7\u00f5es para temporais isolados","og_url":"https:\/\/sulsc.com\/index.php\/2025\/02\/26\/quarta-feira-26-sera-de-temperaturas-altas-no-litoral-sul-e-nas-demais-regioes\/","article_author":"https:\/\/www.facebook.com\/profile.php?id=61559278119680","article_published_time":"2025-02-26T10:34:54+00:00","og_image":[{"width":1600,"height":720,"url":"http:\/\/sulsc.com\/wp-content\/uploads\/2025\/01\/tempo.jpg","type":"image\/jpeg"}],"author":"Reda\u00e7\u00e3o Sul SC","twitter_card":"summary_large_image","twitter_creator":"@https:\/\/twitter.com\/PortalSulSC","twitter_misc":{"Written by":"Reda\u00e7\u00e3o Sul SC","Est. reading time":"1 minute"},"schema":{"@context":"https:\/\/schema.org","@graph":[{"@type":"WebPage","@id":"https:\/\/sulsc.com\/index.php\/2025\/02\/26\/quarta-feira-26-sera-de-temperaturas-altas-no-litoral-sul-e-nas-demais-regioes\/","url":"https:\/\/sulsc.com\/index.php\/2025\/02\/26\/quarta-feira-26-sera-de-temperaturas-altas-no-litoral-sul-e-nas-demais-regioes\/","name":"Quarta-feira (26) ser\u00e1 de temperaturas altas no litoral sul e nas demais regi\u00f5es -","isPartOf":{"@id":"https:\/\/sulsc.com\/#website"},"datePublished":"2025-02-26T10:34:54+00:00","dateModified":"2025-02-26T10:34:54+00:00","author":{"@id":"https:\/\/sulsc.com\/#\/schema\/person\/84d2fc571684f6248ba83092f07750a3"},"description":"Entre a tarde e a noite o forte calor combinado a umidade favorece condi\u00e7\u00f5es para temporais isolados","breadcrumb":{"@id":"https:\/\/sulsc.com\/index.php\/2025\/02\/26\/quarta-feira-26-sera-de-temperaturas-altas-no-litoral-sul-e-nas-demais-regioes\/#breadcrumb"},"inLanguage":"en-US","potentialAction":[{"@type":"ReadAction","target":["https:\/\/sulsc.com\/index.php\/2025\/02\/26\/quarta-feira-26-sera-de-temperaturas-altas-no-litoral-sul-e-nas-demais-regioes\/"]}]},{"@type":"BreadcrumbList","@id":"https:\/\/sulsc.com\/index.php\/2025\/02\/26\/quarta-feira-26-sera-de-temperaturas-altas-no-litoral-sul-e-nas-demais-regioes\/#breadcrumb","itemListElement":[{"@type":"ListItem","position":1,"name":"In\u00edcio","item":"https:\/\/sulsc.com\/"},{"@type":"ListItem","position":2,"name":"Quarta-feira (26) ser\u00e1 de temperaturas altas no litoral sul e nas demais regi\u00f5es"}]},{"@type":"WebSite","@id":"https:\/\/sulsc.com\/#website","url":"https:\/\/sulsc.com\/","name":"","description":"","potentialAction":[{"@type":"SearchAction","target":{"@type":"EntryPoint","urlTemplate":"https:\/\/sulsc.com\/?s={search_term_string}"},"query-input":"required name=search_term_string"}],"inLanguage":"en-US"},{"@type":"Person","@id":"https:\/\/sulsc.com\/#\/schema\/person\/84d2fc571684f6248ba83092f07750a3","name":"Reda\u00e7\u00e3o Sul SC","image":{"@type":"ImageObject","inLanguage":"en-US","@id":"https:\/\/sulsc.com\/#\/schema\/person\/image\/e08d7fe2cc4ed596372063bbe852b8d0","url":"https:\/\/sulsc.com\/wp-content\/uploads\/2023\/09\/redacao.png","contentUrl":"https:\/\/sulsc.com\/wp-content\/uploads\/2023\/09\/redacao.png","caption":"Reda\u00e7\u00e3o Sul SC"},"description":"Foco em um jornalismo imparcial, voltado \u00e0 qualidade dos seus conte\u00fados e, assim, levar informa\u00e7\u00e3o de valor que agregue \u00e0 vida dos leitores. Esta \u00e9 grande miss\u00e3o do Portal de Not\u00edcias Sul SC. N\u00e3o \u00e9 quantidade que muda o mundo, sempre foi e seguir\u00e1 sendo qualidade!","sameAs":["https:\/\/sulsc.com\/","https:\/\/www.facebook.com\/profile.php?id=61559278119680","https:\/\/www.instagram.com\/sulscportal\/?hl=pt-br","https:\/\/twitter.com\/https:\/\/twitter.com\/PortalSulSC","https:\/\/www.youtube.com\/channel\/UCv_BE8GeySluDov2n8qhVmw"],"url":"https:\/\/sulsc.com\/index.php\/author\/redacao\/"}]}},"authors":[],"_links":{"self":[{"href":"https:\/\/sulsc.com\/index.php\/wp-json\/wp\/v2\/posts\/20698"}],"collection":[{"href":"https:\/\/sulsc.com\/index.php\/wp-json\/wp\/v2\/posts"}],"about":[{"href":"https:\/\/sulsc.com\/index.php\/wp-json\/wp\/v2\/types\/post"}],"author":[{"embeddable":true,"href":"https:\/\/sulsc.com\/index.php\/wp-json\/wp\/v2\/users\/3"}],"replies":[{"embeddable":true,"href":"https:\/\/sulsc.com\/index.php\/wp-json\/wp\/v2\/comments?post=20698"}],"version-history":[{"count":1,"href":"https:\/\/sulsc.com\/index.php\/wp-json\/wp\/v2\/posts\/20698\/revisions"}],"predecessor-version":[{"id":20707,"href":"https:\/\/sulsc.com\/index.php\/wp-json\/wp\/v2\/posts\/20698\/revisions\/20707"}],"wp:featuredmedia":[{"embeddable":true,"href":"https:\/\/sulsc.com\/index.php\/wp-json\/wp\/v2\/media\/18877"}],"wp:attachment":[{"href":"https:\/\/sulsc.com\/index.php\/wp-json\/wp\/v2\/media?parent=20698"}],"wp:term":[{"taxonomy":"category","embeddable":true,"href":"https:\/\/sulsc.com\/index.php\/wp-json\/wp\/v2\/categories?post=20698"},{"taxonomy":"post_tag","embeddable":true,"href":"https:\/\/sulsc.com\/index.php\/wp-json\/wp\/v2\/tags?post=20698"}],"curies":[{"name":"wp","href":"https:\/\/api.w.org\/{rel}","templated":true}]}}