{"id":2075,"date":"2023-10-10T00:00:23","date_gmt":"2023-10-10T03:00:23","guid":{"rendered":"https:\/\/sulsc.com\/?p=2075"},"modified":"2023-10-10T00:02:51","modified_gmt":"2023-10-10T03:02:51","slug":"2075","status":"publish","type":"post","link":"https:\/\/sulsc.com\/index.php\/2023\/10\/10\/2075\/","title":{"rendered":"Cosip e Celesc tra\u00e7am planos de a\u00e7\u00e3o para melhoria na ilumina\u00e7\u00e3o p\u00fablica"},"content":{"rendered":"<p>O gerente da Cosip Dion\u00edsio de Quadros reuniu-se na manh\u00e3 desta segunda-feira, (9), com gerente Regional da Celesc, Giocondo Tasso e o gerente da Divis\u00e3o Comercial, Emerson Flor Thome. Na pauta estavam v\u00e1rios assuntos, entre eles, a discuss\u00e3o da extens\u00e3o de rede para melhorias de ilumina\u00e7\u00e3o p\u00fablica e, tamb\u00e9m, a necessidade de deslocamento de postes para o alargamento de via e ou que tenham ficado na pista de rolamento.<\/p>\n<p>\u201cFalamos tamb\u00e9m sobre a melhoria na ilumina\u00e7\u00e3o na SC-390. Existe a necessidade urgente de fazer uma limpeza na fia\u00e7\u00e3o de rede de telefonia que est\u00e1 sem uso, mas ocupando espa\u00e7o nos postes. Isso acarretaria em mais seguran\u00e7a e melhoraria muito o visual\u201d, salientou Dion\u00edsio.<\/p>\n<p>Para Giocondo, que foi muito solicito na reuni\u00e3o, trabalhar em parceria pode trazer benef\u00edcios \u00e0 popula\u00e7\u00e3o. \u201cA Celesc est\u00e1 com as portas abertas para que possamos agilizar v\u00e1rias demandas na cidade. Com o apoio da Cosip, com certeza os trabalhos ganham mais agilidade\u201d, ressaltou.<\/p>\n<p>As empresas de telefonia e Internet devem receber uma fiscaliza\u00e7\u00e3o mais intensa dentro dos pr\u00f3ximos dias. Alguns planos de a\u00e7\u00e3o j\u00e1 est\u00e3o sendo elaborados. \u201cPrecisamos criar mecanismos de fiscaliza\u00e7\u00e3o junto \u00e0s operadoras para que fa\u00e7am as adequa\u00e7\u00f5es necess\u00e1rias, garantindo seguran\u00e7a e a padroniza\u00e7\u00e3o dos servi\u00e7os. Em alguns casos, os postes est\u00e3o sobrecarregados e h\u00e1 muita fia\u00e7\u00e3o sem uso\u201d, lembrou Dion\u00edsio.<\/p>\n<p>&nbsp;<\/p>\n<p>Fonte: Pref. Tubar\u00e3o<\/p>\n","protected":false},"excerpt":{"rendered":"<p>O gerente da Cosip Dion\u00edsio de Quadros reuniu-se na manh\u00e3 desta segunda-feira, (9), com gerente Regional da Celesc, Giocondo Tasso e o gerente da Divis\u00e3o Comercial, Emerson Flor Thome. Na pauta estavam v\u00e1rios assuntos, entre eles, a discuss\u00e3o da extens\u00e3o de rede para melhorias de ilumina\u00e7\u00e3o p\u00fablica e, tamb\u00e9m, a necessidade de deslocamento de postes &hellip;<\/p>\n<p class=\"read-more\"> <a class=\"\" href=\"https:\/\/sulsc.com\/index.php\/2023\/10\/10\/2075\/\"> <span class=\"screen-reader-text\">Cosip e Celesc tra\u00e7am planos de a\u00e7\u00e3o para melhoria na ilumina\u00e7\u00e3o p\u00fablica<\/span> Read More &raquo;<\/a><\/p>\n","protected":false},"author":3,"featured_media":2076,"comment_status":"open","ping_status":"open","sticky":false,"template":"","format":"standard","meta":{"site-sidebar-layout":"default","site-content-layout":"","ast-site-content-layout":"default","site-content-style":"default","site-sidebar-style":"default","ast-global-header-display":"","ast-banner-title-visibility":"","ast-main-header-display":"","ast-hfb-above-header-display":"","ast-hfb-below-header-display":"","ast-hfb-mobile-header-display":"","site-post-title":"","ast-breadcrumbs-content":"","ast-featured-img":"","footer-sml-layout":"","theme-transparent-header-meta":"default","adv-header-id-meta":"","stick-header-meta":"","header-above-stick-meta":"","header-main-stick-meta":"","header-below-stick-meta":"","astra-migrate-meta-layouts":"set","footnotes":""},"categories":[1],"tags":[],"yoast_head":"<!-- This site is optimized with the Yoast SEO plugin v21.4 - https:\/\/yoast.com\/wordpress\/plugins\/seo\/ -->\n<title>Cosip e Celesc tra\u00e7am planos de a\u00e7\u00e3o para melhoria na ilumina\u00e7\u00e3o p\u00fablica -<\/title>\n<meta name=\"robots\" content=\"index, follow, max-snippet:-1, max-image-preview:large, max-video-preview:-1\" \/>\n<link rel=\"canonical\" href=\"https:\/\/sulsc.com\/index.php\/2023\/10\/10\/2075\/\" \/>\n<meta property=\"og:locale\" content=\"en_US\" \/>\n<meta property=\"og:type\" content=\"article\" \/>\n<meta property=\"og:title\" content=\"Cosip e Celesc tra\u00e7am planos de a\u00e7\u00e3o para melhoria na ilumina\u00e7\u00e3o p\u00fablica -\" \/>\n<meta property=\"og:description\" content=\"O gerente da Cosip Dion\u00edsio de Quadros reuniu-se na manh\u00e3 desta segunda-feira, (9), com gerente Regional da Celesc, Giocondo Tasso e o gerente da Divis\u00e3o Comercial, Emerson Flor Thome. Na pauta estavam v\u00e1rios assuntos, entre eles, a discuss\u00e3o da extens\u00e3o de rede para melhorias de ilumina\u00e7\u00e3o p\u00fablica e, tamb\u00e9m, a necessidade de deslocamento de postes &hellip; Cosip e Celesc tra\u00e7am planos de a\u00e7\u00e3o para melhoria na ilumina\u00e7\u00e3o p\u00fablica Read More &raquo;\" \/>\n<meta property=\"og:url\" content=\"https:\/\/sulsc.com\/index.php\/2023\/10\/10\/2075\/\" \/>\n<meta property=\"article:author\" content=\"https:\/\/www.facebook.com\/profile.php?id=61559278119680\" \/>\n<meta property=\"article:published_time\" content=\"2023-10-10T03:00:23+00:00\" \/>\n<meta property=\"article:modified_time\" content=\"2023-10-10T03:02:51+00:00\" \/>\n<meta property=\"og:image\" content=\"https:\/\/sulsc.com\/wp-content\/uploads\/2023\/10\/WhatsApp-Image-2023-10-09-at-23.56.25.jpeg\" \/>\n\t<meta property=\"og:image:width\" content=\"805\" \/>\n\t<meta property=\"og:image:height\" content=\"444\" \/>\n\t<meta property=\"og:image:type\" content=\"image\/jpeg\" \/>\n<meta name=\"author\" content=\"Reda\u00e7\u00e3o Sul SC\" \/>\n<meta name=\"twitter:card\" content=\"summary_large_image\" \/>\n<meta name=\"twitter:creator\" content=\"@https:\/\/twitter.com\/PortalSulSC\" \/>\n<meta name=\"twitter:label1\" content=\"Written by\" \/>\n\t<meta name=\"twitter:data1\" content=\"Reda\u00e7\u00e3o Sul SC\" \/>\n\t<meta name=\"twitter:label2\" content=\"Est. reading time\" \/>\n\t<meta name=\"twitter:data2\" content=\"1 minute\" \/>\n<script type=\"application\/ld+json\" class=\"yoast-schema-graph\">{\"@context\":\"https:\/\/schema.org\",\"@graph\":[{\"@type\":\"WebPage\",\"@id\":\"https:\/\/sulsc.com\/index.php\/2023\/10\/10\/2075\/\",\"url\":\"https:\/\/sulsc.com\/index.php\/2023\/10\/10\/2075\/\",\"name\":\"Cosip e Celesc tra\u00e7am planos de a\u00e7\u00e3o para melhoria na ilumina\u00e7\u00e3o p\u00fablica -\",\"isPartOf\":{\"@id\":\"https:\/\/sulsc.com\/#website\"},\"datePublished\":\"2023-10-10T03:00:23+00:00\",\"dateModified\":\"2023-10-10T03:02:51+00:00\",\"author\":{\"@id\":\"https:\/\/sulsc.com\/#\/schema\/person\/84d2fc571684f6248ba83092f07750a3\"},\"breadcrumb\":{\"@id\":\"https:\/\/sulsc.com\/index.php\/2023\/10\/10\/2075\/#breadcrumb\"},\"inLanguage\":\"en-US\",\"potentialAction\":[{\"@type\":\"ReadAction\",\"target\":[\"https:\/\/sulsc.com\/index.php\/2023\/10\/10\/2075\/\"]}]},{\"@type\":\"BreadcrumbList\",\"@id\":\"https:\/\/sulsc.com\/index.php\/2023\/10\/10\/2075\/#breadcrumb\",\"itemListElement\":[{\"@type\":\"ListItem\",\"position\":1,\"name\":\"In\u00edcio\",\"item\":\"https:\/\/sulsc.com\/\"},{\"@type\":\"ListItem\",\"position\":2,\"name\":\"Cosip e Celesc tra\u00e7am planos de a\u00e7\u00e3o para melhoria na ilumina\u00e7\u00e3o p\u00fablica\"}]},{\"@type\":\"WebSite\",\"@id\":\"https:\/\/sulsc.com\/#website\",\"url\":\"https:\/\/sulsc.com\/\",\"name\":\"\",\"description\":\"\",\"potentialAction\":[{\"@type\":\"SearchAction\",\"target\":{\"@type\":\"EntryPoint\",\"urlTemplate\":\"https:\/\/sulsc.com\/?s={search_term_string}\"},\"query-input\":\"required name=search_term_string\"}],\"inLanguage\":\"en-US\"},{\"@type\":\"Person\",\"@id\":\"https:\/\/sulsc.com\/#\/schema\/person\/84d2fc571684f6248ba83092f07750a3\",\"name\":\"Reda\u00e7\u00e3o Sul SC\",\"image\":{\"@type\":\"ImageObject\",\"inLanguage\":\"en-US\",\"@id\":\"https:\/\/sulsc.com\/#\/schema\/person\/image\/e08d7fe2cc4ed596372063bbe852b8d0\",\"url\":\"https:\/\/sulsc.com\/wp-content\/uploads\/2023\/09\/redacao.png\",\"contentUrl\":\"https:\/\/sulsc.com\/wp-content\/uploads\/2023\/09\/redacao.png\",\"caption\":\"Reda\u00e7\u00e3o Sul SC\"},\"description\":\"Foco em um jornalismo imparcial, voltado \u00e0 qualidade dos seus conte\u00fados e, assim, levar informa\u00e7\u00e3o de valor que agregue \u00e0 vida dos leitores. Esta \u00e9 grande miss\u00e3o do Portal de Not\u00edcias Sul SC. N\u00e3o \u00e9 quantidade que muda o mundo, sempre foi e seguir\u00e1 sendo qualidade!\",\"sameAs\":[\"https:\/\/sulsc.com\/\",\"https:\/\/www.facebook.com\/profile.php?id=61559278119680\",\"https:\/\/www.instagram.com\/sulscportal\/?hl=pt-br\",\"https:\/\/twitter.com\/https:\/\/twitter.com\/PortalSulSC\",\"https:\/\/www.youtube.com\/channel\/UCv_BE8GeySluDov2n8qhVmw\"],\"url\":\"https:\/\/sulsc.com\/index.php\/author\/redacao\/\"}]}<\/script>\n<!-- \/ Yoast SEO plugin. -->","yoast_head_json":{"title":"Cosip e Celesc tra\u00e7am planos de a\u00e7\u00e3o para melhoria na ilumina\u00e7\u00e3o p\u00fablica -","robots":{"index":"index","follow":"follow","max-snippet":"max-snippet:-1","max-image-preview":"max-image-preview:large","max-video-preview":"max-video-preview:-1"},"canonical":"https:\/\/sulsc.com\/index.php\/2023\/10\/10\/2075\/","og_locale":"en_US","og_type":"article","og_title":"Cosip e Celesc tra\u00e7am planos de a\u00e7\u00e3o para melhoria na ilumina\u00e7\u00e3o p\u00fablica -","og_description":"O gerente da Cosip Dion\u00edsio de Quadros reuniu-se na manh\u00e3 desta segunda-feira, (9), com gerente Regional da Celesc, Giocondo Tasso e o gerente da Divis\u00e3o Comercial, Emerson Flor Thome. Na pauta estavam v\u00e1rios assuntos, entre eles, a discuss\u00e3o da extens\u00e3o de rede para melhorias de ilumina\u00e7\u00e3o p\u00fablica e, tamb\u00e9m, a necessidade de deslocamento de postes &hellip; Cosip e Celesc tra\u00e7am planos de a\u00e7\u00e3o para melhoria na ilumina\u00e7\u00e3o p\u00fablica Read More &raquo;","og_url":"https:\/\/sulsc.com\/index.php\/2023\/10\/10\/2075\/","article_author":"https:\/\/www.facebook.com\/profile.php?id=61559278119680","article_published_time":"2023-10-10T03:00:23+00:00","article_modified_time":"2023-10-10T03:02:51+00:00","og_image":[{"width":805,"height":444,"url":"https:\/\/sulsc.com\/wp-content\/uploads\/2023\/10\/WhatsApp-Image-2023-10-09-at-23.56.25.jpeg","type":"image\/jpeg"}],"author":"Reda\u00e7\u00e3o Sul SC","twitter_card":"summary_large_image","twitter_creator":"@https:\/\/twitter.com\/PortalSulSC","twitter_misc":{"Written by":"Reda\u00e7\u00e3o Sul SC","Est. reading time":"1 minute"},"schema":{"@context":"https:\/\/schema.org","@graph":[{"@type":"WebPage","@id":"https:\/\/sulsc.com\/index.php\/2023\/10\/10\/2075\/","url":"https:\/\/sulsc.com\/index.php\/2023\/10\/10\/2075\/","name":"Cosip e Celesc tra\u00e7am planos de a\u00e7\u00e3o para melhoria na ilumina\u00e7\u00e3o p\u00fablica -","isPartOf":{"@id":"https:\/\/sulsc.com\/#website"},"datePublished":"2023-10-10T03:00:23+00:00","dateModified":"2023-10-10T03:02:51+00:00","author":{"@id":"https:\/\/sulsc.com\/#\/schema\/person\/84d2fc571684f6248ba83092f07750a3"},"breadcrumb":{"@id":"https:\/\/sulsc.com\/index.php\/2023\/10\/10\/2075\/#breadcrumb"},"inLanguage":"en-US","potentialAction":[{"@type":"ReadAction","target":["https:\/\/sulsc.com\/index.php\/2023\/10\/10\/2075\/"]}]},{"@type":"BreadcrumbList","@id":"https:\/\/sulsc.com\/index.php\/2023\/10\/10\/2075\/#breadcrumb","itemListElement":[{"@type":"ListItem","position":1,"name":"In\u00edcio","item":"https:\/\/sulsc.com\/"},{"@type":"ListItem","position":2,"name":"Cosip e Celesc tra\u00e7am planos de a\u00e7\u00e3o para melhoria na ilumina\u00e7\u00e3o p\u00fablica"}]},{"@type":"WebSite","@id":"https:\/\/sulsc.com\/#website","url":"https:\/\/sulsc.com\/","name":"","description":"","potentialAction":[{"@type":"SearchAction","target":{"@type":"EntryPoint","urlTemplate":"https:\/\/sulsc.com\/?s={search_term_string}"},"query-input":"required name=search_term_string"}],"inLanguage":"en-US"},{"@type":"Person","@id":"https:\/\/sulsc.com\/#\/schema\/person\/84d2fc571684f6248ba83092f07750a3","name":"Reda\u00e7\u00e3o Sul SC","image":{"@type":"ImageObject","inLanguage":"en-US","@id":"https:\/\/sulsc.com\/#\/schema\/person\/image\/e08d7fe2cc4ed596372063bbe852b8d0","url":"https:\/\/sulsc.com\/wp-content\/uploads\/2023\/09\/redacao.png","contentUrl":"https:\/\/sulsc.com\/wp-content\/uploads\/2023\/09\/redacao.png","caption":"Reda\u00e7\u00e3o Sul SC"},"description":"Foco em um jornalismo imparcial, voltado \u00e0 qualidade dos seus conte\u00fados e, assim, levar informa\u00e7\u00e3o de valor que agregue \u00e0 vida dos leitores. Esta \u00e9 grande miss\u00e3o do Portal de Not\u00edcias Sul SC. N\u00e3o \u00e9 quantidade que muda o mundo, sempre foi e seguir\u00e1 sendo qualidade!","sameAs":["https:\/\/sulsc.com\/","https:\/\/www.facebook.com\/profile.php?id=61559278119680","https:\/\/www.instagram.com\/sulscportal\/?hl=pt-br","https:\/\/twitter.com\/https:\/\/twitter.com\/PortalSulSC","https:\/\/www.youtube.com\/channel\/UCv_BE8GeySluDov2n8qhVmw"],"url":"https:\/\/sulsc.com\/index.php\/author\/redacao\/"}]}},"authors":[],"_links":{"self":[{"href":"https:\/\/sulsc.com\/index.php\/wp-json\/wp\/v2\/posts\/2075"}],"collection":[{"href":"https:\/\/sulsc.com\/index.php\/wp-json\/wp\/v2\/posts"}],"about":[{"href":"https:\/\/sulsc.com\/index.php\/wp-json\/wp\/v2\/types\/post"}],"author":[{"embeddable":true,"href":"https:\/\/sulsc.com\/index.php\/wp-json\/wp\/v2\/users\/3"}],"replies":[{"embeddable":true,"href":"https:\/\/sulsc.com\/index.php\/wp-json\/wp\/v2\/comments?post=2075"}],"version-history":[{"count":3,"href":"https:\/\/sulsc.com\/index.php\/wp-json\/wp\/v2\/posts\/2075\/revisions"}],"predecessor-version":[{"id":2079,"href":"https:\/\/sulsc.com\/index.php\/wp-json\/wp\/v2\/posts\/2075\/revisions\/2079"}],"wp:featuredmedia":[{"embeddable":true,"href":"https:\/\/sulsc.com\/index.php\/wp-json\/wp\/v2\/media\/2076"}],"wp:attachment":[{"href":"https:\/\/sulsc.com\/index.php\/wp-json\/wp\/v2\/media?parent=2075"}],"wp:term":[{"taxonomy":"category","embeddable":true,"href":"https:\/\/sulsc.com\/index.php\/wp-json\/wp\/v2\/categories?post=2075"},{"taxonomy":"post_tag","embeddable":true,"href":"https:\/\/sulsc.com\/index.php\/wp-json\/wp\/v2\/tags?post=2075"}],"curies":[{"name":"wp","href":"https:\/\/api.w.org\/{rel}","templated":true}]}}