{"id":20759,"date":"2025-02-27T08:53:12","date_gmt":"2025-02-27T11:53:12","guid":{"rendered":"https:\/\/sulsc.com\/?p=20759"},"modified":"2025-02-27T08:53:12","modified_gmt":"2025-02-27T11:53:12","slug":"prf-inicia-operacao-carnaval-2025","status":"publish","type":"post","link":"https:\/\/sulsc.com\/index.php\/2025\/02\/27\/prf-inicia-operacao-carnaval-2025\/","title":{"rendered":"PRF inicia Opera\u00e7\u00e3o Carnaval 2025"},"content":{"rendered":"<div>A Pol\u00edcia Rodovi\u00e1ria Federal inicia \u00e0 zero hora desta sexta-feira, dia 28 de fevereiro, a Opera\u00e7\u00e3o Carnaval 2025, que se estende at\u00e9 as 23h59min de quarta-feira de Cinzas dia 05 de mar\u00e7o, totalizando seis dias de mobiliza\u00e7\u00e3o.<\/div>\n<div><\/div>\n<div>O per\u00edodo \u00e9 um dos mais cr\u00edticos do ano em Santa Catarina, pois soma o movimento de fam\u00edlias aproveitando a folga do feriado, turistas em f\u00e9rias de ver\u00e3o buscando as praias e foli\u00f5es aproveitando as festas de Carnaval.<\/div>\n<div><\/div>\n<div>Neste feriad\u00e3o em 2024, a PRF registrou em Santa Catarina 167 acidentes, nos quais 192 pessoas ficaram feridas e oito morreram.<\/div>\n<div><img fetchpriority=\"high\" decoding=\"async\" class=\"wp-image-20760 alignleft\" src=\"http:\/\/sulsc.com\/wp-content\/uploads\/2025\/02\/WhatsApp-Image-2025-02-27-at-08.26.29-1.jpeg\" alt=\"\" width=\"494\" height=\"618\" srcset=\"https:\/\/sulsc.com\/wp-content\/uploads\/2025\/02\/WhatsApp-Image-2025-02-27-at-08.26.29-1.jpeg 1024w, https:\/\/sulsc.com\/wp-content\/uploads\/2025\/02\/WhatsApp-Image-2025-02-27-at-08.26.29-1-240x300.jpeg 240w, https:\/\/sulsc.com\/wp-content\/uploads\/2025\/02\/WhatsApp-Image-2025-02-27-at-08.26.29-1-819x1024.jpeg 819w, https:\/\/sulsc.com\/wp-content\/uploads\/2025\/02\/WhatsApp-Image-2025-02-27-at-08.26.29-1-768x960.jpeg 768w\" sizes=\"(max-width: 494px) 100vw, 494px\" \/><\/div>\n<div><\/div>\n<div>O fluxo de ve\u00edculos deve aumentar principalmente em regi\u00f5es de festas tradicionais como Laguna, Grande Florian\u00f3polis e Navegantes (BR-101), S\u00e3o Francisco do Sul (BR-280) e Joa\u00e7aba (BR-282). O pico do movimento deve ocorrer na tarde do dia 28 (sexta), s\u00e1bado pela manh\u00e3 e dias 04 e 05 (ter\u00e7a e quarta), quando termina o feriad\u00e3o e come\u00e7a a volta para casa.<\/div>\n<div><\/div>\n<div>A fiscaliza\u00e7\u00e3o em SC ser\u00e1 refor\u00e7ada com 44 PRFs vindos de outros estados do pa\u00eds. As equipes extras v\u00e3o se posicionar em trechos estrat\u00e9gicos, considerados cr\u00edticos pelo alto \u00edndice de acidentes, localizados principalmente no litoral do estado e Vale do Itaja\u00ed.<\/div>\n<div><\/div>\n<div>Al\u00e9m de ultrapassagens indevidas, excesso de velocidade, uso do celular e falta do cinto de seguran\u00e7a, um dos principais focos ser\u00e1 o combate \u00e0 embriaguez ao volante, causa de muitos acidentes com v\u00edtimas graves ou mortes. Vale lembrar que dirigir sob influ\u00eancia de \u00e1lcool \u00e9 uma infra\u00e7\u00e3o grav\u00edssima punida com suspens\u00e3o do direito de dirigir por 12 meses e multa de R$ 2.934,70. A mesma multa \u00e9 aplicada ao condutor que se nega a se submeter aos testes.<\/div>\n<div><\/div>\n<div>Restri\u00e7\u00e3o de Tr\u00e1fego &#8211; Para aumentar a fluidez do tr\u00e2nsito e diminuir o risco de acidentes, haver\u00e1 restri\u00e7\u00e3o de tr\u00e1fego em pista simples para ve\u00edculos de cargas excedentes, ou seja, que ultrapassam as dimens\u00f5es m\u00e1ximas permitidas e que precisam de AET (Autoriza\u00e7\u00e3o Especial de Tr\u00e2nsito), nos seguintes dias e hor\u00e1rios:<\/div>\n<div><\/div>\n<div>Sexta-feira, 28\/02, das 16h00 \u00e0s 22h00;<\/div>\n<div>S\u00e1bado, 01\/03, das 06h00 \u00e0s 12h00;<\/div>\n<div>Ter\u00e7a-feira, 04\/03, das 16h00 \u00e0s 22h00;<\/div>\n<div>Quarta-feira, 05\/03, das 06h00 \u00e0s 12h00.<\/div>\n<div><\/div>\n<div>A Pol\u00edcia Rodovi\u00e1ria Federal relembra algumas atitudes que podem salvar vidas:<\/div>\n<div>\u00a0 \u00a0 \u2022 Descanse antes de dirigir: Evite a fadiga ao volante e fa\u00e7a pausas regulares durante viagens longas;<\/div>\n<div>\u00a0 \u00a0 \u2022 Mantenha a aten\u00e7\u00e3o total: N\u00e3o utilize o celular enquanto dirige e evite outras distra\u00e7\u00f5es;<\/div>\n<div>\u00a0 \u00a0 \u2022 Respeite os limites de velocidade: Exceder a velocidade permitida aumenta o risco de acidentes graves;<\/div>\n<div>\u00a0 \u00a0 \u2022 Use o cinto de seguran\u00e7a: Todos os ocupantes do ve\u00edculo devem utiliz\u00e1-lo, inclusive no banco traseiro;<\/div>\n<div>\u00a0 \u00a0 \u2022 N\u00e3o dirija sob efeito de \u00e1lcool: Qualquer tra\u00e7o de \u00e1lcool no organismo compromete os reflexos e a capacidade de rea\u00e7\u00e3o;<\/div>\n<div>\u00a0 \u00a0 \u2022 Verifique as condi\u00e7\u00f5es do ve\u00edculo: Pneus, freios, far\u00f3is e demais equipamentos devem estar em boas condi\u00e7\u00f5es;<\/div>\n<div>\u00a0 \u00a0 \u2022 Aten\u00e7\u00e3o \u00e0 ultrapassagens: Realize ultrapassagens apenas em locais permitidos e com seguran\u00e7a;<\/div>\n<div>\u00a0 \u00a0 \u2022 O n\u00famero de emerg\u00eancia da PRF \u00e9 191.<\/div>\n<div><\/div>\n<div>Em caso de acidente sem v\u00edtimas, somente com danos materiais e em que o ve\u00edculo ainda possa se movimentar com seguran\u00e7a, o envolvido tem a obriga\u00e7\u00e3o de liberar a via. Ele tamb\u00e9m deve fazer o registro da ocorr\u00eancia em casa, pela internet, preenchendo a DAT (Declara\u00e7\u00e3o de Acidente de Tr\u00e2nsito). O documento tem valor legal, \u00e9 reconhecido por outros \u00f3rg\u00e3os e seguradoras. Endere\u00e7o: www.prf.gov.br\/declarante<\/div>\n","protected":false},"excerpt":{"rendered":"<p>A Pol\u00edcia Rodovi\u00e1ria Federal inicia \u00e0 zero hora desta sexta-feira, dia 28 de fevereiro, a Opera\u00e7\u00e3o Carnaval 2025, que se estende at\u00e9 as 23h59min de quarta-feira de Cinzas dia 05 de mar\u00e7o, totalizando seis dias de mobiliza\u00e7\u00e3o. O per\u00edodo \u00e9 um dos mais cr\u00edticos do ano em Santa Catarina, pois soma o movimento de fam\u00edlias &hellip;<\/p>\n<p class=\"read-more\"> <a class=\"\" href=\"https:\/\/sulsc.com\/index.php\/2025\/02\/27\/prf-inicia-operacao-carnaval-2025\/\"> <span class=\"screen-reader-text\">PRF inicia Opera\u00e7\u00e3o Carnaval 2025<\/span> Read More &raquo;<\/a><\/p>\n","protected":false},"author":3,"featured_media":20761,"comment_status":"open","ping_status":"open","sticky":false,"template":"","format":"standard","meta":{"site-sidebar-layout":"default","site-content-layout":"","ast-site-content-layout":"default","site-content-style":"default","site-sidebar-style":"default","ast-global-header-display":"","ast-banner-title-visibility":"","ast-main-header-display":"","ast-hfb-above-header-display":"","ast-hfb-below-header-display":"","ast-hfb-mobile-header-display":"","site-post-title":"","ast-breadcrumbs-content":"","ast-featured-img":"","footer-sml-layout":"","theme-transparent-header-meta":"default","adv-header-id-meta":"","stick-header-meta":"","header-above-stick-meta":"","header-main-stick-meta":"","header-below-stick-meta":"","astra-migrate-meta-layouts":"set","footnotes":""},"categories":[8],"tags":[],"yoast_head":"<!-- This site is optimized with the Yoast SEO plugin v21.4 - https:\/\/yoast.com\/wordpress\/plugins\/seo\/ -->\n<title>PRF inicia Opera\u00e7\u00e3o Carnaval 2025 -<\/title>\n<meta name=\"robots\" content=\"index, follow, max-snippet:-1, max-image-preview:large, max-video-preview:-1\" \/>\n<link rel=\"canonical\" href=\"https:\/\/sulsc.com\/index.php\/2025\/02\/27\/prf-inicia-operacao-carnaval-2025\/\" \/>\n<meta property=\"og:locale\" content=\"en_US\" \/>\n<meta property=\"og:type\" content=\"article\" \/>\n<meta property=\"og:title\" content=\"PRF inicia Opera\u00e7\u00e3o Carnaval 2025 -\" \/>\n<meta property=\"og:description\" content=\"A Pol\u00edcia Rodovi\u00e1ria Federal inicia \u00e0 zero hora desta sexta-feira, dia 28 de fevereiro, a Opera\u00e7\u00e3o Carnaval 2025, que se estende at\u00e9 as 23h59min de quarta-feira de Cinzas dia 05 de mar\u00e7o, totalizando seis dias de mobiliza\u00e7\u00e3o. O per\u00edodo \u00e9 um dos mais cr\u00edticos do ano em Santa Catarina, pois soma o movimento de fam\u00edlias &hellip; PRF inicia Opera\u00e7\u00e3o Carnaval 2025 Read More &raquo;\" \/>\n<meta property=\"og:url\" content=\"https:\/\/sulsc.com\/index.php\/2025\/02\/27\/prf-inicia-operacao-carnaval-2025\/\" \/>\n<meta property=\"article:author\" content=\"https:\/\/www.facebook.com\/profile.php?id=61559278119680\" \/>\n<meta property=\"article:published_time\" content=\"2025-02-27T11:53:12+00:00\" \/>\n<meta property=\"og:image\" content=\"http:\/\/sulsc.com\/wp-content\/uploads\/2025\/02\/WhatsApp-Image-2025-02-27-at-08.26.29.jpeg\" \/>\n\t<meta property=\"og:image:width\" content=\"1199\" \/>\n\t<meta property=\"og:image:height\" content=\"863\" \/>\n\t<meta property=\"og:image:type\" content=\"image\/jpeg\" \/>\n<meta name=\"author\" content=\"Reda\u00e7\u00e3o Sul SC\" \/>\n<meta name=\"twitter:card\" content=\"summary_large_image\" \/>\n<meta name=\"twitter:creator\" content=\"@https:\/\/twitter.com\/PortalSulSC\" \/>\n<meta name=\"twitter:label1\" content=\"Written by\" \/>\n\t<meta name=\"twitter:data1\" content=\"Reda\u00e7\u00e3o Sul SC\" \/>\n\t<meta name=\"twitter:label2\" content=\"Est. reading time\" \/>\n\t<meta name=\"twitter:data2\" content=\"3 minutes\" \/>\n<script type=\"application\/ld+json\" class=\"yoast-schema-graph\">{\"@context\":\"https:\/\/schema.org\",\"@graph\":[{\"@type\":\"WebPage\",\"@id\":\"https:\/\/sulsc.com\/index.php\/2025\/02\/27\/prf-inicia-operacao-carnaval-2025\/\",\"url\":\"https:\/\/sulsc.com\/index.php\/2025\/02\/27\/prf-inicia-operacao-carnaval-2025\/\",\"name\":\"PRF inicia Opera\u00e7\u00e3o Carnaval 2025 -\",\"isPartOf\":{\"@id\":\"https:\/\/sulsc.com\/#website\"},\"datePublished\":\"2025-02-27T11:53:12+00:00\",\"dateModified\":\"2025-02-27T11:53:12+00:00\",\"author\":{\"@id\":\"https:\/\/sulsc.com\/#\/schema\/person\/84d2fc571684f6248ba83092f07750a3\"},\"breadcrumb\":{\"@id\":\"https:\/\/sulsc.com\/index.php\/2025\/02\/27\/prf-inicia-operacao-carnaval-2025\/#breadcrumb\"},\"inLanguage\":\"en-US\",\"potentialAction\":[{\"@type\":\"ReadAction\",\"target\":[\"https:\/\/sulsc.com\/index.php\/2025\/02\/27\/prf-inicia-operacao-carnaval-2025\/\"]}]},{\"@type\":\"BreadcrumbList\",\"@id\":\"https:\/\/sulsc.com\/index.php\/2025\/02\/27\/prf-inicia-operacao-carnaval-2025\/#breadcrumb\",\"itemListElement\":[{\"@type\":\"ListItem\",\"position\":1,\"name\":\"In\u00edcio\",\"item\":\"https:\/\/sulsc.com\/\"},{\"@type\":\"ListItem\",\"position\":2,\"name\":\"PRF inicia Opera\u00e7\u00e3o Carnaval 2025\"}]},{\"@type\":\"WebSite\",\"@id\":\"https:\/\/sulsc.com\/#website\",\"url\":\"https:\/\/sulsc.com\/\",\"name\":\"\",\"description\":\"\",\"potentialAction\":[{\"@type\":\"SearchAction\",\"target\":{\"@type\":\"EntryPoint\",\"urlTemplate\":\"https:\/\/sulsc.com\/?s={search_term_string}\"},\"query-input\":\"required name=search_term_string\"}],\"inLanguage\":\"en-US\"},{\"@type\":\"Person\",\"@id\":\"https:\/\/sulsc.com\/#\/schema\/person\/84d2fc571684f6248ba83092f07750a3\",\"name\":\"Reda\u00e7\u00e3o Sul SC\",\"image\":{\"@type\":\"ImageObject\",\"inLanguage\":\"en-US\",\"@id\":\"https:\/\/sulsc.com\/#\/schema\/person\/image\/e08d7fe2cc4ed596372063bbe852b8d0\",\"url\":\"https:\/\/sulsc.com\/wp-content\/uploads\/2023\/09\/redacao.png\",\"contentUrl\":\"https:\/\/sulsc.com\/wp-content\/uploads\/2023\/09\/redacao.png\",\"caption\":\"Reda\u00e7\u00e3o Sul SC\"},\"description\":\"Foco em um jornalismo imparcial, voltado \u00e0 qualidade dos seus conte\u00fados e, assim, levar informa\u00e7\u00e3o de valor que agregue \u00e0 vida dos leitores. Esta \u00e9 grande miss\u00e3o do Portal de Not\u00edcias Sul SC. N\u00e3o \u00e9 quantidade que muda o mundo, sempre foi e seguir\u00e1 sendo qualidade!\",\"sameAs\":[\"https:\/\/sulsc.com\/\",\"https:\/\/www.facebook.com\/profile.php?id=61559278119680\",\"https:\/\/www.instagram.com\/sulscportal\/?hl=pt-br\",\"https:\/\/twitter.com\/https:\/\/twitter.com\/PortalSulSC\",\"https:\/\/www.youtube.com\/channel\/UCv_BE8GeySluDov2n8qhVmw\"],\"url\":\"https:\/\/sulsc.com\/index.php\/author\/redacao\/\"}]}<\/script>\n<!-- \/ Yoast SEO plugin. -->","yoast_head_json":{"title":"PRF inicia Opera\u00e7\u00e3o Carnaval 2025 -","robots":{"index":"index","follow":"follow","max-snippet":"max-snippet:-1","max-image-preview":"max-image-preview:large","max-video-preview":"max-video-preview:-1"},"canonical":"https:\/\/sulsc.com\/index.php\/2025\/02\/27\/prf-inicia-operacao-carnaval-2025\/","og_locale":"en_US","og_type":"article","og_title":"PRF inicia Opera\u00e7\u00e3o Carnaval 2025 -","og_description":"A Pol\u00edcia Rodovi\u00e1ria Federal inicia \u00e0 zero hora desta sexta-feira, dia 28 de fevereiro, a Opera\u00e7\u00e3o Carnaval 2025, que se estende at\u00e9 as 23h59min de quarta-feira de Cinzas dia 05 de mar\u00e7o, totalizando seis dias de mobiliza\u00e7\u00e3o. O per\u00edodo \u00e9 um dos mais cr\u00edticos do ano em Santa Catarina, pois soma o movimento de fam\u00edlias &hellip; PRF inicia Opera\u00e7\u00e3o Carnaval 2025 Read More &raquo;","og_url":"https:\/\/sulsc.com\/index.php\/2025\/02\/27\/prf-inicia-operacao-carnaval-2025\/","article_author":"https:\/\/www.facebook.com\/profile.php?id=61559278119680","article_published_time":"2025-02-27T11:53:12+00:00","og_image":[{"width":1199,"height":863,"url":"http:\/\/sulsc.com\/wp-content\/uploads\/2025\/02\/WhatsApp-Image-2025-02-27-at-08.26.29.jpeg","type":"image\/jpeg"}],"author":"Reda\u00e7\u00e3o Sul SC","twitter_card":"summary_large_image","twitter_creator":"@https:\/\/twitter.com\/PortalSulSC","twitter_misc":{"Written by":"Reda\u00e7\u00e3o Sul SC","Est. reading time":"3 minutes"},"schema":{"@context":"https:\/\/schema.org","@graph":[{"@type":"WebPage","@id":"https:\/\/sulsc.com\/index.php\/2025\/02\/27\/prf-inicia-operacao-carnaval-2025\/","url":"https:\/\/sulsc.com\/index.php\/2025\/02\/27\/prf-inicia-operacao-carnaval-2025\/","name":"PRF inicia Opera\u00e7\u00e3o Carnaval 2025 -","isPartOf":{"@id":"https:\/\/sulsc.com\/#website"},"datePublished":"2025-02-27T11:53:12+00:00","dateModified":"2025-02-27T11:53:12+00:00","author":{"@id":"https:\/\/sulsc.com\/#\/schema\/person\/84d2fc571684f6248ba83092f07750a3"},"breadcrumb":{"@id":"https:\/\/sulsc.com\/index.php\/2025\/02\/27\/prf-inicia-operacao-carnaval-2025\/#breadcrumb"},"inLanguage":"en-US","potentialAction":[{"@type":"ReadAction","target":["https:\/\/sulsc.com\/index.php\/2025\/02\/27\/prf-inicia-operacao-carnaval-2025\/"]}]},{"@type":"BreadcrumbList","@id":"https:\/\/sulsc.com\/index.php\/2025\/02\/27\/prf-inicia-operacao-carnaval-2025\/#breadcrumb","itemListElement":[{"@type":"ListItem","position":1,"name":"In\u00edcio","item":"https:\/\/sulsc.com\/"},{"@type":"ListItem","position":2,"name":"PRF inicia Opera\u00e7\u00e3o Carnaval 2025"}]},{"@type":"WebSite","@id":"https:\/\/sulsc.com\/#website","url":"https:\/\/sulsc.com\/","name":"","description":"","potentialAction":[{"@type":"SearchAction","target":{"@type":"EntryPoint","urlTemplate":"https:\/\/sulsc.com\/?s={search_term_string}"},"query-input":"required name=search_term_string"}],"inLanguage":"en-US"},{"@type":"Person","@id":"https:\/\/sulsc.com\/#\/schema\/person\/84d2fc571684f6248ba83092f07750a3","name":"Reda\u00e7\u00e3o Sul SC","image":{"@type":"ImageObject","inLanguage":"en-US","@id":"https:\/\/sulsc.com\/#\/schema\/person\/image\/e08d7fe2cc4ed596372063bbe852b8d0","url":"https:\/\/sulsc.com\/wp-content\/uploads\/2023\/09\/redacao.png","contentUrl":"https:\/\/sulsc.com\/wp-content\/uploads\/2023\/09\/redacao.png","caption":"Reda\u00e7\u00e3o Sul SC"},"description":"Foco em um jornalismo imparcial, voltado \u00e0 qualidade dos seus conte\u00fados e, assim, levar informa\u00e7\u00e3o de valor que agregue \u00e0 vida dos leitores. Esta \u00e9 grande miss\u00e3o do Portal de Not\u00edcias Sul SC. N\u00e3o \u00e9 quantidade que muda o mundo, sempre foi e seguir\u00e1 sendo qualidade!","sameAs":["https:\/\/sulsc.com\/","https:\/\/www.facebook.com\/profile.php?id=61559278119680","https:\/\/www.instagram.com\/sulscportal\/?hl=pt-br","https:\/\/twitter.com\/https:\/\/twitter.com\/PortalSulSC","https:\/\/www.youtube.com\/channel\/UCv_BE8GeySluDov2n8qhVmw"],"url":"https:\/\/sulsc.com\/index.php\/author\/redacao\/"}]}},"authors":[],"_links":{"self":[{"href":"https:\/\/sulsc.com\/index.php\/wp-json\/wp\/v2\/posts\/20759"}],"collection":[{"href":"https:\/\/sulsc.com\/index.php\/wp-json\/wp\/v2\/posts"}],"about":[{"href":"https:\/\/sulsc.com\/index.php\/wp-json\/wp\/v2\/types\/post"}],"author":[{"embeddable":true,"href":"https:\/\/sulsc.com\/index.php\/wp-json\/wp\/v2\/users\/3"}],"replies":[{"embeddable":true,"href":"https:\/\/sulsc.com\/index.php\/wp-json\/wp\/v2\/comments?post=20759"}],"version-history":[{"count":1,"href":"https:\/\/sulsc.com\/index.php\/wp-json\/wp\/v2\/posts\/20759\/revisions"}],"predecessor-version":[{"id":20762,"href":"https:\/\/sulsc.com\/index.php\/wp-json\/wp\/v2\/posts\/20759\/revisions\/20762"}],"wp:featuredmedia":[{"embeddable":true,"href":"https:\/\/sulsc.com\/index.php\/wp-json\/wp\/v2\/media\/20761"}],"wp:attachment":[{"href":"https:\/\/sulsc.com\/index.php\/wp-json\/wp\/v2\/media?parent=20759"}],"wp:term":[{"taxonomy":"category","embeddable":true,"href":"https:\/\/sulsc.com\/index.php\/wp-json\/wp\/v2\/categories?post=20759"},{"taxonomy":"post_tag","embeddable":true,"href":"https:\/\/sulsc.com\/index.php\/wp-json\/wp\/v2\/tags?post=20759"}],"curies":[{"name":"wp","href":"https:\/\/api.w.org\/{rel}","templated":true}]}}