{"id":20782,"date":"2025-02-28T08:58:50","date_gmt":"2025-02-28T11:58:50","guid":{"rendered":"https:\/\/sulsc.com\/?p=20782"},"modified":"2025-02-28T09:19:25","modified_gmt":"2025-02-28T12:19:25","slug":"mais-um-dia-de-temperaturas-altas-e-temporais-isolado","status":"publish","type":"post","link":"https:\/\/sulsc.com\/index.php\/2025\/02\/28\/mais-um-dia-de-temperaturas-altas-e-temporais-isolado\/","title":{"rendered":"Mais um dia de temperaturas altas e temporais isolados"},"content":{"rendered":"<p>O tempo firme e o calor predominam em Santa Catarina nesta sexta-feira (28), com m\u00e1ximas na casa dos 30 aos 35\u00b0C em todas as regi\u00f5es. O risco segue baixo a moderado para ocorr\u00eancias associadas ao calor intenso.<\/p>\n<p>Novamente, o calor combinado \u00e0 disponibilidade de umidade favorecem pancadas de chuva e temporais isolados entre a tarde e a noite, principalmente em \u00e1reas entre o Grande Oeste e os planaltos e no sul do estado.<\/p>\n<p><img fetchpriority=\"high\" decoding=\"async\" class=\"aligncenter size-full wp-image-20783\" src=\"http:\/\/sulsc.com\/wp-content\/uploads\/2025\/02\/6.png\" alt=\"\" width=\"1485\" height=\"1006\" srcset=\"https:\/\/sulsc.com\/wp-content\/uploads\/2025\/02\/6.png 1485w, https:\/\/sulsc.com\/wp-content\/uploads\/2025\/02\/6-300x203.png 300w, https:\/\/sulsc.com\/wp-content\/uploads\/2025\/02\/6-1024x694.png 1024w, https:\/\/sulsc.com\/wp-content\/uploads\/2025\/02\/6-768x520.png 768w\" sizes=\"(max-width: 1485px) 100vw, 1485px\" \/><\/p>\n<p><img decoding=\"async\" class=\"aligncenter wp-image-17436\" src=\"http:\/\/sulsc.com\/wp-content\/uploads\/2024\/11\/Tempo-2.png\" alt=\"\" width=\"558\" height=\"103\" srcset=\"https:\/\/sulsc.com\/wp-content\/uploads\/2024\/11\/Tempo-2.png 1024w, https:\/\/sulsc.com\/wp-content\/uploads\/2024\/11\/Tempo-2-300x55.png 300w, https:\/\/sulsc.com\/wp-content\/uploads\/2024\/11\/Tempo-2-768x142.png 768w\" sizes=\"(max-width: 558px) 100vw, 558px\" \/><\/p>\n<p>Estes temporais s\u00e3o acompanhados de raios, chuva pontualmente intensa, rajadas de vento e eventual queda de granizo. O risco \u00e9 baixo a moderado para ocorr\u00eancias associadas a alagamentos, enxurradas pontuais e destelhamentos.<\/p>\n<p>Fonte Defesa Civil SC &#8211; Meteorologista: Nicolle Reis<\/p>\n","protected":false},"excerpt":{"rendered":"<p>O tempo firme e o calor predominam em Santa Catarina nesta sexta-feira (28), com m\u00e1ximas na casa dos 30 aos 35\u00b0C em todas as regi\u00f5es. O risco segue baixo a moderado para ocorr\u00eancias associadas ao calor intenso. Novamente, o calor combinado \u00e0 disponibilidade de umidade favorecem pancadas de chuva e temporais isolados entre a tarde &hellip;<\/p>\n<p class=\"read-more\"> <a class=\"\" href=\"https:\/\/sulsc.com\/index.php\/2025\/02\/28\/mais-um-dia-de-temperaturas-altas-e-temporais-isolado\/\"> <span class=\"screen-reader-text\">Mais um dia de temperaturas altas e temporais isolados<\/span> Read More &raquo;<\/a><\/p>\n","protected":false},"author":3,"featured_media":20787,"comment_status":"open","ping_status":"open","sticky":false,"template":"","format":"standard","meta":{"site-sidebar-layout":"default","site-content-layout":"","ast-site-content-layout":"default","site-content-style":"default","site-sidebar-style":"default","ast-global-header-display":"","ast-banner-title-visibility":"","ast-main-header-display":"","ast-hfb-above-header-display":"","ast-hfb-below-header-display":"","ast-hfb-mobile-header-display":"","site-post-title":"","ast-breadcrumbs-content":"","ast-featured-img":"","footer-sml-layout":"","theme-transparent-header-meta":"default","adv-header-id-meta":"","stick-header-meta":"","header-above-stick-meta":"","header-main-stick-meta":"","header-below-stick-meta":"","astra-migrate-meta-layouts":"set","footnotes":""},"categories":[38],"tags":[90],"yoast_head":"<!-- This site is optimized with the Yoast SEO plugin v21.4 - https:\/\/yoast.com\/wordpress\/plugins\/seo\/ -->\n<title>Mais um dia de temperaturas altas e temporais isolados -<\/title>\n<meta name=\"description\" content=\"Novamente o calor combinado \u00e0 disponibilidade de umidade favorecem pancadas de chuva e temporais isolados\" \/>\n<meta name=\"robots\" content=\"index, follow, max-snippet:-1, max-image-preview:large, max-video-preview:-1\" \/>\n<link rel=\"canonical\" href=\"https:\/\/sulsc.com\/index.php\/2025\/02\/28\/mais-um-dia-de-temperaturas-altas-e-temporais-isolado\/\" \/>\n<meta property=\"og:locale\" content=\"en_US\" \/>\n<meta property=\"og:type\" content=\"article\" \/>\n<meta property=\"og:title\" content=\"Mais um dia de temperaturas altas e temporais isolados -\" \/>\n<meta property=\"og:description\" content=\"Novamente o calor combinado \u00e0 disponibilidade de umidade favorecem pancadas de chuva e temporais isolados\" \/>\n<meta property=\"og:url\" content=\"https:\/\/sulsc.com\/index.php\/2025\/02\/28\/mais-um-dia-de-temperaturas-altas-e-temporais-isolado\/\" \/>\n<meta property=\"article:author\" content=\"https:\/\/www.facebook.com\/profile.php?id=61559278119680\" \/>\n<meta property=\"article:published_time\" content=\"2025-02-28T11:58:50+00:00\" \/>\n<meta property=\"article:modified_time\" content=\"2025-02-28T12:19:25+00:00\" \/>\n<meta property=\"og:image\" content=\"http:\/\/sulsc.com\/wp-content\/uploads\/2025\/02\/7e588a5e-1b6e-4afb-b45b-b6ddec654738.jpg\" \/>\n\t<meta property=\"og:image:width\" content=\"225\" \/>\n\t<meta property=\"og:image:height\" content=\"225\" \/>\n\t<meta property=\"og:image:type\" content=\"image\/jpeg\" \/>\n<meta name=\"author\" content=\"Reda\u00e7\u00e3o Sul SC\" \/>\n<meta name=\"twitter:card\" content=\"summary_large_image\" \/>\n<meta name=\"twitter:creator\" content=\"@https:\/\/twitter.com\/PortalSulSC\" \/>\n<meta name=\"twitter:label1\" content=\"Written by\" \/>\n\t<meta name=\"twitter:data1\" content=\"Reda\u00e7\u00e3o Sul SC\" \/>\n\t<meta name=\"twitter:label2\" content=\"Est. reading time\" \/>\n\t<meta name=\"twitter:data2\" content=\"1 minute\" \/>\n<script type=\"application\/ld+json\" class=\"yoast-schema-graph\">{\"@context\":\"https:\/\/schema.org\",\"@graph\":[{\"@type\":\"WebPage\",\"@id\":\"https:\/\/sulsc.com\/index.php\/2025\/02\/28\/mais-um-dia-de-temperaturas-altas-e-temporais-isolado\/\",\"url\":\"https:\/\/sulsc.com\/index.php\/2025\/02\/28\/mais-um-dia-de-temperaturas-altas-e-temporais-isolado\/\",\"name\":\"Mais um dia de temperaturas altas e temporais isolados -\",\"isPartOf\":{\"@id\":\"https:\/\/sulsc.com\/#website\"},\"datePublished\":\"2025-02-28T11:58:50+00:00\",\"dateModified\":\"2025-02-28T12:19:25+00:00\",\"author\":{\"@id\":\"https:\/\/sulsc.com\/#\/schema\/person\/84d2fc571684f6248ba83092f07750a3\"},\"description\":\"Novamente o calor combinado \u00e0 disponibilidade de umidade favorecem pancadas de chuva e temporais isolados\",\"breadcrumb\":{\"@id\":\"https:\/\/sulsc.com\/index.php\/2025\/02\/28\/mais-um-dia-de-temperaturas-altas-e-temporais-isolado\/#breadcrumb\"},\"inLanguage\":\"en-US\",\"potentialAction\":[{\"@type\":\"ReadAction\",\"target\":[\"https:\/\/sulsc.com\/index.php\/2025\/02\/28\/mais-um-dia-de-temperaturas-altas-e-temporais-isolado\/\"]}]},{\"@type\":\"BreadcrumbList\",\"@id\":\"https:\/\/sulsc.com\/index.php\/2025\/02\/28\/mais-um-dia-de-temperaturas-altas-e-temporais-isolado\/#breadcrumb\",\"itemListElement\":[{\"@type\":\"ListItem\",\"position\":1,\"name\":\"In\u00edcio\",\"item\":\"https:\/\/sulsc.com\/\"},{\"@type\":\"ListItem\",\"position\":2,\"name\":\"Mais um dia de temperaturas altas e temporais isolados\"}]},{\"@type\":\"WebSite\",\"@id\":\"https:\/\/sulsc.com\/#website\",\"url\":\"https:\/\/sulsc.com\/\",\"name\":\"\",\"description\":\"\",\"potentialAction\":[{\"@type\":\"SearchAction\",\"target\":{\"@type\":\"EntryPoint\",\"urlTemplate\":\"https:\/\/sulsc.com\/?s={search_term_string}\"},\"query-input\":\"required name=search_term_string\"}],\"inLanguage\":\"en-US\"},{\"@type\":\"Person\",\"@id\":\"https:\/\/sulsc.com\/#\/schema\/person\/84d2fc571684f6248ba83092f07750a3\",\"name\":\"Reda\u00e7\u00e3o Sul SC\",\"image\":{\"@type\":\"ImageObject\",\"inLanguage\":\"en-US\",\"@id\":\"https:\/\/sulsc.com\/#\/schema\/person\/image\/e08d7fe2cc4ed596372063bbe852b8d0\",\"url\":\"https:\/\/sulsc.com\/wp-content\/uploads\/2023\/09\/redacao.png\",\"contentUrl\":\"https:\/\/sulsc.com\/wp-content\/uploads\/2023\/09\/redacao.png\",\"caption\":\"Reda\u00e7\u00e3o Sul SC\"},\"description\":\"Foco em um jornalismo imparcial, voltado \u00e0 qualidade dos seus conte\u00fados e, assim, levar informa\u00e7\u00e3o de valor que agregue \u00e0 vida dos leitores. Esta \u00e9 grande miss\u00e3o do Portal de Not\u00edcias Sul SC. N\u00e3o \u00e9 quantidade que muda o mundo, sempre foi e seguir\u00e1 sendo qualidade!\",\"sameAs\":[\"https:\/\/sulsc.com\/\",\"https:\/\/www.facebook.com\/profile.php?id=61559278119680\",\"https:\/\/www.instagram.com\/sulscportal\/?hl=pt-br\",\"https:\/\/twitter.com\/https:\/\/twitter.com\/PortalSulSC\",\"https:\/\/www.youtube.com\/channel\/UCv_BE8GeySluDov2n8qhVmw\"],\"url\":\"https:\/\/sulsc.com\/index.php\/author\/redacao\/\"}]}<\/script>\n<!-- \/ Yoast SEO plugin. -->","yoast_head_json":{"title":"Mais um dia de temperaturas altas e temporais isolados -","description":"Novamente o calor combinado \u00e0 disponibilidade de umidade favorecem pancadas de chuva e temporais isolados","robots":{"index":"index","follow":"follow","max-snippet":"max-snippet:-1","max-image-preview":"max-image-preview:large","max-video-preview":"max-video-preview:-1"},"canonical":"https:\/\/sulsc.com\/index.php\/2025\/02\/28\/mais-um-dia-de-temperaturas-altas-e-temporais-isolado\/","og_locale":"en_US","og_type":"article","og_title":"Mais um dia de temperaturas altas e temporais isolados -","og_description":"Novamente o calor combinado \u00e0 disponibilidade de umidade favorecem pancadas de chuva e temporais isolados","og_url":"https:\/\/sulsc.com\/index.php\/2025\/02\/28\/mais-um-dia-de-temperaturas-altas-e-temporais-isolado\/","article_author":"https:\/\/www.facebook.com\/profile.php?id=61559278119680","article_published_time":"2025-02-28T11:58:50+00:00","article_modified_time":"2025-02-28T12:19:25+00:00","og_image":[{"width":225,"height":225,"url":"http:\/\/sulsc.com\/wp-content\/uploads\/2025\/02\/7e588a5e-1b6e-4afb-b45b-b6ddec654738.jpg","type":"image\/jpeg"}],"author":"Reda\u00e7\u00e3o Sul SC","twitter_card":"summary_large_image","twitter_creator":"@https:\/\/twitter.com\/PortalSulSC","twitter_misc":{"Written by":"Reda\u00e7\u00e3o Sul SC","Est. reading time":"1 minute"},"schema":{"@context":"https:\/\/schema.org","@graph":[{"@type":"WebPage","@id":"https:\/\/sulsc.com\/index.php\/2025\/02\/28\/mais-um-dia-de-temperaturas-altas-e-temporais-isolado\/","url":"https:\/\/sulsc.com\/index.php\/2025\/02\/28\/mais-um-dia-de-temperaturas-altas-e-temporais-isolado\/","name":"Mais um dia de temperaturas altas e temporais isolados -","isPartOf":{"@id":"https:\/\/sulsc.com\/#website"},"datePublished":"2025-02-28T11:58:50+00:00","dateModified":"2025-02-28T12:19:25+00:00","author":{"@id":"https:\/\/sulsc.com\/#\/schema\/person\/84d2fc571684f6248ba83092f07750a3"},"description":"Novamente o calor combinado \u00e0 disponibilidade de umidade favorecem pancadas de chuva e temporais isolados","breadcrumb":{"@id":"https:\/\/sulsc.com\/index.php\/2025\/02\/28\/mais-um-dia-de-temperaturas-altas-e-temporais-isolado\/#breadcrumb"},"inLanguage":"en-US","potentialAction":[{"@type":"ReadAction","target":["https:\/\/sulsc.com\/index.php\/2025\/02\/28\/mais-um-dia-de-temperaturas-altas-e-temporais-isolado\/"]}]},{"@type":"BreadcrumbList","@id":"https:\/\/sulsc.com\/index.php\/2025\/02\/28\/mais-um-dia-de-temperaturas-altas-e-temporais-isolado\/#breadcrumb","itemListElement":[{"@type":"ListItem","position":1,"name":"In\u00edcio","item":"https:\/\/sulsc.com\/"},{"@type":"ListItem","position":2,"name":"Mais um dia de temperaturas altas e temporais isolados"}]},{"@type":"WebSite","@id":"https:\/\/sulsc.com\/#website","url":"https:\/\/sulsc.com\/","name":"","description":"","potentialAction":[{"@type":"SearchAction","target":{"@type":"EntryPoint","urlTemplate":"https:\/\/sulsc.com\/?s={search_term_string}"},"query-input":"required name=search_term_string"}],"inLanguage":"en-US"},{"@type":"Person","@id":"https:\/\/sulsc.com\/#\/schema\/person\/84d2fc571684f6248ba83092f07750a3","name":"Reda\u00e7\u00e3o Sul SC","image":{"@type":"ImageObject","inLanguage":"en-US","@id":"https:\/\/sulsc.com\/#\/schema\/person\/image\/e08d7fe2cc4ed596372063bbe852b8d0","url":"https:\/\/sulsc.com\/wp-content\/uploads\/2023\/09\/redacao.png","contentUrl":"https:\/\/sulsc.com\/wp-content\/uploads\/2023\/09\/redacao.png","caption":"Reda\u00e7\u00e3o Sul SC"},"description":"Foco em um jornalismo imparcial, voltado \u00e0 qualidade dos seus conte\u00fados e, assim, levar informa\u00e7\u00e3o de valor que agregue \u00e0 vida dos leitores. Esta \u00e9 grande miss\u00e3o do Portal de Not\u00edcias Sul SC. N\u00e3o \u00e9 quantidade que muda o mundo, sempre foi e seguir\u00e1 sendo qualidade!","sameAs":["https:\/\/sulsc.com\/","https:\/\/www.facebook.com\/profile.php?id=61559278119680","https:\/\/www.instagram.com\/sulscportal\/?hl=pt-br","https:\/\/twitter.com\/https:\/\/twitter.com\/PortalSulSC","https:\/\/www.youtube.com\/channel\/UCv_BE8GeySluDov2n8qhVmw"],"url":"https:\/\/sulsc.com\/index.php\/author\/redacao\/"}]}},"authors":[],"_links":{"self":[{"href":"https:\/\/sulsc.com\/index.php\/wp-json\/wp\/v2\/posts\/20782"}],"collection":[{"href":"https:\/\/sulsc.com\/index.php\/wp-json\/wp\/v2\/posts"}],"about":[{"href":"https:\/\/sulsc.com\/index.php\/wp-json\/wp\/v2\/types\/post"}],"author":[{"embeddable":true,"href":"https:\/\/sulsc.com\/index.php\/wp-json\/wp\/v2\/users\/3"}],"replies":[{"embeddable":true,"href":"https:\/\/sulsc.com\/index.php\/wp-json\/wp\/v2\/comments?post=20782"}],"version-history":[{"count":2,"href":"https:\/\/sulsc.com\/index.php\/wp-json\/wp\/v2\/posts\/20782\/revisions"}],"predecessor-version":[{"id":20789,"href":"https:\/\/sulsc.com\/index.php\/wp-json\/wp\/v2\/posts\/20782\/revisions\/20789"}],"wp:featuredmedia":[{"embeddable":true,"href":"https:\/\/sulsc.com\/index.php\/wp-json\/wp\/v2\/media\/20787"}],"wp:attachment":[{"href":"https:\/\/sulsc.com\/index.php\/wp-json\/wp\/v2\/media?parent=20782"}],"wp:term":[{"taxonomy":"category","embeddable":true,"href":"https:\/\/sulsc.com\/index.php\/wp-json\/wp\/v2\/categories?post=20782"},{"taxonomy":"post_tag","embeddable":true,"href":"https:\/\/sulsc.com\/index.php\/wp-json\/wp\/v2\/tags?post=20782"}],"curies":[{"name":"wp","href":"https:\/\/api.w.org\/{rel}","templated":true}]}}