{"id":20835,"date":"2025-03-04T09:07:03","date_gmt":"2025-03-04T12:07:03","guid":{"rendered":"https:\/\/sulsc.com\/?p=20835"},"modified":"2025-03-04T09:07:03","modified_gmt":"2025-03-04T12:07:03","slug":"terca-feira-sera-de-sol-e-calor-intenso-durante-todo-o-dia","status":"publish","type":"post","link":"https:\/\/sulsc.com\/index.php\/2025\/03\/04\/terca-feira-sera-de-sol-e-calor-intenso-durante-todo-o-dia\/","title":{"rendered":"Ter\u00e7a-feira ser\u00e1 de sol e calor intenso durante todo o dia"},"content":{"rendered":"<p data-sourcepos=\"48:1-48:271\">A ter\u00e7a-feira (04) come\u00e7a com maior nebulosidade no litoral catarinense e \u00e1reas pr\u00f3ximas, com possibilidade de chuvas ocasionais e de fraca intensidade. No decorrer do dia, o sol e o calor intenso predominam em todas as regi\u00f5es de Santa Catarina.<\/p>\n<p data-sourcepos=\"50:1-50:146\">As temperaturas m\u00e1ximas \u00e0 tarde devem atingir a casa dos 35\u00b0C na maior parte do estado, com picos de 36\u00b0C a 38\u00b0C no Grande Oeste e no Litoral Sul.<\/p>\n<p data-sourcepos=\"50:1-50:146\"><img fetchpriority=\"high\" decoding=\"async\" class=\"aligncenter  wp-image-20836\" src=\"http:\/\/sulsc.com\/wp-content\/uploads\/2025\/03\/unnamed.png\" alt=\"\" width=\"722\" height=\"492\" srcset=\"https:\/\/sulsc.com\/wp-content\/uploads\/2025\/03\/unnamed.png 1491w, https:\/\/sulsc.com\/wp-content\/uploads\/2025\/03\/unnamed-300x204.png 300w, https:\/\/sulsc.com\/wp-content\/uploads\/2025\/03\/unnamed-1024x698.png 1024w, https:\/\/sulsc.com\/wp-content\/uploads\/2025\/03\/unnamed-768x523.png 768w\" sizes=\"(max-width: 722px) 100vw, 722px\" \/><\/p>\n","protected":false},"excerpt":{"rendered":"<p>A ter\u00e7a-feira (04) come\u00e7a com maior nebulosidade no litoral catarinense e \u00e1reas pr\u00f3ximas, com possibilidade de chuvas ocasionais e de fraca intensidade. No decorrer do dia, o sol e o calor intenso predominam em todas as regi\u00f5es de Santa Catarina. As temperaturas m\u00e1ximas \u00e0 tarde devem atingir a casa dos 35\u00b0C na maior parte do &hellip;<\/p>\n<p class=\"read-more\"> <a class=\"\" href=\"https:\/\/sulsc.com\/index.php\/2025\/03\/04\/terca-feira-sera-de-sol-e-calor-intenso-durante-todo-o-dia\/\"> <span class=\"screen-reader-text\">Ter\u00e7a-feira ser\u00e1 de sol e calor intenso durante todo o dia<\/span> Read More &raquo;<\/a><\/p>\n","protected":false},"author":3,"featured_media":20312,"comment_status":"open","ping_status":"open","sticky":false,"template":"","format":"standard","meta":{"site-sidebar-layout":"default","site-content-layout":"","ast-site-content-layout":"default","site-content-style":"default","site-sidebar-style":"default","ast-global-header-display":"","ast-banner-title-visibility":"","ast-main-header-display":"","ast-hfb-above-header-display":"","ast-hfb-below-header-display":"","ast-hfb-mobile-header-display":"","site-post-title":"","ast-breadcrumbs-content":"","ast-featured-img":"","footer-sml-layout":"","theme-transparent-header-meta":"default","adv-header-id-meta":"","stick-header-meta":"","header-above-stick-meta":"","header-main-stick-meta":"","header-below-stick-meta":"","astra-migrate-meta-layouts":"set","footnotes":""},"categories":[38],"tags":[174],"yoast_head":"<!-- This site is optimized with the Yoast SEO plugin v21.4 - https:\/\/yoast.com\/wordpress\/plugins\/seo\/ -->\n<title>Ter\u00e7a-feira ser\u00e1 de sol e calor intenso durante todo o dia -<\/title>\n<meta name=\"robots\" content=\"index, follow, max-snippet:-1, max-image-preview:large, max-video-preview:-1\" \/>\n<link rel=\"canonical\" href=\"https:\/\/sulsc.com\/index.php\/2025\/03\/04\/terca-feira-sera-de-sol-e-calor-intenso-durante-todo-o-dia\/\" \/>\n<meta property=\"og:locale\" content=\"en_US\" \/>\n<meta property=\"og:type\" content=\"article\" \/>\n<meta property=\"og:title\" content=\"Ter\u00e7a-feira ser\u00e1 de sol e calor intenso durante todo o dia -\" \/>\n<meta property=\"og:description\" content=\"A ter\u00e7a-feira (04) come\u00e7a com maior nebulosidade no litoral catarinense e \u00e1reas pr\u00f3ximas, com possibilidade de chuvas ocasionais e de fraca intensidade. No decorrer do dia, o sol e o calor intenso predominam em todas as regi\u00f5es de Santa Catarina. As temperaturas m\u00e1ximas \u00e0 tarde devem atingir a casa dos 35\u00b0C na maior parte do &hellip; Ter\u00e7a-feira ser\u00e1 de sol e calor intenso durante todo o dia Read More &raquo;\" \/>\n<meta property=\"og:url\" content=\"https:\/\/sulsc.com\/index.php\/2025\/03\/04\/terca-feira-sera-de-sol-e-calor-intenso-durante-todo-o-dia\/\" \/>\n<meta property=\"article:author\" content=\"https:\/\/www.facebook.com\/profile.php?id=61559278119680\" \/>\n<meta property=\"article:published_time\" content=\"2025-03-04T12:07:03+00:00\" \/>\n<meta property=\"og:image\" content=\"http:\/\/sulsc.com\/wp-content\/uploads\/2025\/02\/1f108c15-8ccd-48a0-92aa-f3d0d612711f-1.jpg\" \/>\n\t<meta property=\"og:image:width\" content=\"1080\" \/>\n\t<meta property=\"og:image:height\" content=\"1318\" \/>\n\t<meta property=\"og:image:type\" content=\"image\/jpeg\" \/>\n<meta name=\"author\" content=\"Reda\u00e7\u00e3o Sul SC\" \/>\n<meta name=\"twitter:card\" content=\"summary_large_image\" \/>\n<meta name=\"twitter:creator\" content=\"@https:\/\/twitter.com\/PortalSulSC\" \/>\n<meta name=\"twitter:label1\" content=\"Written by\" \/>\n\t<meta name=\"twitter:data1\" content=\"Reda\u00e7\u00e3o Sul SC\" \/>\n\t<meta name=\"twitter:label2\" content=\"Est. reading time\" \/>\n\t<meta name=\"twitter:data2\" content=\"1 minute\" \/>\n<script type=\"application\/ld+json\" class=\"yoast-schema-graph\">{\"@context\":\"https:\/\/schema.org\",\"@graph\":[{\"@type\":\"WebPage\",\"@id\":\"https:\/\/sulsc.com\/index.php\/2025\/03\/04\/terca-feira-sera-de-sol-e-calor-intenso-durante-todo-o-dia\/\",\"url\":\"https:\/\/sulsc.com\/index.php\/2025\/03\/04\/terca-feira-sera-de-sol-e-calor-intenso-durante-todo-o-dia\/\",\"name\":\"Ter\u00e7a-feira ser\u00e1 de sol e calor intenso durante todo o dia -\",\"isPartOf\":{\"@id\":\"https:\/\/sulsc.com\/#website\"},\"datePublished\":\"2025-03-04T12:07:03+00:00\",\"dateModified\":\"2025-03-04T12:07:03+00:00\",\"author\":{\"@id\":\"https:\/\/sulsc.com\/#\/schema\/person\/84d2fc571684f6248ba83092f07750a3\"},\"breadcrumb\":{\"@id\":\"https:\/\/sulsc.com\/index.php\/2025\/03\/04\/terca-feira-sera-de-sol-e-calor-intenso-durante-todo-o-dia\/#breadcrumb\"},\"inLanguage\":\"en-US\",\"potentialAction\":[{\"@type\":\"ReadAction\",\"target\":[\"https:\/\/sulsc.com\/index.php\/2025\/03\/04\/terca-feira-sera-de-sol-e-calor-intenso-durante-todo-o-dia\/\"]}]},{\"@type\":\"BreadcrumbList\",\"@id\":\"https:\/\/sulsc.com\/index.php\/2025\/03\/04\/terca-feira-sera-de-sol-e-calor-intenso-durante-todo-o-dia\/#breadcrumb\",\"itemListElement\":[{\"@type\":\"ListItem\",\"position\":1,\"name\":\"In\u00edcio\",\"item\":\"https:\/\/sulsc.com\/\"},{\"@type\":\"ListItem\",\"position\":2,\"name\":\"Ter\u00e7a-feira ser\u00e1 de sol e calor intenso durante todo o dia\"}]},{\"@type\":\"WebSite\",\"@id\":\"https:\/\/sulsc.com\/#website\",\"url\":\"https:\/\/sulsc.com\/\",\"name\":\"\",\"description\":\"\",\"potentialAction\":[{\"@type\":\"SearchAction\",\"target\":{\"@type\":\"EntryPoint\",\"urlTemplate\":\"https:\/\/sulsc.com\/?s={search_term_string}\"},\"query-input\":\"required name=search_term_string\"}],\"inLanguage\":\"en-US\"},{\"@type\":\"Person\",\"@id\":\"https:\/\/sulsc.com\/#\/schema\/person\/84d2fc571684f6248ba83092f07750a3\",\"name\":\"Reda\u00e7\u00e3o Sul SC\",\"image\":{\"@type\":\"ImageObject\",\"inLanguage\":\"en-US\",\"@id\":\"https:\/\/sulsc.com\/#\/schema\/person\/image\/e08d7fe2cc4ed596372063bbe852b8d0\",\"url\":\"https:\/\/sulsc.com\/wp-content\/uploads\/2023\/09\/redacao.png\",\"contentUrl\":\"https:\/\/sulsc.com\/wp-content\/uploads\/2023\/09\/redacao.png\",\"caption\":\"Reda\u00e7\u00e3o Sul SC\"},\"description\":\"Foco em um jornalismo imparcial, voltado \u00e0 qualidade dos seus conte\u00fados e, assim, levar informa\u00e7\u00e3o de valor que agregue \u00e0 vida dos leitores. Esta \u00e9 grande miss\u00e3o do Portal de Not\u00edcias Sul SC. N\u00e3o \u00e9 quantidade que muda o mundo, sempre foi e seguir\u00e1 sendo qualidade!\",\"sameAs\":[\"https:\/\/sulsc.com\/\",\"https:\/\/www.facebook.com\/profile.php?id=61559278119680\",\"https:\/\/www.instagram.com\/sulscportal\/?hl=pt-br\",\"https:\/\/twitter.com\/https:\/\/twitter.com\/PortalSulSC\",\"https:\/\/www.youtube.com\/channel\/UCv_BE8GeySluDov2n8qhVmw\"],\"url\":\"https:\/\/sulsc.com\/index.php\/author\/redacao\/\"}]}<\/script>\n<!-- \/ Yoast SEO plugin. -->","yoast_head_json":{"title":"Ter\u00e7a-feira ser\u00e1 de sol e calor intenso durante todo o dia -","robots":{"index":"index","follow":"follow","max-snippet":"max-snippet:-1","max-image-preview":"max-image-preview:large","max-video-preview":"max-video-preview:-1"},"canonical":"https:\/\/sulsc.com\/index.php\/2025\/03\/04\/terca-feira-sera-de-sol-e-calor-intenso-durante-todo-o-dia\/","og_locale":"en_US","og_type":"article","og_title":"Ter\u00e7a-feira ser\u00e1 de sol e calor intenso durante todo o dia -","og_description":"A ter\u00e7a-feira (04) come\u00e7a com maior nebulosidade no litoral catarinense e \u00e1reas pr\u00f3ximas, com possibilidade de chuvas ocasionais e de fraca intensidade. No decorrer do dia, o sol e o calor intenso predominam em todas as regi\u00f5es de Santa Catarina. As temperaturas m\u00e1ximas \u00e0 tarde devem atingir a casa dos 35\u00b0C na maior parte do &hellip; Ter\u00e7a-feira ser\u00e1 de sol e calor intenso durante todo o dia Read More &raquo;","og_url":"https:\/\/sulsc.com\/index.php\/2025\/03\/04\/terca-feira-sera-de-sol-e-calor-intenso-durante-todo-o-dia\/","article_author":"https:\/\/www.facebook.com\/profile.php?id=61559278119680","article_published_time":"2025-03-04T12:07:03+00:00","og_image":[{"width":1080,"height":1318,"url":"http:\/\/sulsc.com\/wp-content\/uploads\/2025\/02\/1f108c15-8ccd-48a0-92aa-f3d0d612711f-1.jpg","type":"image\/jpeg"}],"author":"Reda\u00e7\u00e3o Sul SC","twitter_card":"summary_large_image","twitter_creator":"@https:\/\/twitter.com\/PortalSulSC","twitter_misc":{"Written by":"Reda\u00e7\u00e3o Sul SC","Est. reading time":"1 minute"},"schema":{"@context":"https:\/\/schema.org","@graph":[{"@type":"WebPage","@id":"https:\/\/sulsc.com\/index.php\/2025\/03\/04\/terca-feira-sera-de-sol-e-calor-intenso-durante-todo-o-dia\/","url":"https:\/\/sulsc.com\/index.php\/2025\/03\/04\/terca-feira-sera-de-sol-e-calor-intenso-durante-todo-o-dia\/","name":"Ter\u00e7a-feira ser\u00e1 de sol e calor intenso durante todo o dia -","isPartOf":{"@id":"https:\/\/sulsc.com\/#website"},"datePublished":"2025-03-04T12:07:03+00:00","dateModified":"2025-03-04T12:07:03+00:00","author":{"@id":"https:\/\/sulsc.com\/#\/schema\/person\/84d2fc571684f6248ba83092f07750a3"},"breadcrumb":{"@id":"https:\/\/sulsc.com\/index.php\/2025\/03\/04\/terca-feira-sera-de-sol-e-calor-intenso-durante-todo-o-dia\/#breadcrumb"},"inLanguage":"en-US","potentialAction":[{"@type":"ReadAction","target":["https:\/\/sulsc.com\/index.php\/2025\/03\/04\/terca-feira-sera-de-sol-e-calor-intenso-durante-todo-o-dia\/"]}]},{"@type":"BreadcrumbList","@id":"https:\/\/sulsc.com\/index.php\/2025\/03\/04\/terca-feira-sera-de-sol-e-calor-intenso-durante-todo-o-dia\/#breadcrumb","itemListElement":[{"@type":"ListItem","position":1,"name":"In\u00edcio","item":"https:\/\/sulsc.com\/"},{"@type":"ListItem","position":2,"name":"Ter\u00e7a-feira ser\u00e1 de sol e calor intenso durante todo o dia"}]},{"@type":"WebSite","@id":"https:\/\/sulsc.com\/#website","url":"https:\/\/sulsc.com\/","name":"","description":"","potentialAction":[{"@type":"SearchAction","target":{"@type":"EntryPoint","urlTemplate":"https:\/\/sulsc.com\/?s={search_term_string}"},"query-input":"required name=search_term_string"}],"inLanguage":"en-US"},{"@type":"Person","@id":"https:\/\/sulsc.com\/#\/schema\/person\/84d2fc571684f6248ba83092f07750a3","name":"Reda\u00e7\u00e3o Sul SC","image":{"@type":"ImageObject","inLanguage":"en-US","@id":"https:\/\/sulsc.com\/#\/schema\/person\/image\/e08d7fe2cc4ed596372063bbe852b8d0","url":"https:\/\/sulsc.com\/wp-content\/uploads\/2023\/09\/redacao.png","contentUrl":"https:\/\/sulsc.com\/wp-content\/uploads\/2023\/09\/redacao.png","caption":"Reda\u00e7\u00e3o Sul SC"},"description":"Foco em um jornalismo imparcial, voltado \u00e0 qualidade dos seus conte\u00fados e, assim, levar informa\u00e7\u00e3o de valor que agregue \u00e0 vida dos leitores. Esta \u00e9 grande miss\u00e3o do Portal de Not\u00edcias Sul SC. N\u00e3o \u00e9 quantidade que muda o mundo, sempre foi e seguir\u00e1 sendo qualidade!","sameAs":["https:\/\/sulsc.com\/","https:\/\/www.facebook.com\/profile.php?id=61559278119680","https:\/\/www.instagram.com\/sulscportal\/?hl=pt-br","https:\/\/twitter.com\/https:\/\/twitter.com\/PortalSulSC","https:\/\/www.youtube.com\/channel\/UCv_BE8GeySluDov2n8qhVmw"],"url":"https:\/\/sulsc.com\/index.php\/author\/redacao\/"}]}},"authors":[],"_links":{"self":[{"href":"https:\/\/sulsc.com\/index.php\/wp-json\/wp\/v2\/posts\/20835"}],"collection":[{"href":"https:\/\/sulsc.com\/index.php\/wp-json\/wp\/v2\/posts"}],"about":[{"href":"https:\/\/sulsc.com\/index.php\/wp-json\/wp\/v2\/types\/post"}],"author":[{"embeddable":true,"href":"https:\/\/sulsc.com\/index.php\/wp-json\/wp\/v2\/users\/3"}],"replies":[{"embeddable":true,"href":"https:\/\/sulsc.com\/index.php\/wp-json\/wp\/v2\/comments?post=20835"}],"version-history":[{"count":1,"href":"https:\/\/sulsc.com\/index.php\/wp-json\/wp\/v2\/posts\/20835\/revisions"}],"predecessor-version":[{"id":20837,"href":"https:\/\/sulsc.com\/index.php\/wp-json\/wp\/v2\/posts\/20835\/revisions\/20837"}],"wp:featuredmedia":[{"embeddable":true,"href":"https:\/\/sulsc.com\/index.php\/wp-json\/wp\/v2\/media\/20312"}],"wp:attachment":[{"href":"https:\/\/sulsc.com\/index.php\/wp-json\/wp\/v2\/media?parent=20835"}],"wp:term":[{"taxonomy":"category","embeddable":true,"href":"https:\/\/sulsc.com\/index.php\/wp-json\/wp\/v2\/categories?post=20835"},{"taxonomy":"post_tag","embeddable":true,"href":"https:\/\/sulsc.com\/index.php\/wp-json\/wp\/v2\/tags?post=20835"}],"curies":[{"name":"wp","href":"https:\/\/api.w.org\/{rel}","templated":true}]}}