{"id":20918,"date":"2025-03-06T07:59:46","date_gmt":"2025-03-06T10:59:46","guid":{"rendered":"https:\/\/sulsc.com\/?p=20918"},"modified":"2025-03-06T07:59:46","modified_gmt":"2025-03-06T10:59:46","slug":"mais-um-dia-de-sol-forte-e-calorao-com-maximas-de-36oc-no-litoral-sul","status":"publish","type":"post","link":"https:\/\/sulsc.com\/index.php\/2025\/03\/06\/mais-um-dia-de-sol-forte-e-calorao-com-maximas-de-36oc-no-litoral-sul\/","title":{"rendered":"Mais um dia de sol forte e calor\u00e3o com m\u00e1ximas de 36\u00baC no litoral sul"},"content":{"rendered":"<p>Nesta quinta-feira (06), a circula\u00e7\u00e3o mar\u00edtima mant\u00e9m a varia\u00e7\u00e3o de nebulosidade, bem como a condi\u00e7\u00e3o para chuva entre a madrugada e as primeiras horas da manh\u00e3, no Litoral e \u00e1reas pr\u00f3ximas.<\/p>\n<p>O risco \u00e9 moderado a alto para ocorr\u00eancias relacionadas ao calor e ao desconforto t\u00e9rmico. No Extremo Oeste e Oeste, n\u00e3o se descarta a ocorr\u00eancia de temporais isolados, bem t\u00edpicos de ver\u00e3o, entre a tarde e \u00e0 noite. O risco \u00e9 baixo a moderado para ocorr\u00eancias associadas aos temporais e \u00e0 chuva no Litoral.<\/p>\n<p><img fetchpriority=\"high\" decoding=\"async\" class=\"aligncenter size-full wp-image-20919\" src=\"http:\/\/sulsc.com\/wp-content\/uploads\/2025\/03\/5.png\" alt=\"\" width=\"1024\" height=\"700\" srcset=\"https:\/\/sulsc.com\/wp-content\/uploads\/2025\/03\/5.png 1024w, https:\/\/sulsc.com\/wp-content\/uploads\/2025\/03\/5-300x205.png 300w, https:\/\/sulsc.com\/wp-content\/uploads\/2025\/03\/5-768x525.png 768w\" sizes=\"(max-width: 1024px) 100vw, 1024px\" \/><\/p>\n<p><img decoding=\"async\" class=\"aligncenter  wp-image-17436\" src=\"http:\/\/sulsc.com\/wp-content\/uploads\/2024\/11\/Tempo-2.png\" alt=\"\" width=\"587\" height=\"108\" srcset=\"https:\/\/sulsc.com\/wp-content\/uploads\/2024\/11\/Tempo-2.png 1024w, https:\/\/sulsc.com\/wp-content\/uploads\/2024\/11\/Tempo-2-300x55.png 300w, https:\/\/sulsc.com\/wp-content\/uploads\/2024\/11\/Tempo-2-768x142.png 768w\" sizes=\"(max-width: 587px) 100vw, 587px\" \/><\/p>\n<p><strong>Temperaturas<\/strong><\/p>\n<p>Nas demais regi\u00f5es do estado, presen\u00e7a de sol que favorece para maior eleva\u00e7\u00e3o das temperaturas. As m\u00e1ximas superam novamente os 30\u00b0C e chegam aos 36\u00b0C no Extremo Oeste e Litoral Sul.<\/p>\n<p>Fonte: Defesa Civil SC\/Meteorologista: Francine Sacco<\/p>\n<p>Foto\/Sulsc.com<\/p>\n","protected":false},"excerpt":{"rendered":"<p>Nesta quinta-feira (06), a circula\u00e7\u00e3o mar\u00edtima mant\u00e9m a varia\u00e7\u00e3o de nebulosidade, bem como a condi\u00e7\u00e3o para chuva entre a madrugada e as primeiras horas da manh\u00e3, no Litoral e \u00e1reas pr\u00f3ximas. O risco \u00e9 moderado a alto para ocorr\u00eancias relacionadas ao calor e ao desconforto t\u00e9rmico. No Extremo Oeste e Oeste, n\u00e3o se descarta a &hellip;<\/p>\n<p class=\"read-more\"> <a class=\"\" href=\"https:\/\/sulsc.com\/index.php\/2025\/03\/06\/mais-um-dia-de-sol-forte-e-calorao-com-maximas-de-36oc-no-litoral-sul\/\"> <span class=\"screen-reader-text\">Mais um dia de sol forte e calor\u00e3o com m\u00e1ximas de 36\u00baC no litoral sul<\/span> Read More &raquo;<\/a><\/p>\n","protected":false},"author":3,"featured_media":16849,"comment_status":"open","ping_status":"open","sticky":false,"template":"","format":"standard","meta":{"site-sidebar-layout":"default","site-content-layout":"","ast-site-content-layout":"default","site-content-style":"default","site-sidebar-style":"default","ast-global-header-display":"","ast-banner-title-visibility":"","ast-main-header-display":"","ast-hfb-above-header-display":"","ast-hfb-below-header-display":"","ast-hfb-mobile-header-display":"","site-post-title":"","ast-breadcrumbs-content":"","ast-featured-img":"","footer-sml-layout":"","theme-transparent-header-meta":"default","adv-header-id-meta":"","stick-header-meta":"","header-above-stick-meta":"","header-main-stick-meta":"","header-below-stick-meta":"","astra-migrate-meta-layouts":"set","footnotes":""},"categories":[38],"tags":[90],"yoast_head":"<!-- This site is optimized with the Yoast SEO plugin v21.4 - https:\/\/yoast.com\/wordpress\/plugins\/seo\/ -->\n<title>Mais um dia de sol forte e calor\u00e3o com m\u00e1ximas de 36\u00baC no litoral sul -<\/title>\n<meta name=\"description\" content=\"O risco \u00e9 baixo a moderado para ocorr\u00eancias associadas aos temporais e \u00e0 chuva no Litoral nesta quinta-feira 05\" \/>\n<meta name=\"robots\" content=\"index, follow, max-snippet:-1, max-image-preview:large, max-video-preview:-1\" \/>\n<link rel=\"canonical\" href=\"https:\/\/sulsc.com\/index.php\/2025\/03\/06\/mais-um-dia-de-sol-forte-e-calorao-com-maximas-de-36oc-no-litoral-sul\/\" \/>\n<meta property=\"og:locale\" content=\"en_US\" \/>\n<meta property=\"og:type\" content=\"article\" \/>\n<meta property=\"og:title\" content=\"Mais um dia de sol forte e calor\u00e3o com m\u00e1ximas de 36\u00baC no litoral sul -\" \/>\n<meta property=\"og:description\" content=\"O risco \u00e9 baixo a moderado para ocorr\u00eancias associadas aos temporais e \u00e0 chuva no Litoral nesta quinta-feira 05\" \/>\n<meta property=\"og:url\" content=\"https:\/\/sulsc.com\/index.php\/2025\/03\/06\/mais-um-dia-de-sol-forte-e-calorao-com-maximas-de-36oc-no-litoral-sul\/\" \/>\n<meta property=\"article:author\" content=\"https:\/\/www.facebook.com\/profile.php?id=61559278119680\" \/>\n<meta property=\"article:published_time\" content=\"2025-03-06T10:59:46+00:00\" \/>\n<meta property=\"og:image\" content=\"http:\/\/sulsc.com\/wp-content\/uploads\/2024\/10\/Tempo-2-scaled.jpg\" \/>\n\t<meta property=\"og:image:width\" content=\"1151\" \/>\n\t<meta property=\"og:image:height\" content=\"2560\" \/>\n\t<meta property=\"og:image:type\" content=\"image\/jpeg\" \/>\n<meta name=\"author\" content=\"Reda\u00e7\u00e3o Sul SC\" \/>\n<meta name=\"twitter:card\" content=\"summary_large_image\" \/>\n<meta name=\"twitter:creator\" content=\"@https:\/\/twitter.com\/PortalSulSC\" \/>\n<meta name=\"twitter:label1\" content=\"Written by\" \/>\n\t<meta name=\"twitter:data1\" content=\"Reda\u00e7\u00e3o Sul SC\" \/>\n\t<meta name=\"twitter:label2\" content=\"Est. reading time\" \/>\n\t<meta name=\"twitter:data2\" content=\"1 minute\" \/>\n<script type=\"application\/ld+json\" class=\"yoast-schema-graph\">{\"@context\":\"https:\/\/schema.org\",\"@graph\":[{\"@type\":\"WebPage\",\"@id\":\"https:\/\/sulsc.com\/index.php\/2025\/03\/06\/mais-um-dia-de-sol-forte-e-calorao-com-maximas-de-36oc-no-litoral-sul\/\",\"url\":\"https:\/\/sulsc.com\/index.php\/2025\/03\/06\/mais-um-dia-de-sol-forte-e-calorao-com-maximas-de-36oc-no-litoral-sul\/\",\"name\":\"Mais um dia de sol forte e calor\u00e3o com m\u00e1ximas de 36\u00baC no litoral sul -\",\"isPartOf\":{\"@id\":\"https:\/\/sulsc.com\/#website\"},\"datePublished\":\"2025-03-06T10:59:46+00:00\",\"dateModified\":\"2025-03-06T10:59:46+00:00\",\"author\":{\"@id\":\"https:\/\/sulsc.com\/#\/schema\/person\/84d2fc571684f6248ba83092f07750a3\"},\"description\":\"O risco \u00e9 baixo a moderado para ocorr\u00eancias associadas aos temporais e \u00e0 chuva no Litoral nesta quinta-feira 05\",\"breadcrumb\":{\"@id\":\"https:\/\/sulsc.com\/index.php\/2025\/03\/06\/mais-um-dia-de-sol-forte-e-calorao-com-maximas-de-36oc-no-litoral-sul\/#breadcrumb\"},\"inLanguage\":\"en-US\",\"potentialAction\":[{\"@type\":\"ReadAction\",\"target\":[\"https:\/\/sulsc.com\/index.php\/2025\/03\/06\/mais-um-dia-de-sol-forte-e-calorao-com-maximas-de-36oc-no-litoral-sul\/\"]}]},{\"@type\":\"BreadcrumbList\",\"@id\":\"https:\/\/sulsc.com\/index.php\/2025\/03\/06\/mais-um-dia-de-sol-forte-e-calorao-com-maximas-de-36oc-no-litoral-sul\/#breadcrumb\",\"itemListElement\":[{\"@type\":\"ListItem\",\"position\":1,\"name\":\"In\u00edcio\",\"item\":\"https:\/\/sulsc.com\/\"},{\"@type\":\"ListItem\",\"position\":2,\"name\":\"Mais um dia de sol forte e calor\u00e3o com m\u00e1ximas de 36\u00baC no litoral sul\"}]},{\"@type\":\"WebSite\",\"@id\":\"https:\/\/sulsc.com\/#website\",\"url\":\"https:\/\/sulsc.com\/\",\"name\":\"\",\"description\":\"\",\"potentialAction\":[{\"@type\":\"SearchAction\",\"target\":{\"@type\":\"EntryPoint\",\"urlTemplate\":\"https:\/\/sulsc.com\/?s={search_term_string}\"},\"query-input\":\"required name=search_term_string\"}],\"inLanguage\":\"en-US\"},{\"@type\":\"Person\",\"@id\":\"https:\/\/sulsc.com\/#\/schema\/person\/84d2fc571684f6248ba83092f07750a3\",\"name\":\"Reda\u00e7\u00e3o Sul SC\",\"image\":{\"@type\":\"ImageObject\",\"inLanguage\":\"en-US\",\"@id\":\"https:\/\/sulsc.com\/#\/schema\/person\/image\/e08d7fe2cc4ed596372063bbe852b8d0\",\"url\":\"https:\/\/sulsc.com\/wp-content\/uploads\/2023\/09\/redacao.png\",\"contentUrl\":\"https:\/\/sulsc.com\/wp-content\/uploads\/2023\/09\/redacao.png\",\"caption\":\"Reda\u00e7\u00e3o Sul SC\"},\"description\":\"Foco em um jornalismo imparcial, voltado \u00e0 qualidade dos seus conte\u00fados e, assim, levar informa\u00e7\u00e3o de valor que agregue \u00e0 vida dos leitores. Esta \u00e9 grande miss\u00e3o do Portal de Not\u00edcias Sul SC. N\u00e3o \u00e9 quantidade que muda o mundo, sempre foi e seguir\u00e1 sendo qualidade!\",\"sameAs\":[\"https:\/\/sulsc.com\/\",\"https:\/\/www.facebook.com\/profile.php?id=61559278119680\",\"https:\/\/www.instagram.com\/sulscportal\/?hl=pt-br\",\"https:\/\/twitter.com\/https:\/\/twitter.com\/PortalSulSC\",\"https:\/\/www.youtube.com\/channel\/UCv_BE8GeySluDov2n8qhVmw\"],\"url\":\"https:\/\/sulsc.com\/index.php\/author\/redacao\/\"}]}<\/script>\n<!-- \/ Yoast SEO plugin. -->","yoast_head_json":{"title":"Mais um dia de sol forte e calor\u00e3o com m\u00e1ximas de 36\u00baC no litoral sul -","description":"O risco \u00e9 baixo a moderado para ocorr\u00eancias associadas aos temporais e \u00e0 chuva no Litoral nesta quinta-feira 05","robots":{"index":"index","follow":"follow","max-snippet":"max-snippet:-1","max-image-preview":"max-image-preview:large","max-video-preview":"max-video-preview:-1"},"canonical":"https:\/\/sulsc.com\/index.php\/2025\/03\/06\/mais-um-dia-de-sol-forte-e-calorao-com-maximas-de-36oc-no-litoral-sul\/","og_locale":"en_US","og_type":"article","og_title":"Mais um dia de sol forte e calor\u00e3o com m\u00e1ximas de 36\u00baC no litoral sul -","og_description":"O risco \u00e9 baixo a moderado para ocorr\u00eancias associadas aos temporais e \u00e0 chuva no Litoral nesta quinta-feira 05","og_url":"https:\/\/sulsc.com\/index.php\/2025\/03\/06\/mais-um-dia-de-sol-forte-e-calorao-com-maximas-de-36oc-no-litoral-sul\/","article_author":"https:\/\/www.facebook.com\/profile.php?id=61559278119680","article_published_time":"2025-03-06T10:59:46+00:00","og_image":[{"width":1151,"height":2560,"url":"http:\/\/sulsc.com\/wp-content\/uploads\/2024\/10\/Tempo-2-scaled.jpg","type":"image\/jpeg"}],"author":"Reda\u00e7\u00e3o Sul SC","twitter_card":"summary_large_image","twitter_creator":"@https:\/\/twitter.com\/PortalSulSC","twitter_misc":{"Written by":"Reda\u00e7\u00e3o Sul SC","Est. reading time":"1 minute"},"schema":{"@context":"https:\/\/schema.org","@graph":[{"@type":"WebPage","@id":"https:\/\/sulsc.com\/index.php\/2025\/03\/06\/mais-um-dia-de-sol-forte-e-calorao-com-maximas-de-36oc-no-litoral-sul\/","url":"https:\/\/sulsc.com\/index.php\/2025\/03\/06\/mais-um-dia-de-sol-forte-e-calorao-com-maximas-de-36oc-no-litoral-sul\/","name":"Mais um dia de sol forte e calor\u00e3o com m\u00e1ximas de 36\u00baC no litoral sul -","isPartOf":{"@id":"https:\/\/sulsc.com\/#website"},"datePublished":"2025-03-06T10:59:46+00:00","dateModified":"2025-03-06T10:59:46+00:00","author":{"@id":"https:\/\/sulsc.com\/#\/schema\/person\/84d2fc571684f6248ba83092f07750a3"},"description":"O risco \u00e9 baixo a moderado para ocorr\u00eancias associadas aos temporais e \u00e0 chuva no Litoral nesta quinta-feira 05","breadcrumb":{"@id":"https:\/\/sulsc.com\/index.php\/2025\/03\/06\/mais-um-dia-de-sol-forte-e-calorao-com-maximas-de-36oc-no-litoral-sul\/#breadcrumb"},"inLanguage":"en-US","potentialAction":[{"@type":"ReadAction","target":["https:\/\/sulsc.com\/index.php\/2025\/03\/06\/mais-um-dia-de-sol-forte-e-calorao-com-maximas-de-36oc-no-litoral-sul\/"]}]},{"@type":"BreadcrumbList","@id":"https:\/\/sulsc.com\/index.php\/2025\/03\/06\/mais-um-dia-de-sol-forte-e-calorao-com-maximas-de-36oc-no-litoral-sul\/#breadcrumb","itemListElement":[{"@type":"ListItem","position":1,"name":"In\u00edcio","item":"https:\/\/sulsc.com\/"},{"@type":"ListItem","position":2,"name":"Mais um dia de sol forte e calor\u00e3o com m\u00e1ximas de 36\u00baC no litoral sul"}]},{"@type":"WebSite","@id":"https:\/\/sulsc.com\/#website","url":"https:\/\/sulsc.com\/","name":"","description":"","potentialAction":[{"@type":"SearchAction","target":{"@type":"EntryPoint","urlTemplate":"https:\/\/sulsc.com\/?s={search_term_string}"},"query-input":"required name=search_term_string"}],"inLanguage":"en-US"},{"@type":"Person","@id":"https:\/\/sulsc.com\/#\/schema\/person\/84d2fc571684f6248ba83092f07750a3","name":"Reda\u00e7\u00e3o Sul SC","image":{"@type":"ImageObject","inLanguage":"en-US","@id":"https:\/\/sulsc.com\/#\/schema\/person\/image\/e08d7fe2cc4ed596372063bbe852b8d0","url":"https:\/\/sulsc.com\/wp-content\/uploads\/2023\/09\/redacao.png","contentUrl":"https:\/\/sulsc.com\/wp-content\/uploads\/2023\/09\/redacao.png","caption":"Reda\u00e7\u00e3o Sul SC"},"description":"Foco em um jornalismo imparcial, voltado \u00e0 qualidade dos seus conte\u00fados e, assim, levar informa\u00e7\u00e3o de valor que agregue \u00e0 vida dos leitores. Esta \u00e9 grande miss\u00e3o do Portal de Not\u00edcias Sul SC. N\u00e3o \u00e9 quantidade que muda o mundo, sempre foi e seguir\u00e1 sendo qualidade!","sameAs":["https:\/\/sulsc.com\/","https:\/\/www.facebook.com\/profile.php?id=61559278119680","https:\/\/www.instagram.com\/sulscportal\/?hl=pt-br","https:\/\/twitter.com\/https:\/\/twitter.com\/PortalSulSC","https:\/\/www.youtube.com\/channel\/UCv_BE8GeySluDov2n8qhVmw"],"url":"https:\/\/sulsc.com\/index.php\/author\/redacao\/"}]}},"authors":[],"_links":{"self":[{"href":"https:\/\/sulsc.com\/index.php\/wp-json\/wp\/v2\/posts\/20918"}],"collection":[{"href":"https:\/\/sulsc.com\/index.php\/wp-json\/wp\/v2\/posts"}],"about":[{"href":"https:\/\/sulsc.com\/index.php\/wp-json\/wp\/v2\/types\/post"}],"author":[{"embeddable":true,"href":"https:\/\/sulsc.com\/index.php\/wp-json\/wp\/v2\/users\/3"}],"replies":[{"embeddable":true,"href":"https:\/\/sulsc.com\/index.php\/wp-json\/wp\/v2\/comments?post=20918"}],"version-history":[{"count":1,"href":"https:\/\/sulsc.com\/index.php\/wp-json\/wp\/v2\/posts\/20918\/revisions"}],"predecessor-version":[{"id":20920,"href":"https:\/\/sulsc.com\/index.php\/wp-json\/wp\/v2\/posts\/20918\/revisions\/20920"}],"wp:featuredmedia":[{"embeddable":true,"href":"https:\/\/sulsc.com\/index.php\/wp-json\/wp\/v2\/media\/16849"}],"wp:attachment":[{"href":"https:\/\/sulsc.com\/index.php\/wp-json\/wp\/v2\/media?parent=20918"}],"wp:term":[{"taxonomy":"category","embeddable":true,"href":"https:\/\/sulsc.com\/index.php\/wp-json\/wp\/v2\/categories?post=20918"},{"taxonomy":"post_tag","embeddable":true,"href":"https:\/\/sulsc.com\/index.php\/wp-json\/wp\/v2\/tags?post=20918"}],"curies":[{"name":"wp","href":"https:\/\/api.w.org\/{rel}","templated":true}]}}