{"id":20970,"date":"2025-03-07T07:17:25","date_gmt":"2025-03-07T10:17:25","guid":{"rendered":"https:\/\/sulsc.com\/?p=20970"},"modified":"2025-03-07T07:17:25","modified_gmt":"2025-03-07T10:17:25","slug":"tempo-instavel-no-litoral-e-calor-intenso-no-restante-do-estado-nesta-sexta-feira-07","status":"publish","type":"post","link":"https:\/\/sulsc.com\/index.php\/2025\/03\/07\/tempo-instavel-no-litoral-e-calor-intenso-no-restante-do-estado-nesta-sexta-feira-07\/","title":{"rendered":"Tempo inst\u00e1vel no litoral e calor intenso no restante do estado nesta sexta-feira (07)"},"content":{"rendered":"<p data-sourcepos=\"5:1-5:267\">A circula\u00e7\u00e3o mar\u00edtima manter\u00e1 a presen\u00e7a de nuvens ao longo do dia no litoral e \u00e1reas pr\u00f3ximas, nesta sexta-feira (07). A previs\u00e3o indica chuva persistente, especialmente pela manh\u00e3, com risco baixo a moderado para ocorr\u00eancias associadas aos temporais e \u00e0 chuva.<\/p>\n<p data-sourcepos=\"5:1-5:267\"><img fetchpriority=\"high\" decoding=\"async\" class=\"aligncenter  wp-image-20971\" src=\"http:\/\/sulsc.com\/wp-content\/uploads\/2025\/03\/Captura-de-tela-2025-03-07-014118-1536x1046-1.png\" alt=\"\" width=\"798\" height=\"544\" srcset=\"https:\/\/sulsc.com\/wp-content\/uploads\/2025\/03\/Captura-de-tela-2025-03-07-014118-1536x1046-1.png 1536w, https:\/\/sulsc.com\/wp-content\/uploads\/2025\/03\/Captura-de-tela-2025-03-07-014118-1536x1046-1-300x204.png 300w, https:\/\/sulsc.com\/wp-content\/uploads\/2025\/03\/Captura-de-tela-2025-03-07-014118-1536x1046-1-1024x697.png 1024w, https:\/\/sulsc.com\/wp-content\/uploads\/2025\/03\/Captura-de-tela-2025-03-07-014118-1536x1046-1-768x523.png 768w\" sizes=\"(max-width: 798px) 100vw, 798px\" \/><\/p>\n<p data-sourcepos=\"7:1-7:40\"><strong>Calor intenso no restante do estado:<\/strong><\/p>\n<p data-sourcepos=\"9:1-9:214\">Enquanto o litoral enfrenta tempo inst\u00e1vel, as demais regi\u00f5es do estado devem se preparar para um dia de sol e calor intenso. A previs\u00e3o aponta para pancadas isoladas de chuva com trovoadas entre a tarde e a noite.<\/p>\n<p data-sourcepos=\"11:1-11:43\"><strong>Temperaturas elevadas e riscos \u00e0 sa\u00fade:<\/strong><\/p>\n<p data-sourcepos=\"13:1-13:334\">As temperaturas m\u00e1ximas devem variar entre 29 e 32\u00b0C na maioria das regi\u00f5es, podendo chegar a 37\u00b0C no Grande Oeste. O risco de ocorr\u00eancias relacionadas \u00e0s altas temperaturas, como desconforto t\u00e9rmico, desidrata\u00e7\u00e3o e agravamento de doen\u00e7as cardiorrespirat\u00f3rias, \u00e9 considerado moderado a alto, especialmente para a popula\u00e7\u00e3o vulner\u00e1vel.<\/p>\n","protected":false},"excerpt":{"rendered":"<p>A circula\u00e7\u00e3o mar\u00edtima manter\u00e1 a presen\u00e7a de nuvens ao longo do dia no litoral e \u00e1reas pr\u00f3ximas, nesta sexta-feira (07). A previs\u00e3o indica chuva persistente, especialmente pela manh\u00e3, com risco baixo a moderado para ocorr\u00eancias associadas aos temporais e \u00e0 chuva. Calor intenso no restante do estado: Enquanto o litoral enfrenta tempo inst\u00e1vel, as demais &hellip;<\/p>\n<p class=\"read-more\"> <a class=\"\" href=\"https:\/\/sulsc.com\/index.php\/2025\/03\/07\/tempo-instavel-no-litoral-e-calor-intenso-no-restante-do-estado-nesta-sexta-feira-07\/\"> <span class=\"screen-reader-text\">Tempo inst\u00e1vel no litoral e calor intenso no restante do estado nesta sexta-feira (07)<\/span> Read More &raquo;<\/a><\/p>\n","protected":false},"author":3,"featured_media":20971,"comment_status":"open","ping_status":"open","sticky":false,"template":"","format":"standard","meta":{"site-sidebar-layout":"default","site-content-layout":"","ast-site-content-layout":"default","site-content-style":"default","site-sidebar-style":"default","ast-global-header-display":"","ast-banner-title-visibility":"","ast-main-header-display":"","ast-hfb-above-header-display":"","ast-hfb-below-header-display":"","ast-hfb-mobile-header-display":"","site-post-title":"","ast-breadcrumbs-content":"","ast-featured-img":"","footer-sml-layout":"","theme-transparent-header-meta":"default","adv-header-id-meta":"","stick-header-meta":"","header-above-stick-meta":"","header-main-stick-meta":"","header-below-stick-meta":"","astra-migrate-meta-layouts":"set","footnotes":""},"categories":[38],"tags":[90],"yoast_head":"<!-- This site is optimized with the Yoast SEO plugin v21.4 - https:\/\/yoast.com\/wordpress\/plugins\/seo\/ -->\n<title>Tempo inst\u00e1vel no litoral e calor intenso no restante do estado nesta sexta-feira (07) -<\/title>\n<meta name=\"robots\" content=\"index, follow, max-snippet:-1, max-image-preview:large, max-video-preview:-1\" \/>\n<link rel=\"canonical\" href=\"https:\/\/sulsc.com\/index.php\/2025\/03\/07\/tempo-instavel-no-litoral-e-calor-intenso-no-restante-do-estado-nesta-sexta-feira-07\/\" \/>\n<meta property=\"og:locale\" content=\"en_US\" \/>\n<meta property=\"og:type\" content=\"article\" \/>\n<meta property=\"og:title\" content=\"Tempo inst\u00e1vel no litoral e calor intenso no restante do estado nesta sexta-feira (07) -\" \/>\n<meta property=\"og:description\" content=\"A circula\u00e7\u00e3o mar\u00edtima manter\u00e1 a presen\u00e7a de nuvens ao longo do dia no litoral e \u00e1reas pr\u00f3ximas, nesta sexta-feira (07). A previs\u00e3o indica chuva persistente, especialmente pela manh\u00e3, com risco baixo a moderado para ocorr\u00eancias associadas aos temporais e \u00e0 chuva. Calor intenso no restante do estado: Enquanto o litoral enfrenta tempo inst\u00e1vel, as demais &hellip; Tempo inst\u00e1vel no litoral e calor intenso no restante do estado nesta sexta-feira (07) Read More &raquo;\" \/>\n<meta property=\"og:url\" content=\"https:\/\/sulsc.com\/index.php\/2025\/03\/07\/tempo-instavel-no-litoral-e-calor-intenso-no-restante-do-estado-nesta-sexta-feira-07\/\" \/>\n<meta property=\"article:author\" content=\"https:\/\/www.facebook.com\/profile.php?id=61559278119680\" \/>\n<meta property=\"article:published_time\" content=\"2025-03-07T10:17:25+00:00\" \/>\n<meta property=\"og:image\" content=\"http:\/\/sulsc.com\/wp-content\/uploads\/2025\/03\/Captura-de-tela-2025-03-07-014118-1536x1046-1.png\" \/>\n\t<meta property=\"og:image:width\" content=\"1536\" \/>\n\t<meta property=\"og:image:height\" content=\"1046\" \/>\n\t<meta property=\"og:image:type\" content=\"image\/png\" \/>\n<meta name=\"author\" content=\"Reda\u00e7\u00e3o Sul SC\" \/>\n<meta name=\"twitter:card\" content=\"summary_large_image\" \/>\n<meta name=\"twitter:creator\" content=\"@https:\/\/twitter.com\/PortalSulSC\" \/>\n<meta name=\"twitter:label1\" content=\"Written by\" \/>\n\t<meta name=\"twitter:data1\" content=\"Reda\u00e7\u00e3o Sul SC\" \/>\n\t<meta name=\"twitter:label2\" content=\"Est. reading time\" \/>\n\t<meta name=\"twitter:data2\" content=\"1 minute\" \/>\n<script type=\"application\/ld+json\" class=\"yoast-schema-graph\">{\"@context\":\"https:\/\/schema.org\",\"@graph\":[{\"@type\":\"WebPage\",\"@id\":\"https:\/\/sulsc.com\/index.php\/2025\/03\/07\/tempo-instavel-no-litoral-e-calor-intenso-no-restante-do-estado-nesta-sexta-feira-07\/\",\"url\":\"https:\/\/sulsc.com\/index.php\/2025\/03\/07\/tempo-instavel-no-litoral-e-calor-intenso-no-restante-do-estado-nesta-sexta-feira-07\/\",\"name\":\"Tempo inst\u00e1vel no litoral e calor intenso no restante do estado nesta sexta-feira (07) -\",\"isPartOf\":{\"@id\":\"https:\/\/sulsc.com\/#website\"},\"datePublished\":\"2025-03-07T10:17:25+00:00\",\"dateModified\":\"2025-03-07T10:17:25+00:00\",\"author\":{\"@id\":\"https:\/\/sulsc.com\/#\/schema\/person\/84d2fc571684f6248ba83092f07750a3\"},\"breadcrumb\":{\"@id\":\"https:\/\/sulsc.com\/index.php\/2025\/03\/07\/tempo-instavel-no-litoral-e-calor-intenso-no-restante-do-estado-nesta-sexta-feira-07\/#breadcrumb\"},\"inLanguage\":\"en-US\",\"potentialAction\":[{\"@type\":\"ReadAction\",\"target\":[\"https:\/\/sulsc.com\/index.php\/2025\/03\/07\/tempo-instavel-no-litoral-e-calor-intenso-no-restante-do-estado-nesta-sexta-feira-07\/\"]}]},{\"@type\":\"BreadcrumbList\",\"@id\":\"https:\/\/sulsc.com\/index.php\/2025\/03\/07\/tempo-instavel-no-litoral-e-calor-intenso-no-restante-do-estado-nesta-sexta-feira-07\/#breadcrumb\",\"itemListElement\":[{\"@type\":\"ListItem\",\"position\":1,\"name\":\"In\u00edcio\",\"item\":\"https:\/\/sulsc.com\/\"},{\"@type\":\"ListItem\",\"position\":2,\"name\":\"Tempo inst\u00e1vel no litoral e calor intenso no restante do estado nesta sexta-feira (07)\"}]},{\"@type\":\"WebSite\",\"@id\":\"https:\/\/sulsc.com\/#website\",\"url\":\"https:\/\/sulsc.com\/\",\"name\":\"\",\"description\":\"\",\"potentialAction\":[{\"@type\":\"SearchAction\",\"target\":{\"@type\":\"EntryPoint\",\"urlTemplate\":\"https:\/\/sulsc.com\/?s={search_term_string}\"},\"query-input\":\"required name=search_term_string\"}],\"inLanguage\":\"en-US\"},{\"@type\":\"Person\",\"@id\":\"https:\/\/sulsc.com\/#\/schema\/person\/84d2fc571684f6248ba83092f07750a3\",\"name\":\"Reda\u00e7\u00e3o Sul SC\",\"image\":{\"@type\":\"ImageObject\",\"inLanguage\":\"en-US\",\"@id\":\"https:\/\/sulsc.com\/#\/schema\/person\/image\/e08d7fe2cc4ed596372063bbe852b8d0\",\"url\":\"https:\/\/sulsc.com\/wp-content\/uploads\/2023\/09\/redacao.png\",\"contentUrl\":\"https:\/\/sulsc.com\/wp-content\/uploads\/2023\/09\/redacao.png\",\"caption\":\"Reda\u00e7\u00e3o Sul SC\"},\"description\":\"Foco em um jornalismo imparcial, voltado \u00e0 qualidade dos seus conte\u00fados e, assim, levar informa\u00e7\u00e3o de valor que agregue \u00e0 vida dos leitores. Esta \u00e9 grande miss\u00e3o do Portal de Not\u00edcias Sul SC. N\u00e3o \u00e9 quantidade que muda o mundo, sempre foi e seguir\u00e1 sendo qualidade!\",\"sameAs\":[\"https:\/\/sulsc.com\/\",\"https:\/\/www.facebook.com\/profile.php?id=61559278119680\",\"https:\/\/www.instagram.com\/sulscportal\/?hl=pt-br\",\"https:\/\/twitter.com\/https:\/\/twitter.com\/PortalSulSC\",\"https:\/\/www.youtube.com\/channel\/UCv_BE8GeySluDov2n8qhVmw\"],\"url\":\"https:\/\/sulsc.com\/index.php\/author\/redacao\/\"}]}<\/script>\n<!-- \/ Yoast SEO plugin. -->","yoast_head_json":{"title":"Tempo inst\u00e1vel no litoral e calor intenso no restante do estado nesta sexta-feira (07) -","robots":{"index":"index","follow":"follow","max-snippet":"max-snippet:-1","max-image-preview":"max-image-preview:large","max-video-preview":"max-video-preview:-1"},"canonical":"https:\/\/sulsc.com\/index.php\/2025\/03\/07\/tempo-instavel-no-litoral-e-calor-intenso-no-restante-do-estado-nesta-sexta-feira-07\/","og_locale":"en_US","og_type":"article","og_title":"Tempo inst\u00e1vel no litoral e calor intenso no restante do estado nesta sexta-feira (07) -","og_description":"A circula\u00e7\u00e3o mar\u00edtima manter\u00e1 a presen\u00e7a de nuvens ao longo do dia no litoral e \u00e1reas pr\u00f3ximas, nesta sexta-feira (07). A previs\u00e3o indica chuva persistente, especialmente pela manh\u00e3, com risco baixo a moderado para ocorr\u00eancias associadas aos temporais e \u00e0 chuva. Calor intenso no restante do estado: Enquanto o litoral enfrenta tempo inst\u00e1vel, as demais &hellip; Tempo inst\u00e1vel no litoral e calor intenso no restante do estado nesta sexta-feira (07) Read More &raquo;","og_url":"https:\/\/sulsc.com\/index.php\/2025\/03\/07\/tempo-instavel-no-litoral-e-calor-intenso-no-restante-do-estado-nesta-sexta-feira-07\/","article_author":"https:\/\/www.facebook.com\/profile.php?id=61559278119680","article_published_time":"2025-03-07T10:17:25+00:00","og_image":[{"width":1536,"height":1046,"url":"http:\/\/sulsc.com\/wp-content\/uploads\/2025\/03\/Captura-de-tela-2025-03-07-014118-1536x1046-1.png","type":"image\/png"}],"author":"Reda\u00e7\u00e3o Sul SC","twitter_card":"summary_large_image","twitter_creator":"@https:\/\/twitter.com\/PortalSulSC","twitter_misc":{"Written by":"Reda\u00e7\u00e3o Sul SC","Est. reading time":"1 minute"},"schema":{"@context":"https:\/\/schema.org","@graph":[{"@type":"WebPage","@id":"https:\/\/sulsc.com\/index.php\/2025\/03\/07\/tempo-instavel-no-litoral-e-calor-intenso-no-restante-do-estado-nesta-sexta-feira-07\/","url":"https:\/\/sulsc.com\/index.php\/2025\/03\/07\/tempo-instavel-no-litoral-e-calor-intenso-no-restante-do-estado-nesta-sexta-feira-07\/","name":"Tempo inst\u00e1vel no litoral e calor intenso no restante do estado nesta sexta-feira (07) -","isPartOf":{"@id":"https:\/\/sulsc.com\/#website"},"datePublished":"2025-03-07T10:17:25+00:00","dateModified":"2025-03-07T10:17:25+00:00","author":{"@id":"https:\/\/sulsc.com\/#\/schema\/person\/84d2fc571684f6248ba83092f07750a3"},"breadcrumb":{"@id":"https:\/\/sulsc.com\/index.php\/2025\/03\/07\/tempo-instavel-no-litoral-e-calor-intenso-no-restante-do-estado-nesta-sexta-feira-07\/#breadcrumb"},"inLanguage":"en-US","potentialAction":[{"@type":"ReadAction","target":["https:\/\/sulsc.com\/index.php\/2025\/03\/07\/tempo-instavel-no-litoral-e-calor-intenso-no-restante-do-estado-nesta-sexta-feira-07\/"]}]},{"@type":"BreadcrumbList","@id":"https:\/\/sulsc.com\/index.php\/2025\/03\/07\/tempo-instavel-no-litoral-e-calor-intenso-no-restante-do-estado-nesta-sexta-feira-07\/#breadcrumb","itemListElement":[{"@type":"ListItem","position":1,"name":"In\u00edcio","item":"https:\/\/sulsc.com\/"},{"@type":"ListItem","position":2,"name":"Tempo inst\u00e1vel no litoral e calor intenso no restante do estado nesta sexta-feira (07)"}]},{"@type":"WebSite","@id":"https:\/\/sulsc.com\/#website","url":"https:\/\/sulsc.com\/","name":"","description":"","potentialAction":[{"@type":"SearchAction","target":{"@type":"EntryPoint","urlTemplate":"https:\/\/sulsc.com\/?s={search_term_string}"},"query-input":"required name=search_term_string"}],"inLanguage":"en-US"},{"@type":"Person","@id":"https:\/\/sulsc.com\/#\/schema\/person\/84d2fc571684f6248ba83092f07750a3","name":"Reda\u00e7\u00e3o Sul SC","image":{"@type":"ImageObject","inLanguage":"en-US","@id":"https:\/\/sulsc.com\/#\/schema\/person\/image\/e08d7fe2cc4ed596372063bbe852b8d0","url":"https:\/\/sulsc.com\/wp-content\/uploads\/2023\/09\/redacao.png","contentUrl":"https:\/\/sulsc.com\/wp-content\/uploads\/2023\/09\/redacao.png","caption":"Reda\u00e7\u00e3o Sul SC"},"description":"Foco em um jornalismo imparcial, voltado \u00e0 qualidade dos seus conte\u00fados e, assim, levar informa\u00e7\u00e3o de valor que agregue \u00e0 vida dos leitores. Esta \u00e9 grande miss\u00e3o do Portal de Not\u00edcias Sul SC. N\u00e3o \u00e9 quantidade que muda o mundo, sempre foi e seguir\u00e1 sendo qualidade!","sameAs":["https:\/\/sulsc.com\/","https:\/\/www.facebook.com\/profile.php?id=61559278119680","https:\/\/www.instagram.com\/sulscportal\/?hl=pt-br","https:\/\/twitter.com\/https:\/\/twitter.com\/PortalSulSC","https:\/\/www.youtube.com\/channel\/UCv_BE8GeySluDov2n8qhVmw"],"url":"https:\/\/sulsc.com\/index.php\/author\/redacao\/"}]}},"authors":[],"_links":{"self":[{"href":"https:\/\/sulsc.com\/index.php\/wp-json\/wp\/v2\/posts\/20970"}],"collection":[{"href":"https:\/\/sulsc.com\/index.php\/wp-json\/wp\/v2\/posts"}],"about":[{"href":"https:\/\/sulsc.com\/index.php\/wp-json\/wp\/v2\/types\/post"}],"author":[{"embeddable":true,"href":"https:\/\/sulsc.com\/index.php\/wp-json\/wp\/v2\/users\/3"}],"replies":[{"embeddable":true,"href":"https:\/\/sulsc.com\/index.php\/wp-json\/wp\/v2\/comments?post=20970"}],"version-history":[{"count":1,"href":"https:\/\/sulsc.com\/index.php\/wp-json\/wp\/v2\/posts\/20970\/revisions"}],"predecessor-version":[{"id":20972,"href":"https:\/\/sulsc.com\/index.php\/wp-json\/wp\/v2\/posts\/20970\/revisions\/20972"}],"wp:featuredmedia":[{"embeddable":true,"href":"https:\/\/sulsc.com\/index.php\/wp-json\/wp\/v2\/media\/20971"}],"wp:attachment":[{"href":"https:\/\/sulsc.com\/index.php\/wp-json\/wp\/v2\/media?parent=20970"}],"wp:term":[{"taxonomy":"category","embeddable":true,"href":"https:\/\/sulsc.com\/index.php\/wp-json\/wp\/v2\/categories?post=20970"},{"taxonomy":"post_tag","embeddable":true,"href":"https:\/\/sulsc.com\/index.php\/wp-json\/wp\/v2\/tags?post=20970"}],"curies":[{"name":"wp","href":"https:\/\/api.w.org\/{rel}","templated":true}]}}