{"id":21011,"date":"2025-03-08T09:25:15","date_gmt":"2025-03-08T12:25:15","guid":{"rendered":"https:\/\/sulsc.com\/?p=21011"},"modified":"2025-03-08T09:25:15","modified_gmt":"2025-03-08T12:25:15","slug":"sabado-08-ensolarado-e-maximas-de-38oc-no-litoral-sul","status":"publish","type":"post","link":"https:\/\/sulsc.com\/index.php\/2025\/03\/08\/sabado-08-ensolarado-e-maximas-de-38oc-no-litoral-sul\/","title":{"rendered":"S\u00e1bado (08) ensolarado e m\u00e1ximas de 38\u00baC no Litoral Sul"},"content":{"rendered":"<p>O s\u00e1bado (08) come\u00e7ou com chuvas r\u00e1pidas nas regi\u00f5es litor\u00e2neas entre a Grande Florian\u00f3polis e o Litoral Norte, entretanto, durante a manh\u00e3 a chuva deve cessar nestas regi\u00f5es.<\/p>\n<p>Entre a tarde e a noite, o calor combinado a umidade podem provocar pancadas bastante isoladas de chuva, por\u00e9m a condi\u00e7\u00e3o que predomina \u00e9 de tempo ensolarado, intercalando com per\u00edodos de nebulosidade. N\u00e3o h\u00e1 riscos associados \u00e0s chuvas.<\/p>\n<p><img fetchpriority=\"high\" decoding=\"async\" class=\"aligncenter size-full wp-image-21012\" src=\"http:\/\/sulsc.com\/wp-content\/uploads\/2025\/03\/A.png\" alt=\"\" width=\"1648\" height=\"1122\" srcset=\"https:\/\/sulsc.com\/wp-content\/uploads\/2025\/03\/A.png 1648w, https:\/\/sulsc.com\/wp-content\/uploads\/2025\/03\/A-300x204.png 300w, https:\/\/sulsc.com\/wp-content\/uploads\/2025\/03\/A-1024x697.png 1024w, https:\/\/sulsc.com\/wp-content\/uploads\/2025\/03\/A-768x523.png 768w, https:\/\/sulsc.com\/wp-content\/uploads\/2025\/03\/A-1536x1046.png 1536w\" sizes=\"(max-width: 1648px) 100vw, 1648px\" \/><\/p>\n<p><img decoding=\"async\" class=\"aligncenter  wp-image-17095\" src=\"http:\/\/sulsc.com\/wp-content\/uploads\/2024\/11\/Tempo-1.png\" alt=\"\" width=\"571\" height=\"105\" srcset=\"https:\/\/sulsc.com\/wp-content\/uploads\/2024\/11\/Tempo-1.png 1024w, https:\/\/sulsc.com\/wp-content\/uploads\/2024\/11\/Tempo-1-300x55.png 300w, https:\/\/sulsc.com\/wp-content\/uploads\/2024\/11\/Tempo-1-768x142.png 768w\" sizes=\"(max-width: 571px) 100vw, 571px\" \/><\/p>\n<p><strong>Temperaturas<\/strong><\/p>\n<p>Na parte da tarde, as temperaturas m\u00e1ximas variam entre 30 e 34\u00b0C na maioria das regi\u00f5es e de 35 a 38\u00b0C no Grande Oeste e no Litoral Sul, mantendo o risco moderado a alto para ocorr\u00eancias relacionadas ao calor intenso. J\u00e1 amanh\u00e3 domingo (09) \u00e9 esperado uma mudan\u00e7a significativa nas condi\u00e7\u00f5es de tempo com a passagem de uma frente fria.<\/p>\n<p>Fonte: Defesa Civil SC\/Meteorologista: Caio Guerra<\/p>\n<p>Foto\/Sulsc.com<\/p>\n","protected":false},"excerpt":{"rendered":"<p>O s\u00e1bado (08) come\u00e7ou com chuvas r\u00e1pidas nas regi\u00f5es litor\u00e2neas entre a Grande Florian\u00f3polis e o Litoral Norte, entretanto, durante a manh\u00e3 a chuva deve cessar nestas regi\u00f5es. Entre a tarde e a noite, o calor combinado a umidade podem provocar pancadas bastante isoladas de chuva, por\u00e9m a condi\u00e7\u00e3o que predomina \u00e9 de tempo ensolarado, &hellip;<\/p>\n<p class=\"read-more\"> <a class=\"\" href=\"https:\/\/sulsc.com\/index.php\/2025\/03\/08\/sabado-08-ensolarado-e-maximas-de-38oc-no-litoral-sul\/\"> <span class=\"screen-reader-text\">S\u00e1bado (08) ensolarado e m\u00e1ximas de 38\u00baC no Litoral Sul<\/span> Read More &raquo;<\/a><\/p>\n","protected":false},"author":3,"featured_media":21013,"comment_status":"open","ping_status":"open","sticky":false,"template":"","format":"standard","meta":{"site-sidebar-layout":"default","site-content-layout":"","ast-site-content-layout":"default","site-content-style":"default","site-sidebar-style":"default","ast-global-header-display":"","ast-banner-title-visibility":"","ast-main-header-display":"","ast-hfb-above-header-display":"","ast-hfb-below-header-display":"","ast-hfb-mobile-header-display":"","site-post-title":"","ast-breadcrumbs-content":"","ast-featured-img":"","footer-sml-layout":"","theme-transparent-header-meta":"default","adv-header-id-meta":"","stick-header-meta":"","header-above-stick-meta":"","header-main-stick-meta":"","header-below-stick-meta":"","astra-migrate-meta-layouts":"set","footnotes":""},"categories":[38],"tags":[90],"yoast_head":"<!-- This site is optimized with the Yoast SEO plugin v21.4 - https:\/\/yoast.com\/wordpress\/plugins\/seo\/ -->\n<title>S\u00e1bado (08) ensolarado e m\u00e1ximas de 38\u00baC no Litoral Sul -<\/title>\n<meta name=\"description\" content=\"Entre a tarde e a noite o calor combinado a umidade podem provocar pancadas bastante isoladas de chuva neste s\u00e1bado\" \/>\n<meta name=\"robots\" content=\"index, follow, max-snippet:-1, max-image-preview:large, max-video-preview:-1\" \/>\n<link rel=\"canonical\" href=\"https:\/\/sulsc.com\/index.php\/2025\/03\/08\/sabado-08-ensolarado-e-maximas-de-38oc-no-litoral-sul\/\" \/>\n<meta property=\"og:locale\" content=\"en_US\" \/>\n<meta property=\"og:type\" content=\"article\" \/>\n<meta property=\"og:title\" content=\"S\u00e1bado (08) ensolarado e m\u00e1ximas de 38\u00baC no Litoral Sul -\" \/>\n<meta property=\"og:description\" content=\"Entre a tarde e a noite o calor combinado a umidade podem provocar pancadas bastante isoladas de chuva neste s\u00e1bado\" \/>\n<meta property=\"og:url\" content=\"https:\/\/sulsc.com\/index.php\/2025\/03\/08\/sabado-08-ensolarado-e-maximas-de-38oc-no-litoral-sul\/\" \/>\n<meta property=\"article:author\" content=\"https:\/\/www.facebook.com\/profile.php?id=61559278119680\" \/>\n<meta property=\"article:published_time\" content=\"2025-03-08T12:25:15+00:00\" \/>\n<meta property=\"og:image\" content=\"http:\/\/sulsc.com\/wp-content\/uploads\/2025\/03\/6f6533a9-b0cd-4f26-adf9-e958bab54e20.jpg\" \/>\n\t<meta property=\"og:image:width\" content=\"576\" \/>\n\t<meta property=\"og:image:height\" content=\"1280\" \/>\n\t<meta property=\"og:image:type\" content=\"image\/jpeg\" \/>\n<meta name=\"author\" content=\"Reda\u00e7\u00e3o Sul SC\" \/>\n<meta name=\"twitter:card\" content=\"summary_large_image\" \/>\n<meta name=\"twitter:creator\" content=\"@https:\/\/twitter.com\/PortalSulSC\" \/>\n<meta name=\"twitter:label1\" content=\"Written by\" \/>\n\t<meta name=\"twitter:data1\" content=\"Reda\u00e7\u00e3o Sul SC\" \/>\n\t<meta name=\"twitter:label2\" content=\"Est. reading time\" \/>\n\t<meta name=\"twitter:data2\" content=\"1 minute\" \/>\n<script type=\"application\/ld+json\" class=\"yoast-schema-graph\">{\"@context\":\"https:\/\/schema.org\",\"@graph\":[{\"@type\":\"WebPage\",\"@id\":\"https:\/\/sulsc.com\/index.php\/2025\/03\/08\/sabado-08-ensolarado-e-maximas-de-38oc-no-litoral-sul\/\",\"url\":\"https:\/\/sulsc.com\/index.php\/2025\/03\/08\/sabado-08-ensolarado-e-maximas-de-38oc-no-litoral-sul\/\",\"name\":\"S\u00e1bado (08) ensolarado e m\u00e1ximas de 38\u00baC no Litoral Sul -\",\"isPartOf\":{\"@id\":\"https:\/\/sulsc.com\/#website\"},\"datePublished\":\"2025-03-08T12:25:15+00:00\",\"dateModified\":\"2025-03-08T12:25:15+00:00\",\"author\":{\"@id\":\"https:\/\/sulsc.com\/#\/schema\/person\/84d2fc571684f6248ba83092f07750a3\"},\"description\":\"Entre a tarde e a noite o calor combinado a umidade podem provocar pancadas bastante isoladas de chuva neste s\u00e1bado\",\"breadcrumb\":{\"@id\":\"https:\/\/sulsc.com\/index.php\/2025\/03\/08\/sabado-08-ensolarado-e-maximas-de-38oc-no-litoral-sul\/#breadcrumb\"},\"inLanguage\":\"en-US\",\"potentialAction\":[{\"@type\":\"ReadAction\",\"target\":[\"https:\/\/sulsc.com\/index.php\/2025\/03\/08\/sabado-08-ensolarado-e-maximas-de-38oc-no-litoral-sul\/\"]}]},{\"@type\":\"BreadcrumbList\",\"@id\":\"https:\/\/sulsc.com\/index.php\/2025\/03\/08\/sabado-08-ensolarado-e-maximas-de-38oc-no-litoral-sul\/#breadcrumb\",\"itemListElement\":[{\"@type\":\"ListItem\",\"position\":1,\"name\":\"In\u00edcio\",\"item\":\"https:\/\/sulsc.com\/\"},{\"@type\":\"ListItem\",\"position\":2,\"name\":\"S\u00e1bado (08) ensolarado e m\u00e1ximas de 38\u00baC no Litoral Sul\"}]},{\"@type\":\"WebSite\",\"@id\":\"https:\/\/sulsc.com\/#website\",\"url\":\"https:\/\/sulsc.com\/\",\"name\":\"\",\"description\":\"\",\"potentialAction\":[{\"@type\":\"SearchAction\",\"target\":{\"@type\":\"EntryPoint\",\"urlTemplate\":\"https:\/\/sulsc.com\/?s={search_term_string}\"},\"query-input\":\"required name=search_term_string\"}],\"inLanguage\":\"en-US\"},{\"@type\":\"Person\",\"@id\":\"https:\/\/sulsc.com\/#\/schema\/person\/84d2fc571684f6248ba83092f07750a3\",\"name\":\"Reda\u00e7\u00e3o Sul SC\",\"image\":{\"@type\":\"ImageObject\",\"inLanguage\":\"en-US\",\"@id\":\"https:\/\/sulsc.com\/#\/schema\/person\/image\/e08d7fe2cc4ed596372063bbe852b8d0\",\"url\":\"https:\/\/sulsc.com\/wp-content\/uploads\/2023\/09\/redacao.png\",\"contentUrl\":\"https:\/\/sulsc.com\/wp-content\/uploads\/2023\/09\/redacao.png\",\"caption\":\"Reda\u00e7\u00e3o Sul SC\"},\"description\":\"Foco em um jornalismo imparcial, voltado \u00e0 qualidade dos seus conte\u00fados e, assim, levar informa\u00e7\u00e3o de valor que agregue \u00e0 vida dos leitores. Esta \u00e9 grande miss\u00e3o do Portal de Not\u00edcias Sul SC. N\u00e3o \u00e9 quantidade que muda o mundo, sempre foi e seguir\u00e1 sendo qualidade!\",\"sameAs\":[\"https:\/\/sulsc.com\/\",\"https:\/\/www.facebook.com\/profile.php?id=61559278119680\",\"https:\/\/www.instagram.com\/sulscportal\/?hl=pt-br\",\"https:\/\/twitter.com\/https:\/\/twitter.com\/PortalSulSC\",\"https:\/\/www.youtube.com\/channel\/UCv_BE8GeySluDov2n8qhVmw\"],\"url\":\"https:\/\/sulsc.com\/index.php\/author\/redacao\/\"}]}<\/script>\n<!-- \/ Yoast SEO plugin. -->","yoast_head_json":{"title":"S\u00e1bado (08) ensolarado e m\u00e1ximas de 38\u00baC no Litoral Sul -","description":"Entre a tarde e a noite o calor combinado a umidade podem provocar pancadas bastante isoladas de chuva neste s\u00e1bado","robots":{"index":"index","follow":"follow","max-snippet":"max-snippet:-1","max-image-preview":"max-image-preview:large","max-video-preview":"max-video-preview:-1"},"canonical":"https:\/\/sulsc.com\/index.php\/2025\/03\/08\/sabado-08-ensolarado-e-maximas-de-38oc-no-litoral-sul\/","og_locale":"en_US","og_type":"article","og_title":"S\u00e1bado (08) ensolarado e m\u00e1ximas de 38\u00baC no Litoral Sul -","og_description":"Entre a tarde e a noite o calor combinado a umidade podem provocar pancadas bastante isoladas de chuva neste s\u00e1bado","og_url":"https:\/\/sulsc.com\/index.php\/2025\/03\/08\/sabado-08-ensolarado-e-maximas-de-38oc-no-litoral-sul\/","article_author":"https:\/\/www.facebook.com\/profile.php?id=61559278119680","article_published_time":"2025-03-08T12:25:15+00:00","og_image":[{"width":576,"height":1280,"url":"http:\/\/sulsc.com\/wp-content\/uploads\/2025\/03\/6f6533a9-b0cd-4f26-adf9-e958bab54e20.jpg","type":"image\/jpeg"}],"author":"Reda\u00e7\u00e3o Sul SC","twitter_card":"summary_large_image","twitter_creator":"@https:\/\/twitter.com\/PortalSulSC","twitter_misc":{"Written by":"Reda\u00e7\u00e3o Sul SC","Est. reading time":"1 minute"},"schema":{"@context":"https:\/\/schema.org","@graph":[{"@type":"WebPage","@id":"https:\/\/sulsc.com\/index.php\/2025\/03\/08\/sabado-08-ensolarado-e-maximas-de-38oc-no-litoral-sul\/","url":"https:\/\/sulsc.com\/index.php\/2025\/03\/08\/sabado-08-ensolarado-e-maximas-de-38oc-no-litoral-sul\/","name":"S\u00e1bado (08) ensolarado e m\u00e1ximas de 38\u00baC no Litoral Sul -","isPartOf":{"@id":"https:\/\/sulsc.com\/#website"},"datePublished":"2025-03-08T12:25:15+00:00","dateModified":"2025-03-08T12:25:15+00:00","author":{"@id":"https:\/\/sulsc.com\/#\/schema\/person\/84d2fc571684f6248ba83092f07750a3"},"description":"Entre a tarde e a noite o calor combinado a umidade podem provocar pancadas bastante isoladas de chuva neste s\u00e1bado","breadcrumb":{"@id":"https:\/\/sulsc.com\/index.php\/2025\/03\/08\/sabado-08-ensolarado-e-maximas-de-38oc-no-litoral-sul\/#breadcrumb"},"inLanguage":"en-US","potentialAction":[{"@type":"ReadAction","target":["https:\/\/sulsc.com\/index.php\/2025\/03\/08\/sabado-08-ensolarado-e-maximas-de-38oc-no-litoral-sul\/"]}]},{"@type":"BreadcrumbList","@id":"https:\/\/sulsc.com\/index.php\/2025\/03\/08\/sabado-08-ensolarado-e-maximas-de-38oc-no-litoral-sul\/#breadcrumb","itemListElement":[{"@type":"ListItem","position":1,"name":"In\u00edcio","item":"https:\/\/sulsc.com\/"},{"@type":"ListItem","position":2,"name":"S\u00e1bado (08) ensolarado e m\u00e1ximas de 38\u00baC no Litoral Sul"}]},{"@type":"WebSite","@id":"https:\/\/sulsc.com\/#website","url":"https:\/\/sulsc.com\/","name":"","description":"","potentialAction":[{"@type":"SearchAction","target":{"@type":"EntryPoint","urlTemplate":"https:\/\/sulsc.com\/?s={search_term_string}"},"query-input":"required name=search_term_string"}],"inLanguage":"en-US"},{"@type":"Person","@id":"https:\/\/sulsc.com\/#\/schema\/person\/84d2fc571684f6248ba83092f07750a3","name":"Reda\u00e7\u00e3o Sul SC","image":{"@type":"ImageObject","inLanguage":"en-US","@id":"https:\/\/sulsc.com\/#\/schema\/person\/image\/e08d7fe2cc4ed596372063bbe852b8d0","url":"https:\/\/sulsc.com\/wp-content\/uploads\/2023\/09\/redacao.png","contentUrl":"https:\/\/sulsc.com\/wp-content\/uploads\/2023\/09\/redacao.png","caption":"Reda\u00e7\u00e3o Sul SC"},"description":"Foco em um jornalismo imparcial, voltado \u00e0 qualidade dos seus conte\u00fados e, assim, levar informa\u00e7\u00e3o de valor que agregue \u00e0 vida dos leitores. Esta \u00e9 grande miss\u00e3o do Portal de Not\u00edcias Sul SC. N\u00e3o \u00e9 quantidade que muda o mundo, sempre foi e seguir\u00e1 sendo qualidade!","sameAs":["https:\/\/sulsc.com\/","https:\/\/www.facebook.com\/profile.php?id=61559278119680","https:\/\/www.instagram.com\/sulscportal\/?hl=pt-br","https:\/\/twitter.com\/https:\/\/twitter.com\/PortalSulSC","https:\/\/www.youtube.com\/channel\/UCv_BE8GeySluDov2n8qhVmw"],"url":"https:\/\/sulsc.com\/index.php\/author\/redacao\/"}]}},"authors":[],"_links":{"self":[{"href":"https:\/\/sulsc.com\/index.php\/wp-json\/wp\/v2\/posts\/21011"}],"collection":[{"href":"https:\/\/sulsc.com\/index.php\/wp-json\/wp\/v2\/posts"}],"about":[{"href":"https:\/\/sulsc.com\/index.php\/wp-json\/wp\/v2\/types\/post"}],"author":[{"embeddable":true,"href":"https:\/\/sulsc.com\/index.php\/wp-json\/wp\/v2\/users\/3"}],"replies":[{"embeddable":true,"href":"https:\/\/sulsc.com\/index.php\/wp-json\/wp\/v2\/comments?post=21011"}],"version-history":[{"count":1,"href":"https:\/\/sulsc.com\/index.php\/wp-json\/wp\/v2\/posts\/21011\/revisions"}],"predecessor-version":[{"id":21014,"href":"https:\/\/sulsc.com\/index.php\/wp-json\/wp\/v2\/posts\/21011\/revisions\/21014"}],"wp:featuredmedia":[{"embeddable":true,"href":"https:\/\/sulsc.com\/index.php\/wp-json\/wp\/v2\/media\/21013"}],"wp:attachment":[{"href":"https:\/\/sulsc.com\/index.php\/wp-json\/wp\/v2\/media?parent=21011"}],"wp:term":[{"taxonomy":"category","embeddable":true,"href":"https:\/\/sulsc.com\/index.php\/wp-json\/wp\/v2\/categories?post=21011"},{"taxonomy":"post_tag","embeddable":true,"href":"https:\/\/sulsc.com\/index.php\/wp-json\/wp\/v2\/tags?post=21011"}],"curies":[{"name":"wp","href":"https:\/\/api.w.org\/{rel}","templated":true}]}}