{"id":21036,"date":"2025-03-09T08:12:31","date_gmt":"2025-03-09T11:12:31","guid":{"rendered":"https:\/\/sulsc.com\/?p=21036"},"modified":"2025-03-09T08:12:31","modified_gmt":"2025-03-09T11:12:31","slug":"fim-da-onda-de-calor-mas-atencao-temporais-com-chuva-pontualmente-intensa-neste-domingo-09","status":"publish","type":"post","link":"https:\/\/sulsc.com\/index.php\/2025\/03\/09\/fim-da-onda-de-calor-mas-atencao-temporais-com-chuva-pontualmente-intensa-neste-domingo-09\/","title":{"rendered":"Fim da onda de calor: Mas aten\u00e7\u00e3o temporais com chuva pontualmente intensa neste domingo (09)"},"content":{"rendered":"<p>Neste domingo (09), a passagem de uma frente fria por Santa Catarina, favorece a forma\u00e7\u00e3o de temporais com chuva pontualmente intensa, acompanhada por raios, fortes rajadas de vento e eventual queda de granizo em todas as regi\u00f5es. O risco \u00e9 moderado a alto para ocorr\u00eancias associadas \u00e0 alagamentos, enxurradas, destelhamentos, danos na rede el\u00e9trica e queda de galhos e \u00e1rvores.<\/p>\n<p>O vento ganha for\u00e7a no Litoral Sul a partir do final da manh\u00e3 do domingo (09), avan\u00e7ando em dire\u00e7\u00e3o \u00e0 Grande Florian\u00f3polis e Litoral Norte no decorrer da tarde e noite. A velocidade m\u00e9dia varia de 25 a 35 km\/h, mas s\u00e3o esperadas rajadas entre 50 e 70 km\/h nas \u00e1reas costeiras.<\/p>\n<p>&nbsp;<\/p>\n<p><img fetchpriority=\"high\" decoding=\"async\" class=\"aligncenter size-full wp-image-21039\" src=\"http:\/\/sulsc.com\/wp-content\/uploads\/2025\/03\/Defesa.png\" alt=\"\" width=\"1024\" height=\"546\" srcset=\"https:\/\/sulsc.com\/wp-content\/uploads\/2025\/03\/Defesa.png 1024w, https:\/\/sulsc.com\/wp-content\/uploads\/2025\/03\/Defesa-300x160.png 300w, https:\/\/sulsc.com\/wp-content\/uploads\/2025\/03\/Defesa-768x410.png 768w\" sizes=\"(max-width: 1024px) 100vw, 1024px\" \/><\/p>\n<p style=\"text-align: center;\">Imagens ilustrativas\/Defesa Civil SC<\/p>\n<p>O sistema come\u00e7a a avan\u00e7ar j\u00e1 no per\u00edodo da manh\u00e3 pelas \u00e1reas pr\u00f3ximas \u00e0 divisa com o Rio Grande do Sul e se desloca ao longo da tarde e noite, atingindo as demais regi\u00f5es de Santa Catarina. A frente fria deve preceder o avan\u00e7o de uma massa de ar mais frio, o que deve contribuir para a redu\u00e7\u00e3o das temperaturas, especialmente ao longo da segunda-feira (10), marcando o fim da onda de calor que tem afetado o estado nas \u00faltimas semanas.<\/p>\n<p><strong>A Defesa Civil recomenda:<\/strong><\/p>\n<p>Durante os temporais busque um local abrigado e jamais atravesse ruas alagadas ou pontes e pontilh\u00f5es submersos.<br \/>\nRedobre cuidados pr\u00f3ximo a \u00e1reas de encosta.<br \/>\nFique atento \u00e0 inclina\u00e7\u00e3o de \u00e1rvores e postes, al\u00e9m de rachaduras em muros ou paredes.<\/p>\n<p><img decoding=\"async\" class=\"aligncenter size-full wp-image-21038\" src=\"http:\/\/sulsc.com\/wp-content\/uploads\/2025\/03\/C.png\" alt=\"\" width=\"1645\" height=\"1129\" srcset=\"https:\/\/sulsc.com\/wp-content\/uploads\/2025\/03\/C.png 1645w, https:\/\/sulsc.com\/wp-content\/uploads\/2025\/03\/C-300x206.png 300w, https:\/\/sulsc.com\/wp-content\/uploads\/2025\/03\/C-1024x703.png 1024w, https:\/\/sulsc.com\/wp-content\/uploads\/2025\/03\/C-768x527.png 768w, https:\/\/sulsc.com\/wp-content\/uploads\/2025\/03\/C-1536x1054.png 1536w\" sizes=\"(max-width: 1645px) 100vw, 1645px\" \/><\/p>\n<p><img decoding=\"async\" class=\"aligncenter  wp-image-17436\" src=\"http:\/\/sulsc.com\/wp-content\/uploads\/2024\/11\/Tempo-2.png\" alt=\"\" width=\"565\" height=\"104\" srcset=\"https:\/\/sulsc.com\/wp-content\/uploads\/2024\/11\/Tempo-2.png 1024w, https:\/\/sulsc.com\/wp-content\/uploads\/2024\/11\/Tempo-2-300x55.png 300w, https:\/\/sulsc.com\/wp-content\/uploads\/2024\/11\/Tempo-2-768x142.png 768w\" sizes=\"(max-width: 565px) 100vw, 565px\" \/><\/p>\n<p>&nbsp;<\/p>\n<p>Amanh\u00e3 segunda-feira (10), a frente fria ainda influencia o tempo em SC, mantendo as condi\u00e7\u00f5es para chuva em todo o estado. Nas \u00e1reas litor\u00e2neas, as condi\u00e7\u00f5es ficam restritas \u00e0s chuvas r\u00e1pidas.<\/p>\n","protected":false},"excerpt":{"rendered":"<p>Neste domingo (09), a passagem de uma frente fria por Santa Catarina, favorece a forma\u00e7\u00e3o de temporais com chuva pontualmente intensa, acompanhada por raios, fortes rajadas de vento e eventual queda de granizo em todas as regi\u00f5es. O risco \u00e9 moderado a alto para ocorr\u00eancias associadas \u00e0 alagamentos, enxurradas, destelhamentos, danos na rede el\u00e9trica e &hellip;<\/p>\n<p class=\"read-more\"> <a class=\"\" href=\"https:\/\/sulsc.com\/index.php\/2025\/03\/09\/fim-da-onda-de-calor-mas-atencao-temporais-com-chuva-pontualmente-intensa-neste-domingo-09\/\"> <span class=\"screen-reader-text\">Fim da onda de calor: Mas aten\u00e7\u00e3o temporais com chuva pontualmente intensa neste domingo (09)<\/span> Read More &raquo;<\/a><\/p>\n","protected":false},"author":3,"featured_media":21039,"comment_status":"open","ping_status":"open","sticky":false,"template":"","format":"standard","meta":{"site-sidebar-layout":"default","site-content-layout":"","ast-site-content-layout":"default","site-content-style":"default","site-sidebar-style":"default","ast-global-header-display":"","ast-banner-title-visibility":"","ast-main-header-display":"","ast-hfb-above-header-display":"","ast-hfb-below-header-display":"","ast-hfb-mobile-header-display":"","site-post-title":"","ast-breadcrumbs-content":"","ast-featured-img":"","footer-sml-layout":"","theme-transparent-header-meta":"default","adv-header-id-meta":"","stick-header-meta":"","header-above-stick-meta":"","header-main-stick-meta":"","header-below-stick-meta":"","astra-migrate-meta-layouts":"set","footnotes":""},"categories":[38],"tags":[90],"yoast_head":"<!-- This site is optimized with the Yoast SEO plugin v21.4 - https:\/\/yoast.com\/wordpress\/plugins\/seo\/ -->\n<title>Fim da onda de calor: Mas aten\u00e7\u00e3o temporais com chuva pontualmente intensa neste domingo (09) -<\/title>\n<meta name=\"description\" content=\"O sistema come\u00e7a a avan\u00e7ar j\u00e1 no per\u00edodo da manh\u00e3 pelas \u00e1reas pr\u00f3ximas \u00e0 divisa com o Rio Grande do Sul entre tarde e anoite em todas regi\u00f5es\" \/>\n<meta name=\"robots\" content=\"index, follow, max-snippet:-1, max-image-preview:large, max-video-preview:-1\" \/>\n<link rel=\"canonical\" href=\"https:\/\/sulsc.com\/index.php\/2025\/03\/09\/fim-da-onda-de-calor-mas-atencao-temporais-com-chuva-pontualmente-intensa-neste-domingo-09\/\" \/>\n<meta property=\"og:locale\" content=\"en_US\" \/>\n<meta property=\"og:type\" content=\"article\" \/>\n<meta property=\"og:title\" content=\"Fim da onda de calor: Mas aten\u00e7\u00e3o temporais com chuva pontualmente intensa neste domingo (09) -\" \/>\n<meta property=\"og:description\" content=\"O sistema come\u00e7a a avan\u00e7ar j\u00e1 no per\u00edodo da manh\u00e3 pelas \u00e1reas pr\u00f3ximas \u00e0 divisa com o Rio Grande do Sul entre tarde e anoite em todas regi\u00f5es\" \/>\n<meta property=\"og:url\" content=\"https:\/\/sulsc.com\/index.php\/2025\/03\/09\/fim-da-onda-de-calor-mas-atencao-temporais-com-chuva-pontualmente-intensa-neste-domingo-09\/\" \/>\n<meta property=\"article:author\" content=\"https:\/\/www.facebook.com\/profile.php?id=61559278119680\" \/>\n<meta property=\"article:published_time\" content=\"2025-03-09T11:12:31+00:00\" \/>\n<meta property=\"og:image\" content=\"http:\/\/sulsc.com\/wp-content\/uploads\/2025\/03\/Defesa.png\" \/>\n\t<meta property=\"og:image:width\" content=\"1024\" \/>\n\t<meta property=\"og:image:height\" content=\"546\" \/>\n\t<meta property=\"og:image:type\" content=\"image\/png\" \/>\n<meta name=\"author\" content=\"Reda\u00e7\u00e3o Sul SC\" \/>\n<meta name=\"twitter:card\" content=\"summary_large_image\" \/>\n<meta name=\"twitter:creator\" content=\"@https:\/\/twitter.com\/PortalSulSC\" \/>\n<meta name=\"twitter:label1\" content=\"Written by\" \/>\n\t<meta name=\"twitter:data1\" content=\"Reda\u00e7\u00e3o Sul SC\" \/>\n\t<meta name=\"twitter:label2\" content=\"Est. reading time\" \/>\n\t<meta name=\"twitter:data2\" content=\"2 minutes\" \/>\n<script type=\"application\/ld+json\" class=\"yoast-schema-graph\">{\"@context\":\"https:\/\/schema.org\",\"@graph\":[{\"@type\":\"WebPage\",\"@id\":\"https:\/\/sulsc.com\/index.php\/2025\/03\/09\/fim-da-onda-de-calor-mas-atencao-temporais-com-chuva-pontualmente-intensa-neste-domingo-09\/\",\"url\":\"https:\/\/sulsc.com\/index.php\/2025\/03\/09\/fim-da-onda-de-calor-mas-atencao-temporais-com-chuva-pontualmente-intensa-neste-domingo-09\/\",\"name\":\"Fim da onda de calor: Mas aten\u00e7\u00e3o temporais com chuva pontualmente intensa neste domingo (09) -\",\"isPartOf\":{\"@id\":\"https:\/\/sulsc.com\/#website\"},\"datePublished\":\"2025-03-09T11:12:31+00:00\",\"dateModified\":\"2025-03-09T11:12:31+00:00\",\"author\":{\"@id\":\"https:\/\/sulsc.com\/#\/schema\/person\/84d2fc571684f6248ba83092f07750a3\"},\"description\":\"O sistema come\u00e7a a avan\u00e7ar j\u00e1 no per\u00edodo da manh\u00e3 pelas \u00e1reas pr\u00f3ximas \u00e0 divisa com o Rio Grande do Sul entre tarde e anoite em todas regi\u00f5es\",\"breadcrumb\":{\"@id\":\"https:\/\/sulsc.com\/index.php\/2025\/03\/09\/fim-da-onda-de-calor-mas-atencao-temporais-com-chuva-pontualmente-intensa-neste-domingo-09\/#breadcrumb\"},\"inLanguage\":\"en-US\",\"potentialAction\":[{\"@type\":\"ReadAction\",\"target\":[\"https:\/\/sulsc.com\/index.php\/2025\/03\/09\/fim-da-onda-de-calor-mas-atencao-temporais-com-chuva-pontualmente-intensa-neste-domingo-09\/\"]}]},{\"@type\":\"BreadcrumbList\",\"@id\":\"https:\/\/sulsc.com\/index.php\/2025\/03\/09\/fim-da-onda-de-calor-mas-atencao-temporais-com-chuva-pontualmente-intensa-neste-domingo-09\/#breadcrumb\",\"itemListElement\":[{\"@type\":\"ListItem\",\"position\":1,\"name\":\"In\u00edcio\",\"item\":\"https:\/\/sulsc.com\/\"},{\"@type\":\"ListItem\",\"position\":2,\"name\":\"Fim da onda de calor: Mas aten\u00e7\u00e3o temporais com chuva pontualmente intensa neste domingo (09)\"}]},{\"@type\":\"WebSite\",\"@id\":\"https:\/\/sulsc.com\/#website\",\"url\":\"https:\/\/sulsc.com\/\",\"name\":\"\",\"description\":\"\",\"potentialAction\":[{\"@type\":\"SearchAction\",\"target\":{\"@type\":\"EntryPoint\",\"urlTemplate\":\"https:\/\/sulsc.com\/?s={search_term_string}\"},\"query-input\":\"required name=search_term_string\"}],\"inLanguage\":\"en-US\"},{\"@type\":\"Person\",\"@id\":\"https:\/\/sulsc.com\/#\/schema\/person\/84d2fc571684f6248ba83092f07750a3\",\"name\":\"Reda\u00e7\u00e3o Sul SC\",\"image\":{\"@type\":\"ImageObject\",\"inLanguage\":\"en-US\",\"@id\":\"https:\/\/sulsc.com\/#\/schema\/person\/image\/e08d7fe2cc4ed596372063bbe852b8d0\",\"url\":\"https:\/\/sulsc.com\/wp-content\/uploads\/2023\/09\/redacao.png\",\"contentUrl\":\"https:\/\/sulsc.com\/wp-content\/uploads\/2023\/09\/redacao.png\",\"caption\":\"Reda\u00e7\u00e3o Sul SC\"},\"description\":\"Foco em um jornalismo imparcial, voltado \u00e0 qualidade dos seus conte\u00fados e, assim, levar informa\u00e7\u00e3o de valor que agregue \u00e0 vida dos leitores. Esta \u00e9 grande miss\u00e3o do Portal de Not\u00edcias Sul SC. N\u00e3o \u00e9 quantidade que muda o mundo, sempre foi e seguir\u00e1 sendo qualidade!\",\"sameAs\":[\"https:\/\/sulsc.com\/\",\"https:\/\/www.facebook.com\/profile.php?id=61559278119680\",\"https:\/\/www.instagram.com\/sulscportal\/?hl=pt-br\",\"https:\/\/twitter.com\/https:\/\/twitter.com\/PortalSulSC\",\"https:\/\/www.youtube.com\/channel\/UCv_BE8GeySluDov2n8qhVmw\"],\"url\":\"https:\/\/sulsc.com\/index.php\/author\/redacao\/\"}]}<\/script>\n<!-- \/ Yoast SEO plugin. -->","yoast_head_json":{"title":"Fim da onda de calor: Mas aten\u00e7\u00e3o temporais com chuva pontualmente intensa neste domingo (09) -","description":"O sistema come\u00e7a a avan\u00e7ar j\u00e1 no per\u00edodo da manh\u00e3 pelas \u00e1reas pr\u00f3ximas \u00e0 divisa com o Rio Grande do Sul entre tarde e anoite em todas regi\u00f5es","robots":{"index":"index","follow":"follow","max-snippet":"max-snippet:-1","max-image-preview":"max-image-preview:large","max-video-preview":"max-video-preview:-1"},"canonical":"https:\/\/sulsc.com\/index.php\/2025\/03\/09\/fim-da-onda-de-calor-mas-atencao-temporais-com-chuva-pontualmente-intensa-neste-domingo-09\/","og_locale":"en_US","og_type":"article","og_title":"Fim da onda de calor: Mas aten\u00e7\u00e3o temporais com chuva pontualmente intensa neste domingo (09) -","og_description":"O sistema come\u00e7a a avan\u00e7ar j\u00e1 no per\u00edodo da manh\u00e3 pelas \u00e1reas pr\u00f3ximas \u00e0 divisa com o Rio Grande do Sul entre tarde e anoite em todas regi\u00f5es","og_url":"https:\/\/sulsc.com\/index.php\/2025\/03\/09\/fim-da-onda-de-calor-mas-atencao-temporais-com-chuva-pontualmente-intensa-neste-domingo-09\/","article_author":"https:\/\/www.facebook.com\/profile.php?id=61559278119680","article_published_time":"2025-03-09T11:12:31+00:00","og_image":[{"width":1024,"height":546,"url":"http:\/\/sulsc.com\/wp-content\/uploads\/2025\/03\/Defesa.png","type":"image\/png"}],"author":"Reda\u00e7\u00e3o Sul SC","twitter_card":"summary_large_image","twitter_creator":"@https:\/\/twitter.com\/PortalSulSC","twitter_misc":{"Written by":"Reda\u00e7\u00e3o Sul SC","Est. reading time":"2 minutes"},"schema":{"@context":"https:\/\/schema.org","@graph":[{"@type":"WebPage","@id":"https:\/\/sulsc.com\/index.php\/2025\/03\/09\/fim-da-onda-de-calor-mas-atencao-temporais-com-chuva-pontualmente-intensa-neste-domingo-09\/","url":"https:\/\/sulsc.com\/index.php\/2025\/03\/09\/fim-da-onda-de-calor-mas-atencao-temporais-com-chuva-pontualmente-intensa-neste-domingo-09\/","name":"Fim da onda de calor: Mas aten\u00e7\u00e3o temporais com chuva pontualmente intensa neste domingo (09) -","isPartOf":{"@id":"https:\/\/sulsc.com\/#website"},"datePublished":"2025-03-09T11:12:31+00:00","dateModified":"2025-03-09T11:12:31+00:00","author":{"@id":"https:\/\/sulsc.com\/#\/schema\/person\/84d2fc571684f6248ba83092f07750a3"},"description":"O sistema come\u00e7a a avan\u00e7ar j\u00e1 no per\u00edodo da manh\u00e3 pelas \u00e1reas pr\u00f3ximas \u00e0 divisa com o Rio Grande do Sul entre tarde e anoite em todas regi\u00f5es","breadcrumb":{"@id":"https:\/\/sulsc.com\/index.php\/2025\/03\/09\/fim-da-onda-de-calor-mas-atencao-temporais-com-chuva-pontualmente-intensa-neste-domingo-09\/#breadcrumb"},"inLanguage":"en-US","potentialAction":[{"@type":"ReadAction","target":["https:\/\/sulsc.com\/index.php\/2025\/03\/09\/fim-da-onda-de-calor-mas-atencao-temporais-com-chuva-pontualmente-intensa-neste-domingo-09\/"]}]},{"@type":"BreadcrumbList","@id":"https:\/\/sulsc.com\/index.php\/2025\/03\/09\/fim-da-onda-de-calor-mas-atencao-temporais-com-chuva-pontualmente-intensa-neste-domingo-09\/#breadcrumb","itemListElement":[{"@type":"ListItem","position":1,"name":"In\u00edcio","item":"https:\/\/sulsc.com\/"},{"@type":"ListItem","position":2,"name":"Fim da onda de calor: Mas aten\u00e7\u00e3o temporais com chuva pontualmente intensa neste domingo (09)"}]},{"@type":"WebSite","@id":"https:\/\/sulsc.com\/#website","url":"https:\/\/sulsc.com\/","name":"","description":"","potentialAction":[{"@type":"SearchAction","target":{"@type":"EntryPoint","urlTemplate":"https:\/\/sulsc.com\/?s={search_term_string}"},"query-input":"required name=search_term_string"}],"inLanguage":"en-US"},{"@type":"Person","@id":"https:\/\/sulsc.com\/#\/schema\/person\/84d2fc571684f6248ba83092f07750a3","name":"Reda\u00e7\u00e3o Sul SC","image":{"@type":"ImageObject","inLanguage":"en-US","@id":"https:\/\/sulsc.com\/#\/schema\/person\/image\/e08d7fe2cc4ed596372063bbe852b8d0","url":"https:\/\/sulsc.com\/wp-content\/uploads\/2023\/09\/redacao.png","contentUrl":"https:\/\/sulsc.com\/wp-content\/uploads\/2023\/09\/redacao.png","caption":"Reda\u00e7\u00e3o Sul SC"},"description":"Foco em um jornalismo imparcial, voltado \u00e0 qualidade dos seus conte\u00fados e, assim, levar informa\u00e7\u00e3o de valor que agregue \u00e0 vida dos leitores. Esta \u00e9 grande miss\u00e3o do Portal de Not\u00edcias Sul SC. N\u00e3o \u00e9 quantidade que muda o mundo, sempre foi e seguir\u00e1 sendo qualidade!","sameAs":["https:\/\/sulsc.com\/","https:\/\/www.facebook.com\/profile.php?id=61559278119680","https:\/\/www.instagram.com\/sulscportal\/?hl=pt-br","https:\/\/twitter.com\/https:\/\/twitter.com\/PortalSulSC","https:\/\/www.youtube.com\/channel\/UCv_BE8GeySluDov2n8qhVmw"],"url":"https:\/\/sulsc.com\/index.php\/author\/redacao\/"}]}},"authors":[],"_links":{"self":[{"href":"https:\/\/sulsc.com\/index.php\/wp-json\/wp\/v2\/posts\/21036"}],"collection":[{"href":"https:\/\/sulsc.com\/index.php\/wp-json\/wp\/v2\/posts"}],"about":[{"href":"https:\/\/sulsc.com\/index.php\/wp-json\/wp\/v2\/types\/post"}],"author":[{"embeddable":true,"href":"https:\/\/sulsc.com\/index.php\/wp-json\/wp\/v2\/users\/3"}],"replies":[{"embeddable":true,"href":"https:\/\/sulsc.com\/index.php\/wp-json\/wp\/v2\/comments?post=21036"}],"version-history":[{"count":1,"href":"https:\/\/sulsc.com\/index.php\/wp-json\/wp\/v2\/posts\/21036\/revisions"}],"predecessor-version":[{"id":21040,"href":"https:\/\/sulsc.com\/index.php\/wp-json\/wp\/v2\/posts\/21036\/revisions\/21040"}],"wp:featuredmedia":[{"embeddable":true,"href":"https:\/\/sulsc.com\/index.php\/wp-json\/wp\/v2\/media\/21039"}],"wp:attachment":[{"href":"https:\/\/sulsc.com\/index.php\/wp-json\/wp\/v2\/media?parent=21036"}],"wp:term":[{"taxonomy":"category","embeddable":true,"href":"https:\/\/sulsc.com\/index.php\/wp-json\/wp\/v2\/categories?post=21036"},{"taxonomy":"post_tag","embeddable":true,"href":"https:\/\/sulsc.com\/index.php\/wp-json\/wp\/v2\/tags?post=21036"}],"curies":[{"name":"wp","href":"https:\/\/api.w.org\/{rel}","templated":true}]}}