{"id":21061,"date":"2025-03-10T07:40:23","date_gmt":"2025-03-10T10:40:23","guid":{"rendered":"https:\/\/sulsc.com\/?p=21061"},"modified":"2025-03-10T07:40:23","modified_gmt":"2025-03-10T10:40:23","slug":"segunda-feira-10-com-condicoes-de-chuva-em-todo-estado-e-temperaturas-amenas","status":"publish","type":"post","link":"https:\/\/sulsc.com\/index.php\/2025\/03\/10\/segunda-feira-10-com-condicoes-de-chuva-em-todo-estado-e-temperaturas-amenas\/","title":{"rendered":"Segunda-feira (10) com condi\u00e7\u00f5es de chuva em todo estado e temperaturas amenas"},"content":{"rendered":"<p>A frente fria ainda influencia o tempo em SC nesta segunda-feira (10), mantendo as condi\u00e7\u00f5es para chuva em todo o estado. Nas \u00e1reas litor\u00e2neas, as condi\u00e7\u00f5es ficam restritas \u00e0s chuvas r\u00e1pidas, associadas a circula\u00e7\u00e3o mar\u00edtima, que podem ocorrer a qualquer hora do dia.<\/p>\n<p>Por outro lado, nas \u00e1reas do Oeste ao Planalto Norte, principalmente nas \u00e1reas de divisa com o Paran\u00e1, s\u00e3o esperados temporais isolados entre a tarde e a noite. O risco \u00e9 baixo para ocorr\u00eancias como alagamentos nessas regi\u00f5es.<\/p>\n<p><img fetchpriority=\"high\" decoding=\"async\" class=\"aligncenter size-full wp-image-21062\" src=\"http:\/\/sulsc.com\/wp-content\/uploads\/2025\/03\/2-1.png\" alt=\"\" width=\"1644\" height=\"1120\" srcset=\"https:\/\/sulsc.com\/wp-content\/uploads\/2025\/03\/2-1.png 1644w, https:\/\/sulsc.com\/wp-content\/uploads\/2025\/03\/2-1-300x204.png 300w, https:\/\/sulsc.com\/wp-content\/uploads\/2025\/03\/2-1-1024x698.png 1024w, https:\/\/sulsc.com\/wp-content\/uploads\/2025\/03\/2-1-768x523.png 768w, https:\/\/sulsc.com\/wp-content\/uploads\/2025\/03\/2-1-1536x1046.png 1536w\" sizes=\"(max-width: 1644px) 100vw, 1644px\" \/><\/p>\n<p><img decoding=\"async\" class=\"aligncenter  wp-image-17436\" src=\"http:\/\/sulsc.com\/wp-content\/uploads\/2024\/11\/Tempo-2.png\" alt=\"\" width=\"593\" height=\"109\" srcset=\"https:\/\/sulsc.com\/wp-content\/uploads\/2024\/11\/Tempo-2.png 1024w, https:\/\/sulsc.com\/wp-content\/uploads\/2024\/11\/Tempo-2-300x55.png 300w, https:\/\/sulsc.com\/wp-content\/uploads\/2024\/11\/Tempo-2-768x142.png 768w\" sizes=\"(max-width: 593px) 100vw, 593px\" \/><\/p>\n<p>Ap\u00f3s dias de calor intenso, as temperaturas permanecem amenas no estado, com m\u00e1ximas que n\u00e3o passam dos 25\u00b0C na metade leste e variam de 25 a 28\u00b0C no Grande Oeste.<\/p>\n<p>Fonte Defesa Civil SC<\/p>\n<p>Foto Sulsc.com<\/p>\n","protected":false},"excerpt":{"rendered":"<p>A frente fria ainda influencia o tempo em SC nesta segunda-feira (10), mantendo as condi\u00e7\u00f5es para chuva em todo o estado. Nas \u00e1reas litor\u00e2neas, as condi\u00e7\u00f5es ficam restritas \u00e0s chuvas r\u00e1pidas, associadas a circula\u00e7\u00e3o mar\u00edtima, que podem ocorrer a qualquer hora do dia. Por outro lado, nas \u00e1reas do Oeste ao Planalto Norte, principalmente nas &hellip;<\/p>\n<p class=\"read-more\"> <a class=\"\" href=\"https:\/\/sulsc.com\/index.php\/2025\/03\/10\/segunda-feira-10-com-condicoes-de-chuva-em-todo-estado-e-temperaturas-amenas\/\"> <span class=\"screen-reader-text\">Segunda-feira (10) com condi\u00e7\u00f5es de chuva em todo estado e temperaturas amenas<\/span> Read More &raquo;<\/a><\/p>\n","protected":false},"author":3,"featured_media":18189,"comment_status":"open","ping_status":"open","sticky":false,"template":"","format":"standard","meta":{"site-sidebar-layout":"default","site-content-layout":"","ast-site-content-layout":"default","site-content-style":"default","site-sidebar-style":"default","ast-global-header-display":"","ast-banner-title-visibility":"","ast-main-header-display":"","ast-hfb-above-header-display":"","ast-hfb-below-header-display":"","ast-hfb-mobile-header-display":"","site-post-title":"","ast-breadcrumbs-content":"","ast-featured-img":"","footer-sml-layout":"","theme-transparent-header-meta":"default","adv-header-id-meta":"","stick-header-meta":"","header-above-stick-meta":"","header-main-stick-meta":"","header-below-stick-meta":"","astra-migrate-meta-layouts":"set","footnotes":""},"categories":[38],"tags":[90],"yoast_head":"<!-- This site is optimized with the Yoast SEO plugin v21.4 - https:\/\/yoast.com\/wordpress\/plugins\/seo\/ -->\n<title>Segunda-feira (10) com condi\u00e7\u00f5es de chuva em todo estado e temperaturas amenas -<\/title>\n<meta name=\"description\" content=\"Ap\u00f3s dias de calor intenso, as temperaturas permanecem amenas no estado, com m\u00e1ximas que variam de 25 a 28\u00b0C\" \/>\n<meta name=\"robots\" content=\"index, follow, max-snippet:-1, max-image-preview:large, max-video-preview:-1\" \/>\n<link rel=\"canonical\" href=\"https:\/\/sulsc.com\/index.php\/2025\/03\/10\/segunda-feira-10-com-condicoes-de-chuva-em-todo-estado-e-temperaturas-amenas\/\" \/>\n<meta property=\"og:locale\" content=\"en_US\" \/>\n<meta property=\"og:type\" content=\"article\" \/>\n<meta property=\"og:title\" content=\"Segunda-feira (10) com condi\u00e7\u00f5es de chuva em todo estado e temperaturas amenas -\" \/>\n<meta property=\"og:description\" content=\"Ap\u00f3s dias de calor intenso, as temperaturas permanecem amenas no estado, com m\u00e1ximas que variam de 25 a 28\u00b0C\" \/>\n<meta property=\"og:url\" content=\"https:\/\/sulsc.com\/index.php\/2025\/03\/10\/segunda-feira-10-com-condicoes-de-chuva-em-todo-estado-e-temperaturas-amenas\/\" \/>\n<meta property=\"article:author\" content=\"https:\/\/www.facebook.com\/profile.php?id=61559278119680\" \/>\n<meta property=\"article:published_time\" content=\"2025-03-10T10:40:23+00:00\" \/>\n<meta property=\"og:image\" content=\"http:\/\/sulsc.com\/wp-content\/uploads\/2024\/12\/Tempo-4.jpg\" \/>\n\t<meta property=\"og:image:width\" content=\"1600\" \/>\n\t<meta property=\"og:image:height\" content=\"720\" \/>\n\t<meta property=\"og:image:type\" content=\"image\/jpeg\" \/>\n<meta name=\"author\" content=\"Reda\u00e7\u00e3o Sul SC\" \/>\n<meta name=\"twitter:card\" content=\"summary_large_image\" \/>\n<meta name=\"twitter:creator\" content=\"@https:\/\/twitter.com\/PortalSulSC\" \/>\n<meta name=\"twitter:label1\" content=\"Written by\" \/>\n\t<meta name=\"twitter:data1\" content=\"Reda\u00e7\u00e3o Sul SC\" \/>\n\t<meta name=\"twitter:label2\" content=\"Est. reading time\" \/>\n\t<meta name=\"twitter:data2\" content=\"1 minute\" \/>\n<script type=\"application\/ld+json\" class=\"yoast-schema-graph\">{\"@context\":\"https:\/\/schema.org\",\"@graph\":[{\"@type\":\"WebPage\",\"@id\":\"https:\/\/sulsc.com\/index.php\/2025\/03\/10\/segunda-feira-10-com-condicoes-de-chuva-em-todo-estado-e-temperaturas-amenas\/\",\"url\":\"https:\/\/sulsc.com\/index.php\/2025\/03\/10\/segunda-feira-10-com-condicoes-de-chuva-em-todo-estado-e-temperaturas-amenas\/\",\"name\":\"Segunda-feira (10) com condi\u00e7\u00f5es de chuva em todo estado e temperaturas amenas -\",\"isPartOf\":{\"@id\":\"https:\/\/sulsc.com\/#website\"},\"datePublished\":\"2025-03-10T10:40:23+00:00\",\"dateModified\":\"2025-03-10T10:40:23+00:00\",\"author\":{\"@id\":\"https:\/\/sulsc.com\/#\/schema\/person\/84d2fc571684f6248ba83092f07750a3\"},\"description\":\"Ap\u00f3s dias de calor intenso, as temperaturas permanecem amenas no estado, com m\u00e1ximas que variam de 25 a 28\u00b0C\",\"breadcrumb\":{\"@id\":\"https:\/\/sulsc.com\/index.php\/2025\/03\/10\/segunda-feira-10-com-condicoes-de-chuva-em-todo-estado-e-temperaturas-amenas\/#breadcrumb\"},\"inLanguage\":\"en-US\",\"potentialAction\":[{\"@type\":\"ReadAction\",\"target\":[\"https:\/\/sulsc.com\/index.php\/2025\/03\/10\/segunda-feira-10-com-condicoes-de-chuva-em-todo-estado-e-temperaturas-amenas\/\"]}]},{\"@type\":\"BreadcrumbList\",\"@id\":\"https:\/\/sulsc.com\/index.php\/2025\/03\/10\/segunda-feira-10-com-condicoes-de-chuva-em-todo-estado-e-temperaturas-amenas\/#breadcrumb\",\"itemListElement\":[{\"@type\":\"ListItem\",\"position\":1,\"name\":\"In\u00edcio\",\"item\":\"https:\/\/sulsc.com\/\"},{\"@type\":\"ListItem\",\"position\":2,\"name\":\"Segunda-feira (10) com condi\u00e7\u00f5es de chuva em todo estado e temperaturas amenas\"}]},{\"@type\":\"WebSite\",\"@id\":\"https:\/\/sulsc.com\/#website\",\"url\":\"https:\/\/sulsc.com\/\",\"name\":\"\",\"description\":\"\",\"potentialAction\":[{\"@type\":\"SearchAction\",\"target\":{\"@type\":\"EntryPoint\",\"urlTemplate\":\"https:\/\/sulsc.com\/?s={search_term_string}\"},\"query-input\":\"required name=search_term_string\"}],\"inLanguage\":\"en-US\"},{\"@type\":\"Person\",\"@id\":\"https:\/\/sulsc.com\/#\/schema\/person\/84d2fc571684f6248ba83092f07750a3\",\"name\":\"Reda\u00e7\u00e3o Sul SC\",\"image\":{\"@type\":\"ImageObject\",\"inLanguage\":\"en-US\",\"@id\":\"https:\/\/sulsc.com\/#\/schema\/person\/image\/e08d7fe2cc4ed596372063bbe852b8d0\",\"url\":\"https:\/\/sulsc.com\/wp-content\/uploads\/2023\/09\/redacao.png\",\"contentUrl\":\"https:\/\/sulsc.com\/wp-content\/uploads\/2023\/09\/redacao.png\",\"caption\":\"Reda\u00e7\u00e3o Sul SC\"},\"description\":\"Foco em um jornalismo imparcial, voltado \u00e0 qualidade dos seus conte\u00fados e, assim, levar informa\u00e7\u00e3o de valor que agregue \u00e0 vida dos leitores. Esta \u00e9 grande miss\u00e3o do Portal de Not\u00edcias Sul SC. N\u00e3o \u00e9 quantidade que muda o mundo, sempre foi e seguir\u00e1 sendo qualidade!\",\"sameAs\":[\"https:\/\/sulsc.com\/\",\"https:\/\/www.facebook.com\/profile.php?id=61559278119680\",\"https:\/\/www.instagram.com\/sulscportal\/?hl=pt-br\",\"https:\/\/twitter.com\/https:\/\/twitter.com\/PortalSulSC\",\"https:\/\/www.youtube.com\/channel\/UCv_BE8GeySluDov2n8qhVmw\"],\"url\":\"https:\/\/sulsc.com\/index.php\/author\/redacao\/\"}]}<\/script>\n<!-- \/ Yoast SEO plugin. -->","yoast_head_json":{"title":"Segunda-feira (10) com condi\u00e7\u00f5es de chuva em todo estado e temperaturas amenas -","description":"Ap\u00f3s dias de calor intenso, as temperaturas permanecem amenas no estado, com m\u00e1ximas que variam de 25 a 28\u00b0C","robots":{"index":"index","follow":"follow","max-snippet":"max-snippet:-1","max-image-preview":"max-image-preview:large","max-video-preview":"max-video-preview:-1"},"canonical":"https:\/\/sulsc.com\/index.php\/2025\/03\/10\/segunda-feira-10-com-condicoes-de-chuva-em-todo-estado-e-temperaturas-amenas\/","og_locale":"en_US","og_type":"article","og_title":"Segunda-feira (10) com condi\u00e7\u00f5es de chuva em todo estado e temperaturas amenas -","og_description":"Ap\u00f3s dias de calor intenso, as temperaturas permanecem amenas no estado, com m\u00e1ximas que variam de 25 a 28\u00b0C","og_url":"https:\/\/sulsc.com\/index.php\/2025\/03\/10\/segunda-feira-10-com-condicoes-de-chuva-em-todo-estado-e-temperaturas-amenas\/","article_author":"https:\/\/www.facebook.com\/profile.php?id=61559278119680","article_published_time":"2025-03-10T10:40:23+00:00","og_image":[{"width":1600,"height":720,"url":"http:\/\/sulsc.com\/wp-content\/uploads\/2024\/12\/Tempo-4.jpg","type":"image\/jpeg"}],"author":"Reda\u00e7\u00e3o Sul SC","twitter_card":"summary_large_image","twitter_creator":"@https:\/\/twitter.com\/PortalSulSC","twitter_misc":{"Written by":"Reda\u00e7\u00e3o Sul SC","Est. reading time":"1 minute"},"schema":{"@context":"https:\/\/schema.org","@graph":[{"@type":"WebPage","@id":"https:\/\/sulsc.com\/index.php\/2025\/03\/10\/segunda-feira-10-com-condicoes-de-chuva-em-todo-estado-e-temperaturas-amenas\/","url":"https:\/\/sulsc.com\/index.php\/2025\/03\/10\/segunda-feira-10-com-condicoes-de-chuva-em-todo-estado-e-temperaturas-amenas\/","name":"Segunda-feira (10) com condi\u00e7\u00f5es de chuva em todo estado e temperaturas amenas -","isPartOf":{"@id":"https:\/\/sulsc.com\/#website"},"datePublished":"2025-03-10T10:40:23+00:00","dateModified":"2025-03-10T10:40:23+00:00","author":{"@id":"https:\/\/sulsc.com\/#\/schema\/person\/84d2fc571684f6248ba83092f07750a3"},"description":"Ap\u00f3s dias de calor intenso, as temperaturas permanecem amenas no estado, com m\u00e1ximas que variam de 25 a 28\u00b0C","breadcrumb":{"@id":"https:\/\/sulsc.com\/index.php\/2025\/03\/10\/segunda-feira-10-com-condicoes-de-chuva-em-todo-estado-e-temperaturas-amenas\/#breadcrumb"},"inLanguage":"en-US","potentialAction":[{"@type":"ReadAction","target":["https:\/\/sulsc.com\/index.php\/2025\/03\/10\/segunda-feira-10-com-condicoes-de-chuva-em-todo-estado-e-temperaturas-amenas\/"]}]},{"@type":"BreadcrumbList","@id":"https:\/\/sulsc.com\/index.php\/2025\/03\/10\/segunda-feira-10-com-condicoes-de-chuva-em-todo-estado-e-temperaturas-amenas\/#breadcrumb","itemListElement":[{"@type":"ListItem","position":1,"name":"In\u00edcio","item":"https:\/\/sulsc.com\/"},{"@type":"ListItem","position":2,"name":"Segunda-feira (10) com condi\u00e7\u00f5es de chuva em todo estado e temperaturas amenas"}]},{"@type":"WebSite","@id":"https:\/\/sulsc.com\/#website","url":"https:\/\/sulsc.com\/","name":"","description":"","potentialAction":[{"@type":"SearchAction","target":{"@type":"EntryPoint","urlTemplate":"https:\/\/sulsc.com\/?s={search_term_string}"},"query-input":"required name=search_term_string"}],"inLanguage":"en-US"},{"@type":"Person","@id":"https:\/\/sulsc.com\/#\/schema\/person\/84d2fc571684f6248ba83092f07750a3","name":"Reda\u00e7\u00e3o Sul SC","image":{"@type":"ImageObject","inLanguage":"en-US","@id":"https:\/\/sulsc.com\/#\/schema\/person\/image\/e08d7fe2cc4ed596372063bbe852b8d0","url":"https:\/\/sulsc.com\/wp-content\/uploads\/2023\/09\/redacao.png","contentUrl":"https:\/\/sulsc.com\/wp-content\/uploads\/2023\/09\/redacao.png","caption":"Reda\u00e7\u00e3o Sul SC"},"description":"Foco em um jornalismo imparcial, voltado \u00e0 qualidade dos seus conte\u00fados e, assim, levar informa\u00e7\u00e3o de valor que agregue \u00e0 vida dos leitores. Esta \u00e9 grande miss\u00e3o do Portal de Not\u00edcias Sul SC. N\u00e3o \u00e9 quantidade que muda o mundo, sempre foi e seguir\u00e1 sendo qualidade!","sameAs":["https:\/\/sulsc.com\/","https:\/\/www.facebook.com\/profile.php?id=61559278119680","https:\/\/www.instagram.com\/sulscportal\/?hl=pt-br","https:\/\/twitter.com\/https:\/\/twitter.com\/PortalSulSC","https:\/\/www.youtube.com\/channel\/UCv_BE8GeySluDov2n8qhVmw"],"url":"https:\/\/sulsc.com\/index.php\/author\/redacao\/"}]}},"authors":[],"_links":{"self":[{"href":"https:\/\/sulsc.com\/index.php\/wp-json\/wp\/v2\/posts\/21061"}],"collection":[{"href":"https:\/\/sulsc.com\/index.php\/wp-json\/wp\/v2\/posts"}],"about":[{"href":"https:\/\/sulsc.com\/index.php\/wp-json\/wp\/v2\/types\/post"}],"author":[{"embeddable":true,"href":"https:\/\/sulsc.com\/index.php\/wp-json\/wp\/v2\/users\/3"}],"replies":[{"embeddable":true,"href":"https:\/\/sulsc.com\/index.php\/wp-json\/wp\/v2\/comments?post=21061"}],"version-history":[{"count":1,"href":"https:\/\/sulsc.com\/index.php\/wp-json\/wp\/v2\/posts\/21061\/revisions"}],"predecessor-version":[{"id":21064,"href":"https:\/\/sulsc.com\/index.php\/wp-json\/wp\/v2\/posts\/21061\/revisions\/21064"}],"wp:featuredmedia":[{"embeddable":true,"href":"https:\/\/sulsc.com\/index.php\/wp-json\/wp\/v2\/media\/18189"}],"wp:attachment":[{"href":"https:\/\/sulsc.com\/index.php\/wp-json\/wp\/v2\/media?parent=21061"}],"wp:term":[{"taxonomy":"category","embeddable":true,"href":"https:\/\/sulsc.com\/index.php\/wp-json\/wp\/v2\/categories?post=21061"},{"taxonomy":"post_tag","embeddable":true,"href":"https:\/\/sulsc.com\/index.php\/wp-json\/wp\/v2\/tags?post=21061"}],"curies":[{"name":"wp","href":"https:\/\/api.w.org\/{rel}","templated":true}]}}