{"id":21141,"date":"2025-03-11T13:09:51","date_gmt":"2025-03-11T16:09:51","guid":{"rendered":"https:\/\/sulsc.com\/?p=21141"},"modified":"2025-03-11T13:15:48","modified_gmt":"2025-03-11T16:15:48","slug":"defesa-civil-sc-alerta-temporais-isolados-e-chuva-intensa-e-volumosa-entre-terca-11-e-quinta-feira-13","status":"publish","type":"post","link":"https:\/\/sulsc.com\/index.php\/2025\/03\/11\/defesa-civil-sc-alerta-temporais-isolados-e-chuva-intensa-e-volumosa-entre-terca-11-e-quinta-feira-13\/","title":{"rendered":"Defesa Civil SC alerta &#8211; Temporais isolados e chuva intensa e volumosa entre ter\u00e7a (11) e quinta-feira (13)"},"content":{"rendered":"<p>Aten\u00e7\u00e3o, a Defesa Civil SC alerta que ao longo desta ter\u00e7a-feira (11), instabilidades provocam temporais isolados entre o Litoral Sul, Grande Oeste, Planaltos, Vale do Itaja\u00ed e Norte catarinense. Assim, <strong>o risco \u00e9 moderado para alagamentos, enxurradas pontuais e destelhamentos<\/strong>.<\/p>\n<p>A chuva ganha for\u00e7a e passa a ocorrer de maneira persistente, em alguns momentos, no decorrer da noite desta ter\u00e7a (11) e ao longo da quarta-feira (12), conforme as instabilidades avan\u00e7am em dire\u00e7\u00e3o ao litoral. <strong>Com isso, entre a Grande Florian\u00f3polis, Litoral Sul, Litoral Norte e parte do Vale do Itaja\u00ed, o risco \u00e9 alto para alagamentos, enxurradas e deslizamentos<\/strong>. <strong>Os volumes de chuva previstos variam, no geral, entre 100 mm e 150 mm, com pontuais na casa dos 200 mm<\/strong>.<\/p>\n<p><img fetchpriority=\"high\" decoding=\"async\" class=\"aligncenter size-full wp-image-21142\" src=\"http:\/\/sulsc.com\/wp-content\/uploads\/2025\/03\/A5.png\" alt=\"\" width=\"1024\" height=\"452\" srcset=\"https:\/\/sulsc.com\/wp-content\/uploads\/2025\/03\/A5.png 1024w, https:\/\/sulsc.com\/wp-content\/uploads\/2025\/03\/A5-300x132.png 300w, https:\/\/sulsc.com\/wp-content\/uploads\/2025\/03\/A5-768x339.png 768w\" sizes=\"(max-width: 1024px) 100vw, 1024px\" \/><\/p>\n<p style=\"text-align: center;\">Imagens ilustrativas &#8211; Defesa Civil SC<\/p>\n<p>A chuva prevista para os pr\u00f3ximos dias est\u00e3o associadas a um sistema de baixa press\u00e3o combinado com a atua\u00e7\u00e3o da circula\u00e7\u00e3o mar\u00edtima no litoral catarinense. Neste per\u00edodo, o tempo se mant\u00e9m nublado e chuvoso, principalmente nas \u00e1reas litor\u00e2neas e parte do Vale do Itaja\u00ed.<\/p>\n<p><strong>A Defesa Civil recomenda:<\/strong><\/p>\n<p>Durante os temporais busque um local abrigado e jamais atravesse ruas alagadas ou pontes e pontilh\u00f5es submersos.<br \/>\nRedobre cuidados pr\u00f3ximo a \u00e1reas de encosta.<br \/>\nFique atento \u00e0 inclina\u00e7\u00e3o de \u00e1rvores e postes, al\u00e9m de rachaduras em muros ou paredes.<\/p>\n<p>&nbsp;<\/p>\n<p>&nbsp;<\/p>\n","protected":false},"excerpt":{"rendered":"<p>Aten\u00e7\u00e3o, a Defesa Civil SC alerta que ao longo desta ter\u00e7a-feira (11), instabilidades provocam temporais isolados entre o Litoral Sul, Grande Oeste, Planaltos, Vale do Itaja\u00ed e Norte catarinense. Assim, o risco \u00e9 moderado para alagamentos, enxurradas pontuais e destelhamentos. A chuva ganha for\u00e7a e passa a ocorrer de maneira persistente, em alguns momentos, no &hellip;<\/p>\n<p class=\"read-more\"> <a class=\"\" href=\"https:\/\/sulsc.com\/index.php\/2025\/03\/11\/defesa-civil-sc-alerta-temporais-isolados-e-chuva-intensa-e-volumosa-entre-terca-11-e-quinta-feira-13\/\"> <span class=\"screen-reader-text\">Defesa Civil SC alerta &#8211; Temporais isolados e chuva intensa e volumosa entre ter\u00e7a (11) e quinta-feira (13)<\/span> Read More &raquo;<\/a><\/p>\n","protected":false},"author":3,"featured_media":16430,"comment_status":"open","ping_status":"open","sticky":false,"template":"","format":"standard","meta":{"site-sidebar-layout":"default","site-content-layout":"","ast-site-content-layout":"default","site-content-style":"default","site-sidebar-style":"default","ast-global-header-display":"","ast-banner-title-visibility":"","ast-main-header-display":"","ast-hfb-above-header-display":"","ast-hfb-below-header-display":"","ast-hfb-mobile-header-display":"","site-post-title":"","ast-breadcrumbs-content":"","ast-featured-img":"","footer-sml-layout":"","theme-transparent-header-meta":"default","adv-header-id-meta":"","stick-header-meta":"","header-above-stick-meta":"","header-main-stick-meta":"","header-below-stick-meta":"","astra-migrate-meta-layouts":"set","footnotes":""},"categories":[38],"tags":[90],"yoast_head":"<!-- This site is optimized with the Yoast SEO plugin v21.4 - https:\/\/yoast.com\/wordpress\/plugins\/seo\/ -->\n<title>Defesa Civil SC alerta - Temporais isolados e chuva intensa e volumosa entre ter\u00e7a (11) e quinta-feira (13) -<\/title>\n<meta name=\"description\" content=\"A chuva ganha for\u00e7a e passa a ocorrer de maneira persistente, em alguns momentos na noite desta ter\u00e7a 11 e durante a quarta-feira 12\" \/>\n<meta name=\"robots\" content=\"index, follow, max-snippet:-1, max-image-preview:large, max-video-preview:-1\" \/>\n<link rel=\"canonical\" href=\"https:\/\/sulsc.com\/index.php\/2025\/03\/11\/defesa-civil-sc-alerta-temporais-isolados-e-chuva-intensa-e-volumosa-entre-terca-11-e-quinta-feira-13\/\" \/>\n<meta property=\"og:locale\" content=\"en_US\" \/>\n<meta property=\"og:type\" content=\"article\" \/>\n<meta property=\"og:title\" content=\"Defesa Civil SC alerta - Temporais isolados e chuva intensa e volumosa entre ter\u00e7a (11) e quinta-feira (13) -\" \/>\n<meta property=\"og:description\" content=\"A chuva ganha for\u00e7a e passa a ocorrer de maneira persistente, em alguns momentos na noite desta ter\u00e7a 11 e durante a quarta-feira 12\" \/>\n<meta property=\"og:url\" content=\"https:\/\/sulsc.com\/index.php\/2025\/03\/11\/defesa-civil-sc-alerta-temporais-isolados-e-chuva-intensa-e-volumosa-entre-terca-11-e-quinta-feira-13\/\" \/>\n<meta property=\"article:author\" content=\"https:\/\/www.facebook.com\/profile.php?id=61559278119680\" \/>\n<meta property=\"article:published_time\" content=\"2025-03-11T16:09:51+00:00\" \/>\n<meta property=\"article:modified_time\" content=\"2025-03-11T16:15:48+00:00\" \/>\n<meta property=\"og:image\" content=\"http:\/\/sulsc.com\/wp-content\/uploads\/2024\/10\/temporal.jpg\" \/>\n\t<meta property=\"og:image:width\" content=\"1920\" \/>\n\t<meta property=\"og:image:height\" content=\"866\" \/>\n\t<meta property=\"og:image:type\" content=\"image\/jpeg\" \/>\n<meta name=\"author\" content=\"Reda\u00e7\u00e3o Sul SC\" \/>\n<meta name=\"twitter:card\" content=\"summary_large_image\" \/>\n<meta name=\"twitter:creator\" content=\"@https:\/\/twitter.com\/PortalSulSC\" \/>\n<meta name=\"twitter:label1\" content=\"Written by\" \/>\n\t<meta name=\"twitter:data1\" content=\"Reda\u00e7\u00e3o Sul SC\" \/>\n\t<meta name=\"twitter:label2\" content=\"Est. reading time\" \/>\n\t<meta name=\"twitter:data2\" content=\"2 minutes\" \/>\n<script type=\"application\/ld+json\" class=\"yoast-schema-graph\">{\"@context\":\"https:\/\/schema.org\",\"@graph\":[{\"@type\":\"WebPage\",\"@id\":\"https:\/\/sulsc.com\/index.php\/2025\/03\/11\/defesa-civil-sc-alerta-temporais-isolados-e-chuva-intensa-e-volumosa-entre-terca-11-e-quinta-feira-13\/\",\"url\":\"https:\/\/sulsc.com\/index.php\/2025\/03\/11\/defesa-civil-sc-alerta-temporais-isolados-e-chuva-intensa-e-volumosa-entre-terca-11-e-quinta-feira-13\/\",\"name\":\"Defesa Civil SC alerta - Temporais isolados e chuva intensa e volumosa entre ter\u00e7a (11) e quinta-feira (13) -\",\"isPartOf\":{\"@id\":\"https:\/\/sulsc.com\/#website\"},\"datePublished\":\"2025-03-11T16:09:51+00:00\",\"dateModified\":\"2025-03-11T16:15:48+00:00\",\"author\":{\"@id\":\"https:\/\/sulsc.com\/#\/schema\/person\/84d2fc571684f6248ba83092f07750a3\"},\"description\":\"A chuva ganha for\u00e7a e passa a ocorrer de maneira persistente, em alguns momentos na noite desta ter\u00e7a 11 e durante a quarta-feira 12\",\"breadcrumb\":{\"@id\":\"https:\/\/sulsc.com\/index.php\/2025\/03\/11\/defesa-civil-sc-alerta-temporais-isolados-e-chuva-intensa-e-volumosa-entre-terca-11-e-quinta-feira-13\/#breadcrumb\"},\"inLanguage\":\"en-US\",\"potentialAction\":[{\"@type\":\"ReadAction\",\"target\":[\"https:\/\/sulsc.com\/index.php\/2025\/03\/11\/defesa-civil-sc-alerta-temporais-isolados-e-chuva-intensa-e-volumosa-entre-terca-11-e-quinta-feira-13\/\"]}]},{\"@type\":\"BreadcrumbList\",\"@id\":\"https:\/\/sulsc.com\/index.php\/2025\/03\/11\/defesa-civil-sc-alerta-temporais-isolados-e-chuva-intensa-e-volumosa-entre-terca-11-e-quinta-feira-13\/#breadcrumb\",\"itemListElement\":[{\"@type\":\"ListItem\",\"position\":1,\"name\":\"In\u00edcio\",\"item\":\"https:\/\/sulsc.com\/\"},{\"@type\":\"ListItem\",\"position\":2,\"name\":\"Defesa Civil SC alerta &#8211; Temporais isolados e chuva intensa e volumosa entre ter\u00e7a (11) e quinta-feira (13)\"}]},{\"@type\":\"WebSite\",\"@id\":\"https:\/\/sulsc.com\/#website\",\"url\":\"https:\/\/sulsc.com\/\",\"name\":\"\",\"description\":\"\",\"potentialAction\":[{\"@type\":\"SearchAction\",\"target\":{\"@type\":\"EntryPoint\",\"urlTemplate\":\"https:\/\/sulsc.com\/?s={search_term_string}\"},\"query-input\":\"required name=search_term_string\"}],\"inLanguage\":\"en-US\"},{\"@type\":\"Person\",\"@id\":\"https:\/\/sulsc.com\/#\/schema\/person\/84d2fc571684f6248ba83092f07750a3\",\"name\":\"Reda\u00e7\u00e3o Sul SC\",\"image\":{\"@type\":\"ImageObject\",\"inLanguage\":\"en-US\",\"@id\":\"https:\/\/sulsc.com\/#\/schema\/person\/image\/e08d7fe2cc4ed596372063bbe852b8d0\",\"url\":\"https:\/\/sulsc.com\/wp-content\/uploads\/2023\/09\/redacao.png\",\"contentUrl\":\"https:\/\/sulsc.com\/wp-content\/uploads\/2023\/09\/redacao.png\",\"caption\":\"Reda\u00e7\u00e3o Sul SC\"},\"description\":\"Foco em um jornalismo imparcial, voltado \u00e0 qualidade dos seus conte\u00fados e, assim, levar informa\u00e7\u00e3o de valor que agregue \u00e0 vida dos leitores. Esta \u00e9 grande miss\u00e3o do Portal de Not\u00edcias Sul SC. N\u00e3o \u00e9 quantidade que muda o mundo, sempre foi e seguir\u00e1 sendo qualidade!\",\"sameAs\":[\"https:\/\/sulsc.com\/\",\"https:\/\/www.facebook.com\/profile.php?id=61559278119680\",\"https:\/\/www.instagram.com\/sulscportal\/?hl=pt-br\",\"https:\/\/twitter.com\/https:\/\/twitter.com\/PortalSulSC\",\"https:\/\/www.youtube.com\/channel\/UCv_BE8GeySluDov2n8qhVmw\"],\"url\":\"https:\/\/sulsc.com\/index.php\/author\/redacao\/\"}]}<\/script>\n<!-- \/ Yoast SEO plugin. -->","yoast_head_json":{"title":"Defesa Civil SC alerta - Temporais isolados e chuva intensa e volumosa entre ter\u00e7a (11) e quinta-feira (13) -","description":"A chuva ganha for\u00e7a e passa a ocorrer de maneira persistente, em alguns momentos na noite desta ter\u00e7a 11 e durante a quarta-feira 12","robots":{"index":"index","follow":"follow","max-snippet":"max-snippet:-1","max-image-preview":"max-image-preview:large","max-video-preview":"max-video-preview:-1"},"canonical":"https:\/\/sulsc.com\/index.php\/2025\/03\/11\/defesa-civil-sc-alerta-temporais-isolados-e-chuva-intensa-e-volumosa-entre-terca-11-e-quinta-feira-13\/","og_locale":"en_US","og_type":"article","og_title":"Defesa Civil SC alerta - Temporais isolados e chuva intensa e volumosa entre ter\u00e7a (11) e quinta-feira (13) -","og_description":"A chuva ganha for\u00e7a e passa a ocorrer de maneira persistente, em alguns momentos na noite desta ter\u00e7a 11 e durante a quarta-feira 12","og_url":"https:\/\/sulsc.com\/index.php\/2025\/03\/11\/defesa-civil-sc-alerta-temporais-isolados-e-chuva-intensa-e-volumosa-entre-terca-11-e-quinta-feira-13\/","article_author":"https:\/\/www.facebook.com\/profile.php?id=61559278119680","article_published_time":"2025-03-11T16:09:51+00:00","article_modified_time":"2025-03-11T16:15:48+00:00","og_image":[{"width":1920,"height":866,"url":"http:\/\/sulsc.com\/wp-content\/uploads\/2024\/10\/temporal.jpg","type":"image\/jpeg"}],"author":"Reda\u00e7\u00e3o Sul SC","twitter_card":"summary_large_image","twitter_creator":"@https:\/\/twitter.com\/PortalSulSC","twitter_misc":{"Written by":"Reda\u00e7\u00e3o Sul SC","Est. reading time":"2 minutes"},"schema":{"@context":"https:\/\/schema.org","@graph":[{"@type":"WebPage","@id":"https:\/\/sulsc.com\/index.php\/2025\/03\/11\/defesa-civil-sc-alerta-temporais-isolados-e-chuva-intensa-e-volumosa-entre-terca-11-e-quinta-feira-13\/","url":"https:\/\/sulsc.com\/index.php\/2025\/03\/11\/defesa-civil-sc-alerta-temporais-isolados-e-chuva-intensa-e-volumosa-entre-terca-11-e-quinta-feira-13\/","name":"Defesa Civil SC alerta - Temporais isolados e chuva intensa e volumosa entre ter\u00e7a (11) e quinta-feira (13) -","isPartOf":{"@id":"https:\/\/sulsc.com\/#website"},"datePublished":"2025-03-11T16:09:51+00:00","dateModified":"2025-03-11T16:15:48+00:00","author":{"@id":"https:\/\/sulsc.com\/#\/schema\/person\/84d2fc571684f6248ba83092f07750a3"},"description":"A chuva ganha for\u00e7a e passa a ocorrer de maneira persistente, em alguns momentos na noite desta ter\u00e7a 11 e durante a quarta-feira 12","breadcrumb":{"@id":"https:\/\/sulsc.com\/index.php\/2025\/03\/11\/defesa-civil-sc-alerta-temporais-isolados-e-chuva-intensa-e-volumosa-entre-terca-11-e-quinta-feira-13\/#breadcrumb"},"inLanguage":"en-US","potentialAction":[{"@type":"ReadAction","target":["https:\/\/sulsc.com\/index.php\/2025\/03\/11\/defesa-civil-sc-alerta-temporais-isolados-e-chuva-intensa-e-volumosa-entre-terca-11-e-quinta-feira-13\/"]}]},{"@type":"BreadcrumbList","@id":"https:\/\/sulsc.com\/index.php\/2025\/03\/11\/defesa-civil-sc-alerta-temporais-isolados-e-chuva-intensa-e-volumosa-entre-terca-11-e-quinta-feira-13\/#breadcrumb","itemListElement":[{"@type":"ListItem","position":1,"name":"In\u00edcio","item":"https:\/\/sulsc.com\/"},{"@type":"ListItem","position":2,"name":"Defesa Civil SC alerta &#8211; Temporais isolados e chuva intensa e volumosa entre ter\u00e7a (11) e quinta-feira (13)"}]},{"@type":"WebSite","@id":"https:\/\/sulsc.com\/#website","url":"https:\/\/sulsc.com\/","name":"","description":"","potentialAction":[{"@type":"SearchAction","target":{"@type":"EntryPoint","urlTemplate":"https:\/\/sulsc.com\/?s={search_term_string}"},"query-input":"required name=search_term_string"}],"inLanguage":"en-US"},{"@type":"Person","@id":"https:\/\/sulsc.com\/#\/schema\/person\/84d2fc571684f6248ba83092f07750a3","name":"Reda\u00e7\u00e3o Sul SC","image":{"@type":"ImageObject","inLanguage":"en-US","@id":"https:\/\/sulsc.com\/#\/schema\/person\/image\/e08d7fe2cc4ed596372063bbe852b8d0","url":"https:\/\/sulsc.com\/wp-content\/uploads\/2023\/09\/redacao.png","contentUrl":"https:\/\/sulsc.com\/wp-content\/uploads\/2023\/09\/redacao.png","caption":"Reda\u00e7\u00e3o Sul SC"},"description":"Foco em um jornalismo imparcial, voltado \u00e0 qualidade dos seus conte\u00fados e, assim, levar informa\u00e7\u00e3o de valor que agregue \u00e0 vida dos leitores. Esta \u00e9 grande miss\u00e3o do Portal de Not\u00edcias Sul SC. N\u00e3o \u00e9 quantidade que muda o mundo, sempre foi e seguir\u00e1 sendo qualidade!","sameAs":["https:\/\/sulsc.com\/","https:\/\/www.facebook.com\/profile.php?id=61559278119680","https:\/\/www.instagram.com\/sulscportal\/?hl=pt-br","https:\/\/twitter.com\/https:\/\/twitter.com\/PortalSulSC","https:\/\/www.youtube.com\/channel\/UCv_BE8GeySluDov2n8qhVmw"],"url":"https:\/\/sulsc.com\/index.php\/author\/redacao\/"}]}},"authors":[],"_links":{"self":[{"href":"https:\/\/sulsc.com\/index.php\/wp-json\/wp\/v2\/posts\/21141"}],"collection":[{"href":"https:\/\/sulsc.com\/index.php\/wp-json\/wp\/v2\/posts"}],"about":[{"href":"https:\/\/sulsc.com\/index.php\/wp-json\/wp\/v2\/types\/post"}],"author":[{"embeddable":true,"href":"https:\/\/sulsc.com\/index.php\/wp-json\/wp\/v2\/users\/3"}],"replies":[{"embeddable":true,"href":"https:\/\/sulsc.com\/index.php\/wp-json\/wp\/v2\/comments?post=21141"}],"version-history":[{"count":8,"href":"https:\/\/sulsc.com\/index.php\/wp-json\/wp\/v2\/posts\/21141\/revisions"}],"predecessor-version":[{"id":21154,"href":"https:\/\/sulsc.com\/index.php\/wp-json\/wp\/v2\/posts\/21141\/revisions\/21154"}],"wp:featuredmedia":[{"embeddable":true,"href":"https:\/\/sulsc.com\/index.php\/wp-json\/wp\/v2\/media\/16430"}],"wp:attachment":[{"href":"https:\/\/sulsc.com\/index.php\/wp-json\/wp\/v2\/media?parent=21141"}],"wp:term":[{"taxonomy":"category","embeddable":true,"href":"https:\/\/sulsc.com\/index.php\/wp-json\/wp\/v2\/categories?post=21141"},{"taxonomy":"post_tag","embeddable":true,"href":"https:\/\/sulsc.com\/index.php\/wp-json\/wp\/v2\/tags?post=21141"}],"curies":[{"name":"wp","href":"https:\/\/api.w.org\/{rel}","templated":true}]}}