{"id":2115,"date":"2023-10-10T17:30:30","date_gmt":"2023-10-10T20:30:30","guid":{"rendered":"https:\/\/sulsc.com\/?p=2115"},"modified":"2023-10-10T17:04:51","modified_gmt":"2023-10-10T20:04:51","slug":"homem-e-preso-apos-matar-cachorro-com-tiro","status":"publish","type":"post","link":"https:\/\/sulsc.com\/index.php\/2023\/10\/10\/homem-e-preso-apos-matar-cachorro-com-tiro\/","title":{"rendered":"Homem \u00e9 preso ap\u00f3s matar cachorro com tiro"},"content":{"rendered":"<p>Um homem foi preso ap\u00f3s matar um cachorro com um tiro na manh\u00e3 dessa segunda-feira (9), em Bra\u00e7o do Norte. O disparo teria sido motivado pois o c\u00e3o estaria mordendo uma ovelha.\u00a0A Pol\u00edcia Militar (PM) foi acionada por volta das 10 horas para atender a ocorr\u00eancia.<\/p>\n<p>O autor do disparo relatou que c\u00e3es atacam com frequ\u00eancia seu gados, ovelhas e galinhas. Nesta segunda-feira, alguns c\u00e3es atacavam uma ovelha e o autor efetuou um disparo para cima. Como um dos cachorros permaneceu mordendo o animal ele efetuou um disparo e matou o c\u00e3o. Com isso, o homem foi preso e conduzido \u00e0 Delegacia Regional de Tubar\u00e3o.<\/p>\n<p><img fetchpriority=\"high\" decoding=\"async\" class=\"alignnone size-full wp-image-1653\" src=\"http:\/\/sulsc.com\/wp-content\/uploads\/2023\/10\/giroflex.jpeg\" alt=\"\" width=\"760\" height=\"431\" srcset=\"https:\/\/sulsc.com\/wp-content\/uploads\/2023\/10\/giroflex.jpeg 760w, https:\/\/sulsc.com\/wp-content\/uploads\/2023\/10\/giroflex-300x170.jpeg 300w\" sizes=\"(max-width: 760px) 100vw, 760px\" \/><\/p>\n<p>Fonte: Litoral\u00a0 Sul<\/p>\n","protected":false},"excerpt":{"rendered":"<p>Um homem foi preso ap\u00f3s matar um cachorro com um tiro na manh\u00e3 dessa segunda-feira (9), em Bra\u00e7o do Norte. O disparo teria sido motivado pois o c\u00e3o estaria mordendo uma ovelha.\u00a0A Pol\u00edcia Militar (PM) foi acionada por volta das 10 horas para atender a ocorr\u00eancia. O autor do disparo relatou que c\u00e3es atacam com &hellip;<\/p>\n<p class=\"read-more\"> <a class=\"\" href=\"https:\/\/sulsc.com\/index.php\/2023\/10\/10\/homem-e-preso-apos-matar-cachorro-com-tiro\/\"> <span class=\"screen-reader-text\">Homem \u00e9 preso ap\u00f3s matar cachorro com tiro<\/span> Read More &raquo;<\/a><\/p>\n","protected":false},"author":3,"featured_media":1193,"comment_status":"open","ping_status":"open","sticky":false,"template":"","format":"standard","meta":{"site-sidebar-layout":"default","site-content-layout":"","ast-site-content-layout":"default","site-content-style":"default","site-sidebar-style":"default","ast-global-header-display":"","ast-banner-title-visibility":"","ast-main-header-display":"","ast-hfb-above-header-display":"","ast-hfb-below-header-display":"","ast-hfb-mobile-header-display":"","site-post-title":"","ast-breadcrumbs-content":"","ast-featured-img":"","footer-sml-layout":"","theme-transparent-header-meta":"default","adv-header-id-meta":"","stick-header-meta":"","header-above-stick-meta":"","header-main-stick-meta":"","header-below-stick-meta":"","astra-migrate-meta-layouts":"set","footnotes":""},"categories":[8],"tags":[],"yoast_head":"<!-- This site is optimized with the Yoast SEO plugin v21.4 - https:\/\/yoast.com\/wordpress\/plugins\/seo\/ -->\n<title>Homem \u00e9 preso ap\u00f3s matar cachorro com tiro -<\/title>\n<meta name=\"robots\" content=\"index, follow, max-snippet:-1, max-image-preview:large, max-video-preview:-1\" \/>\n<link rel=\"canonical\" href=\"https:\/\/sulsc.com\/index.php\/2023\/10\/10\/homem-e-preso-apos-matar-cachorro-com-tiro\/\" \/>\n<meta property=\"og:locale\" content=\"en_US\" \/>\n<meta property=\"og:type\" content=\"article\" \/>\n<meta property=\"og:title\" content=\"Homem \u00e9 preso ap\u00f3s matar cachorro com tiro -\" \/>\n<meta property=\"og:description\" content=\"Um homem foi preso ap\u00f3s matar um cachorro com um tiro na manh\u00e3 dessa segunda-feira (9), em Bra\u00e7o do Norte. O disparo teria sido motivado pois o c\u00e3o estaria mordendo uma ovelha.\u00a0A Pol\u00edcia Militar (PM) foi acionada por volta das 10 horas para atender a ocorr\u00eancia. O autor do disparo relatou que c\u00e3es atacam com &hellip; Homem \u00e9 preso ap\u00f3s matar cachorro com tiro Read More &raquo;\" \/>\n<meta property=\"og:url\" content=\"https:\/\/sulsc.com\/index.php\/2023\/10\/10\/homem-e-preso-apos-matar-cachorro-com-tiro\/\" \/>\n<meta property=\"article:author\" content=\"https:\/\/www.facebook.com\/profile.php?id=61559278119680\" \/>\n<meta property=\"article:published_time\" content=\"2023-10-10T20:30:30+00:00\" \/>\n<meta property=\"article:modified_time\" content=\"2023-10-10T20:04:51+00:00\" \/>\n<meta property=\"og:image\" content=\"https:\/\/sulsc.com\/wp-content\/uploads\/2023\/09\/algemado.jpg\" \/>\n\t<meta property=\"og:image:width\" content=\"626\" \/>\n\t<meta property=\"og:image:height\" content=\"417\" \/>\n\t<meta property=\"og:image:type\" content=\"image\/jpeg\" \/>\n<meta name=\"author\" content=\"Reda\u00e7\u00e3o Sul SC\" \/>\n<meta name=\"twitter:card\" content=\"summary_large_image\" \/>\n<meta name=\"twitter:creator\" content=\"@https:\/\/twitter.com\/PortalSulSC\" \/>\n<meta name=\"twitter:label1\" content=\"Written by\" \/>\n\t<meta name=\"twitter:data1\" content=\"Reda\u00e7\u00e3o Sul SC\" \/>\n\t<meta name=\"twitter:label2\" content=\"Est. reading time\" \/>\n\t<meta name=\"twitter:data2\" content=\"1 minute\" \/>\n<script type=\"application\/ld+json\" class=\"yoast-schema-graph\">{\"@context\":\"https:\/\/schema.org\",\"@graph\":[{\"@type\":\"WebPage\",\"@id\":\"https:\/\/sulsc.com\/index.php\/2023\/10\/10\/homem-e-preso-apos-matar-cachorro-com-tiro\/\",\"url\":\"https:\/\/sulsc.com\/index.php\/2023\/10\/10\/homem-e-preso-apos-matar-cachorro-com-tiro\/\",\"name\":\"Homem \u00e9 preso ap\u00f3s matar cachorro com tiro -\",\"isPartOf\":{\"@id\":\"https:\/\/sulsc.com\/#website\"},\"datePublished\":\"2023-10-10T20:30:30+00:00\",\"dateModified\":\"2023-10-10T20:04:51+00:00\",\"author\":{\"@id\":\"https:\/\/sulsc.com\/#\/schema\/person\/84d2fc571684f6248ba83092f07750a3\"},\"breadcrumb\":{\"@id\":\"https:\/\/sulsc.com\/index.php\/2023\/10\/10\/homem-e-preso-apos-matar-cachorro-com-tiro\/#breadcrumb\"},\"inLanguage\":\"en-US\",\"potentialAction\":[{\"@type\":\"ReadAction\",\"target\":[\"https:\/\/sulsc.com\/index.php\/2023\/10\/10\/homem-e-preso-apos-matar-cachorro-com-tiro\/\"]}]},{\"@type\":\"BreadcrumbList\",\"@id\":\"https:\/\/sulsc.com\/index.php\/2023\/10\/10\/homem-e-preso-apos-matar-cachorro-com-tiro\/#breadcrumb\",\"itemListElement\":[{\"@type\":\"ListItem\",\"position\":1,\"name\":\"In\u00edcio\",\"item\":\"https:\/\/sulsc.com\/\"},{\"@type\":\"ListItem\",\"position\":2,\"name\":\"Homem \u00e9 preso ap\u00f3s matar cachorro com tiro\"}]},{\"@type\":\"WebSite\",\"@id\":\"https:\/\/sulsc.com\/#website\",\"url\":\"https:\/\/sulsc.com\/\",\"name\":\"\",\"description\":\"\",\"potentialAction\":[{\"@type\":\"SearchAction\",\"target\":{\"@type\":\"EntryPoint\",\"urlTemplate\":\"https:\/\/sulsc.com\/?s={search_term_string}\"},\"query-input\":\"required name=search_term_string\"}],\"inLanguage\":\"en-US\"},{\"@type\":\"Person\",\"@id\":\"https:\/\/sulsc.com\/#\/schema\/person\/84d2fc571684f6248ba83092f07750a3\",\"name\":\"Reda\u00e7\u00e3o Sul SC\",\"image\":{\"@type\":\"ImageObject\",\"inLanguage\":\"en-US\",\"@id\":\"https:\/\/sulsc.com\/#\/schema\/person\/image\/e08d7fe2cc4ed596372063bbe852b8d0\",\"url\":\"https:\/\/sulsc.com\/wp-content\/uploads\/2023\/09\/redacao.png\",\"contentUrl\":\"https:\/\/sulsc.com\/wp-content\/uploads\/2023\/09\/redacao.png\",\"caption\":\"Reda\u00e7\u00e3o Sul SC\"},\"description\":\"Foco em um jornalismo imparcial, voltado \u00e0 qualidade dos seus conte\u00fados e, assim, levar informa\u00e7\u00e3o de valor que agregue \u00e0 vida dos leitores. Esta \u00e9 grande miss\u00e3o do Portal de Not\u00edcias Sul SC. N\u00e3o \u00e9 quantidade que muda o mundo, sempre foi e seguir\u00e1 sendo qualidade!\",\"sameAs\":[\"https:\/\/sulsc.com\/\",\"https:\/\/www.facebook.com\/profile.php?id=61559278119680\",\"https:\/\/www.instagram.com\/sulscportal\/?hl=pt-br\",\"https:\/\/twitter.com\/https:\/\/twitter.com\/PortalSulSC\",\"https:\/\/www.youtube.com\/channel\/UCv_BE8GeySluDov2n8qhVmw\"],\"url\":\"https:\/\/sulsc.com\/index.php\/author\/redacao\/\"}]}<\/script>\n<!-- \/ Yoast SEO plugin. -->","yoast_head_json":{"title":"Homem \u00e9 preso ap\u00f3s matar cachorro com tiro -","robots":{"index":"index","follow":"follow","max-snippet":"max-snippet:-1","max-image-preview":"max-image-preview:large","max-video-preview":"max-video-preview:-1"},"canonical":"https:\/\/sulsc.com\/index.php\/2023\/10\/10\/homem-e-preso-apos-matar-cachorro-com-tiro\/","og_locale":"en_US","og_type":"article","og_title":"Homem \u00e9 preso ap\u00f3s matar cachorro com tiro -","og_description":"Um homem foi preso ap\u00f3s matar um cachorro com um tiro na manh\u00e3 dessa segunda-feira (9), em Bra\u00e7o do Norte. O disparo teria sido motivado pois o c\u00e3o estaria mordendo uma ovelha.\u00a0A Pol\u00edcia Militar (PM) foi acionada por volta das 10 horas para atender a ocorr\u00eancia. O autor do disparo relatou que c\u00e3es atacam com &hellip; Homem \u00e9 preso ap\u00f3s matar cachorro com tiro Read More &raquo;","og_url":"https:\/\/sulsc.com\/index.php\/2023\/10\/10\/homem-e-preso-apos-matar-cachorro-com-tiro\/","article_author":"https:\/\/www.facebook.com\/profile.php?id=61559278119680","article_published_time":"2023-10-10T20:30:30+00:00","article_modified_time":"2023-10-10T20:04:51+00:00","og_image":[{"width":626,"height":417,"url":"https:\/\/sulsc.com\/wp-content\/uploads\/2023\/09\/algemado.jpg","type":"image\/jpeg"}],"author":"Reda\u00e7\u00e3o Sul SC","twitter_card":"summary_large_image","twitter_creator":"@https:\/\/twitter.com\/PortalSulSC","twitter_misc":{"Written by":"Reda\u00e7\u00e3o Sul SC","Est. reading time":"1 minute"},"schema":{"@context":"https:\/\/schema.org","@graph":[{"@type":"WebPage","@id":"https:\/\/sulsc.com\/index.php\/2023\/10\/10\/homem-e-preso-apos-matar-cachorro-com-tiro\/","url":"https:\/\/sulsc.com\/index.php\/2023\/10\/10\/homem-e-preso-apos-matar-cachorro-com-tiro\/","name":"Homem \u00e9 preso ap\u00f3s matar cachorro com tiro -","isPartOf":{"@id":"https:\/\/sulsc.com\/#website"},"datePublished":"2023-10-10T20:30:30+00:00","dateModified":"2023-10-10T20:04:51+00:00","author":{"@id":"https:\/\/sulsc.com\/#\/schema\/person\/84d2fc571684f6248ba83092f07750a3"},"breadcrumb":{"@id":"https:\/\/sulsc.com\/index.php\/2023\/10\/10\/homem-e-preso-apos-matar-cachorro-com-tiro\/#breadcrumb"},"inLanguage":"en-US","potentialAction":[{"@type":"ReadAction","target":["https:\/\/sulsc.com\/index.php\/2023\/10\/10\/homem-e-preso-apos-matar-cachorro-com-tiro\/"]}]},{"@type":"BreadcrumbList","@id":"https:\/\/sulsc.com\/index.php\/2023\/10\/10\/homem-e-preso-apos-matar-cachorro-com-tiro\/#breadcrumb","itemListElement":[{"@type":"ListItem","position":1,"name":"In\u00edcio","item":"https:\/\/sulsc.com\/"},{"@type":"ListItem","position":2,"name":"Homem \u00e9 preso ap\u00f3s matar cachorro com tiro"}]},{"@type":"WebSite","@id":"https:\/\/sulsc.com\/#website","url":"https:\/\/sulsc.com\/","name":"","description":"","potentialAction":[{"@type":"SearchAction","target":{"@type":"EntryPoint","urlTemplate":"https:\/\/sulsc.com\/?s={search_term_string}"},"query-input":"required name=search_term_string"}],"inLanguage":"en-US"},{"@type":"Person","@id":"https:\/\/sulsc.com\/#\/schema\/person\/84d2fc571684f6248ba83092f07750a3","name":"Reda\u00e7\u00e3o Sul SC","image":{"@type":"ImageObject","inLanguage":"en-US","@id":"https:\/\/sulsc.com\/#\/schema\/person\/image\/e08d7fe2cc4ed596372063bbe852b8d0","url":"https:\/\/sulsc.com\/wp-content\/uploads\/2023\/09\/redacao.png","contentUrl":"https:\/\/sulsc.com\/wp-content\/uploads\/2023\/09\/redacao.png","caption":"Reda\u00e7\u00e3o Sul SC"},"description":"Foco em um jornalismo imparcial, voltado \u00e0 qualidade dos seus conte\u00fados e, assim, levar informa\u00e7\u00e3o de valor que agregue \u00e0 vida dos leitores. Esta \u00e9 grande miss\u00e3o do Portal de Not\u00edcias Sul SC. N\u00e3o \u00e9 quantidade que muda o mundo, sempre foi e seguir\u00e1 sendo qualidade!","sameAs":["https:\/\/sulsc.com\/","https:\/\/www.facebook.com\/profile.php?id=61559278119680","https:\/\/www.instagram.com\/sulscportal\/?hl=pt-br","https:\/\/twitter.com\/https:\/\/twitter.com\/PortalSulSC","https:\/\/www.youtube.com\/channel\/UCv_BE8GeySluDov2n8qhVmw"],"url":"https:\/\/sulsc.com\/index.php\/author\/redacao\/"}]}},"authors":[],"_links":{"self":[{"href":"https:\/\/sulsc.com\/index.php\/wp-json\/wp\/v2\/posts\/2115"}],"collection":[{"href":"https:\/\/sulsc.com\/index.php\/wp-json\/wp\/v2\/posts"}],"about":[{"href":"https:\/\/sulsc.com\/index.php\/wp-json\/wp\/v2\/types\/post"}],"author":[{"embeddable":true,"href":"https:\/\/sulsc.com\/index.php\/wp-json\/wp\/v2\/users\/3"}],"replies":[{"embeddable":true,"href":"https:\/\/sulsc.com\/index.php\/wp-json\/wp\/v2\/comments?post=2115"}],"version-history":[{"count":1,"href":"https:\/\/sulsc.com\/index.php\/wp-json\/wp\/v2\/posts\/2115\/revisions"}],"predecessor-version":[{"id":2116,"href":"https:\/\/sulsc.com\/index.php\/wp-json\/wp\/v2\/posts\/2115\/revisions\/2116"}],"wp:featuredmedia":[{"embeddable":true,"href":"https:\/\/sulsc.com\/index.php\/wp-json\/wp\/v2\/media\/1193"}],"wp:attachment":[{"href":"https:\/\/sulsc.com\/index.php\/wp-json\/wp\/v2\/media?parent=2115"}],"wp:term":[{"taxonomy":"category","embeddable":true,"href":"https:\/\/sulsc.com\/index.php\/wp-json\/wp\/v2\/categories?post=2115"},{"taxonomy":"post_tag","embeddable":true,"href":"https:\/\/sulsc.com\/index.php\/wp-json\/wp\/v2\/tags?post=2115"}],"curies":[{"name":"wp","href":"https:\/\/api.w.org\/{rel}","templated":true}]}}