{"id":21189,"date":"2025-03-12T07:09:08","date_gmt":"2025-03-12T10:09:08","guid":{"rendered":"https:\/\/sulsc.com\/?p=21189"},"modified":"2025-03-12T07:09:08","modified_gmt":"2025-03-12T10:09:08","slug":"quarta-feira-12-sera-de-temporais-em-todo-estado","status":"publish","type":"post","link":"https:\/\/sulsc.com\/index.php\/2025\/03\/12\/quarta-feira-12-sera-de-temporais-em-todo-estado\/","title":{"rendered":"Quarta-feira (12) ser\u00e1 de temporais em todo estado"},"content":{"rendered":"<p>O dia ser\u00e1 com a intensifica\u00e7\u00e3o da circula\u00e7\u00e3o mar\u00edtima e a presen\u00e7a de uma regi\u00e3o de baixa press\u00e3o pr\u00f3ximo \u00e0 costa catarinense, as chuvas ganham for\u00e7a nas regi\u00f5es litor\u00e2neas (incluindo parte do Vale do Itaja\u00ed), ocorrendo por vezes intensa e resultando em elevados acumulados de chuva em curto per\u00edodo de tempo.<\/p>\n<p><img fetchpriority=\"high\" decoding=\"async\" class=\"aligncenter size-full wp-image-21190\" src=\"http:\/\/sulsc.com\/wp-content\/uploads\/2025\/03\/4.png\" alt=\"\" width=\"1646\" height=\"1120\" srcset=\"https:\/\/sulsc.com\/wp-content\/uploads\/2025\/03\/4.png 1646w, https:\/\/sulsc.com\/wp-content\/uploads\/2025\/03\/4-300x204.png 300w, https:\/\/sulsc.com\/wp-content\/uploads\/2025\/03\/4-1024x697.png 1024w, https:\/\/sulsc.com\/wp-content\/uploads\/2025\/03\/4-768x523.png 768w, https:\/\/sulsc.com\/wp-content\/uploads\/2025\/03\/4-1536x1045.png 1536w\" sizes=\"(max-width: 1646px) 100vw, 1646px\" \/><\/p>\n<p><img decoding=\"async\" class=\"aligncenter  wp-image-17436\" src=\"http:\/\/sulsc.com\/wp-content\/uploads\/2024\/11\/Tempo-2.png\" alt=\"\" width=\"603\" height=\"111\" srcset=\"https:\/\/sulsc.com\/wp-content\/uploads\/2024\/11\/Tempo-2.png 1024w, https:\/\/sulsc.com\/wp-content\/uploads\/2024\/11\/Tempo-2-300x55.png 300w, https:\/\/sulsc.com\/wp-content\/uploads\/2024\/11\/Tempo-2-768x142.png 768w\" sizes=\"(max-width: 603px) 100vw, 603px\" \/><\/p>\n<p>Nestas regi\u00f5es, a instabilidade ganha for\u00e7a ao longo do dia e o risco \u00e9 moderado a alto para ocorr\u00eancias associadas a alagamentos, enxurradas e deslizamentos. Entre o Grande Oeste e parte dos Planaltos, h\u00e1 condi\u00e7\u00f5es para temporais isolados a partir da tarde com risco baixo a moderado para ocorr\u00eancias associadas. As temperaturas continuam amenas em todas as regi\u00f5es com marcas de at\u00e9 30\u00b0C no Oeste.<\/p>\n<p>Fonte &#8211; Defesa Civil SC<\/p>\n","protected":false},"excerpt":{"rendered":"<p>O dia ser\u00e1 com a intensifica\u00e7\u00e3o da circula\u00e7\u00e3o mar\u00edtima e a presen\u00e7a de uma regi\u00e3o de baixa press\u00e3o pr\u00f3ximo \u00e0 costa catarinense, as chuvas ganham for\u00e7a nas regi\u00f5es litor\u00e2neas (incluindo parte do Vale do Itaja\u00ed), ocorrendo por vezes intensa e resultando em elevados acumulados de chuva em curto per\u00edodo de tempo. Nestas regi\u00f5es, a instabilidade &hellip;<\/p>\n<p class=\"read-more\"> <a class=\"\" href=\"https:\/\/sulsc.com\/index.php\/2025\/03\/12\/quarta-feira-12-sera-de-temporais-em-todo-estado\/\"> <span class=\"screen-reader-text\">Quarta-feira (12) ser\u00e1 de temporais em todo estado<\/span> Read More &raquo;<\/a><\/p>\n","protected":false},"author":3,"featured_media":17230,"comment_status":"open","ping_status":"open","sticky":false,"template":"","format":"standard","meta":{"site-sidebar-layout":"default","site-content-layout":"","ast-site-content-layout":"default","site-content-style":"default","site-sidebar-style":"default","ast-global-header-display":"","ast-banner-title-visibility":"","ast-main-header-display":"","ast-hfb-above-header-display":"","ast-hfb-below-header-display":"","ast-hfb-mobile-header-display":"","site-post-title":"","ast-breadcrumbs-content":"","ast-featured-img":"","footer-sml-layout":"","theme-transparent-header-meta":"default","adv-header-id-meta":"","stick-header-meta":"","header-above-stick-meta":"","header-main-stick-meta":"","header-below-stick-meta":"","astra-migrate-meta-layouts":"set","footnotes":""},"categories":[38],"tags":[90],"yoast_head":"<!-- This site is optimized with the Yoast SEO plugin v21.4 - https:\/\/yoast.com\/wordpress\/plugins\/seo\/ -->\n<title>Quarta-feira (12) ser\u00e1 de temporais em todo estado -<\/title>\n<meta name=\"description\" content=\"Entre o Grande Oeste e parte dos Planaltos h\u00e1 condi\u00e7\u00f5es para temporais isolados a partir da tarde\" \/>\n<meta name=\"robots\" content=\"index, follow, max-snippet:-1, max-image-preview:large, max-video-preview:-1\" \/>\n<link rel=\"canonical\" href=\"https:\/\/sulsc.com\/index.php\/2025\/03\/12\/quarta-feira-12-sera-de-temporais-em-todo-estado\/\" \/>\n<meta property=\"og:locale\" content=\"en_US\" \/>\n<meta property=\"og:type\" content=\"article\" \/>\n<meta property=\"og:title\" content=\"Quarta-feira (12) ser\u00e1 de temporais em todo estado -\" \/>\n<meta property=\"og:description\" content=\"Entre o Grande Oeste e parte dos Planaltos h\u00e1 condi\u00e7\u00f5es para temporais isolados a partir da tarde\" \/>\n<meta property=\"og:url\" content=\"https:\/\/sulsc.com\/index.php\/2025\/03\/12\/quarta-feira-12-sera-de-temporais-em-todo-estado\/\" \/>\n<meta property=\"article:author\" content=\"https:\/\/www.facebook.com\/profile.php?id=61559278119680\" \/>\n<meta property=\"article:published_time\" content=\"2025-03-12T10:09:08+00:00\" \/>\n<meta property=\"og:image\" content=\"http:\/\/sulsc.com\/wp-content\/uploads\/2024\/11\/tempo-4-1.jpg\" \/>\n\t<meta property=\"og:image:width\" content=\"1600\" \/>\n\t<meta property=\"og:image:height\" content=\"719\" \/>\n\t<meta property=\"og:image:type\" content=\"image\/jpeg\" \/>\n<meta name=\"author\" content=\"Reda\u00e7\u00e3o Sul SC\" \/>\n<meta name=\"twitter:card\" content=\"summary_large_image\" \/>\n<meta name=\"twitter:creator\" content=\"@https:\/\/twitter.com\/PortalSulSC\" \/>\n<meta name=\"twitter:label1\" content=\"Written by\" \/>\n\t<meta name=\"twitter:data1\" content=\"Reda\u00e7\u00e3o Sul SC\" \/>\n\t<meta name=\"twitter:label2\" content=\"Est. reading time\" \/>\n\t<meta name=\"twitter:data2\" content=\"1 minute\" \/>\n<script type=\"application\/ld+json\" class=\"yoast-schema-graph\">{\"@context\":\"https:\/\/schema.org\",\"@graph\":[{\"@type\":\"WebPage\",\"@id\":\"https:\/\/sulsc.com\/index.php\/2025\/03\/12\/quarta-feira-12-sera-de-temporais-em-todo-estado\/\",\"url\":\"https:\/\/sulsc.com\/index.php\/2025\/03\/12\/quarta-feira-12-sera-de-temporais-em-todo-estado\/\",\"name\":\"Quarta-feira (12) ser\u00e1 de temporais em todo estado -\",\"isPartOf\":{\"@id\":\"https:\/\/sulsc.com\/#website\"},\"datePublished\":\"2025-03-12T10:09:08+00:00\",\"dateModified\":\"2025-03-12T10:09:08+00:00\",\"author\":{\"@id\":\"https:\/\/sulsc.com\/#\/schema\/person\/84d2fc571684f6248ba83092f07750a3\"},\"description\":\"Entre o Grande Oeste e parte dos Planaltos h\u00e1 condi\u00e7\u00f5es para temporais isolados a partir da tarde\",\"breadcrumb\":{\"@id\":\"https:\/\/sulsc.com\/index.php\/2025\/03\/12\/quarta-feira-12-sera-de-temporais-em-todo-estado\/#breadcrumb\"},\"inLanguage\":\"en-US\",\"potentialAction\":[{\"@type\":\"ReadAction\",\"target\":[\"https:\/\/sulsc.com\/index.php\/2025\/03\/12\/quarta-feira-12-sera-de-temporais-em-todo-estado\/\"]}]},{\"@type\":\"BreadcrumbList\",\"@id\":\"https:\/\/sulsc.com\/index.php\/2025\/03\/12\/quarta-feira-12-sera-de-temporais-em-todo-estado\/#breadcrumb\",\"itemListElement\":[{\"@type\":\"ListItem\",\"position\":1,\"name\":\"In\u00edcio\",\"item\":\"https:\/\/sulsc.com\/\"},{\"@type\":\"ListItem\",\"position\":2,\"name\":\"Quarta-feira (12) ser\u00e1 de temporais em todo estado\"}]},{\"@type\":\"WebSite\",\"@id\":\"https:\/\/sulsc.com\/#website\",\"url\":\"https:\/\/sulsc.com\/\",\"name\":\"\",\"description\":\"\",\"potentialAction\":[{\"@type\":\"SearchAction\",\"target\":{\"@type\":\"EntryPoint\",\"urlTemplate\":\"https:\/\/sulsc.com\/?s={search_term_string}\"},\"query-input\":\"required name=search_term_string\"}],\"inLanguage\":\"en-US\"},{\"@type\":\"Person\",\"@id\":\"https:\/\/sulsc.com\/#\/schema\/person\/84d2fc571684f6248ba83092f07750a3\",\"name\":\"Reda\u00e7\u00e3o Sul SC\",\"image\":{\"@type\":\"ImageObject\",\"inLanguage\":\"en-US\",\"@id\":\"https:\/\/sulsc.com\/#\/schema\/person\/image\/e08d7fe2cc4ed596372063bbe852b8d0\",\"url\":\"https:\/\/sulsc.com\/wp-content\/uploads\/2023\/09\/redacao.png\",\"contentUrl\":\"https:\/\/sulsc.com\/wp-content\/uploads\/2023\/09\/redacao.png\",\"caption\":\"Reda\u00e7\u00e3o Sul SC\"},\"description\":\"Foco em um jornalismo imparcial, voltado \u00e0 qualidade dos seus conte\u00fados e, assim, levar informa\u00e7\u00e3o de valor que agregue \u00e0 vida dos leitores. Esta \u00e9 grande miss\u00e3o do Portal de Not\u00edcias Sul SC. N\u00e3o \u00e9 quantidade que muda o mundo, sempre foi e seguir\u00e1 sendo qualidade!\",\"sameAs\":[\"https:\/\/sulsc.com\/\",\"https:\/\/www.facebook.com\/profile.php?id=61559278119680\",\"https:\/\/www.instagram.com\/sulscportal\/?hl=pt-br\",\"https:\/\/twitter.com\/https:\/\/twitter.com\/PortalSulSC\",\"https:\/\/www.youtube.com\/channel\/UCv_BE8GeySluDov2n8qhVmw\"],\"url\":\"https:\/\/sulsc.com\/index.php\/author\/redacao\/\"}]}<\/script>\n<!-- \/ Yoast SEO plugin. -->","yoast_head_json":{"title":"Quarta-feira (12) ser\u00e1 de temporais em todo estado -","description":"Entre o Grande Oeste e parte dos Planaltos h\u00e1 condi\u00e7\u00f5es para temporais isolados a partir da tarde","robots":{"index":"index","follow":"follow","max-snippet":"max-snippet:-1","max-image-preview":"max-image-preview:large","max-video-preview":"max-video-preview:-1"},"canonical":"https:\/\/sulsc.com\/index.php\/2025\/03\/12\/quarta-feira-12-sera-de-temporais-em-todo-estado\/","og_locale":"en_US","og_type":"article","og_title":"Quarta-feira (12) ser\u00e1 de temporais em todo estado -","og_description":"Entre o Grande Oeste e parte dos Planaltos h\u00e1 condi\u00e7\u00f5es para temporais isolados a partir da tarde","og_url":"https:\/\/sulsc.com\/index.php\/2025\/03\/12\/quarta-feira-12-sera-de-temporais-em-todo-estado\/","article_author":"https:\/\/www.facebook.com\/profile.php?id=61559278119680","article_published_time":"2025-03-12T10:09:08+00:00","og_image":[{"width":1600,"height":719,"url":"http:\/\/sulsc.com\/wp-content\/uploads\/2024\/11\/tempo-4-1.jpg","type":"image\/jpeg"}],"author":"Reda\u00e7\u00e3o Sul SC","twitter_card":"summary_large_image","twitter_creator":"@https:\/\/twitter.com\/PortalSulSC","twitter_misc":{"Written by":"Reda\u00e7\u00e3o Sul SC","Est. reading time":"1 minute"},"schema":{"@context":"https:\/\/schema.org","@graph":[{"@type":"WebPage","@id":"https:\/\/sulsc.com\/index.php\/2025\/03\/12\/quarta-feira-12-sera-de-temporais-em-todo-estado\/","url":"https:\/\/sulsc.com\/index.php\/2025\/03\/12\/quarta-feira-12-sera-de-temporais-em-todo-estado\/","name":"Quarta-feira (12) ser\u00e1 de temporais em todo estado -","isPartOf":{"@id":"https:\/\/sulsc.com\/#website"},"datePublished":"2025-03-12T10:09:08+00:00","dateModified":"2025-03-12T10:09:08+00:00","author":{"@id":"https:\/\/sulsc.com\/#\/schema\/person\/84d2fc571684f6248ba83092f07750a3"},"description":"Entre o Grande Oeste e parte dos Planaltos h\u00e1 condi\u00e7\u00f5es para temporais isolados a partir da tarde","breadcrumb":{"@id":"https:\/\/sulsc.com\/index.php\/2025\/03\/12\/quarta-feira-12-sera-de-temporais-em-todo-estado\/#breadcrumb"},"inLanguage":"en-US","potentialAction":[{"@type":"ReadAction","target":["https:\/\/sulsc.com\/index.php\/2025\/03\/12\/quarta-feira-12-sera-de-temporais-em-todo-estado\/"]}]},{"@type":"BreadcrumbList","@id":"https:\/\/sulsc.com\/index.php\/2025\/03\/12\/quarta-feira-12-sera-de-temporais-em-todo-estado\/#breadcrumb","itemListElement":[{"@type":"ListItem","position":1,"name":"In\u00edcio","item":"https:\/\/sulsc.com\/"},{"@type":"ListItem","position":2,"name":"Quarta-feira (12) ser\u00e1 de temporais em todo estado"}]},{"@type":"WebSite","@id":"https:\/\/sulsc.com\/#website","url":"https:\/\/sulsc.com\/","name":"","description":"","potentialAction":[{"@type":"SearchAction","target":{"@type":"EntryPoint","urlTemplate":"https:\/\/sulsc.com\/?s={search_term_string}"},"query-input":"required name=search_term_string"}],"inLanguage":"en-US"},{"@type":"Person","@id":"https:\/\/sulsc.com\/#\/schema\/person\/84d2fc571684f6248ba83092f07750a3","name":"Reda\u00e7\u00e3o Sul SC","image":{"@type":"ImageObject","inLanguage":"en-US","@id":"https:\/\/sulsc.com\/#\/schema\/person\/image\/e08d7fe2cc4ed596372063bbe852b8d0","url":"https:\/\/sulsc.com\/wp-content\/uploads\/2023\/09\/redacao.png","contentUrl":"https:\/\/sulsc.com\/wp-content\/uploads\/2023\/09\/redacao.png","caption":"Reda\u00e7\u00e3o Sul SC"},"description":"Foco em um jornalismo imparcial, voltado \u00e0 qualidade dos seus conte\u00fados e, assim, levar informa\u00e7\u00e3o de valor que agregue \u00e0 vida dos leitores. Esta \u00e9 grande miss\u00e3o do Portal de Not\u00edcias Sul SC. N\u00e3o \u00e9 quantidade que muda o mundo, sempre foi e seguir\u00e1 sendo qualidade!","sameAs":["https:\/\/sulsc.com\/","https:\/\/www.facebook.com\/profile.php?id=61559278119680","https:\/\/www.instagram.com\/sulscportal\/?hl=pt-br","https:\/\/twitter.com\/https:\/\/twitter.com\/PortalSulSC","https:\/\/www.youtube.com\/channel\/UCv_BE8GeySluDov2n8qhVmw"],"url":"https:\/\/sulsc.com\/index.php\/author\/redacao\/"}]}},"authors":[],"_links":{"self":[{"href":"https:\/\/sulsc.com\/index.php\/wp-json\/wp\/v2\/posts\/21189"}],"collection":[{"href":"https:\/\/sulsc.com\/index.php\/wp-json\/wp\/v2\/posts"}],"about":[{"href":"https:\/\/sulsc.com\/index.php\/wp-json\/wp\/v2\/types\/post"}],"author":[{"embeddable":true,"href":"https:\/\/sulsc.com\/index.php\/wp-json\/wp\/v2\/users\/3"}],"replies":[{"embeddable":true,"href":"https:\/\/sulsc.com\/index.php\/wp-json\/wp\/v2\/comments?post=21189"}],"version-history":[{"count":1,"href":"https:\/\/sulsc.com\/index.php\/wp-json\/wp\/v2\/posts\/21189\/revisions"}],"predecessor-version":[{"id":21191,"href":"https:\/\/sulsc.com\/index.php\/wp-json\/wp\/v2\/posts\/21189\/revisions\/21191"}],"wp:featuredmedia":[{"embeddable":true,"href":"https:\/\/sulsc.com\/index.php\/wp-json\/wp\/v2\/media\/17230"}],"wp:attachment":[{"href":"https:\/\/sulsc.com\/index.php\/wp-json\/wp\/v2\/media?parent=21189"}],"wp:term":[{"taxonomy":"category","embeddable":true,"href":"https:\/\/sulsc.com\/index.php\/wp-json\/wp\/v2\/categories?post=21189"},{"taxonomy":"post_tag","embeddable":true,"href":"https:\/\/sulsc.com\/index.php\/wp-json\/wp\/v2\/tags?post=21189"}],"curies":[{"name":"wp","href":"https:\/\/api.w.org\/{rel}","templated":true}]}}