{"id":21235,"date":"2025-03-13T07:55:56","date_gmt":"2025-03-13T10:55:56","guid":{"rendered":"https:\/\/sulsc.com\/?p=21235"},"modified":"2025-03-13T07:55:56","modified_gmt":"2025-03-13T10:55:56","slug":"quinta-feira-13-com-tempo-instavel-em-todo-litoral-com-maximas-de-31oc","status":"publish","type":"post","link":"https:\/\/sulsc.com\/index.php\/2025\/03\/13\/quinta-feira-13-com-tempo-instavel-em-todo-litoral-com-maximas-de-31oc\/","title":{"rendered":"Quinta-feira (13) com tempo inst\u00e1vel em todo litoral com m\u00e1ximas de 31\u00baC"},"content":{"rendered":"<p><span style=\"vertical-align: inherit;\"><span style=\"vertical-align: inherit;\">Nesta quinta-feira (13), a \u00e1rea de baixa press\u00e3o se desloca gradativamente para alto mar, mas a frente fria segue mantendo o ritmo inst\u00e1vel em todo estado. No Litoral, a chuva ocorre de forma persistente na madrugada e retorna a partir da tarde com condi\u00e7\u00e3o para temporais isolados, especialmente entre Florian\u00f3polis e o Litoral Norte.<\/span><\/span><\/p>\n<p><img fetchpriority=\"high\" decoding=\"async\" class=\"aligncenter size-full wp-image-21236\" src=\"http:\/\/sulsc.com\/wp-content\/uploads\/2025\/03\/A-2.png\" alt=\"\" width=\"1644\" height=\"1115\" srcset=\"https:\/\/sulsc.com\/wp-content\/uploads\/2025\/03\/A-2.png 1644w, https:\/\/sulsc.com\/wp-content\/uploads\/2025\/03\/A-2-300x203.png 300w, https:\/\/sulsc.com\/wp-content\/uploads\/2025\/03\/A-2-1024x695.png 1024w, https:\/\/sulsc.com\/wp-content\/uploads\/2025\/03\/A-2-768x521.png 768w, https:\/\/sulsc.com\/wp-content\/uploads\/2025\/03\/A-2-1536x1042.png 1536w\" sizes=\"(max-width: 1644px) 100vw, 1644px\" \/><\/p>\n<p><img decoding=\"async\" class=\"aligncenter wp-image-17436\" src=\"http:\/\/sulsc.com\/wp-content\/uploads\/2024\/11\/Tempo-2.png\" alt=\"\" width=\"598\" height=\"110\" srcset=\"https:\/\/sulsc.com\/wp-content\/uploads\/2024\/11\/Tempo-2.png 1024w, https:\/\/sulsc.com\/wp-content\/uploads\/2024\/11\/Tempo-2-300x55.png 300w, https:\/\/sulsc.com\/wp-content\/uploads\/2024\/11\/Tempo-2-768x142.png 768w\" sizes=\"(max-width: 598px) 100vw, 598px\" \/><\/p>\n<p><span style=\"vertical-align: inherit;\"><span style=\"vertical-align: inherit;\">Nas demais regi\u00f5es, o dia come\u00e7a com maior nebulosidade e chuvas fracas ocasionais, mas entre a tarde e \u00e0 noite, o aquecimento tamb\u00e9m contribui para forma\u00e7\u00e3o de temporais isolados, oferecendo risco baixo a moderado para ocorr\u00eancias associadas a alagamentos e enxurradas pontuais, destelhamentos e danos na rede el\u00e9trica. Durante a tarde, as temperaturas variam entre 25\u00b0C e 31\u00b0C na maioria das regi\u00f5es. J\u00e1 amanh\u00e3 sexta-feira (14), a frente fria se afasta e o tempo come\u00e7a a apresentar melhoria em todo estado, com sol e varia\u00e7\u00e3o de nuvens.<\/span><\/span><\/p>\n<p><span style=\"vertical-align: inherit;\"><span style=\"vertical-align: inherit;\">Fonte\/Defesa Civil SC<\/span><\/span><\/p>\n","protected":false},"excerpt":{"rendered":"<p>Nesta quinta-feira (13), a \u00e1rea de baixa press\u00e3o se desloca gradativamente para alto mar, mas a frente fria segue mantendo o ritmo inst\u00e1vel em todo estado. No Litoral, a chuva ocorre de forma persistente na madrugada e retorna a partir da tarde com condi\u00e7\u00e3o para temporais isolados, especialmente entre Florian\u00f3polis e o Litoral Norte. Nas &hellip;<\/p>\n<p class=\"read-more\"> <a class=\"\" href=\"https:\/\/sulsc.com\/index.php\/2025\/03\/13\/quinta-feira-13-com-tempo-instavel-em-todo-litoral-com-maximas-de-31oc\/\"> <span class=\"screen-reader-text\">Quinta-feira (13) com tempo inst\u00e1vel em todo litoral com m\u00e1ximas de 31\u00baC<\/span> Read More &raquo;<\/a><\/p>\n","protected":false},"author":3,"featured_media":14276,"comment_status":"open","ping_status":"open","sticky":false,"template":"","format":"standard","meta":{"site-sidebar-layout":"default","site-content-layout":"","ast-site-content-layout":"default","site-content-style":"default","site-sidebar-style":"default","ast-global-header-display":"","ast-banner-title-visibility":"","ast-main-header-display":"","ast-hfb-above-header-display":"","ast-hfb-below-header-display":"","ast-hfb-mobile-header-display":"","site-post-title":"","ast-breadcrumbs-content":"","ast-featured-img":"","footer-sml-layout":"","theme-transparent-header-meta":"default","adv-header-id-meta":"","stick-header-meta":"","header-above-stick-meta":"","header-main-stick-meta":"","header-below-stick-meta":"","astra-migrate-meta-layouts":"set","footnotes":""},"categories":[38],"tags":[],"yoast_head":"<!-- This site is optimized with the Yoast SEO plugin v21.4 - https:\/\/yoast.com\/wordpress\/plugins\/seo\/ -->\n<title>Quinta-feira (13) com tempo inst\u00e1vel em todo litoral com m\u00e1ximas de 31\u00baC -<\/title>\n<meta name=\"description\" content=\"Nas demais regi\u00f5es o dia come\u00e7a com maior nebulosidade e chuvas fracas ocasionais mas entre a tarde e \u00e0 noite\" \/>\n<meta name=\"robots\" content=\"index, follow, max-snippet:-1, max-image-preview:large, max-video-preview:-1\" \/>\n<link rel=\"canonical\" href=\"https:\/\/sulsc.com\/index.php\/2025\/03\/13\/quinta-feira-13-com-tempo-instavel-em-todo-litoral-com-maximas-de-31oc\/\" \/>\n<meta property=\"og:locale\" content=\"en_US\" \/>\n<meta property=\"og:type\" content=\"article\" \/>\n<meta property=\"og:title\" content=\"Quinta-feira (13) com tempo inst\u00e1vel em todo litoral com m\u00e1ximas de 31\u00baC -\" \/>\n<meta property=\"og:description\" content=\"Nas demais regi\u00f5es o dia come\u00e7a com maior nebulosidade e chuvas fracas ocasionais mas entre a tarde e \u00e0 noite\" \/>\n<meta property=\"og:url\" content=\"https:\/\/sulsc.com\/index.php\/2025\/03\/13\/quinta-feira-13-com-tempo-instavel-em-todo-litoral-com-maximas-de-31oc\/\" \/>\n<meta property=\"article:author\" content=\"https:\/\/www.facebook.com\/profile.php?id=61559278119680\" \/>\n<meta property=\"article:published_time\" content=\"2025-03-13T10:55:56+00:00\" \/>\n<meta property=\"og:image\" content=\"http:\/\/sulsc.com\/wp-content\/uploads\/2024\/07\/tempo-nublado-2.jpeg\" \/>\n\t<meta property=\"og:image:width\" content=\"1600\" \/>\n\t<meta property=\"og:image:height\" content=\"900\" \/>\n\t<meta property=\"og:image:type\" content=\"image\/jpeg\" \/>\n<meta name=\"author\" content=\"Reda\u00e7\u00e3o Sul SC\" \/>\n<meta name=\"twitter:card\" content=\"summary_large_image\" \/>\n<meta name=\"twitter:creator\" content=\"@https:\/\/twitter.com\/PortalSulSC\" \/>\n<meta name=\"twitter:label1\" content=\"Written by\" \/>\n\t<meta name=\"twitter:data1\" content=\"Reda\u00e7\u00e3o Sul SC\" \/>\n\t<meta name=\"twitter:label2\" content=\"Est. reading time\" \/>\n\t<meta name=\"twitter:data2\" content=\"2 minutes\" \/>\n<script type=\"application\/ld+json\" class=\"yoast-schema-graph\">{\"@context\":\"https:\/\/schema.org\",\"@graph\":[{\"@type\":\"WebPage\",\"@id\":\"https:\/\/sulsc.com\/index.php\/2025\/03\/13\/quinta-feira-13-com-tempo-instavel-em-todo-litoral-com-maximas-de-31oc\/\",\"url\":\"https:\/\/sulsc.com\/index.php\/2025\/03\/13\/quinta-feira-13-com-tempo-instavel-em-todo-litoral-com-maximas-de-31oc\/\",\"name\":\"Quinta-feira (13) com tempo inst\u00e1vel em todo litoral com m\u00e1ximas de 31\u00baC -\",\"isPartOf\":{\"@id\":\"https:\/\/sulsc.com\/#website\"},\"datePublished\":\"2025-03-13T10:55:56+00:00\",\"dateModified\":\"2025-03-13T10:55:56+00:00\",\"author\":{\"@id\":\"https:\/\/sulsc.com\/#\/schema\/person\/84d2fc571684f6248ba83092f07750a3\"},\"description\":\"Nas demais regi\u00f5es o dia come\u00e7a com maior nebulosidade e chuvas fracas ocasionais mas entre a tarde e \u00e0 noite\",\"breadcrumb\":{\"@id\":\"https:\/\/sulsc.com\/index.php\/2025\/03\/13\/quinta-feira-13-com-tempo-instavel-em-todo-litoral-com-maximas-de-31oc\/#breadcrumb\"},\"inLanguage\":\"en-US\",\"potentialAction\":[{\"@type\":\"ReadAction\",\"target\":[\"https:\/\/sulsc.com\/index.php\/2025\/03\/13\/quinta-feira-13-com-tempo-instavel-em-todo-litoral-com-maximas-de-31oc\/\"]}]},{\"@type\":\"BreadcrumbList\",\"@id\":\"https:\/\/sulsc.com\/index.php\/2025\/03\/13\/quinta-feira-13-com-tempo-instavel-em-todo-litoral-com-maximas-de-31oc\/#breadcrumb\",\"itemListElement\":[{\"@type\":\"ListItem\",\"position\":1,\"name\":\"In\u00edcio\",\"item\":\"https:\/\/sulsc.com\/\"},{\"@type\":\"ListItem\",\"position\":2,\"name\":\"Quinta-feira (13) com tempo inst\u00e1vel em todo litoral com m\u00e1ximas de 31\u00baC\"}]},{\"@type\":\"WebSite\",\"@id\":\"https:\/\/sulsc.com\/#website\",\"url\":\"https:\/\/sulsc.com\/\",\"name\":\"\",\"description\":\"\",\"potentialAction\":[{\"@type\":\"SearchAction\",\"target\":{\"@type\":\"EntryPoint\",\"urlTemplate\":\"https:\/\/sulsc.com\/?s={search_term_string}\"},\"query-input\":\"required name=search_term_string\"}],\"inLanguage\":\"en-US\"},{\"@type\":\"Person\",\"@id\":\"https:\/\/sulsc.com\/#\/schema\/person\/84d2fc571684f6248ba83092f07750a3\",\"name\":\"Reda\u00e7\u00e3o Sul SC\",\"image\":{\"@type\":\"ImageObject\",\"inLanguage\":\"en-US\",\"@id\":\"https:\/\/sulsc.com\/#\/schema\/person\/image\/e08d7fe2cc4ed596372063bbe852b8d0\",\"url\":\"https:\/\/sulsc.com\/wp-content\/uploads\/2023\/09\/redacao.png\",\"contentUrl\":\"https:\/\/sulsc.com\/wp-content\/uploads\/2023\/09\/redacao.png\",\"caption\":\"Reda\u00e7\u00e3o Sul SC\"},\"description\":\"Foco em um jornalismo imparcial, voltado \u00e0 qualidade dos seus conte\u00fados e, assim, levar informa\u00e7\u00e3o de valor que agregue \u00e0 vida dos leitores. Esta \u00e9 grande miss\u00e3o do Portal de Not\u00edcias Sul SC. N\u00e3o \u00e9 quantidade que muda o mundo, sempre foi e seguir\u00e1 sendo qualidade!\",\"sameAs\":[\"https:\/\/sulsc.com\/\",\"https:\/\/www.facebook.com\/profile.php?id=61559278119680\",\"https:\/\/www.instagram.com\/sulscportal\/?hl=pt-br\",\"https:\/\/twitter.com\/https:\/\/twitter.com\/PortalSulSC\",\"https:\/\/www.youtube.com\/channel\/UCv_BE8GeySluDov2n8qhVmw\"],\"url\":\"https:\/\/sulsc.com\/index.php\/author\/redacao\/\"}]}<\/script>\n<!-- \/ Yoast SEO plugin. -->","yoast_head_json":{"title":"Quinta-feira (13) com tempo inst\u00e1vel em todo litoral com m\u00e1ximas de 31\u00baC -","description":"Nas demais regi\u00f5es o dia come\u00e7a com maior nebulosidade e chuvas fracas ocasionais mas entre a tarde e \u00e0 noite","robots":{"index":"index","follow":"follow","max-snippet":"max-snippet:-1","max-image-preview":"max-image-preview:large","max-video-preview":"max-video-preview:-1"},"canonical":"https:\/\/sulsc.com\/index.php\/2025\/03\/13\/quinta-feira-13-com-tempo-instavel-em-todo-litoral-com-maximas-de-31oc\/","og_locale":"en_US","og_type":"article","og_title":"Quinta-feira (13) com tempo inst\u00e1vel em todo litoral com m\u00e1ximas de 31\u00baC -","og_description":"Nas demais regi\u00f5es o dia come\u00e7a com maior nebulosidade e chuvas fracas ocasionais mas entre a tarde e \u00e0 noite","og_url":"https:\/\/sulsc.com\/index.php\/2025\/03\/13\/quinta-feira-13-com-tempo-instavel-em-todo-litoral-com-maximas-de-31oc\/","article_author":"https:\/\/www.facebook.com\/profile.php?id=61559278119680","article_published_time":"2025-03-13T10:55:56+00:00","og_image":[{"width":1600,"height":900,"url":"http:\/\/sulsc.com\/wp-content\/uploads\/2024\/07\/tempo-nublado-2.jpeg","type":"image\/jpeg"}],"author":"Reda\u00e7\u00e3o Sul SC","twitter_card":"summary_large_image","twitter_creator":"@https:\/\/twitter.com\/PortalSulSC","twitter_misc":{"Written by":"Reda\u00e7\u00e3o Sul SC","Est. reading time":"2 minutes"},"schema":{"@context":"https:\/\/schema.org","@graph":[{"@type":"WebPage","@id":"https:\/\/sulsc.com\/index.php\/2025\/03\/13\/quinta-feira-13-com-tempo-instavel-em-todo-litoral-com-maximas-de-31oc\/","url":"https:\/\/sulsc.com\/index.php\/2025\/03\/13\/quinta-feira-13-com-tempo-instavel-em-todo-litoral-com-maximas-de-31oc\/","name":"Quinta-feira (13) com tempo inst\u00e1vel em todo litoral com m\u00e1ximas de 31\u00baC -","isPartOf":{"@id":"https:\/\/sulsc.com\/#website"},"datePublished":"2025-03-13T10:55:56+00:00","dateModified":"2025-03-13T10:55:56+00:00","author":{"@id":"https:\/\/sulsc.com\/#\/schema\/person\/84d2fc571684f6248ba83092f07750a3"},"description":"Nas demais regi\u00f5es o dia come\u00e7a com maior nebulosidade e chuvas fracas ocasionais mas entre a tarde e \u00e0 noite","breadcrumb":{"@id":"https:\/\/sulsc.com\/index.php\/2025\/03\/13\/quinta-feira-13-com-tempo-instavel-em-todo-litoral-com-maximas-de-31oc\/#breadcrumb"},"inLanguage":"en-US","potentialAction":[{"@type":"ReadAction","target":["https:\/\/sulsc.com\/index.php\/2025\/03\/13\/quinta-feira-13-com-tempo-instavel-em-todo-litoral-com-maximas-de-31oc\/"]}]},{"@type":"BreadcrumbList","@id":"https:\/\/sulsc.com\/index.php\/2025\/03\/13\/quinta-feira-13-com-tempo-instavel-em-todo-litoral-com-maximas-de-31oc\/#breadcrumb","itemListElement":[{"@type":"ListItem","position":1,"name":"In\u00edcio","item":"https:\/\/sulsc.com\/"},{"@type":"ListItem","position":2,"name":"Quinta-feira (13) com tempo inst\u00e1vel em todo litoral com m\u00e1ximas de 31\u00baC"}]},{"@type":"WebSite","@id":"https:\/\/sulsc.com\/#website","url":"https:\/\/sulsc.com\/","name":"","description":"","potentialAction":[{"@type":"SearchAction","target":{"@type":"EntryPoint","urlTemplate":"https:\/\/sulsc.com\/?s={search_term_string}"},"query-input":"required name=search_term_string"}],"inLanguage":"en-US"},{"@type":"Person","@id":"https:\/\/sulsc.com\/#\/schema\/person\/84d2fc571684f6248ba83092f07750a3","name":"Reda\u00e7\u00e3o Sul SC","image":{"@type":"ImageObject","inLanguage":"en-US","@id":"https:\/\/sulsc.com\/#\/schema\/person\/image\/e08d7fe2cc4ed596372063bbe852b8d0","url":"https:\/\/sulsc.com\/wp-content\/uploads\/2023\/09\/redacao.png","contentUrl":"https:\/\/sulsc.com\/wp-content\/uploads\/2023\/09\/redacao.png","caption":"Reda\u00e7\u00e3o Sul SC"},"description":"Foco em um jornalismo imparcial, voltado \u00e0 qualidade dos seus conte\u00fados e, assim, levar informa\u00e7\u00e3o de valor que agregue \u00e0 vida dos leitores. Esta \u00e9 grande miss\u00e3o do Portal de Not\u00edcias Sul SC. N\u00e3o \u00e9 quantidade que muda o mundo, sempre foi e seguir\u00e1 sendo qualidade!","sameAs":["https:\/\/sulsc.com\/","https:\/\/www.facebook.com\/profile.php?id=61559278119680","https:\/\/www.instagram.com\/sulscportal\/?hl=pt-br","https:\/\/twitter.com\/https:\/\/twitter.com\/PortalSulSC","https:\/\/www.youtube.com\/channel\/UCv_BE8GeySluDov2n8qhVmw"],"url":"https:\/\/sulsc.com\/index.php\/author\/redacao\/"}]}},"authors":[],"_links":{"self":[{"href":"https:\/\/sulsc.com\/index.php\/wp-json\/wp\/v2\/posts\/21235"}],"collection":[{"href":"https:\/\/sulsc.com\/index.php\/wp-json\/wp\/v2\/posts"}],"about":[{"href":"https:\/\/sulsc.com\/index.php\/wp-json\/wp\/v2\/types\/post"}],"author":[{"embeddable":true,"href":"https:\/\/sulsc.com\/index.php\/wp-json\/wp\/v2\/users\/3"}],"replies":[{"embeddable":true,"href":"https:\/\/sulsc.com\/index.php\/wp-json\/wp\/v2\/comments?post=21235"}],"version-history":[{"count":2,"href":"https:\/\/sulsc.com\/index.php\/wp-json\/wp\/v2\/posts\/21235\/revisions"}],"predecessor-version":[{"id":21238,"href":"https:\/\/sulsc.com\/index.php\/wp-json\/wp\/v2\/posts\/21235\/revisions\/21238"}],"wp:featuredmedia":[{"embeddable":true,"href":"https:\/\/sulsc.com\/index.php\/wp-json\/wp\/v2\/media\/14276"}],"wp:attachment":[{"href":"https:\/\/sulsc.com\/index.php\/wp-json\/wp\/v2\/media?parent=21235"}],"wp:term":[{"taxonomy":"category","embeddable":true,"href":"https:\/\/sulsc.com\/index.php\/wp-json\/wp\/v2\/categories?post=21235"},{"taxonomy":"post_tag","embeddable":true,"href":"https:\/\/sulsc.com\/index.php\/wp-json\/wp\/v2\/tags?post=21235"}],"curies":[{"name":"wp","href":"https:\/\/api.w.org\/{rel}","templated":true}]}}