{"id":2128,"date":"2023-10-10T16:00:37","date_gmt":"2023-10-10T19:00:37","guid":{"rendered":"https:\/\/sulsc.com\/?p=2128"},"modified":"2023-10-10T13:55:03","modified_gmt":"2023-10-10T16:55:03","slug":"novo-reservatorio-vai-reforcar-abastecimento-em-laguna-e-pescaria-brava","status":"publish","type":"post","link":"https:\/\/sulsc.com\/index.php\/2023\/10\/10\/novo-reservatorio-vai-reforcar-abastecimento-em-laguna-e-pescaria-brava\/","title":{"rendered":"Novo reservat\u00f3rio vai refor\u00e7ar abastecimento em Laguna e Pescaria Brava"},"content":{"rendered":"<p>A Casan est\u00e1 em fase de testes e acabamentos do novo reservat\u00f3rio Ponta das Laranjeiras.\u00a0O objetivo \u00e9 substituir o reservat\u00f3rio existente de 200 mil litros e aumentar a reserva para a regi\u00e3o, que est\u00e1 em crescimento.<\/p>\n<p>O novo reservat\u00f3rio ter\u00e1 capacidade de 750 mil litros e atender\u00e1 a cidade de Pescaria Brava e os bairros Bananal, Morro Grande e Figueira, no munic\u00edpio de Laguna.<\/p>\n<p>Com investimentos de quase um milh\u00e3o de reais, a previs\u00e3o para in\u00edcio de opera\u00e7\u00e3o \u00e9 a segunda quinzena de novembro. Aproximadamente 2 mil pessoas ser\u00e3o beneficiadas em Laguna e 8 mil em Pescaria Brava.<\/p>\n<p><img fetchpriority=\"high\" decoding=\"async\" class=\"alignnone size-full wp-image-2130\" src=\"http:\/\/sulsc.com\/wp-content\/uploads\/2023\/10\/novo-reservatorio-casan-pescaria-laguna-1.jpeg\" alt=\"\" width=\"1024\" height=\"337\" srcset=\"https:\/\/sulsc.com\/wp-content\/uploads\/2023\/10\/novo-reservatorio-casan-pescaria-laguna-1.jpeg 1024w, https:\/\/sulsc.com\/wp-content\/uploads\/2023\/10\/novo-reservatorio-casan-pescaria-laguna-1-300x99.jpeg 300w, https:\/\/sulsc.com\/wp-content\/uploads\/2023\/10\/novo-reservatorio-casan-pescaria-laguna-1-768x253.jpeg 768w\" sizes=\"(max-width: 1024px) 100vw, 1024px\" \/><\/p>\n<p>Fonte: Pref. Laguna<\/p>\n","protected":false},"excerpt":{"rendered":"<p>A Casan est\u00e1 em fase de testes e acabamentos do novo reservat\u00f3rio Ponta das Laranjeiras.\u00a0O objetivo \u00e9 substituir o reservat\u00f3rio existente de 200 mil litros e aumentar a reserva para a regi\u00e3o, que est\u00e1 em crescimento. O novo reservat\u00f3rio ter\u00e1 capacidade de 750 mil litros e atender\u00e1 a cidade de Pescaria Brava e os bairros &hellip;<\/p>\n<p class=\"read-more\"> <a class=\"\" href=\"https:\/\/sulsc.com\/index.php\/2023\/10\/10\/novo-reservatorio-vai-reforcar-abastecimento-em-laguna-e-pescaria-brava\/\"> <span class=\"screen-reader-text\">Novo reservat\u00f3rio vai refor\u00e7ar abastecimento em Laguna e Pescaria Brava<\/span> Read More &raquo;<\/a><\/p>\n","protected":false},"author":3,"featured_media":2129,"comment_status":"open","ping_status":"open","sticky":false,"template":"","format":"standard","meta":{"site-sidebar-layout":"default","site-content-layout":"","ast-site-content-layout":"default","site-content-style":"default","site-sidebar-style":"default","ast-global-header-display":"","ast-banner-title-visibility":"","ast-main-header-display":"","ast-hfb-above-header-display":"","ast-hfb-below-header-display":"","ast-hfb-mobile-header-display":"","site-post-title":"","ast-breadcrumbs-content":"","ast-featured-img":"","footer-sml-layout":"","theme-transparent-header-meta":"default","adv-header-id-meta":"","stick-header-meta":"","header-above-stick-meta":"","header-main-stick-meta":"","header-below-stick-meta":"","astra-migrate-meta-layouts":"set","footnotes":""},"categories":[1,22],"tags":[],"yoast_head":"<!-- This site is optimized with the Yoast SEO plugin v21.4 - https:\/\/yoast.com\/wordpress\/plugins\/seo\/ -->\n<title>Novo reservat\u00f3rio vai refor\u00e7ar abastecimento em Laguna e Pescaria Brava -<\/title>\n<meta name=\"robots\" content=\"index, follow, max-snippet:-1, max-image-preview:large, max-video-preview:-1\" \/>\n<link rel=\"canonical\" href=\"https:\/\/sulsc.com\/index.php\/2023\/10\/10\/novo-reservatorio-vai-reforcar-abastecimento-em-laguna-e-pescaria-brava\/\" \/>\n<meta property=\"og:locale\" content=\"en_US\" \/>\n<meta property=\"og:type\" content=\"article\" \/>\n<meta property=\"og:title\" content=\"Novo reservat\u00f3rio vai refor\u00e7ar abastecimento em Laguna e Pescaria Brava -\" \/>\n<meta property=\"og:description\" content=\"A Casan est\u00e1 em fase de testes e acabamentos do novo reservat\u00f3rio Ponta das Laranjeiras.\u00a0O objetivo \u00e9 substituir o reservat\u00f3rio existente de 200 mil litros e aumentar a reserva para a regi\u00e3o, que est\u00e1 em crescimento. O novo reservat\u00f3rio ter\u00e1 capacidade de 750 mil litros e atender\u00e1 a cidade de Pescaria Brava e os bairros &hellip; Novo reservat\u00f3rio vai refor\u00e7ar abastecimento em Laguna e Pescaria Brava Read More &raquo;\" \/>\n<meta property=\"og:url\" content=\"https:\/\/sulsc.com\/index.php\/2023\/10\/10\/novo-reservatorio-vai-reforcar-abastecimento-em-laguna-e-pescaria-brava\/\" \/>\n<meta property=\"article:author\" content=\"https:\/\/www.facebook.com\/profile.php?id=61559278119680\" \/>\n<meta property=\"article:published_time\" content=\"2023-10-10T19:00:37+00:00\" \/>\n<meta property=\"article:modified_time\" content=\"2023-10-10T16:55:03+00:00\" \/>\n<meta property=\"og:image\" content=\"https:\/\/sulsc.com\/wp-content\/uploads\/2023\/10\/novo-reservatorio-casan-pescaria-laguna-2.jpeg\" \/>\n\t<meta property=\"og:image:width\" content=\"1024\" \/>\n\t<meta property=\"og:image:height\" content=\"461\" \/>\n\t<meta property=\"og:image:type\" content=\"image\/jpeg\" \/>\n<meta name=\"author\" content=\"Reda\u00e7\u00e3o Sul SC\" \/>\n<meta name=\"twitter:card\" content=\"summary_large_image\" \/>\n<meta name=\"twitter:creator\" content=\"@https:\/\/twitter.com\/PortalSulSC\" \/>\n<meta name=\"twitter:label1\" content=\"Written by\" \/>\n\t<meta name=\"twitter:data1\" content=\"Reda\u00e7\u00e3o Sul SC\" \/>\n\t<meta name=\"twitter:label2\" content=\"Est. reading time\" \/>\n\t<meta name=\"twitter:data2\" content=\"1 minute\" \/>\n<script type=\"application\/ld+json\" class=\"yoast-schema-graph\">{\"@context\":\"https:\/\/schema.org\",\"@graph\":[{\"@type\":\"WebPage\",\"@id\":\"https:\/\/sulsc.com\/index.php\/2023\/10\/10\/novo-reservatorio-vai-reforcar-abastecimento-em-laguna-e-pescaria-brava\/\",\"url\":\"https:\/\/sulsc.com\/index.php\/2023\/10\/10\/novo-reservatorio-vai-reforcar-abastecimento-em-laguna-e-pescaria-brava\/\",\"name\":\"Novo reservat\u00f3rio vai refor\u00e7ar abastecimento em Laguna e Pescaria Brava -\",\"isPartOf\":{\"@id\":\"https:\/\/sulsc.com\/#website\"},\"datePublished\":\"2023-10-10T19:00:37+00:00\",\"dateModified\":\"2023-10-10T16:55:03+00:00\",\"author\":{\"@id\":\"https:\/\/sulsc.com\/#\/schema\/person\/84d2fc571684f6248ba83092f07750a3\"},\"breadcrumb\":{\"@id\":\"https:\/\/sulsc.com\/index.php\/2023\/10\/10\/novo-reservatorio-vai-reforcar-abastecimento-em-laguna-e-pescaria-brava\/#breadcrumb\"},\"inLanguage\":\"en-US\",\"potentialAction\":[{\"@type\":\"ReadAction\",\"target\":[\"https:\/\/sulsc.com\/index.php\/2023\/10\/10\/novo-reservatorio-vai-reforcar-abastecimento-em-laguna-e-pescaria-brava\/\"]}]},{\"@type\":\"BreadcrumbList\",\"@id\":\"https:\/\/sulsc.com\/index.php\/2023\/10\/10\/novo-reservatorio-vai-reforcar-abastecimento-em-laguna-e-pescaria-brava\/#breadcrumb\",\"itemListElement\":[{\"@type\":\"ListItem\",\"position\":1,\"name\":\"In\u00edcio\",\"item\":\"https:\/\/sulsc.com\/\"},{\"@type\":\"ListItem\",\"position\":2,\"name\":\"Novo reservat\u00f3rio vai refor\u00e7ar abastecimento em Laguna e Pescaria Brava\"}]},{\"@type\":\"WebSite\",\"@id\":\"https:\/\/sulsc.com\/#website\",\"url\":\"https:\/\/sulsc.com\/\",\"name\":\"\",\"description\":\"\",\"potentialAction\":[{\"@type\":\"SearchAction\",\"target\":{\"@type\":\"EntryPoint\",\"urlTemplate\":\"https:\/\/sulsc.com\/?s={search_term_string}\"},\"query-input\":\"required name=search_term_string\"}],\"inLanguage\":\"en-US\"},{\"@type\":\"Person\",\"@id\":\"https:\/\/sulsc.com\/#\/schema\/person\/84d2fc571684f6248ba83092f07750a3\",\"name\":\"Reda\u00e7\u00e3o Sul SC\",\"image\":{\"@type\":\"ImageObject\",\"inLanguage\":\"en-US\",\"@id\":\"https:\/\/sulsc.com\/#\/schema\/person\/image\/e08d7fe2cc4ed596372063bbe852b8d0\",\"url\":\"https:\/\/sulsc.com\/wp-content\/uploads\/2023\/09\/redacao.png\",\"contentUrl\":\"https:\/\/sulsc.com\/wp-content\/uploads\/2023\/09\/redacao.png\",\"caption\":\"Reda\u00e7\u00e3o Sul SC\"},\"description\":\"Foco em um jornalismo imparcial, voltado \u00e0 qualidade dos seus conte\u00fados e, assim, levar informa\u00e7\u00e3o de valor que agregue \u00e0 vida dos leitores. Esta \u00e9 grande miss\u00e3o do Portal de Not\u00edcias Sul SC. N\u00e3o \u00e9 quantidade que muda o mundo, sempre foi e seguir\u00e1 sendo qualidade!\",\"sameAs\":[\"https:\/\/sulsc.com\/\",\"https:\/\/www.facebook.com\/profile.php?id=61559278119680\",\"https:\/\/www.instagram.com\/sulscportal\/?hl=pt-br\",\"https:\/\/twitter.com\/https:\/\/twitter.com\/PortalSulSC\",\"https:\/\/www.youtube.com\/channel\/UCv_BE8GeySluDov2n8qhVmw\"],\"url\":\"https:\/\/sulsc.com\/index.php\/author\/redacao\/\"}]}<\/script>\n<!-- \/ Yoast SEO plugin. -->","yoast_head_json":{"title":"Novo reservat\u00f3rio vai refor\u00e7ar abastecimento em Laguna e Pescaria Brava -","robots":{"index":"index","follow":"follow","max-snippet":"max-snippet:-1","max-image-preview":"max-image-preview:large","max-video-preview":"max-video-preview:-1"},"canonical":"https:\/\/sulsc.com\/index.php\/2023\/10\/10\/novo-reservatorio-vai-reforcar-abastecimento-em-laguna-e-pescaria-brava\/","og_locale":"en_US","og_type":"article","og_title":"Novo reservat\u00f3rio vai refor\u00e7ar abastecimento em Laguna e Pescaria Brava -","og_description":"A Casan est\u00e1 em fase de testes e acabamentos do novo reservat\u00f3rio Ponta das Laranjeiras.\u00a0O objetivo \u00e9 substituir o reservat\u00f3rio existente de 200 mil litros e aumentar a reserva para a regi\u00e3o, que est\u00e1 em crescimento. O novo reservat\u00f3rio ter\u00e1 capacidade de 750 mil litros e atender\u00e1 a cidade de Pescaria Brava e os bairros &hellip; Novo reservat\u00f3rio vai refor\u00e7ar abastecimento em Laguna e Pescaria Brava Read More &raquo;","og_url":"https:\/\/sulsc.com\/index.php\/2023\/10\/10\/novo-reservatorio-vai-reforcar-abastecimento-em-laguna-e-pescaria-brava\/","article_author":"https:\/\/www.facebook.com\/profile.php?id=61559278119680","article_published_time":"2023-10-10T19:00:37+00:00","article_modified_time":"2023-10-10T16:55:03+00:00","og_image":[{"width":1024,"height":461,"url":"https:\/\/sulsc.com\/wp-content\/uploads\/2023\/10\/novo-reservatorio-casan-pescaria-laguna-2.jpeg","type":"image\/jpeg"}],"author":"Reda\u00e7\u00e3o Sul SC","twitter_card":"summary_large_image","twitter_creator":"@https:\/\/twitter.com\/PortalSulSC","twitter_misc":{"Written by":"Reda\u00e7\u00e3o Sul SC","Est. reading time":"1 minute"},"schema":{"@context":"https:\/\/schema.org","@graph":[{"@type":"WebPage","@id":"https:\/\/sulsc.com\/index.php\/2023\/10\/10\/novo-reservatorio-vai-reforcar-abastecimento-em-laguna-e-pescaria-brava\/","url":"https:\/\/sulsc.com\/index.php\/2023\/10\/10\/novo-reservatorio-vai-reforcar-abastecimento-em-laguna-e-pescaria-brava\/","name":"Novo reservat\u00f3rio vai refor\u00e7ar abastecimento em Laguna e Pescaria Brava -","isPartOf":{"@id":"https:\/\/sulsc.com\/#website"},"datePublished":"2023-10-10T19:00:37+00:00","dateModified":"2023-10-10T16:55:03+00:00","author":{"@id":"https:\/\/sulsc.com\/#\/schema\/person\/84d2fc571684f6248ba83092f07750a3"},"breadcrumb":{"@id":"https:\/\/sulsc.com\/index.php\/2023\/10\/10\/novo-reservatorio-vai-reforcar-abastecimento-em-laguna-e-pescaria-brava\/#breadcrumb"},"inLanguage":"en-US","potentialAction":[{"@type":"ReadAction","target":["https:\/\/sulsc.com\/index.php\/2023\/10\/10\/novo-reservatorio-vai-reforcar-abastecimento-em-laguna-e-pescaria-brava\/"]}]},{"@type":"BreadcrumbList","@id":"https:\/\/sulsc.com\/index.php\/2023\/10\/10\/novo-reservatorio-vai-reforcar-abastecimento-em-laguna-e-pescaria-brava\/#breadcrumb","itemListElement":[{"@type":"ListItem","position":1,"name":"In\u00edcio","item":"https:\/\/sulsc.com\/"},{"@type":"ListItem","position":2,"name":"Novo reservat\u00f3rio vai refor\u00e7ar abastecimento em Laguna e Pescaria Brava"}]},{"@type":"WebSite","@id":"https:\/\/sulsc.com\/#website","url":"https:\/\/sulsc.com\/","name":"","description":"","potentialAction":[{"@type":"SearchAction","target":{"@type":"EntryPoint","urlTemplate":"https:\/\/sulsc.com\/?s={search_term_string}"},"query-input":"required name=search_term_string"}],"inLanguage":"en-US"},{"@type":"Person","@id":"https:\/\/sulsc.com\/#\/schema\/person\/84d2fc571684f6248ba83092f07750a3","name":"Reda\u00e7\u00e3o Sul SC","image":{"@type":"ImageObject","inLanguage":"en-US","@id":"https:\/\/sulsc.com\/#\/schema\/person\/image\/e08d7fe2cc4ed596372063bbe852b8d0","url":"https:\/\/sulsc.com\/wp-content\/uploads\/2023\/09\/redacao.png","contentUrl":"https:\/\/sulsc.com\/wp-content\/uploads\/2023\/09\/redacao.png","caption":"Reda\u00e7\u00e3o Sul SC"},"description":"Foco em um jornalismo imparcial, voltado \u00e0 qualidade dos seus conte\u00fados e, assim, levar informa\u00e7\u00e3o de valor que agregue \u00e0 vida dos leitores. Esta \u00e9 grande miss\u00e3o do Portal de Not\u00edcias Sul SC. N\u00e3o \u00e9 quantidade que muda o mundo, sempre foi e seguir\u00e1 sendo qualidade!","sameAs":["https:\/\/sulsc.com\/","https:\/\/www.facebook.com\/profile.php?id=61559278119680","https:\/\/www.instagram.com\/sulscportal\/?hl=pt-br","https:\/\/twitter.com\/https:\/\/twitter.com\/PortalSulSC","https:\/\/www.youtube.com\/channel\/UCv_BE8GeySluDov2n8qhVmw"],"url":"https:\/\/sulsc.com\/index.php\/author\/redacao\/"}]}},"authors":[],"_links":{"self":[{"href":"https:\/\/sulsc.com\/index.php\/wp-json\/wp\/v2\/posts\/2128"}],"collection":[{"href":"https:\/\/sulsc.com\/index.php\/wp-json\/wp\/v2\/posts"}],"about":[{"href":"https:\/\/sulsc.com\/index.php\/wp-json\/wp\/v2\/types\/post"}],"author":[{"embeddable":true,"href":"https:\/\/sulsc.com\/index.php\/wp-json\/wp\/v2\/users\/3"}],"replies":[{"embeddable":true,"href":"https:\/\/sulsc.com\/index.php\/wp-json\/wp\/v2\/comments?post=2128"}],"version-history":[{"count":1,"href":"https:\/\/sulsc.com\/index.php\/wp-json\/wp\/v2\/posts\/2128\/revisions"}],"predecessor-version":[{"id":2131,"href":"https:\/\/sulsc.com\/index.php\/wp-json\/wp\/v2\/posts\/2128\/revisions\/2131"}],"wp:featuredmedia":[{"embeddable":true,"href":"https:\/\/sulsc.com\/index.php\/wp-json\/wp\/v2\/media\/2129"}],"wp:attachment":[{"href":"https:\/\/sulsc.com\/index.php\/wp-json\/wp\/v2\/media?parent=2128"}],"wp:term":[{"taxonomy":"category","embeddable":true,"href":"https:\/\/sulsc.com\/index.php\/wp-json\/wp\/v2\/categories?post=2128"},{"taxonomy":"post_tag","embeddable":true,"href":"https:\/\/sulsc.com\/index.php\/wp-json\/wp\/v2\/tags?post=2128"}],"curies":[{"name":"wp","href":"https:\/\/api.w.org\/{rel}","templated":true}]}}