{"id":21316,"date":"2025-03-15T08:18:02","date_gmt":"2025-03-15T11:18:02","guid":{"rendered":"https:\/\/sulsc.com\/?p=21316"},"modified":"2025-03-15T08:19:51","modified_gmt":"2025-03-15T11:19:51","slug":"sabado-15-com-tempo-firme-com-maximas-entre-13oc-a-20oc","status":"publish","type":"post","link":"https:\/\/sulsc.com\/index.php\/2025\/03\/15\/sabado-15-com-tempo-firme-com-maximas-entre-13oc-a-20oc\/","title":{"rendered":"S\u00e1bado (15) com tempo firme com m\u00e1ximas entre 13\u00baC \u00e1 20\u00baC"},"content":{"rendered":"<p>Tempo firme em v\u00e1rias regi\u00f5es do estado, especialmente a partir da tarde entre o Oeste e o Litoral Sul neste s\u00e1bado (15). Entre as \u00e1reas serranas do Meio-Oeste, Planaltos, Grd. Florian\u00f3polis e Vale do Itaja\u00ed, o dia ainda ser\u00e1 marcado muitas nuvens e chuvas fracas ocasionais, sem risco para ocorr\u00eancias meteorol\u00f3gicas associadas.<\/p>\n<p><strong>Temperaturas<\/strong><\/p>\n<p>Pela manh\u00e3, as temperaturas oscilam entre 8\u00b0C e 13\u00b0C no Planalto Sul e de 13\u00b0C a 20\u00b0C nas demais regi\u00f5es. Durante a tarde, as temperaturas variam entre 23\u00b0C e 27\u00b0C na maioria das \u00e1reas, podendo passar dos 30\u00b0C no Oeste.<\/p>\n<p><img fetchpriority=\"high\" decoding=\"async\" class=\"aligncenter size-full wp-image-21317\" src=\"http:\/\/sulsc.com\/wp-content\/uploads\/2025\/03\/A1-2.png\" alt=\"\" width=\"1651\" height=\"1126\" srcset=\"https:\/\/sulsc.com\/wp-content\/uploads\/2025\/03\/A1-2.png 1651w, https:\/\/sulsc.com\/wp-content\/uploads\/2025\/03\/A1-2-300x205.png 300w, https:\/\/sulsc.com\/wp-content\/uploads\/2025\/03\/A1-2-1024x698.png 1024w, https:\/\/sulsc.com\/wp-content\/uploads\/2025\/03\/A1-2-768x524.png 768w, https:\/\/sulsc.com\/wp-content\/uploads\/2025\/03\/A1-2-1536x1048.png 1536w\" sizes=\"(max-width: 1651px) 100vw, 1651px\" \/><\/p>\n<p><img decoding=\"async\" class=\"aligncenter wp-image-17436\" src=\"http:\/\/sulsc.com\/wp-content\/uploads\/2024\/11\/Tempo-2.png\" alt=\"\" width=\"614\" height=\"113\" srcset=\"https:\/\/sulsc.com\/wp-content\/uploads\/2024\/11\/Tempo-2.png 1024w, https:\/\/sulsc.com\/wp-content\/uploads\/2024\/11\/Tempo-2-300x55.png 300w, https:\/\/sulsc.com\/wp-content\/uploads\/2024\/11\/Tempo-2-768x142.png 768w\" sizes=\"(max-width: 614px) 100vw, 614px\" \/><\/p>\n<p>O mar segue mais agitado entre o Litoral Sul e Grd. Florian\u00f3polis com ondas de sul pr\u00f3ximas dos 2m a 2,5m oferecendo risco moderado para ocorr\u00eancias associadas. Amanh\u00e3 domingo (16), o dia come\u00e7a com maior nebulosidade e nevoeiros pontuais entre o Meio-Oeste e o Planalto Norte e com predom\u00ednio de sol nas demais regi\u00f5es. As temperaturas no litoral sul ficam entre 15\u00b0C e 19\u00b0C.<\/p>\n<p>Fonte\/Defesa Civil SC<\/p>\n","protected":false},"excerpt":{"rendered":"<p>Tempo firme em v\u00e1rias regi\u00f5es do estado, especialmente a partir da tarde entre o Oeste e o Litoral Sul neste s\u00e1bado (15). Entre as \u00e1reas serranas do Meio-Oeste, Planaltos, Grd. Florian\u00f3polis e Vale do Itaja\u00ed, o dia ainda ser\u00e1 marcado muitas nuvens e chuvas fracas ocasionais, sem risco para ocorr\u00eancias meteorol\u00f3gicas associadas. Temperaturas Pela manh\u00e3, &hellip;<\/p>\n<p class=\"read-more\"> <a class=\"\" href=\"https:\/\/sulsc.com\/index.php\/2025\/03\/15\/sabado-15-com-tempo-firme-com-maximas-entre-13oc-a-20oc\/\"> <span class=\"screen-reader-text\">S\u00e1bado (15) com tempo firme com m\u00e1ximas entre 13\u00baC \u00e1 20\u00baC<\/span> Read More &raquo;<\/a><\/p>\n","protected":false},"author":3,"featured_media":21318,"comment_status":"open","ping_status":"open","sticky":false,"template":"","format":"standard","meta":{"site-sidebar-layout":"default","site-content-layout":"","ast-site-content-layout":"default","site-content-style":"default","site-sidebar-style":"default","ast-global-header-display":"","ast-banner-title-visibility":"","ast-main-header-display":"","ast-hfb-above-header-display":"","ast-hfb-below-header-display":"","ast-hfb-mobile-header-display":"","site-post-title":"","ast-breadcrumbs-content":"","ast-featured-img":"","footer-sml-layout":"","theme-transparent-header-meta":"default","adv-header-id-meta":"","stick-header-meta":"","header-above-stick-meta":"","header-main-stick-meta":"","header-below-stick-meta":"","astra-migrate-meta-layouts":"set","footnotes":""},"categories":[38],"tags":[90],"yoast_head":"<!-- This site is optimized with the Yoast SEO plugin v21.4 - https:\/\/yoast.com\/wordpress\/plugins\/seo\/ -->\n<title>S\u00e1bado (15) com tempo firme com m\u00e1ximas entre 13\u00baC \u00e1 20\u00baC -<\/title>\n<meta name=\"description\" content=\"O mar segue mais agitado entre o Litoral Sul e Grande Florian\u00f3polis com ondas de sul pr\u00f3ximas dos 2m a 2,5m oferecendo risco moderado\" \/>\n<meta name=\"robots\" content=\"index, follow, max-snippet:-1, max-image-preview:large, max-video-preview:-1\" \/>\n<link rel=\"canonical\" href=\"https:\/\/sulsc.com\/index.php\/2025\/03\/15\/sabado-15-com-tempo-firme-com-maximas-entre-13oc-a-20oc\/\" \/>\n<meta property=\"og:locale\" content=\"en_US\" \/>\n<meta property=\"og:type\" content=\"article\" \/>\n<meta property=\"og:title\" content=\"S\u00e1bado (15) com tempo firme com m\u00e1ximas entre 13\u00baC \u00e1 20\u00baC -\" \/>\n<meta property=\"og:description\" content=\"O mar segue mais agitado entre o Litoral Sul e Grande Florian\u00f3polis com ondas de sul pr\u00f3ximas dos 2m a 2,5m oferecendo risco moderado\" \/>\n<meta property=\"og:url\" content=\"https:\/\/sulsc.com\/index.php\/2025\/03\/15\/sabado-15-com-tempo-firme-com-maximas-entre-13oc-a-20oc\/\" \/>\n<meta property=\"article:author\" content=\"https:\/\/www.facebook.com\/profile.php?id=61559278119680\" \/>\n<meta property=\"article:published_time\" content=\"2025-03-15T11:18:02+00:00\" \/>\n<meta property=\"article:modified_time\" content=\"2025-03-15T11:19:51+00:00\" \/>\n<meta property=\"og:image\" content=\"http:\/\/sulsc.com\/wp-content\/uploads\/2025\/03\/Previ.jpg\" \/>\n\t<meta property=\"og:image:width\" content=\"1600\" \/>\n\t<meta property=\"og:image:height\" content=\"719\" \/>\n\t<meta property=\"og:image:type\" content=\"image\/jpeg\" \/>\n<meta name=\"author\" content=\"Reda\u00e7\u00e3o Sul SC\" \/>\n<meta name=\"twitter:card\" content=\"summary_large_image\" \/>\n<meta name=\"twitter:creator\" content=\"@https:\/\/twitter.com\/PortalSulSC\" \/>\n<meta name=\"twitter:label1\" content=\"Written by\" \/>\n\t<meta name=\"twitter:data1\" content=\"Reda\u00e7\u00e3o Sul SC\" \/>\n\t<meta name=\"twitter:label2\" content=\"Est. reading time\" \/>\n\t<meta name=\"twitter:data2\" content=\"2 minutes\" \/>\n<script type=\"application\/ld+json\" class=\"yoast-schema-graph\">{\"@context\":\"https:\/\/schema.org\",\"@graph\":[{\"@type\":\"WebPage\",\"@id\":\"https:\/\/sulsc.com\/index.php\/2025\/03\/15\/sabado-15-com-tempo-firme-com-maximas-entre-13oc-a-20oc\/\",\"url\":\"https:\/\/sulsc.com\/index.php\/2025\/03\/15\/sabado-15-com-tempo-firme-com-maximas-entre-13oc-a-20oc\/\",\"name\":\"S\u00e1bado (15) com tempo firme com m\u00e1ximas entre 13\u00baC \u00e1 20\u00baC -\",\"isPartOf\":{\"@id\":\"https:\/\/sulsc.com\/#website\"},\"datePublished\":\"2025-03-15T11:18:02+00:00\",\"dateModified\":\"2025-03-15T11:19:51+00:00\",\"author\":{\"@id\":\"https:\/\/sulsc.com\/#\/schema\/person\/84d2fc571684f6248ba83092f07750a3\"},\"description\":\"O mar segue mais agitado entre o Litoral Sul e Grande Florian\u00f3polis com ondas de sul pr\u00f3ximas dos 2m a 2,5m oferecendo risco moderado\",\"breadcrumb\":{\"@id\":\"https:\/\/sulsc.com\/index.php\/2025\/03\/15\/sabado-15-com-tempo-firme-com-maximas-entre-13oc-a-20oc\/#breadcrumb\"},\"inLanguage\":\"en-US\",\"potentialAction\":[{\"@type\":\"ReadAction\",\"target\":[\"https:\/\/sulsc.com\/index.php\/2025\/03\/15\/sabado-15-com-tempo-firme-com-maximas-entre-13oc-a-20oc\/\"]}]},{\"@type\":\"BreadcrumbList\",\"@id\":\"https:\/\/sulsc.com\/index.php\/2025\/03\/15\/sabado-15-com-tempo-firme-com-maximas-entre-13oc-a-20oc\/#breadcrumb\",\"itemListElement\":[{\"@type\":\"ListItem\",\"position\":1,\"name\":\"In\u00edcio\",\"item\":\"https:\/\/sulsc.com\/\"},{\"@type\":\"ListItem\",\"position\":2,\"name\":\"S\u00e1bado (15) com tempo firme com m\u00e1ximas entre 13\u00baC \u00e1 20\u00baC\"}]},{\"@type\":\"WebSite\",\"@id\":\"https:\/\/sulsc.com\/#website\",\"url\":\"https:\/\/sulsc.com\/\",\"name\":\"\",\"description\":\"\",\"potentialAction\":[{\"@type\":\"SearchAction\",\"target\":{\"@type\":\"EntryPoint\",\"urlTemplate\":\"https:\/\/sulsc.com\/?s={search_term_string}\"},\"query-input\":\"required name=search_term_string\"}],\"inLanguage\":\"en-US\"},{\"@type\":\"Person\",\"@id\":\"https:\/\/sulsc.com\/#\/schema\/person\/84d2fc571684f6248ba83092f07750a3\",\"name\":\"Reda\u00e7\u00e3o Sul SC\",\"image\":{\"@type\":\"ImageObject\",\"inLanguage\":\"en-US\",\"@id\":\"https:\/\/sulsc.com\/#\/schema\/person\/image\/e08d7fe2cc4ed596372063bbe852b8d0\",\"url\":\"https:\/\/sulsc.com\/wp-content\/uploads\/2023\/09\/redacao.png\",\"contentUrl\":\"https:\/\/sulsc.com\/wp-content\/uploads\/2023\/09\/redacao.png\",\"caption\":\"Reda\u00e7\u00e3o Sul SC\"},\"description\":\"Foco em um jornalismo imparcial, voltado \u00e0 qualidade dos seus conte\u00fados e, assim, levar informa\u00e7\u00e3o de valor que agregue \u00e0 vida dos leitores. Esta \u00e9 grande miss\u00e3o do Portal de Not\u00edcias Sul SC. N\u00e3o \u00e9 quantidade que muda o mundo, sempre foi e seguir\u00e1 sendo qualidade!\",\"sameAs\":[\"https:\/\/sulsc.com\/\",\"https:\/\/www.facebook.com\/profile.php?id=61559278119680\",\"https:\/\/www.instagram.com\/sulscportal\/?hl=pt-br\",\"https:\/\/twitter.com\/https:\/\/twitter.com\/PortalSulSC\",\"https:\/\/www.youtube.com\/channel\/UCv_BE8GeySluDov2n8qhVmw\"],\"url\":\"https:\/\/sulsc.com\/index.php\/author\/redacao\/\"}]}<\/script>\n<!-- \/ Yoast SEO plugin. -->","yoast_head_json":{"title":"S\u00e1bado (15) com tempo firme com m\u00e1ximas entre 13\u00baC \u00e1 20\u00baC -","description":"O mar segue mais agitado entre o Litoral Sul e Grande Florian\u00f3polis com ondas de sul pr\u00f3ximas dos 2m a 2,5m oferecendo risco moderado","robots":{"index":"index","follow":"follow","max-snippet":"max-snippet:-1","max-image-preview":"max-image-preview:large","max-video-preview":"max-video-preview:-1"},"canonical":"https:\/\/sulsc.com\/index.php\/2025\/03\/15\/sabado-15-com-tempo-firme-com-maximas-entre-13oc-a-20oc\/","og_locale":"en_US","og_type":"article","og_title":"S\u00e1bado (15) com tempo firme com m\u00e1ximas entre 13\u00baC \u00e1 20\u00baC -","og_description":"O mar segue mais agitado entre o Litoral Sul e Grande Florian\u00f3polis com ondas de sul pr\u00f3ximas dos 2m a 2,5m oferecendo risco moderado","og_url":"https:\/\/sulsc.com\/index.php\/2025\/03\/15\/sabado-15-com-tempo-firme-com-maximas-entre-13oc-a-20oc\/","article_author":"https:\/\/www.facebook.com\/profile.php?id=61559278119680","article_published_time":"2025-03-15T11:18:02+00:00","article_modified_time":"2025-03-15T11:19:51+00:00","og_image":[{"width":1600,"height":719,"url":"http:\/\/sulsc.com\/wp-content\/uploads\/2025\/03\/Previ.jpg","type":"image\/jpeg"}],"author":"Reda\u00e7\u00e3o Sul SC","twitter_card":"summary_large_image","twitter_creator":"@https:\/\/twitter.com\/PortalSulSC","twitter_misc":{"Written by":"Reda\u00e7\u00e3o Sul SC","Est. reading time":"2 minutes"},"schema":{"@context":"https:\/\/schema.org","@graph":[{"@type":"WebPage","@id":"https:\/\/sulsc.com\/index.php\/2025\/03\/15\/sabado-15-com-tempo-firme-com-maximas-entre-13oc-a-20oc\/","url":"https:\/\/sulsc.com\/index.php\/2025\/03\/15\/sabado-15-com-tempo-firme-com-maximas-entre-13oc-a-20oc\/","name":"S\u00e1bado (15) com tempo firme com m\u00e1ximas entre 13\u00baC \u00e1 20\u00baC -","isPartOf":{"@id":"https:\/\/sulsc.com\/#website"},"datePublished":"2025-03-15T11:18:02+00:00","dateModified":"2025-03-15T11:19:51+00:00","author":{"@id":"https:\/\/sulsc.com\/#\/schema\/person\/84d2fc571684f6248ba83092f07750a3"},"description":"O mar segue mais agitado entre o Litoral Sul e Grande Florian\u00f3polis com ondas de sul pr\u00f3ximas dos 2m a 2,5m oferecendo risco moderado","breadcrumb":{"@id":"https:\/\/sulsc.com\/index.php\/2025\/03\/15\/sabado-15-com-tempo-firme-com-maximas-entre-13oc-a-20oc\/#breadcrumb"},"inLanguage":"en-US","potentialAction":[{"@type":"ReadAction","target":["https:\/\/sulsc.com\/index.php\/2025\/03\/15\/sabado-15-com-tempo-firme-com-maximas-entre-13oc-a-20oc\/"]}]},{"@type":"BreadcrumbList","@id":"https:\/\/sulsc.com\/index.php\/2025\/03\/15\/sabado-15-com-tempo-firme-com-maximas-entre-13oc-a-20oc\/#breadcrumb","itemListElement":[{"@type":"ListItem","position":1,"name":"In\u00edcio","item":"https:\/\/sulsc.com\/"},{"@type":"ListItem","position":2,"name":"S\u00e1bado (15) com tempo firme com m\u00e1ximas entre 13\u00baC \u00e1 20\u00baC"}]},{"@type":"WebSite","@id":"https:\/\/sulsc.com\/#website","url":"https:\/\/sulsc.com\/","name":"","description":"","potentialAction":[{"@type":"SearchAction","target":{"@type":"EntryPoint","urlTemplate":"https:\/\/sulsc.com\/?s={search_term_string}"},"query-input":"required name=search_term_string"}],"inLanguage":"en-US"},{"@type":"Person","@id":"https:\/\/sulsc.com\/#\/schema\/person\/84d2fc571684f6248ba83092f07750a3","name":"Reda\u00e7\u00e3o Sul SC","image":{"@type":"ImageObject","inLanguage":"en-US","@id":"https:\/\/sulsc.com\/#\/schema\/person\/image\/e08d7fe2cc4ed596372063bbe852b8d0","url":"https:\/\/sulsc.com\/wp-content\/uploads\/2023\/09\/redacao.png","contentUrl":"https:\/\/sulsc.com\/wp-content\/uploads\/2023\/09\/redacao.png","caption":"Reda\u00e7\u00e3o Sul SC"},"description":"Foco em um jornalismo imparcial, voltado \u00e0 qualidade dos seus conte\u00fados e, assim, levar informa\u00e7\u00e3o de valor que agregue \u00e0 vida dos leitores. Esta \u00e9 grande miss\u00e3o do Portal de Not\u00edcias Sul SC. N\u00e3o \u00e9 quantidade que muda o mundo, sempre foi e seguir\u00e1 sendo qualidade!","sameAs":["https:\/\/sulsc.com\/","https:\/\/www.facebook.com\/profile.php?id=61559278119680","https:\/\/www.instagram.com\/sulscportal\/?hl=pt-br","https:\/\/twitter.com\/https:\/\/twitter.com\/PortalSulSC","https:\/\/www.youtube.com\/channel\/UCv_BE8GeySluDov2n8qhVmw"],"url":"https:\/\/sulsc.com\/index.php\/author\/redacao\/"}]}},"authors":[],"_links":{"self":[{"href":"https:\/\/sulsc.com\/index.php\/wp-json\/wp\/v2\/posts\/21316"}],"collection":[{"href":"https:\/\/sulsc.com\/index.php\/wp-json\/wp\/v2\/posts"}],"about":[{"href":"https:\/\/sulsc.com\/index.php\/wp-json\/wp\/v2\/types\/post"}],"author":[{"embeddable":true,"href":"https:\/\/sulsc.com\/index.php\/wp-json\/wp\/v2\/users\/3"}],"replies":[{"embeddable":true,"href":"https:\/\/sulsc.com\/index.php\/wp-json\/wp\/v2\/comments?post=21316"}],"version-history":[{"count":3,"href":"https:\/\/sulsc.com\/index.php\/wp-json\/wp\/v2\/posts\/21316\/revisions"}],"predecessor-version":[{"id":21321,"href":"https:\/\/sulsc.com\/index.php\/wp-json\/wp\/v2\/posts\/21316\/revisions\/21321"}],"wp:featuredmedia":[{"embeddable":true,"href":"https:\/\/sulsc.com\/index.php\/wp-json\/wp\/v2\/media\/21318"}],"wp:attachment":[{"href":"https:\/\/sulsc.com\/index.php\/wp-json\/wp\/v2\/media?parent=21316"}],"wp:term":[{"taxonomy":"category","embeddable":true,"href":"https:\/\/sulsc.com\/index.php\/wp-json\/wp\/v2\/categories?post=21316"},{"taxonomy":"post_tag","embeddable":true,"href":"https:\/\/sulsc.com\/index.php\/wp-json\/wp\/v2\/tags?post=21316"}],"curies":[{"name":"wp","href":"https:\/\/api.w.org\/{rel}","templated":true}]}}