{"id":21351,"date":"2025-03-16T09:10:51","date_gmt":"2025-03-16T12:10:51","guid":{"rendered":"https:\/\/sulsc.com\/?p=21351"},"modified":"2025-03-16T09:10:51","modified_gmt":"2025-03-16T12:10:51","slug":"tubarao-tera-maxima-de-27c-neste-domingo-16","status":"publish","type":"post","link":"https:\/\/sulsc.com\/index.php\/2025\/03\/16\/tubarao-tera-maxima-de-27c-neste-domingo-16\/","title":{"rendered":"Tubar\u00e3o ter\u00e1 m\u00e1xima de 27\u00b0C neste domingo (16)"},"content":{"rendered":"<p>O domingo (16) ser\u00e1 marcado por tempo inst\u00e1vel em Santa Catarina, com previs\u00e3o de nebulosidade, chuva e temperaturas elevadas em diversas regi\u00f5es. Uma \u00e1rea de baixa press\u00e3o favorecer\u00e1 a ocorr\u00eancia de pancadas de chuva e temporais isolados entre o Meio-Oeste e o litoral, especialmente nas \u00e1reas de divisa com o Paran\u00e1.<\/p>\n<p><img fetchpriority=\"high\" decoding=\"async\" class=\"wp-image-21352 alignleft\" src=\"http:\/\/sulsc.com\/wp-content\/uploads\/2025\/03\/1466769-scaled-1.jpg\" alt=\"\" width=\"493\" height=\"329\" srcset=\"https:\/\/sulsc.com\/wp-content\/uploads\/2025\/03\/1466769-scaled-1.jpg 2560w, https:\/\/sulsc.com\/wp-content\/uploads\/2025\/03\/1466769-scaled-1-300x200.jpg 300w, https:\/\/sulsc.com\/wp-content\/uploads\/2025\/03\/1466769-scaled-1-1024x683.jpg 1024w, https:\/\/sulsc.com\/wp-content\/uploads\/2025\/03\/1466769-scaled-1-768x512.jpg 768w, https:\/\/sulsc.com\/wp-content\/uploads\/2025\/03\/1466769-scaled-1-1536x1025.jpg 1536w, https:\/\/sulsc.com\/wp-content\/uploads\/2025\/03\/1466769-scaled-1-2048x1366.jpg 2048w\" sizes=\"(max-width: 493px) 100vw, 493px\" \/><\/p>\n<p>As temperaturas variam entre 9\u00b0C e 16\u00b0C no amanhecer, com exce\u00e7\u00e3o do litoral, onde oscilam entre 15\u00b0C e 20\u00b0C. \u00c0 tarde, as temperaturas podem chegar a 34\u00b0C no Oeste.<\/p>\n<p>Em Tubar\u00e3o, o dia amanheceu com m\u00ednima de 16\u00b0C e pode chegar aos 27\u00b0C neste domingo.<\/p>\n","protected":false},"excerpt":{"rendered":"<p>O domingo (16) ser\u00e1 marcado por tempo inst\u00e1vel em Santa Catarina, com previs\u00e3o de nebulosidade, chuva e temperaturas elevadas em diversas regi\u00f5es. Uma \u00e1rea de baixa press\u00e3o favorecer\u00e1 a ocorr\u00eancia de pancadas de chuva e temporais isolados entre o Meio-Oeste e o litoral, especialmente nas \u00e1reas de divisa com o Paran\u00e1. As temperaturas variam entre &hellip;<\/p>\n<p class=\"read-more\"> <a class=\"\" href=\"https:\/\/sulsc.com\/index.php\/2025\/03\/16\/tubarao-tera-maxima-de-27c-neste-domingo-16\/\"> <span class=\"screen-reader-text\">Tubar\u00e3o ter\u00e1 m\u00e1xima de 27\u00b0C neste domingo (16)<\/span> Read More &raquo;<\/a><\/p>\n","protected":false},"author":3,"featured_media":21352,"comment_status":"open","ping_status":"open","sticky":false,"template":"","format":"standard","meta":{"site-sidebar-layout":"default","site-content-layout":"","ast-site-content-layout":"default","site-content-style":"default","site-sidebar-style":"default","ast-global-header-display":"","ast-banner-title-visibility":"","ast-main-header-display":"","ast-hfb-above-header-display":"","ast-hfb-below-header-display":"","ast-hfb-mobile-header-display":"","site-post-title":"","ast-breadcrumbs-content":"","ast-featured-img":"","footer-sml-layout":"","theme-transparent-header-meta":"default","adv-header-id-meta":"","stick-header-meta":"","header-above-stick-meta":"","header-main-stick-meta":"","header-below-stick-meta":"","astra-migrate-meta-layouts":"set","footnotes":""},"categories":[38],"tags":[90],"yoast_head":"<!-- This site is optimized with the Yoast SEO plugin v21.4 - https:\/\/yoast.com\/wordpress\/plugins\/seo\/ -->\n<title>Tubar\u00e3o ter\u00e1 m\u00e1xima de 27\u00b0C neste domingo (16) -<\/title>\n<meta name=\"robots\" content=\"index, follow, max-snippet:-1, max-image-preview:large, max-video-preview:-1\" \/>\n<link rel=\"canonical\" href=\"https:\/\/sulsc.com\/index.php\/2025\/03\/16\/tubarao-tera-maxima-de-27c-neste-domingo-16\/\" \/>\n<meta property=\"og:locale\" content=\"en_US\" \/>\n<meta property=\"og:type\" content=\"article\" \/>\n<meta property=\"og:title\" content=\"Tubar\u00e3o ter\u00e1 m\u00e1xima de 27\u00b0C neste domingo (16) -\" \/>\n<meta property=\"og:description\" content=\"O domingo (16) ser\u00e1 marcado por tempo inst\u00e1vel em Santa Catarina, com previs\u00e3o de nebulosidade, chuva e temperaturas elevadas em diversas regi\u00f5es. Uma \u00e1rea de baixa press\u00e3o favorecer\u00e1 a ocorr\u00eancia de pancadas de chuva e temporais isolados entre o Meio-Oeste e o litoral, especialmente nas \u00e1reas de divisa com o Paran\u00e1. As temperaturas variam entre &hellip; Tubar\u00e3o ter\u00e1 m\u00e1xima de 27\u00b0C neste domingo (16) Read More &raquo;\" \/>\n<meta property=\"og:url\" content=\"https:\/\/sulsc.com\/index.php\/2025\/03\/16\/tubarao-tera-maxima-de-27c-neste-domingo-16\/\" \/>\n<meta property=\"article:author\" content=\"https:\/\/www.facebook.com\/profile.php?id=61559278119680\" \/>\n<meta property=\"article:published_time\" content=\"2025-03-16T12:10:51+00:00\" \/>\n<meta property=\"og:image\" content=\"http:\/\/sulsc.com\/wp-content\/uploads\/2025\/03\/1466769-scaled-1.jpg\" \/>\n\t<meta property=\"og:image:width\" content=\"2560\" \/>\n\t<meta property=\"og:image:height\" content=\"1708\" \/>\n\t<meta property=\"og:image:type\" content=\"image\/jpeg\" \/>\n<meta name=\"author\" content=\"Reda\u00e7\u00e3o Sul SC\" \/>\n<meta name=\"twitter:card\" content=\"summary_large_image\" \/>\n<meta name=\"twitter:creator\" content=\"@https:\/\/twitter.com\/PortalSulSC\" \/>\n<meta name=\"twitter:label1\" content=\"Written by\" \/>\n\t<meta name=\"twitter:data1\" content=\"Reda\u00e7\u00e3o Sul SC\" \/>\n\t<meta name=\"twitter:label2\" content=\"Est. reading time\" \/>\n\t<meta name=\"twitter:data2\" content=\"1 minute\" \/>\n<script type=\"application\/ld+json\" class=\"yoast-schema-graph\">{\"@context\":\"https:\/\/schema.org\",\"@graph\":[{\"@type\":\"WebPage\",\"@id\":\"https:\/\/sulsc.com\/index.php\/2025\/03\/16\/tubarao-tera-maxima-de-27c-neste-domingo-16\/\",\"url\":\"https:\/\/sulsc.com\/index.php\/2025\/03\/16\/tubarao-tera-maxima-de-27c-neste-domingo-16\/\",\"name\":\"Tubar\u00e3o ter\u00e1 m\u00e1xima de 27\u00b0C neste domingo (16) -\",\"isPartOf\":{\"@id\":\"https:\/\/sulsc.com\/#website\"},\"datePublished\":\"2025-03-16T12:10:51+00:00\",\"dateModified\":\"2025-03-16T12:10:51+00:00\",\"author\":{\"@id\":\"https:\/\/sulsc.com\/#\/schema\/person\/84d2fc571684f6248ba83092f07750a3\"},\"breadcrumb\":{\"@id\":\"https:\/\/sulsc.com\/index.php\/2025\/03\/16\/tubarao-tera-maxima-de-27c-neste-domingo-16\/#breadcrumb\"},\"inLanguage\":\"en-US\",\"potentialAction\":[{\"@type\":\"ReadAction\",\"target\":[\"https:\/\/sulsc.com\/index.php\/2025\/03\/16\/tubarao-tera-maxima-de-27c-neste-domingo-16\/\"]}]},{\"@type\":\"BreadcrumbList\",\"@id\":\"https:\/\/sulsc.com\/index.php\/2025\/03\/16\/tubarao-tera-maxima-de-27c-neste-domingo-16\/#breadcrumb\",\"itemListElement\":[{\"@type\":\"ListItem\",\"position\":1,\"name\":\"In\u00edcio\",\"item\":\"https:\/\/sulsc.com\/\"},{\"@type\":\"ListItem\",\"position\":2,\"name\":\"Tubar\u00e3o ter\u00e1 m\u00e1xima de 27\u00b0C neste domingo (16)\"}]},{\"@type\":\"WebSite\",\"@id\":\"https:\/\/sulsc.com\/#website\",\"url\":\"https:\/\/sulsc.com\/\",\"name\":\"\",\"description\":\"\",\"potentialAction\":[{\"@type\":\"SearchAction\",\"target\":{\"@type\":\"EntryPoint\",\"urlTemplate\":\"https:\/\/sulsc.com\/?s={search_term_string}\"},\"query-input\":\"required name=search_term_string\"}],\"inLanguage\":\"en-US\"},{\"@type\":\"Person\",\"@id\":\"https:\/\/sulsc.com\/#\/schema\/person\/84d2fc571684f6248ba83092f07750a3\",\"name\":\"Reda\u00e7\u00e3o Sul SC\",\"image\":{\"@type\":\"ImageObject\",\"inLanguage\":\"en-US\",\"@id\":\"https:\/\/sulsc.com\/#\/schema\/person\/image\/e08d7fe2cc4ed596372063bbe852b8d0\",\"url\":\"https:\/\/sulsc.com\/wp-content\/uploads\/2023\/09\/redacao.png\",\"contentUrl\":\"https:\/\/sulsc.com\/wp-content\/uploads\/2023\/09\/redacao.png\",\"caption\":\"Reda\u00e7\u00e3o Sul SC\"},\"description\":\"Foco em um jornalismo imparcial, voltado \u00e0 qualidade dos seus conte\u00fados e, assim, levar informa\u00e7\u00e3o de valor que agregue \u00e0 vida dos leitores. Esta \u00e9 grande miss\u00e3o do Portal de Not\u00edcias Sul SC. N\u00e3o \u00e9 quantidade que muda o mundo, sempre foi e seguir\u00e1 sendo qualidade!\",\"sameAs\":[\"https:\/\/sulsc.com\/\",\"https:\/\/www.facebook.com\/profile.php?id=61559278119680\",\"https:\/\/www.instagram.com\/sulscportal\/?hl=pt-br\",\"https:\/\/twitter.com\/https:\/\/twitter.com\/PortalSulSC\",\"https:\/\/www.youtube.com\/channel\/UCv_BE8GeySluDov2n8qhVmw\"],\"url\":\"https:\/\/sulsc.com\/index.php\/author\/redacao\/\"}]}<\/script>\n<!-- \/ Yoast SEO plugin. -->","yoast_head_json":{"title":"Tubar\u00e3o ter\u00e1 m\u00e1xima de 27\u00b0C neste domingo (16) -","robots":{"index":"index","follow":"follow","max-snippet":"max-snippet:-1","max-image-preview":"max-image-preview:large","max-video-preview":"max-video-preview:-1"},"canonical":"https:\/\/sulsc.com\/index.php\/2025\/03\/16\/tubarao-tera-maxima-de-27c-neste-domingo-16\/","og_locale":"en_US","og_type":"article","og_title":"Tubar\u00e3o ter\u00e1 m\u00e1xima de 27\u00b0C neste domingo (16) -","og_description":"O domingo (16) ser\u00e1 marcado por tempo inst\u00e1vel em Santa Catarina, com previs\u00e3o de nebulosidade, chuva e temperaturas elevadas em diversas regi\u00f5es. Uma \u00e1rea de baixa press\u00e3o favorecer\u00e1 a ocorr\u00eancia de pancadas de chuva e temporais isolados entre o Meio-Oeste e o litoral, especialmente nas \u00e1reas de divisa com o Paran\u00e1. As temperaturas variam entre &hellip; Tubar\u00e3o ter\u00e1 m\u00e1xima de 27\u00b0C neste domingo (16) Read More &raquo;","og_url":"https:\/\/sulsc.com\/index.php\/2025\/03\/16\/tubarao-tera-maxima-de-27c-neste-domingo-16\/","article_author":"https:\/\/www.facebook.com\/profile.php?id=61559278119680","article_published_time":"2025-03-16T12:10:51+00:00","og_image":[{"width":2560,"height":1708,"url":"http:\/\/sulsc.com\/wp-content\/uploads\/2025\/03\/1466769-scaled-1.jpg","type":"image\/jpeg"}],"author":"Reda\u00e7\u00e3o Sul SC","twitter_card":"summary_large_image","twitter_creator":"@https:\/\/twitter.com\/PortalSulSC","twitter_misc":{"Written by":"Reda\u00e7\u00e3o Sul SC","Est. reading time":"1 minute"},"schema":{"@context":"https:\/\/schema.org","@graph":[{"@type":"WebPage","@id":"https:\/\/sulsc.com\/index.php\/2025\/03\/16\/tubarao-tera-maxima-de-27c-neste-domingo-16\/","url":"https:\/\/sulsc.com\/index.php\/2025\/03\/16\/tubarao-tera-maxima-de-27c-neste-domingo-16\/","name":"Tubar\u00e3o ter\u00e1 m\u00e1xima de 27\u00b0C neste domingo (16) -","isPartOf":{"@id":"https:\/\/sulsc.com\/#website"},"datePublished":"2025-03-16T12:10:51+00:00","dateModified":"2025-03-16T12:10:51+00:00","author":{"@id":"https:\/\/sulsc.com\/#\/schema\/person\/84d2fc571684f6248ba83092f07750a3"},"breadcrumb":{"@id":"https:\/\/sulsc.com\/index.php\/2025\/03\/16\/tubarao-tera-maxima-de-27c-neste-domingo-16\/#breadcrumb"},"inLanguage":"en-US","potentialAction":[{"@type":"ReadAction","target":["https:\/\/sulsc.com\/index.php\/2025\/03\/16\/tubarao-tera-maxima-de-27c-neste-domingo-16\/"]}]},{"@type":"BreadcrumbList","@id":"https:\/\/sulsc.com\/index.php\/2025\/03\/16\/tubarao-tera-maxima-de-27c-neste-domingo-16\/#breadcrumb","itemListElement":[{"@type":"ListItem","position":1,"name":"In\u00edcio","item":"https:\/\/sulsc.com\/"},{"@type":"ListItem","position":2,"name":"Tubar\u00e3o ter\u00e1 m\u00e1xima de 27\u00b0C neste domingo (16)"}]},{"@type":"WebSite","@id":"https:\/\/sulsc.com\/#website","url":"https:\/\/sulsc.com\/","name":"","description":"","potentialAction":[{"@type":"SearchAction","target":{"@type":"EntryPoint","urlTemplate":"https:\/\/sulsc.com\/?s={search_term_string}"},"query-input":"required name=search_term_string"}],"inLanguage":"en-US"},{"@type":"Person","@id":"https:\/\/sulsc.com\/#\/schema\/person\/84d2fc571684f6248ba83092f07750a3","name":"Reda\u00e7\u00e3o Sul SC","image":{"@type":"ImageObject","inLanguage":"en-US","@id":"https:\/\/sulsc.com\/#\/schema\/person\/image\/e08d7fe2cc4ed596372063bbe852b8d0","url":"https:\/\/sulsc.com\/wp-content\/uploads\/2023\/09\/redacao.png","contentUrl":"https:\/\/sulsc.com\/wp-content\/uploads\/2023\/09\/redacao.png","caption":"Reda\u00e7\u00e3o Sul SC"},"description":"Foco em um jornalismo imparcial, voltado \u00e0 qualidade dos seus conte\u00fados e, assim, levar informa\u00e7\u00e3o de valor que agregue \u00e0 vida dos leitores. Esta \u00e9 grande miss\u00e3o do Portal de Not\u00edcias Sul SC. N\u00e3o \u00e9 quantidade que muda o mundo, sempre foi e seguir\u00e1 sendo qualidade!","sameAs":["https:\/\/sulsc.com\/","https:\/\/www.facebook.com\/profile.php?id=61559278119680","https:\/\/www.instagram.com\/sulscportal\/?hl=pt-br","https:\/\/twitter.com\/https:\/\/twitter.com\/PortalSulSC","https:\/\/www.youtube.com\/channel\/UCv_BE8GeySluDov2n8qhVmw"],"url":"https:\/\/sulsc.com\/index.php\/author\/redacao\/"}]}},"authors":[],"_links":{"self":[{"href":"https:\/\/sulsc.com\/index.php\/wp-json\/wp\/v2\/posts\/21351"}],"collection":[{"href":"https:\/\/sulsc.com\/index.php\/wp-json\/wp\/v2\/posts"}],"about":[{"href":"https:\/\/sulsc.com\/index.php\/wp-json\/wp\/v2\/types\/post"}],"author":[{"embeddable":true,"href":"https:\/\/sulsc.com\/index.php\/wp-json\/wp\/v2\/users\/3"}],"replies":[{"embeddable":true,"href":"https:\/\/sulsc.com\/index.php\/wp-json\/wp\/v2\/comments?post=21351"}],"version-history":[{"count":1,"href":"https:\/\/sulsc.com\/index.php\/wp-json\/wp\/v2\/posts\/21351\/revisions"}],"predecessor-version":[{"id":21353,"href":"https:\/\/sulsc.com\/index.php\/wp-json\/wp\/v2\/posts\/21351\/revisions\/21353"}],"wp:featuredmedia":[{"embeddable":true,"href":"https:\/\/sulsc.com\/index.php\/wp-json\/wp\/v2\/media\/21352"}],"wp:attachment":[{"href":"https:\/\/sulsc.com\/index.php\/wp-json\/wp\/v2\/media?parent=21351"}],"wp:term":[{"taxonomy":"category","embeddable":true,"href":"https:\/\/sulsc.com\/index.php\/wp-json\/wp\/v2\/categories?post=21351"},{"taxonomy":"post_tag","embeddable":true,"href":"https:\/\/sulsc.com\/index.php\/wp-json\/wp\/v2\/tags?post=21351"}],"curies":[{"name":"wp","href":"https:\/\/api.w.org\/{rel}","templated":true}]}}