{"id":21370,"date":"2025-03-17T07:26:06","date_gmt":"2025-03-17T10:26:06","guid":{"rendered":"https:\/\/sulsc.com\/?p=21370"},"modified":"2025-03-17T07:29:33","modified_gmt":"2025-03-17T10:29:33","slug":"segunda-feira-17-ensolarada-e-temperaturas-amenas","status":"publish","type":"post","link":"https:\/\/sulsc.com\/index.php\/2025\/03\/17\/segunda-feira-17-ensolarada-e-temperaturas-amenas\/","title":{"rendered":"Segunda-feira (17) ensolarada e temperaturas amenas"},"content":{"rendered":"<p>O dia come\u00e7a com predom\u00ednio de sol em todas as regi\u00f5es nesta segunda-feira (17), mas a instabilidade volta a aumentar em todo estado, devido ao calor, umidade e \u00e1reas de baixa press\u00e3o, dando condi\u00e7\u00f5es para o desenvolvimento de temporais isolados entre a tarde e \u00e0 noite.<\/p>\n<p><img fetchpriority=\"high\" decoding=\"async\" class=\"aligncenter size-full wp-image-21373\" src=\"http:\/\/sulsc.com\/wp-content\/uploads\/2025\/03\/2-2.png\" alt=\"\" width=\"1651\" height=\"1132\" srcset=\"https:\/\/sulsc.com\/wp-content\/uploads\/2025\/03\/2-2.png 1651w, https:\/\/sulsc.com\/wp-content\/uploads\/2025\/03\/2-2-300x206.png 300w, https:\/\/sulsc.com\/wp-content\/uploads\/2025\/03\/2-2-1024x702.png 1024w, https:\/\/sulsc.com\/wp-content\/uploads\/2025\/03\/2-2-768x527.png 768w, https:\/\/sulsc.com\/wp-content\/uploads\/2025\/03\/2-2-1536x1053.png 1536w\" sizes=\"(max-width: 1651px) 100vw, 1651px\" \/><\/p>\n<p><img decoding=\"async\" class=\"aligncenter wp-image-17436\" src=\"http:\/\/sulsc.com\/wp-content\/uploads\/2024\/11\/Tempo-2.png\" alt=\"\" width=\"576\" height=\"106\" srcset=\"https:\/\/sulsc.com\/wp-content\/uploads\/2024\/11\/Tempo-2.png 1024w, https:\/\/sulsc.com\/wp-content\/uploads\/2024\/11\/Tempo-2-300x55.png 300w, https:\/\/sulsc.com\/wp-content\/uploads\/2024\/11\/Tempo-2-768x142.png 768w\" sizes=\"(max-width: 576px) 100vw, 576px\" \/><\/p>\n<p><strong>Temperaturas<\/strong><\/p>\n<p>No amanhecer, as temperaturas variam entre 9\u00b0C e 15\u00b0C nos Planaltos, Meio-Oeste e \u00e1reas Serranas. Durante a tarde, as temperaturas variam entre 27\u00b0C e 32\u00b0C na maioria das regi\u00f5es, podendo chegar a 35\u00b0C no Grande Oeste.<\/p>\n<p><strong>Risco meteorol\u00f3gico<\/strong><\/p>\n<p>O risco \u00e9 baixo a moderado para ocorr\u00eancias meteorol\u00f3gicas. Na Grande Florian\u00f3polis e Litoral Norte, h\u00e1 condi\u00e7\u00f5es para chuva fraca e esparsa entre a tarde e in\u00edcio da noite.<\/p>\n<p>Fonte\/Defesa Civil SC<\/p>\n","protected":false},"excerpt":{"rendered":"<p>O dia come\u00e7a com predom\u00ednio de sol em todas as regi\u00f5es nesta segunda-feira (17), mas a instabilidade volta a aumentar em todo estado, devido ao calor, umidade e \u00e1reas de baixa press\u00e3o, dando condi\u00e7\u00f5es para o desenvolvimento de temporais isolados entre a tarde e \u00e0 noite. Temperaturas No amanhecer, as temperaturas variam entre 9\u00b0C e &hellip;<\/p>\n<p class=\"read-more\"> <a class=\"\" href=\"https:\/\/sulsc.com\/index.php\/2025\/03\/17\/segunda-feira-17-ensolarada-e-temperaturas-amenas\/\"> <span class=\"screen-reader-text\">Segunda-feira (17) ensolarada e temperaturas amenas<\/span> Read More &raquo;<\/a><\/p>\n","protected":false},"author":3,"featured_media":21375,"comment_status":"open","ping_status":"open","sticky":false,"template":"","format":"standard","meta":{"site-sidebar-layout":"default","site-content-layout":"","ast-site-content-layout":"default","site-content-style":"default","site-sidebar-style":"default","ast-global-header-display":"","ast-banner-title-visibility":"","ast-main-header-display":"","ast-hfb-above-header-display":"","ast-hfb-below-header-display":"","ast-hfb-mobile-header-display":"","site-post-title":"","ast-breadcrumbs-content":"","ast-featured-img":"","footer-sml-layout":"","theme-transparent-header-meta":"default","adv-header-id-meta":"","stick-header-meta":"","header-above-stick-meta":"","header-main-stick-meta":"","header-below-stick-meta":"","astra-migrate-meta-layouts":"set","footnotes":""},"categories":[38],"tags":[90],"yoast_head":"<!-- This site is optimized with the Yoast SEO plugin v21.4 - https:\/\/yoast.com\/wordpress\/plugins\/seo\/ -->\n<title>Segunda-feira (17) ensolarada e temperaturas amenas -<\/title>\n<meta name=\"description\" content=\"Temperaturas variam entre 27\u00b0C e 32\u00b0C na maioria das regi\u00f5es e de risco baixo a moderado para ocorr\u00eancias meteorol\u00f3gicas\" \/>\n<meta name=\"robots\" content=\"index, follow, max-snippet:-1, max-image-preview:large, max-video-preview:-1\" \/>\n<link rel=\"canonical\" href=\"https:\/\/sulsc.com\/index.php\/2025\/03\/17\/segunda-feira-17-ensolarada-e-temperaturas-amenas\/\" \/>\n<meta property=\"og:locale\" content=\"en_US\" \/>\n<meta property=\"og:type\" content=\"article\" \/>\n<meta property=\"og:title\" content=\"Segunda-feira (17) ensolarada e temperaturas amenas -\" \/>\n<meta property=\"og:description\" content=\"Temperaturas variam entre 27\u00b0C e 32\u00b0C na maioria das regi\u00f5es e de risco baixo a moderado para ocorr\u00eancias meteorol\u00f3gicas\" \/>\n<meta property=\"og:url\" content=\"https:\/\/sulsc.com\/index.php\/2025\/03\/17\/segunda-feira-17-ensolarada-e-temperaturas-amenas\/\" \/>\n<meta property=\"article:author\" content=\"https:\/\/www.facebook.com\/profile.php?id=61559278119680\" \/>\n<meta property=\"article:published_time\" content=\"2025-03-17T10:26:06+00:00\" \/>\n<meta property=\"article:modified_time\" content=\"2025-03-17T10:29:33+00:00\" \/>\n<meta property=\"og:image\" content=\"http:\/\/sulsc.com\/wp-content\/uploads\/2025\/03\/1f108c15-8ccd-48a0-92aa-f3d0d612711f.jpg\" \/>\n\t<meta property=\"og:image:width\" content=\"1080\" \/>\n\t<meta property=\"og:image:height\" content=\"1318\" \/>\n\t<meta property=\"og:image:type\" content=\"image\/jpeg\" \/>\n<meta name=\"author\" content=\"Reda\u00e7\u00e3o Sul SC\" \/>\n<meta name=\"twitter:card\" content=\"summary_large_image\" \/>\n<meta name=\"twitter:creator\" content=\"@https:\/\/twitter.com\/PortalSulSC\" \/>\n<meta name=\"twitter:label1\" content=\"Written by\" \/>\n\t<meta name=\"twitter:data1\" content=\"Reda\u00e7\u00e3o Sul SC\" \/>\n\t<meta name=\"twitter:label2\" content=\"Est. reading time\" \/>\n\t<meta name=\"twitter:data2\" content=\"1 minute\" \/>\n<script type=\"application\/ld+json\" class=\"yoast-schema-graph\">{\"@context\":\"https:\/\/schema.org\",\"@graph\":[{\"@type\":\"WebPage\",\"@id\":\"https:\/\/sulsc.com\/index.php\/2025\/03\/17\/segunda-feira-17-ensolarada-e-temperaturas-amenas\/\",\"url\":\"https:\/\/sulsc.com\/index.php\/2025\/03\/17\/segunda-feira-17-ensolarada-e-temperaturas-amenas\/\",\"name\":\"Segunda-feira (17) ensolarada e temperaturas amenas -\",\"isPartOf\":{\"@id\":\"https:\/\/sulsc.com\/#website\"},\"datePublished\":\"2025-03-17T10:26:06+00:00\",\"dateModified\":\"2025-03-17T10:29:33+00:00\",\"author\":{\"@id\":\"https:\/\/sulsc.com\/#\/schema\/person\/84d2fc571684f6248ba83092f07750a3\"},\"description\":\"Temperaturas variam entre 27\u00b0C e 32\u00b0C na maioria das regi\u00f5es e de risco baixo a moderado para ocorr\u00eancias meteorol\u00f3gicas\",\"breadcrumb\":{\"@id\":\"https:\/\/sulsc.com\/index.php\/2025\/03\/17\/segunda-feira-17-ensolarada-e-temperaturas-amenas\/#breadcrumb\"},\"inLanguage\":\"en-US\",\"potentialAction\":[{\"@type\":\"ReadAction\",\"target\":[\"https:\/\/sulsc.com\/index.php\/2025\/03\/17\/segunda-feira-17-ensolarada-e-temperaturas-amenas\/\"]}]},{\"@type\":\"BreadcrumbList\",\"@id\":\"https:\/\/sulsc.com\/index.php\/2025\/03\/17\/segunda-feira-17-ensolarada-e-temperaturas-amenas\/#breadcrumb\",\"itemListElement\":[{\"@type\":\"ListItem\",\"position\":1,\"name\":\"In\u00edcio\",\"item\":\"https:\/\/sulsc.com\/\"},{\"@type\":\"ListItem\",\"position\":2,\"name\":\"Segunda-feira (17) ensolarada e temperaturas amenas\"}]},{\"@type\":\"WebSite\",\"@id\":\"https:\/\/sulsc.com\/#website\",\"url\":\"https:\/\/sulsc.com\/\",\"name\":\"\",\"description\":\"\",\"potentialAction\":[{\"@type\":\"SearchAction\",\"target\":{\"@type\":\"EntryPoint\",\"urlTemplate\":\"https:\/\/sulsc.com\/?s={search_term_string}\"},\"query-input\":\"required name=search_term_string\"}],\"inLanguage\":\"en-US\"},{\"@type\":\"Person\",\"@id\":\"https:\/\/sulsc.com\/#\/schema\/person\/84d2fc571684f6248ba83092f07750a3\",\"name\":\"Reda\u00e7\u00e3o Sul SC\",\"image\":{\"@type\":\"ImageObject\",\"inLanguage\":\"en-US\",\"@id\":\"https:\/\/sulsc.com\/#\/schema\/person\/image\/e08d7fe2cc4ed596372063bbe852b8d0\",\"url\":\"https:\/\/sulsc.com\/wp-content\/uploads\/2023\/09\/redacao.png\",\"contentUrl\":\"https:\/\/sulsc.com\/wp-content\/uploads\/2023\/09\/redacao.png\",\"caption\":\"Reda\u00e7\u00e3o Sul SC\"},\"description\":\"Foco em um jornalismo imparcial, voltado \u00e0 qualidade dos seus conte\u00fados e, assim, levar informa\u00e7\u00e3o de valor que agregue \u00e0 vida dos leitores. Esta \u00e9 grande miss\u00e3o do Portal de Not\u00edcias Sul SC. N\u00e3o \u00e9 quantidade que muda o mundo, sempre foi e seguir\u00e1 sendo qualidade!\",\"sameAs\":[\"https:\/\/sulsc.com\/\",\"https:\/\/www.facebook.com\/profile.php?id=61559278119680\",\"https:\/\/www.instagram.com\/sulscportal\/?hl=pt-br\",\"https:\/\/twitter.com\/https:\/\/twitter.com\/PortalSulSC\",\"https:\/\/www.youtube.com\/channel\/UCv_BE8GeySluDov2n8qhVmw\"],\"url\":\"https:\/\/sulsc.com\/index.php\/author\/redacao\/\"}]}<\/script>\n<!-- \/ Yoast SEO plugin. -->","yoast_head_json":{"title":"Segunda-feira (17) ensolarada e temperaturas amenas -","description":"Temperaturas variam entre 27\u00b0C e 32\u00b0C na maioria das regi\u00f5es e de risco baixo a moderado para ocorr\u00eancias meteorol\u00f3gicas","robots":{"index":"index","follow":"follow","max-snippet":"max-snippet:-1","max-image-preview":"max-image-preview:large","max-video-preview":"max-video-preview:-1"},"canonical":"https:\/\/sulsc.com\/index.php\/2025\/03\/17\/segunda-feira-17-ensolarada-e-temperaturas-amenas\/","og_locale":"en_US","og_type":"article","og_title":"Segunda-feira (17) ensolarada e temperaturas amenas -","og_description":"Temperaturas variam entre 27\u00b0C e 32\u00b0C na maioria das regi\u00f5es e de risco baixo a moderado para ocorr\u00eancias meteorol\u00f3gicas","og_url":"https:\/\/sulsc.com\/index.php\/2025\/03\/17\/segunda-feira-17-ensolarada-e-temperaturas-amenas\/","article_author":"https:\/\/www.facebook.com\/profile.php?id=61559278119680","article_published_time":"2025-03-17T10:26:06+00:00","article_modified_time":"2025-03-17T10:29:33+00:00","og_image":[{"width":1080,"height":1318,"url":"http:\/\/sulsc.com\/wp-content\/uploads\/2025\/03\/1f108c15-8ccd-48a0-92aa-f3d0d612711f.jpg","type":"image\/jpeg"}],"author":"Reda\u00e7\u00e3o Sul SC","twitter_card":"summary_large_image","twitter_creator":"@https:\/\/twitter.com\/PortalSulSC","twitter_misc":{"Written by":"Reda\u00e7\u00e3o Sul SC","Est. reading time":"1 minute"},"schema":{"@context":"https:\/\/schema.org","@graph":[{"@type":"WebPage","@id":"https:\/\/sulsc.com\/index.php\/2025\/03\/17\/segunda-feira-17-ensolarada-e-temperaturas-amenas\/","url":"https:\/\/sulsc.com\/index.php\/2025\/03\/17\/segunda-feira-17-ensolarada-e-temperaturas-amenas\/","name":"Segunda-feira (17) ensolarada e temperaturas amenas -","isPartOf":{"@id":"https:\/\/sulsc.com\/#website"},"datePublished":"2025-03-17T10:26:06+00:00","dateModified":"2025-03-17T10:29:33+00:00","author":{"@id":"https:\/\/sulsc.com\/#\/schema\/person\/84d2fc571684f6248ba83092f07750a3"},"description":"Temperaturas variam entre 27\u00b0C e 32\u00b0C na maioria das regi\u00f5es e de risco baixo a moderado para ocorr\u00eancias meteorol\u00f3gicas","breadcrumb":{"@id":"https:\/\/sulsc.com\/index.php\/2025\/03\/17\/segunda-feira-17-ensolarada-e-temperaturas-amenas\/#breadcrumb"},"inLanguage":"en-US","potentialAction":[{"@type":"ReadAction","target":["https:\/\/sulsc.com\/index.php\/2025\/03\/17\/segunda-feira-17-ensolarada-e-temperaturas-amenas\/"]}]},{"@type":"BreadcrumbList","@id":"https:\/\/sulsc.com\/index.php\/2025\/03\/17\/segunda-feira-17-ensolarada-e-temperaturas-amenas\/#breadcrumb","itemListElement":[{"@type":"ListItem","position":1,"name":"In\u00edcio","item":"https:\/\/sulsc.com\/"},{"@type":"ListItem","position":2,"name":"Segunda-feira (17) ensolarada e temperaturas amenas"}]},{"@type":"WebSite","@id":"https:\/\/sulsc.com\/#website","url":"https:\/\/sulsc.com\/","name":"","description":"","potentialAction":[{"@type":"SearchAction","target":{"@type":"EntryPoint","urlTemplate":"https:\/\/sulsc.com\/?s={search_term_string}"},"query-input":"required name=search_term_string"}],"inLanguage":"en-US"},{"@type":"Person","@id":"https:\/\/sulsc.com\/#\/schema\/person\/84d2fc571684f6248ba83092f07750a3","name":"Reda\u00e7\u00e3o Sul SC","image":{"@type":"ImageObject","inLanguage":"en-US","@id":"https:\/\/sulsc.com\/#\/schema\/person\/image\/e08d7fe2cc4ed596372063bbe852b8d0","url":"https:\/\/sulsc.com\/wp-content\/uploads\/2023\/09\/redacao.png","contentUrl":"https:\/\/sulsc.com\/wp-content\/uploads\/2023\/09\/redacao.png","caption":"Reda\u00e7\u00e3o Sul SC"},"description":"Foco em um jornalismo imparcial, voltado \u00e0 qualidade dos seus conte\u00fados e, assim, levar informa\u00e7\u00e3o de valor que agregue \u00e0 vida dos leitores. Esta \u00e9 grande miss\u00e3o do Portal de Not\u00edcias Sul SC. N\u00e3o \u00e9 quantidade que muda o mundo, sempre foi e seguir\u00e1 sendo qualidade!","sameAs":["https:\/\/sulsc.com\/","https:\/\/www.facebook.com\/profile.php?id=61559278119680","https:\/\/www.instagram.com\/sulscportal\/?hl=pt-br","https:\/\/twitter.com\/https:\/\/twitter.com\/PortalSulSC","https:\/\/www.youtube.com\/channel\/UCv_BE8GeySluDov2n8qhVmw"],"url":"https:\/\/sulsc.com\/index.php\/author\/redacao\/"}]}},"authors":[],"_links":{"self":[{"href":"https:\/\/sulsc.com\/index.php\/wp-json\/wp\/v2\/posts\/21370"}],"collection":[{"href":"https:\/\/sulsc.com\/index.php\/wp-json\/wp\/v2\/posts"}],"about":[{"href":"https:\/\/sulsc.com\/index.php\/wp-json\/wp\/v2\/types\/post"}],"author":[{"embeddable":true,"href":"https:\/\/sulsc.com\/index.php\/wp-json\/wp\/v2\/users\/3"}],"replies":[{"embeddable":true,"href":"https:\/\/sulsc.com\/index.php\/wp-json\/wp\/v2\/comments?post=21370"}],"version-history":[{"count":3,"href":"https:\/\/sulsc.com\/index.php\/wp-json\/wp\/v2\/posts\/21370\/revisions"}],"predecessor-version":[{"id":21374,"href":"https:\/\/sulsc.com\/index.php\/wp-json\/wp\/v2\/posts\/21370\/revisions\/21374"}],"wp:featuredmedia":[{"embeddable":true,"href":"https:\/\/sulsc.com\/index.php\/wp-json\/wp\/v2\/media\/21375"}],"wp:attachment":[{"href":"https:\/\/sulsc.com\/index.php\/wp-json\/wp\/v2\/media?parent=21370"}],"wp:term":[{"taxonomy":"category","embeddable":true,"href":"https:\/\/sulsc.com\/index.php\/wp-json\/wp\/v2\/categories?post=21370"},{"taxonomy":"post_tag","embeddable":true,"href":"https:\/\/sulsc.com\/index.php\/wp-json\/wp\/v2\/tags?post=21370"}],"curies":[{"name":"wp","href":"https:\/\/api.w.org\/{rel}","templated":true}]}}