{"id":21389,"date":"2025-03-17T08:52:59","date_gmt":"2025-03-17T11:52:59","guid":{"rendered":"https:\/\/sulsc.com\/?p=21389"},"modified":"2025-03-17T08:52:59","modified_gmt":"2025-03-17T11:52:59","slug":"menino-de-8-anos-leva-choque-eletrico-apos-linha-de-pipa-romper-fio-de-alta-tensao","status":"publish","type":"post","link":"https:\/\/sulsc.com\/index.php\/2025\/03\/17\/menino-de-8-anos-leva-choque-eletrico-apos-linha-de-pipa-romper-fio-de-alta-tensao\/","title":{"rendered":"Menino de 8 anos leva choque el\u00e9trico ap\u00f3s linha de pipa romper fio de alta tens\u00e3o"},"content":{"rendered":"<div id=\"chunk-5fvgf\">\n<div class=\"mc-column content-text active-extra-styles \" data-block-type=\"unstyled\" data-block-weight=\"43\" data-block-id=\"2\">\n<p class=\" content-text__container \" data-track-category=\"Link no Texto\" data-track-links=\"\" data-mrf-recirculation=\"Mat\u00e9ria - Links no Texto\">Um menino de 8 anos levou um choque el\u00e9trico enquanto soltava pipa em Itaja\u00ed, no Litoral Norte de Santa Catarina. Ele brincava com outras crian\u00e7as quando a\u00a0linha se enroscou em uma rede de alta tens\u00e3o e arrebentou o fio<strong>,\u00a0<\/strong>segundo a Pol\u00edcia Militar.<\/p>\n<\/div>\n<\/div>\n<div class=\"wall protected-content\">\n<div id=\"chunk-81vl3\">\n<div class=\"mc-column content-text active-extra-styles \" data-block-type=\"unstyled\" data-block-weight=\"27\" data-block-id=\"4\">\n<p class=\" content-text__container \" data-track-category=\"Link no Texto\" data-track-links=\"\" data-mrf-recirculation=\"Mat\u00e9ria - Links no Texto\"><span class=\"highlight highlighted\">A crian\u00e7a foi internada em estado grave na Unidade de Tratamento Intensivo (UTI). <\/span>Os pais dele tentaram intervir e tamb\u00e9m tiveram ferimentos no corpo e cabe\u00e7a.<\/p>\n<figure id=\"attachment_21390\" aria-describedby=\"caption-attachment-21390\" style=\"width: 679px\" class=\"wp-caption aligncenter\"><img fetchpriority=\"high\" decoding=\"async\" class=\" wp-image-21390\" src=\"http:\/\/sulsc.com\/wp-content\/uploads\/2025\/03\/fotos-nd-12-800x600-1.jpg\" alt=\"\" width=\"679\" height=\"509\" srcset=\"https:\/\/sulsc.com\/wp-content\/uploads\/2025\/03\/fotos-nd-12-800x600-1.jpg 800w, https:\/\/sulsc.com\/wp-content\/uploads\/2025\/03\/fotos-nd-12-800x600-1-300x225.jpg 300w, https:\/\/sulsc.com\/wp-content\/uploads\/2025\/03\/fotos-nd-12-800x600-1-768x576.jpg 768w\" sizes=\"(max-width: 679px) 100vw, 679px\" \/><figcaption id=\"caption-attachment-21390\" class=\"wp-caption-text\">Foto: PMSC<\/figcaption><\/figure>\n<\/div>\n<\/div>\n<div id=\"chunk-ber0h\">\n<div class=\"mc-column content-text active-extra-styles \" data-block-type=\"unstyled\" data-block-weight=\"72\" data-block-id=\"5\">\n<p class=\" content-text__container \" data-track-category=\"Link no Texto\" data-track-links=\"\" data-mrf-recirculation=\"Mat\u00e9ria - Links no Texto\">Conforme a PM, o caso ocorreu no bairro S\u00e3o Vicente, por volta das 15h de s\u00e1bado (15). O menino brincava com outras crian\u00e7as de pipa, quando o fio arrebentou e o atingiu. Ao perceber a descarga el\u00e9trica, o pai tentou puxar o filho pelo bra\u00e7o e tamb\u00e9m levou um choque. O mesmo ocorreu com a m\u00e3e. O menino ficou em estado grave e foi levado \u00e0 UTI do hospital Pequeno Anjo.<\/p>\n<\/div>\n<\/div>\n<\/div>\n","protected":false},"excerpt":{"rendered":"<p>Um menino de 8 anos levou um choque el\u00e9trico enquanto soltava pipa em Itaja\u00ed, no Litoral Norte de Santa Catarina. Ele brincava com outras crian\u00e7as quando a\u00a0linha se enroscou em uma rede de alta tens\u00e3o e arrebentou o fio,\u00a0segundo a Pol\u00edcia Militar. A crian\u00e7a foi internada em estado grave na Unidade de Tratamento Intensivo (UTI). &hellip;<\/p>\n<p class=\"read-more\"> <a class=\"\" href=\"https:\/\/sulsc.com\/index.php\/2025\/03\/17\/menino-de-8-anos-leva-choque-eletrico-apos-linha-de-pipa-romper-fio-de-alta-tensao\/\"> <span class=\"screen-reader-text\">Menino de 8 anos leva choque el\u00e9trico ap\u00f3s linha de pipa romper fio de alta tens\u00e3o<\/span> Read More &raquo;<\/a><\/p>\n","protected":false},"author":3,"featured_media":21390,"comment_status":"open","ping_status":"open","sticky":false,"template":"","format":"standard","meta":{"site-sidebar-layout":"default","site-content-layout":"","ast-site-content-layout":"default","site-content-style":"default","site-sidebar-style":"default","ast-global-header-display":"","ast-banner-title-visibility":"","ast-main-header-display":"","ast-hfb-above-header-display":"","ast-hfb-below-header-display":"","ast-hfb-mobile-header-display":"","site-post-title":"","ast-breadcrumbs-content":"","ast-featured-img":"","footer-sml-layout":"","theme-transparent-header-meta":"default","adv-header-id-meta":"","stick-header-meta":"","header-above-stick-meta":"","header-main-stick-meta":"","header-below-stick-meta":"","astra-migrate-meta-layouts":"set","footnotes":""},"categories":[8],"tags":[2213,1714,2212],"yoast_head":"<!-- This site is optimized with the Yoast SEO plugin v21.4 - https:\/\/yoast.com\/wordpress\/plugins\/seo\/ -->\n<title>Menino de 8 anos leva choque el\u00e9trico ap\u00f3s linha de pipa romper fio de alta tens\u00e3o -<\/title>\n<meta name=\"robots\" content=\"index, follow, max-snippet:-1, max-image-preview:large, max-video-preview:-1\" \/>\n<link rel=\"canonical\" href=\"https:\/\/sulsc.com\/index.php\/2025\/03\/17\/menino-de-8-anos-leva-choque-eletrico-apos-linha-de-pipa-romper-fio-de-alta-tensao\/\" \/>\n<meta property=\"og:locale\" content=\"en_US\" \/>\n<meta property=\"og:type\" content=\"article\" \/>\n<meta property=\"og:title\" content=\"Menino de 8 anos leva choque el\u00e9trico ap\u00f3s linha de pipa romper fio de alta tens\u00e3o -\" \/>\n<meta property=\"og:description\" content=\"Um menino de 8 anos levou um choque el\u00e9trico enquanto soltava pipa em Itaja\u00ed, no Litoral Norte de Santa Catarina. Ele brincava com outras crian\u00e7as quando a\u00a0linha se enroscou em uma rede de alta tens\u00e3o e arrebentou o fio,\u00a0segundo a Pol\u00edcia Militar. A crian\u00e7a foi internada em estado grave na Unidade de Tratamento Intensivo (UTI). &hellip; Menino de 8 anos leva choque el\u00e9trico ap\u00f3s linha de pipa romper fio de alta tens\u00e3o Read More &raquo;\" \/>\n<meta property=\"og:url\" content=\"https:\/\/sulsc.com\/index.php\/2025\/03\/17\/menino-de-8-anos-leva-choque-eletrico-apos-linha-de-pipa-romper-fio-de-alta-tensao\/\" \/>\n<meta property=\"article:author\" content=\"https:\/\/www.facebook.com\/profile.php?id=61559278119680\" \/>\n<meta property=\"article:published_time\" content=\"2025-03-17T11:52:59+00:00\" \/>\n<meta property=\"og:image\" content=\"http:\/\/sulsc.com\/wp-content\/uploads\/2025\/03\/fotos-nd-12-800x600-1.jpg\" \/>\n\t<meta property=\"og:image:width\" content=\"800\" \/>\n\t<meta property=\"og:image:height\" content=\"600\" \/>\n\t<meta property=\"og:image:type\" content=\"image\/jpeg\" \/>\n<meta name=\"author\" content=\"Reda\u00e7\u00e3o Sul SC\" \/>\n<meta name=\"twitter:card\" content=\"summary_large_image\" \/>\n<meta name=\"twitter:creator\" content=\"@https:\/\/twitter.com\/PortalSulSC\" \/>\n<meta name=\"twitter:label1\" content=\"Written by\" \/>\n\t<meta name=\"twitter:data1\" content=\"Reda\u00e7\u00e3o Sul SC\" \/>\n\t<meta name=\"twitter:label2\" content=\"Est. reading time\" \/>\n\t<meta name=\"twitter:data2\" content=\"1 minute\" \/>\n<script type=\"application\/ld+json\" class=\"yoast-schema-graph\">{\"@context\":\"https:\/\/schema.org\",\"@graph\":[{\"@type\":\"WebPage\",\"@id\":\"https:\/\/sulsc.com\/index.php\/2025\/03\/17\/menino-de-8-anos-leva-choque-eletrico-apos-linha-de-pipa-romper-fio-de-alta-tensao\/\",\"url\":\"https:\/\/sulsc.com\/index.php\/2025\/03\/17\/menino-de-8-anos-leva-choque-eletrico-apos-linha-de-pipa-romper-fio-de-alta-tensao\/\",\"name\":\"Menino de 8 anos leva choque el\u00e9trico ap\u00f3s linha de pipa romper fio de alta tens\u00e3o -\",\"isPartOf\":{\"@id\":\"https:\/\/sulsc.com\/#website\"},\"datePublished\":\"2025-03-17T11:52:59+00:00\",\"dateModified\":\"2025-03-17T11:52:59+00:00\",\"author\":{\"@id\":\"https:\/\/sulsc.com\/#\/schema\/person\/84d2fc571684f6248ba83092f07750a3\"},\"breadcrumb\":{\"@id\":\"https:\/\/sulsc.com\/index.php\/2025\/03\/17\/menino-de-8-anos-leva-choque-eletrico-apos-linha-de-pipa-romper-fio-de-alta-tensao\/#breadcrumb\"},\"inLanguage\":\"en-US\",\"potentialAction\":[{\"@type\":\"ReadAction\",\"target\":[\"https:\/\/sulsc.com\/index.php\/2025\/03\/17\/menino-de-8-anos-leva-choque-eletrico-apos-linha-de-pipa-romper-fio-de-alta-tensao\/\"]}]},{\"@type\":\"BreadcrumbList\",\"@id\":\"https:\/\/sulsc.com\/index.php\/2025\/03\/17\/menino-de-8-anos-leva-choque-eletrico-apos-linha-de-pipa-romper-fio-de-alta-tensao\/#breadcrumb\",\"itemListElement\":[{\"@type\":\"ListItem\",\"position\":1,\"name\":\"In\u00edcio\",\"item\":\"https:\/\/sulsc.com\/\"},{\"@type\":\"ListItem\",\"position\":2,\"name\":\"Menino de 8 anos leva choque el\u00e9trico ap\u00f3s linha de pipa romper fio de alta tens\u00e3o\"}]},{\"@type\":\"WebSite\",\"@id\":\"https:\/\/sulsc.com\/#website\",\"url\":\"https:\/\/sulsc.com\/\",\"name\":\"\",\"description\":\"\",\"potentialAction\":[{\"@type\":\"SearchAction\",\"target\":{\"@type\":\"EntryPoint\",\"urlTemplate\":\"https:\/\/sulsc.com\/?s={search_term_string}\"},\"query-input\":\"required name=search_term_string\"}],\"inLanguage\":\"en-US\"},{\"@type\":\"Person\",\"@id\":\"https:\/\/sulsc.com\/#\/schema\/person\/84d2fc571684f6248ba83092f07750a3\",\"name\":\"Reda\u00e7\u00e3o Sul SC\",\"image\":{\"@type\":\"ImageObject\",\"inLanguage\":\"en-US\",\"@id\":\"https:\/\/sulsc.com\/#\/schema\/person\/image\/e08d7fe2cc4ed596372063bbe852b8d0\",\"url\":\"https:\/\/sulsc.com\/wp-content\/uploads\/2023\/09\/redacao.png\",\"contentUrl\":\"https:\/\/sulsc.com\/wp-content\/uploads\/2023\/09\/redacao.png\",\"caption\":\"Reda\u00e7\u00e3o Sul SC\"},\"description\":\"Foco em um jornalismo imparcial, voltado \u00e0 qualidade dos seus conte\u00fados e, assim, levar informa\u00e7\u00e3o de valor que agregue \u00e0 vida dos leitores. Esta \u00e9 grande miss\u00e3o do Portal de Not\u00edcias Sul SC. N\u00e3o \u00e9 quantidade que muda o mundo, sempre foi e seguir\u00e1 sendo qualidade!\",\"sameAs\":[\"https:\/\/sulsc.com\/\",\"https:\/\/www.facebook.com\/profile.php?id=61559278119680\",\"https:\/\/www.instagram.com\/sulscportal\/?hl=pt-br\",\"https:\/\/twitter.com\/https:\/\/twitter.com\/PortalSulSC\",\"https:\/\/www.youtube.com\/channel\/UCv_BE8GeySluDov2n8qhVmw\"],\"url\":\"https:\/\/sulsc.com\/index.php\/author\/redacao\/\"}]}<\/script>\n<!-- \/ Yoast SEO plugin. -->","yoast_head_json":{"title":"Menino de 8 anos leva choque el\u00e9trico ap\u00f3s linha de pipa romper fio de alta tens\u00e3o -","robots":{"index":"index","follow":"follow","max-snippet":"max-snippet:-1","max-image-preview":"max-image-preview:large","max-video-preview":"max-video-preview:-1"},"canonical":"https:\/\/sulsc.com\/index.php\/2025\/03\/17\/menino-de-8-anos-leva-choque-eletrico-apos-linha-de-pipa-romper-fio-de-alta-tensao\/","og_locale":"en_US","og_type":"article","og_title":"Menino de 8 anos leva choque el\u00e9trico ap\u00f3s linha de pipa romper fio de alta tens\u00e3o -","og_description":"Um menino de 8 anos levou um choque el\u00e9trico enquanto soltava pipa em Itaja\u00ed, no Litoral Norte de Santa Catarina. Ele brincava com outras crian\u00e7as quando a\u00a0linha se enroscou em uma rede de alta tens\u00e3o e arrebentou o fio,\u00a0segundo a Pol\u00edcia Militar. A crian\u00e7a foi internada em estado grave na Unidade de Tratamento Intensivo (UTI). &hellip; Menino de 8 anos leva choque el\u00e9trico ap\u00f3s linha de pipa romper fio de alta tens\u00e3o Read More &raquo;","og_url":"https:\/\/sulsc.com\/index.php\/2025\/03\/17\/menino-de-8-anos-leva-choque-eletrico-apos-linha-de-pipa-romper-fio-de-alta-tensao\/","article_author":"https:\/\/www.facebook.com\/profile.php?id=61559278119680","article_published_time":"2025-03-17T11:52:59+00:00","og_image":[{"width":800,"height":600,"url":"http:\/\/sulsc.com\/wp-content\/uploads\/2025\/03\/fotos-nd-12-800x600-1.jpg","type":"image\/jpeg"}],"author":"Reda\u00e7\u00e3o Sul SC","twitter_card":"summary_large_image","twitter_creator":"@https:\/\/twitter.com\/PortalSulSC","twitter_misc":{"Written by":"Reda\u00e7\u00e3o Sul SC","Est. reading time":"1 minute"},"schema":{"@context":"https:\/\/schema.org","@graph":[{"@type":"WebPage","@id":"https:\/\/sulsc.com\/index.php\/2025\/03\/17\/menino-de-8-anos-leva-choque-eletrico-apos-linha-de-pipa-romper-fio-de-alta-tensao\/","url":"https:\/\/sulsc.com\/index.php\/2025\/03\/17\/menino-de-8-anos-leva-choque-eletrico-apos-linha-de-pipa-romper-fio-de-alta-tensao\/","name":"Menino de 8 anos leva choque el\u00e9trico ap\u00f3s linha de pipa romper fio de alta tens\u00e3o -","isPartOf":{"@id":"https:\/\/sulsc.com\/#website"},"datePublished":"2025-03-17T11:52:59+00:00","dateModified":"2025-03-17T11:52:59+00:00","author":{"@id":"https:\/\/sulsc.com\/#\/schema\/person\/84d2fc571684f6248ba83092f07750a3"},"breadcrumb":{"@id":"https:\/\/sulsc.com\/index.php\/2025\/03\/17\/menino-de-8-anos-leva-choque-eletrico-apos-linha-de-pipa-romper-fio-de-alta-tensao\/#breadcrumb"},"inLanguage":"en-US","potentialAction":[{"@type":"ReadAction","target":["https:\/\/sulsc.com\/index.php\/2025\/03\/17\/menino-de-8-anos-leva-choque-eletrico-apos-linha-de-pipa-romper-fio-de-alta-tensao\/"]}]},{"@type":"BreadcrumbList","@id":"https:\/\/sulsc.com\/index.php\/2025\/03\/17\/menino-de-8-anos-leva-choque-eletrico-apos-linha-de-pipa-romper-fio-de-alta-tensao\/#breadcrumb","itemListElement":[{"@type":"ListItem","position":1,"name":"In\u00edcio","item":"https:\/\/sulsc.com\/"},{"@type":"ListItem","position":2,"name":"Menino de 8 anos leva choque el\u00e9trico ap\u00f3s linha de pipa romper fio de alta tens\u00e3o"}]},{"@type":"WebSite","@id":"https:\/\/sulsc.com\/#website","url":"https:\/\/sulsc.com\/","name":"","description":"","potentialAction":[{"@type":"SearchAction","target":{"@type":"EntryPoint","urlTemplate":"https:\/\/sulsc.com\/?s={search_term_string}"},"query-input":"required name=search_term_string"}],"inLanguage":"en-US"},{"@type":"Person","@id":"https:\/\/sulsc.com\/#\/schema\/person\/84d2fc571684f6248ba83092f07750a3","name":"Reda\u00e7\u00e3o Sul SC","image":{"@type":"ImageObject","inLanguage":"en-US","@id":"https:\/\/sulsc.com\/#\/schema\/person\/image\/e08d7fe2cc4ed596372063bbe852b8d0","url":"https:\/\/sulsc.com\/wp-content\/uploads\/2023\/09\/redacao.png","contentUrl":"https:\/\/sulsc.com\/wp-content\/uploads\/2023\/09\/redacao.png","caption":"Reda\u00e7\u00e3o Sul SC"},"description":"Foco em um jornalismo imparcial, voltado \u00e0 qualidade dos seus conte\u00fados e, assim, levar informa\u00e7\u00e3o de valor que agregue \u00e0 vida dos leitores. Esta \u00e9 grande miss\u00e3o do Portal de Not\u00edcias Sul SC. N\u00e3o \u00e9 quantidade que muda o mundo, sempre foi e seguir\u00e1 sendo qualidade!","sameAs":["https:\/\/sulsc.com\/","https:\/\/www.facebook.com\/profile.php?id=61559278119680","https:\/\/www.instagram.com\/sulscportal\/?hl=pt-br","https:\/\/twitter.com\/https:\/\/twitter.com\/PortalSulSC","https:\/\/www.youtube.com\/channel\/UCv_BE8GeySluDov2n8qhVmw"],"url":"https:\/\/sulsc.com\/index.php\/author\/redacao\/"}]}},"authors":[],"_links":{"self":[{"href":"https:\/\/sulsc.com\/index.php\/wp-json\/wp\/v2\/posts\/21389"}],"collection":[{"href":"https:\/\/sulsc.com\/index.php\/wp-json\/wp\/v2\/posts"}],"about":[{"href":"https:\/\/sulsc.com\/index.php\/wp-json\/wp\/v2\/types\/post"}],"author":[{"embeddable":true,"href":"https:\/\/sulsc.com\/index.php\/wp-json\/wp\/v2\/users\/3"}],"replies":[{"embeddable":true,"href":"https:\/\/sulsc.com\/index.php\/wp-json\/wp\/v2\/comments?post=21389"}],"version-history":[{"count":1,"href":"https:\/\/sulsc.com\/index.php\/wp-json\/wp\/v2\/posts\/21389\/revisions"}],"predecessor-version":[{"id":21391,"href":"https:\/\/sulsc.com\/index.php\/wp-json\/wp\/v2\/posts\/21389\/revisions\/21391"}],"wp:featuredmedia":[{"embeddable":true,"href":"https:\/\/sulsc.com\/index.php\/wp-json\/wp\/v2\/media\/21390"}],"wp:attachment":[{"href":"https:\/\/sulsc.com\/index.php\/wp-json\/wp\/v2\/media?parent=21389"}],"wp:term":[{"taxonomy":"category","embeddable":true,"href":"https:\/\/sulsc.com\/index.php\/wp-json\/wp\/v2\/categories?post=21389"},{"taxonomy":"post_tag","embeddable":true,"href":"https:\/\/sulsc.com\/index.php\/wp-json\/wp\/v2\/tags?post=21389"}],"curies":[{"name":"wp","href":"https:\/\/api.w.org\/{rel}","templated":true}]}}