{"id":21446,"date":"2025-03-18T08:37:05","date_gmt":"2025-03-18T11:37:05","guid":{"rendered":"https:\/\/sulsc.com\/?p=21446"},"modified":"2025-03-18T08:37:05","modified_gmt":"2025-03-18T11:37:05","slug":"terca-feira-18-com-possibilidade-de-temporais-ao-longo-do-dia","status":"publish","type":"post","link":"https:\/\/sulsc.com\/index.php\/2025\/03\/18\/terca-feira-18-com-possibilidade-de-temporais-ao-longo-do-dia\/","title":{"rendered":"Ter\u00e7a-feira (18) com possibilidade de temporais ao longo do dia"},"content":{"rendered":"<p>O tempo segue inst\u00e1vel nesta ter\u00e7a-feira (18) em todo estado, com condi\u00e7\u00f5es favor\u00e1veis ao desenvolvimento de temporais t\u00edpicos de ver\u00e3o, devido ao calor, umidade e instabilidades na atmosfera. No oeste catarinense os temporais ocorrem de forma isolada, caracterizando um risco baixo para ocorr\u00eancias meteorol\u00f3gicas.<\/p>\n<p><img fetchpriority=\"high\" decoding=\"async\" class=\"aligncenter size-full wp-image-21447\" src=\"http:\/\/sulsc.com\/wp-content\/uploads\/2025\/03\/3.png\" alt=\"\" width=\"1651\" height=\"1135\" srcset=\"https:\/\/sulsc.com\/wp-content\/uploads\/2025\/03\/3.png 1651w, https:\/\/sulsc.com\/wp-content\/uploads\/2025\/03\/3-300x206.png 300w, https:\/\/sulsc.com\/wp-content\/uploads\/2025\/03\/3-1024x704.png 1024w, https:\/\/sulsc.com\/wp-content\/uploads\/2025\/03\/3-768x528.png 768w, https:\/\/sulsc.com\/wp-content\/uploads\/2025\/03\/3-1536x1056.png 1536w\" sizes=\"(max-width: 1651px) 100vw, 1651px\" \/><\/p>\n<p><img decoding=\"async\" class=\"aligncenter  wp-image-17436\" src=\"http:\/\/sulsc.com\/wp-content\/uploads\/2024\/11\/Tempo-2.png\" alt=\"\" width=\"625\" height=\"115\" srcset=\"https:\/\/sulsc.com\/wp-content\/uploads\/2024\/11\/Tempo-2.png 1024w, https:\/\/sulsc.com\/wp-content\/uploads\/2024\/11\/Tempo-2-300x55.png 300w, https:\/\/sulsc.com\/wp-content\/uploads\/2024\/11\/Tempo-2-768x142.png 768w\" sizes=\"(max-width: 625px) 100vw, 625px\" \/><\/p>\n<p>Por outro lado, dos planaltos \u00e0s \u00e1reas litor\u00e2neas, os temporais ocorrem de forma mais generalizada, com risco moderado a alto para transtornos.<\/p>\n<p><strong>Temperaturas<\/strong><\/p>\n<p>As temperaturas variam entre 26\u00b0C e 31\u00b0C na maioria das regi\u00f5es no per\u00edodo da tarde.<\/p>\n<p>Fonte\/Defesa Civil SC<\/p>\n","protected":false},"excerpt":{"rendered":"<p>O tempo segue inst\u00e1vel nesta ter\u00e7a-feira (18) em todo estado, com condi\u00e7\u00f5es favor\u00e1veis ao desenvolvimento de temporais t\u00edpicos de ver\u00e3o, devido ao calor, umidade e instabilidades na atmosfera. No oeste catarinense os temporais ocorrem de forma isolada, caracterizando um risco baixo para ocorr\u00eancias meteorol\u00f3gicas. Por outro lado, dos planaltos \u00e0s \u00e1reas litor\u00e2neas, os temporais ocorrem &hellip;<\/p>\n<p class=\"read-more\"> <a class=\"\" href=\"https:\/\/sulsc.com\/index.php\/2025\/03\/18\/terca-feira-18-com-possibilidade-de-temporais-ao-longo-do-dia\/\"> <span class=\"screen-reader-text\">Ter\u00e7a-feira (18) com possibilidade de temporais ao longo do dia<\/span> Read More &raquo;<\/a><\/p>\n","protected":false},"author":3,"featured_media":14276,"comment_status":"open","ping_status":"open","sticky":false,"template":"","format":"standard","meta":{"site-sidebar-layout":"default","site-content-layout":"","ast-site-content-layout":"default","site-content-style":"default","site-sidebar-style":"default","ast-global-header-display":"","ast-banner-title-visibility":"","ast-main-header-display":"","ast-hfb-above-header-display":"","ast-hfb-below-header-display":"","ast-hfb-mobile-header-display":"","site-post-title":"","ast-breadcrumbs-content":"","ast-featured-img":"","footer-sml-layout":"","theme-transparent-header-meta":"default","adv-header-id-meta":"","stick-header-meta":"","header-above-stick-meta":"","header-main-stick-meta":"","header-below-stick-meta":"","astra-migrate-meta-layouts":"set","footnotes":""},"categories":[38],"tags":[90],"yoast_head":"<!-- This site is optimized with the Yoast SEO plugin v21.4 - https:\/\/yoast.com\/wordpress\/plugins\/seo\/ -->\n<title>Ter\u00e7a-feira (18) com possibilidade de temporais ao longo do dia -<\/title>\n<meta name=\"description\" content=\"Com condi\u00e7\u00f5es favor\u00e1veis o dia ser\u00e1 de temporais t\u00edpicos de ver\u00e3o, devido ao calor, umidade e instabilidades no estado\" \/>\n<meta name=\"robots\" content=\"index, follow, max-snippet:-1, max-image-preview:large, max-video-preview:-1\" \/>\n<link rel=\"canonical\" href=\"https:\/\/sulsc.com\/index.php\/2025\/03\/18\/terca-feira-18-com-possibilidade-de-temporais-ao-longo-do-dia\/\" \/>\n<meta property=\"og:locale\" content=\"en_US\" \/>\n<meta property=\"og:type\" content=\"article\" \/>\n<meta property=\"og:title\" content=\"Ter\u00e7a-feira (18) com possibilidade de temporais ao longo do dia -\" \/>\n<meta property=\"og:description\" content=\"Com condi\u00e7\u00f5es favor\u00e1veis o dia ser\u00e1 de temporais t\u00edpicos de ver\u00e3o, devido ao calor, umidade e instabilidades no estado\" \/>\n<meta property=\"og:url\" content=\"https:\/\/sulsc.com\/index.php\/2025\/03\/18\/terca-feira-18-com-possibilidade-de-temporais-ao-longo-do-dia\/\" \/>\n<meta property=\"article:author\" content=\"https:\/\/www.facebook.com\/profile.php?id=61559278119680\" \/>\n<meta property=\"article:published_time\" content=\"2025-03-18T11:37:05+00:00\" \/>\n<meta property=\"og:image\" content=\"http:\/\/sulsc.com\/wp-content\/uploads\/2024\/07\/tempo-nublado-2.jpeg\" \/>\n\t<meta property=\"og:image:width\" content=\"1600\" \/>\n\t<meta property=\"og:image:height\" content=\"900\" \/>\n\t<meta property=\"og:image:type\" content=\"image\/jpeg\" \/>\n<meta name=\"author\" content=\"Reda\u00e7\u00e3o Sul SC\" \/>\n<meta name=\"twitter:card\" content=\"summary_large_image\" \/>\n<meta name=\"twitter:creator\" content=\"@https:\/\/twitter.com\/PortalSulSC\" \/>\n<meta name=\"twitter:label1\" content=\"Written by\" \/>\n\t<meta name=\"twitter:data1\" content=\"Reda\u00e7\u00e3o Sul SC\" \/>\n\t<meta name=\"twitter:label2\" content=\"Est. reading time\" \/>\n\t<meta name=\"twitter:data2\" content=\"1 minute\" \/>\n<script type=\"application\/ld+json\" class=\"yoast-schema-graph\">{\"@context\":\"https:\/\/schema.org\",\"@graph\":[{\"@type\":\"WebPage\",\"@id\":\"https:\/\/sulsc.com\/index.php\/2025\/03\/18\/terca-feira-18-com-possibilidade-de-temporais-ao-longo-do-dia\/\",\"url\":\"https:\/\/sulsc.com\/index.php\/2025\/03\/18\/terca-feira-18-com-possibilidade-de-temporais-ao-longo-do-dia\/\",\"name\":\"Ter\u00e7a-feira (18) com possibilidade de temporais ao longo do dia -\",\"isPartOf\":{\"@id\":\"https:\/\/sulsc.com\/#website\"},\"datePublished\":\"2025-03-18T11:37:05+00:00\",\"dateModified\":\"2025-03-18T11:37:05+00:00\",\"author\":{\"@id\":\"https:\/\/sulsc.com\/#\/schema\/person\/84d2fc571684f6248ba83092f07750a3\"},\"description\":\"Com condi\u00e7\u00f5es favor\u00e1veis o dia ser\u00e1 de temporais t\u00edpicos de ver\u00e3o, devido ao calor, umidade e instabilidades no estado\",\"breadcrumb\":{\"@id\":\"https:\/\/sulsc.com\/index.php\/2025\/03\/18\/terca-feira-18-com-possibilidade-de-temporais-ao-longo-do-dia\/#breadcrumb\"},\"inLanguage\":\"en-US\",\"potentialAction\":[{\"@type\":\"ReadAction\",\"target\":[\"https:\/\/sulsc.com\/index.php\/2025\/03\/18\/terca-feira-18-com-possibilidade-de-temporais-ao-longo-do-dia\/\"]}]},{\"@type\":\"BreadcrumbList\",\"@id\":\"https:\/\/sulsc.com\/index.php\/2025\/03\/18\/terca-feira-18-com-possibilidade-de-temporais-ao-longo-do-dia\/#breadcrumb\",\"itemListElement\":[{\"@type\":\"ListItem\",\"position\":1,\"name\":\"In\u00edcio\",\"item\":\"https:\/\/sulsc.com\/\"},{\"@type\":\"ListItem\",\"position\":2,\"name\":\"Ter\u00e7a-feira (18) com possibilidade de temporais ao longo do dia\"}]},{\"@type\":\"WebSite\",\"@id\":\"https:\/\/sulsc.com\/#website\",\"url\":\"https:\/\/sulsc.com\/\",\"name\":\"\",\"description\":\"\",\"potentialAction\":[{\"@type\":\"SearchAction\",\"target\":{\"@type\":\"EntryPoint\",\"urlTemplate\":\"https:\/\/sulsc.com\/?s={search_term_string}\"},\"query-input\":\"required name=search_term_string\"}],\"inLanguage\":\"en-US\"},{\"@type\":\"Person\",\"@id\":\"https:\/\/sulsc.com\/#\/schema\/person\/84d2fc571684f6248ba83092f07750a3\",\"name\":\"Reda\u00e7\u00e3o Sul SC\",\"image\":{\"@type\":\"ImageObject\",\"inLanguage\":\"en-US\",\"@id\":\"https:\/\/sulsc.com\/#\/schema\/person\/image\/e08d7fe2cc4ed596372063bbe852b8d0\",\"url\":\"https:\/\/sulsc.com\/wp-content\/uploads\/2023\/09\/redacao.png\",\"contentUrl\":\"https:\/\/sulsc.com\/wp-content\/uploads\/2023\/09\/redacao.png\",\"caption\":\"Reda\u00e7\u00e3o Sul SC\"},\"description\":\"Foco em um jornalismo imparcial, voltado \u00e0 qualidade dos seus conte\u00fados e, assim, levar informa\u00e7\u00e3o de valor que agregue \u00e0 vida dos leitores. Esta \u00e9 grande miss\u00e3o do Portal de Not\u00edcias Sul SC. N\u00e3o \u00e9 quantidade que muda o mundo, sempre foi e seguir\u00e1 sendo qualidade!\",\"sameAs\":[\"https:\/\/sulsc.com\/\",\"https:\/\/www.facebook.com\/profile.php?id=61559278119680\",\"https:\/\/www.instagram.com\/sulscportal\/?hl=pt-br\",\"https:\/\/twitter.com\/https:\/\/twitter.com\/PortalSulSC\",\"https:\/\/www.youtube.com\/channel\/UCv_BE8GeySluDov2n8qhVmw\"],\"url\":\"https:\/\/sulsc.com\/index.php\/author\/redacao\/\"}]}<\/script>\n<!-- \/ Yoast SEO plugin. -->","yoast_head_json":{"title":"Ter\u00e7a-feira (18) com possibilidade de temporais ao longo do dia -","description":"Com condi\u00e7\u00f5es favor\u00e1veis o dia ser\u00e1 de temporais t\u00edpicos de ver\u00e3o, devido ao calor, umidade e instabilidades no estado","robots":{"index":"index","follow":"follow","max-snippet":"max-snippet:-1","max-image-preview":"max-image-preview:large","max-video-preview":"max-video-preview:-1"},"canonical":"https:\/\/sulsc.com\/index.php\/2025\/03\/18\/terca-feira-18-com-possibilidade-de-temporais-ao-longo-do-dia\/","og_locale":"en_US","og_type":"article","og_title":"Ter\u00e7a-feira (18) com possibilidade de temporais ao longo do dia -","og_description":"Com condi\u00e7\u00f5es favor\u00e1veis o dia ser\u00e1 de temporais t\u00edpicos de ver\u00e3o, devido ao calor, umidade e instabilidades no estado","og_url":"https:\/\/sulsc.com\/index.php\/2025\/03\/18\/terca-feira-18-com-possibilidade-de-temporais-ao-longo-do-dia\/","article_author":"https:\/\/www.facebook.com\/profile.php?id=61559278119680","article_published_time":"2025-03-18T11:37:05+00:00","og_image":[{"width":1600,"height":900,"url":"http:\/\/sulsc.com\/wp-content\/uploads\/2024\/07\/tempo-nublado-2.jpeg","type":"image\/jpeg"}],"author":"Reda\u00e7\u00e3o Sul SC","twitter_card":"summary_large_image","twitter_creator":"@https:\/\/twitter.com\/PortalSulSC","twitter_misc":{"Written by":"Reda\u00e7\u00e3o Sul SC","Est. reading time":"1 minute"},"schema":{"@context":"https:\/\/schema.org","@graph":[{"@type":"WebPage","@id":"https:\/\/sulsc.com\/index.php\/2025\/03\/18\/terca-feira-18-com-possibilidade-de-temporais-ao-longo-do-dia\/","url":"https:\/\/sulsc.com\/index.php\/2025\/03\/18\/terca-feira-18-com-possibilidade-de-temporais-ao-longo-do-dia\/","name":"Ter\u00e7a-feira (18) com possibilidade de temporais ao longo do dia -","isPartOf":{"@id":"https:\/\/sulsc.com\/#website"},"datePublished":"2025-03-18T11:37:05+00:00","dateModified":"2025-03-18T11:37:05+00:00","author":{"@id":"https:\/\/sulsc.com\/#\/schema\/person\/84d2fc571684f6248ba83092f07750a3"},"description":"Com condi\u00e7\u00f5es favor\u00e1veis o dia ser\u00e1 de temporais t\u00edpicos de ver\u00e3o, devido ao calor, umidade e instabilidades no estado","breadcrumb":{"@id":"https:\/\/sulsc.com\/index.php\/2025\/03\/18\/terca-feira-18-com-possibilidade-de-temporais-ao-longo-do-dia\/#breadcrumb"},"inLanguage":"en-US","potentialAction":[{"@type":"ReadAction","target":["https:\/\/sulsc.com\/index.php\/2025\/03\/18\/terca-feira-18-com-possibilidade-de-temporais-ao-longo-do-dia\/"]}]},{"@type":"BreadcrumbList","@id":"https:\/\/sulsc.com\/index.php\/2025\/03\/18\/terca-feira-18-com-possibilidade-de-temporais-ao-longo-do-dia\/#breadcrumb","itemListElement":[{"@type":"ListItem","position":1,"name":"In\u00edcio","item":"https:\/\/sulsc.com\/"},{"@type":"ListItem","position":2,"name":"Ter\u00e7a-feira (18) com possibilidade de temporais ao longo do dia"}]},{"@type":"WebSite","@id":"https:\/\/sulsc.com\/#website","url":"https:\/\/sulsc.com\/","name":"","description":"","potentialAction":[{"@type":"SearchAction","target":{"@type":"EntryPoint","urlTemplate":"https:\/\/sulsc.com\/?s={search_term_string}"},"query-input":"required name=search_term_string"}],"inLanguage":"en-US"},{"@type":"Person","@id":"https:\/\/sulsc.com\/#\/schema\/person\/84d2fc571684f6248ba83092f07750a3","name":"Reda\u00e7\u00e3o Sul SC","image":{"@type":"ImageObject","inLanguage":"en-US","@id":"https:\/\/sulsc.com\/#\/schema\/person\/image\/e08d7fe2cc4ed596372063bbe852b8d0","url":"https:\/\/sulsc.com\/wp-content\/uploads\/2023\/09\/redacao.png","contentUrl":"https:\/\/sulsc.com\/wp-content\/uploads\/2023\/09\/redacao.png","caption":"Reda\u00e7\u00e3o Sul SC"},"description":"Foco em um jornalismo imparcial, voltado \u00e0 qualidade dos seus conte\u00fados e, assim, levar informa\u00e7\u00e3o de valor que agregue \u00e0 vida dos leitores. Esta \u00e9 grande miss\u00e3o do Portal de Not\u00edcias Sul SC. N\u00e3o \u00e9 quantidade que muda o mundo, sempre foi e seguir\u00e1 sendo qualidade!","sameAs":["https:\/\/sulsc.com\/","https:\/\/www.facebook.com\/profile.php?id=61559278119680","https:\/\/www.instagram.com\/sulscportal\/?hl=pt-br","https:\/\/twitter.com\/https:\/\/twitter.com\/PortalSulSC","https:\/\/www.youtube.com\/channel\/UCv_BE8GeySluDov2n8qhVmw"],"url":"https:\/\/sulsc.com\/index.php\/author\/redacao\/"}]}},"authors":[],"_links":{"self":[{"href":"https:\/\/sulsc.com\/index.php\/wp-json\/wp\/v2\/posts\/21446"}],"collection":[{"href":"https:\/\/sulsc.com\/index.php\/wp-json\/wp\/v2\/posts"}],"about":[{"href":"https:\/\/sulsc.com\/index.php\/wp-json\/wp\/v2\/types\/post"}],"author":[{"embeddable":true,"href":"https:\/\/sulsc.com\/index.php\/wp-json\/wp\/v2\/users\/3"}],"replies":[{"embeddable":true,"href":"https:\/\/sulsc.com\/index.php\/wp-json\/wp\/v2\/comments?post=21446"}],"version-history":[{"count":1,"href":"https:\/\/sulsc.com\/index.php\/wp-json\/wp\/v2\/posts\/21446\/revisions"}],"predecessor-version":[{"id":21448,"href":"https:\/\/sulsc.com\/index.php\/wp-json\/wp\/v2\/posts\/21446\/revisions\/21448"}],"wp:featuredmedia":[{"embeddable":true,"href":"https:\/\/sulsc.com\/index.php\/wp-json\/wp\/v2\/media\/14276"}],"wp:attachment":[{"href":"https:\/\/sulsc.com\/index.php\/wp-json\/wp\/v2\/media?parent=21446"}],"wp:term":[{"taxonomy":"category","embeddable":true,"href":"https:\/\/sulsc.com\/index.php\/wp-json\/wp\/v2\/categories?post=21446"},{"taxonomy":"post_tag","embeddable":true,"href":"https:\/\/sulsc.com\/index.php\/wp-json\/wp\/v2\/tags?post=21446"}],"curies":[{"name":"wp","href":"https:\/\/api.w.org\/{rel}","templated":true}]}}