{"id":21485,"date":"2025-03-18T18:21:14","date_gmt":"2025-03-18T21:21:14","guid":{"rendered":"https:\/\/sulsc.com\/?p=21485"},"modified":"2025-03-18T18:54:53","modified_gmt":"2025-03-18T21:54:53","slug":"giro-politico-camara-de-laguna-bunker-sepulta-denuncia-contra-presidente-interino-em-manobra-escandalosa","status":"publish","type":"post","link":"https:\/\/sulsc.com\/index.php\/2025\/03\/18\/giro-politico-camara-de-laguna-bunker-sepulta-denuncia-contra-presidente-interino-em-manobra-escandalosa\/","title":{"rendered":"Giro Politico &#8211; C\u00e2mara de Laguna &#8220;BUNKER&#8221; sepulta den\u00fancia contra presidente interino em manobra escandalosa"},"content":{"rendered":"<p><span style=\"vertical-align: inherit;\"><span style=\"vertical-align: inherit;\"><span style=\"vertical-align: inherit;\"><span style=\"vertical-align: inherit;\"><span style=\"vertical-align: inherit;\"><span style=\"vertical-align: inherit;\"><span style=\"vertical-align: inherit;\"><span style=\"vertical-align: inherit;\"><span style=\"vertical-align: inherit;\"><span style=\"vertical-align: inherit;\"><span style=\"vertical-align: inherit;\"><span style=\"vertical-align: inherit;\">Se a popula\u00e7\u00e3o de Laguna ainda nutria alguma esperan\u00e7a em rela\u00e7\u00e3o \u00e0 seriedade do seu Legislativo, na noite desta segunda-feira (17) tratou de sepultar de vez essa expectativa. Em uma manobra que fere de morte a moralidade e o decoro parlamentar, a C\u00e2mara de Vereadores de Laguna rejeitou a den\u00fancia contra o presidente interino Cleosmar Fernandes (MDB), acusado de impedir a elei\u00e7\u00e3o leg\u00edtima da nova Mesa Diretora.<\/span><\/span><\/span><\/span><\/span><\/span><\/span><\/span><\/span><\/span><\/span><\/span><\/p>\n<p><span style=\"vertical-align: inherit;\"><span style=\"vertical-align: inherit;\"><span style=\"vertical-align: inherit;\"><span style=\"vertical-align: inherit;\"><span style=\"vertical-align: inherit;\"><span style=\"vertical-align: inherit;\"><span style=\"vertical-align: inherit;\"><span style=\"vertical-align: inherit;\"><span style=\"vertical-align: inherit;\"><span style=\"vertical-align: inherit;\"><span style=\"vertical-align: inherit;\"><span style=\"vertical-align: inherit;\">O caso \u00e9 grave e recheado de absurdos. O presidente interino, mesmo impedido de votar, interferiu diretamente no processo, nomeando de maneira pessoal e unilateral o presidente da ad hoc \u2013 comiss\u00e3o respons\u00e1vel por analisar a den\u00fancia \u2013 e, n\u00e3o satisfeito, convocou um aliado suplente para garantir mais um voto em sua defesa.<\/span><\/span><\/span><\/span><\/span><\/span><\/span><\/span><\/span><\/span><\/span><\/span><\/p>\n<p><strong><span style=\"vertical-align: inherit;\"><span style=\"vertical-align: inherit;\"><span style=\"vertical-align: inherit;\"><span style=\"vertical-align: inherit;\"><span style=\"vertical-align: inherit;\"><span style=\"vertical-align: inherit;\"><span style=\"vertical-align: inherit;\"><span style=\"vertical-align: inherit;\"><span style=\"vertical-align: inherit;\"><span style=\"vertical-align: inherit;\"><span style=\"vertical-align: inherit;\"><span style=\"vertical-align: inherit;\">A reviravolta\u00a0<\/span><\/span><\/span><\/span><\/span><\/span><\/span><\/span><\/span><\/span><\/span><\/span><\/strong><br \/>\n<span style=\"vertical-align: inherit;\"><span style=\"vertical-align: inherit;\"><span style=\"vertical-align: inherit;\"><span style=\"vertical-align: inherit;\"><span style=\"vertical-align: inherit;\"><span style=\"vertical-align: inherit;\"><span style=\"vertical-align: inherit;\"><span style=\"vertical-align: inherit;\"><span style=\"vertical-align: inherit;\"><span style=\"vertical-align: inherit;\"><span style=\"vertical-align: inherit;\"><span style=\"vertical-align: inherit;\"> A cereja do bolo da noite foi a virada de posi\u00e7\u00e3o do vereador Jaleel Farias (PSD), que at\u00e9 pouco tempo atr\u00e1s foi decisiva para condenar a elei\u00e7\u00e3o da Mesa Diretora realizada em 1\u00ba de janeiro. Agora, o mesmo vereador mudou de lado, foi contra a den\u00fancia e ajudou a blindar Cleosmar Fernandes. Uma mudan\u00e7a abrupta e no m\u00ednimo suspeita, que exp\u00f5e a fragilidade \u00e9tica de quem deveria zelar pela ordem institucional.<\/span><\/span><\/span><\/span><\/span><\/span><\/span><\/span><\/span><\/span><\/span><\/span><\/p>\n<p><span style=\"vertical-align: inherit;\"><span style=\"vertical-align: inherit;\"><span style=\"vertical-align: inherit;\"><span style=\"vertical-align: inherit;\"><span style=\"vertical-align: inherit;\"><span style=\"vertical-align: inherit;\"><span style=\"vertical-align: inherit;\"><span style=\"vertical-align: inherit;\"><span style=\"vertical-align: inherit;\"><span style=\"vertical-align: inherit;\"><span style=\"vertical-align: inherit;\"><span style=\"vertical-align: inherit;\">Em plen\u00e1rio, assistimos a um festival de autoprote\u00e7\u00e3o e manobras orquestradas nos bastidores, com a clara miss\u00e3o de manter Cleosmar no comando da Casa \u2013 mesmo sob questionamentos legais e pol\u00edticos.<\/span><\/span><\/span><\/span><\/span><\/span><\/span><\/span><\/span><\/span><\/span><\/span><\/p>\n<p><img fetchpriority=\"high\" decoding=\"async\" class=\"aligncenter size-full wp-image-21488\" src=\"http:\/\/sulsc.com\/wp-content\/uploads\/2025\/03\/A7-1.jpg\" alt=\"\" width=\"1080\" height=\"770\" srcset=\"https:\/\/sulsc.com\/wp-content\/uploads\/2025\/03\/A7-1.jpg 1080w, https:\/\/sulsc.com\/wp-content\/uploads\/2025\/03\/A7-1-300x214.jpg 300w, https:\/\/sulsc.com\/wp-content\/uploads\/2025\/03\/A7-1-1024x730.jpg 1024w, https:\/\/sulsc.com\/wp-content\/uploads\/2025\/03\/A7-1-768x548.jpg 768w\" sizes=\"(max-width: 1080px) 100vw, 1080px\" \/><\/p>\n<p style=\"text-align: center;\"><span style=\"vertical-align: inherit;\"><span style=\"vertical-align: inherit;\"><span style=\"vertical-align: inherit;\"><span style=\"vertical-align: inherit;\"><span style=\"vertical-align: inherit;\"><span style=\"vertical-align: inherit;\"><span style=\"vertical-align: inherit;\"><span style=\"vertical-align: inherit;\"><span style=\"vertical-align: inherit;\"><span style=\"vertical-align: inherit;\"><span style=\"vertical-align: inherit;\"><span style=\"vertical-align: inherit;\">Charge: Portal Sulsc\/Ed Carlos<\/span><\/span><\/span><\/span><\/span><\/span><\/span><\/span><\/span><\/span><\/span><\/span><\/p>\n<p><strong><span style=\"vertical-align: inherit;\"><span style=\"vertical-align: inherit;\"><span style=\"vertical-align: inherit;\"><span style=\"vertical-align: inherit;\"><span style=\"vertical-align: inherit;\"><span style=\"vertical-align: inherit;\"><span style=\"vertical-align: inherit;\"><span style=\"vertical-align: inherit;\"><span style=\"vertical-align: inherit;\"><span style=\"vertical-align: inherit;\"><span style=\"vertical-align: inherit;\"><span style=\"vertical-align: inherit;\">Os blindadores de Cleosmar <\/span><\/span><\/span><\/span><\/span><\/span><\/span><\/span><\/span><\/span><\/span><\/span><\/strong><br \/>\n<strong><span style=\"vertical-align: inherit;\"><span style=\"vertical-align: inherit;\"><span style=\"vertical-align: inherit;\"><span style=\"vertical-align: inherit;\"><span style=\"vertical-align: inherit;\"><span style=\"vertical-align: inherit;\"><span style=\"vertical-align: inherit;\"><span style=\"vertical-align: inherit;\"><span style=\"vertical-align: inherit;\"><span style=\"vertical-align: inherit;\"><span style=\"vertical-align: inherit;\"><span style=\"vertical-align: inherit;\">Os 7 votos que sepultaram a den\u00fancia vinda dos vereadores:<\/span><\/span><\/span><\/span><\/span><\/span><\/span><\/span><\/span><\/span><\/span><\/span><\/strong><\/p>\n<p><span style=\"vertical-align: inherit;\"><span style=\"vertical-align: inherit;\"><span style=\"vertical-align: inherit;\"><span style=\"vertical-align: inherit;\"><span style=\"vertical-align: inherit;\"><span style=\"vertical-align: inherit;\"><span style=\"vertical-align: inherit;\"><span style=\"vertical-align: inherit;\"><span style=\"vertical-align: inherit;\"><span style=\"vertical-align: inherit;\"><span style=\"vertical-align: inherit;\"><span style=\"vertical-align: inherit;\">Edi Goulart (MDB) <\/span><\/span><\/span><\/span><\/span><\/span><\/span><\/span><\/span><\/span><\/span><\/span><br \/>\n<span style=\"vertical-align: inherit;\"><span style=\"vertical-align: inherit;\"><span style=\"vertical-align: inherit;\"><span style=\"vertical-align: inherit;\"><span style=\"vertical-align: inherit;\"><span style=\"vertical-align: inherit;\"><span style=\"vertical-align: inherit;\"><span style=\"vertical-align: inherit;\"><span style=\"vertical-align: inherit;\"><span style=\"vertical-align: inherit;\"><span style=\"vertical-align: inherit;\"><span style=\"vertical-align: inherit;\">Anderson Silveira (Podemos) <\/span><\/span><\/span><\/span><\/span><\/span><\/span><\/span><\/span><\/span><\/span><\/span><br \/>\n<span style=\"vertical-align: inherit;\"><span style=\"vertical-align: inherit;\"><span style=\"vertical-align: inherit;\"><span style=\"vertical-align: inherit;\"><span style=\"vertical-align: inherit;\"><span style=\"vertical-align: inherit;\"><span style=\"vertical-align: inherit;\"><span style=\"vertical-align: inherit;\"><span style=\"vertical-align: inherit;\"><span style=\"vertical-align: inherit;\"><span style=\"vertical-align: inherit;\"><span style=\"vertical-align: inherit;\">Jaleel Farias (PSD) \u2013 a virada que envergonha <\/span><\/span><\/span><\/span><\/span><\/span><\/span><\/span><\/span><\/span><\/span><\/span><br \/>\n<span style=\"vertical-align: inherit;\"><span style=\"vertical-align: inherit;\"><span style=\"vertical-align: inherit;\"><span style=\"vertical-align: inherit;\"><span style=\"vertical-align: inherit;\"><span style=\"vertical-align: inherit;\"><span style=\"vertical-align: inherit;\"><span style=\"vertical-align: inherit;\"><span style=\"vertical-align: inherit;\"><span style=\"vertical-align: inherit;\"><span style=\"vertical-align: inherit;\"><span style=\"vertical-align: inherit;\">Valdomiro Barbosa (MDB) <\/span><\/span><\/span><\/span><\/span><\/span><\/span><\/span><\/span><\/span><\/span><\/span><br \/>\n<span style=\"vertical-align: inherit;\"><span style=\"vertical-align: inherit;\"><span style=\"vertical-align: inherit;\"><span style=\"vertical-align: inherit;\"><span style=\"vertical-align: inherit;\"><span style=\"vertical-align: inherit;\"><span style=\"vertical-align: inherit;\"><span style=\"vertical-align: inherit;\"><span style=\"vertical-align: inherit;\"><span style=\"vertical-align: inherit;\"><span style=\"vertical-align: inherit;\"><span style=\"vertical-align: inherit;\">Eduardo Carneiro (Podemos) <\/span><\/span><\/span><\/span><\/span><\/span><\/span><\/span><\/span><\/span><\/span><\/span><br \/>\n<span style=\"vertical-align: inherit;\"><span style=\"vertical-align: inherit;\"><span style=\"vertical-align: inherit;\"><span style=\"vertical-align: inherit;\"><span style=\"vertical-align: inherit;\"><span style=\"vertical-align: inherit;\"><span style=\"vertical-align: inherit;\"><span style=\"vertical-align: inherit;\"><span style=\"vertical-align: inherit;\"><span style=\"vertical-align: inherit;\"><span style=\"vertical-align: inherit;\"><span style=\"vertical-align: inherit;\">Everaldo dos Santos (MDB) \u2013 suplente convocado sob encomenda <\/span><\/span><\/span><\/span><\/span><\/span><\/span><\/span><\/span><\/span><\/span><\/span><br \/>\n<span style=\"vertical-align: inherit;\"><span style=\"vertical-align: inherit;\"><span style=\"vertical-align: inherit;\"><span style=\"vertical-align: inherit;\"><span style=\"vertical-align: inherit;\"><span style=\"vertical-align: inherit;\"><span style=\"vertical-align: inherit;\"><span style=\"vertical-align: inherit;\"><span style=\"vertical-align: inherit;\"><span style=\"vertical-align: inherit;\"><span style=\"vertical-align: inherit;\"><span style=\"vertical-align: inherit;\">Rhoomening Rodrigues (MDB) \u2013 o voto decisivo &#8220;Minerva&#8221;<\/span><\/span><\/span><\/span><\/span><\/span><\/span><\/span><\/span><\/span><\/span><\/span><\/p>\n<p><strong><span style=\"vertical-align: inherit;\"><span style=\"vertical-align: inherit;\"><span style=\"vertical-align: inherit;\"><span style=\"vertical-align: inherit;\"><span style=\"vertical-align: inherit;\"><span style=\"vertical-align: inherit;\"><span style=\"vertical-align: inherit;\"><span style=\"vertical-align: inherit;\"><span style=\"vertical-align: inherit;\"><span style=\"vertical-align: inherit;\"><span style=\"vertical-align: inherit;\"><span style=\"vertical-align: inherit;\">Votantes por uma C\u00e2mara com Transpar\u00eancia\u00a0\u00a0<\/span><\/span><\/span><\/span><\/span><\/span><\/span><\/span><\/span><\/span><\/span><\/span><\/strong><br \/>\n<span style=\"vertical-align: inherit;\"><span style=\"vertical-align: inherit;\"><span style=\"vertical-align: inherit;\"><span style=\"vertical-align: inherit;\"><span style=\"vertical-align: inherit;\"><span style=\"vertical-align: inherit;\"><span style=\"vertical-align: inherit;\"><span style=\"vertical-align: inherit;\"><span style=\"vertical-align: inherit;\"><span style=\"vertical-align: inherit;\"><span style=\"vertical-align: inherit;\"><span style=\"vertical-align: inherit;\"> Gabriel Martins (PL), Fernando Mendon\u00e7a (PP), Vitor El\u00edbio (MDB), Luiz Ot\u00e1vio Pereira (PL), Hir\u00e3 Ramos (PL) e Tanara Cidade (PT) \u2013 os poucos que ainda compensam a defesa do interesse p\u00fablico.<\/span><\/span><\/span><\/span><\/span><\/span><\/span><\/span><\/span><\/span><\/span><\/span><\/p>\n<p><strong><span style=\"vertical-align: inherit;\"><span style=\"vertical-align: inherit;\"><span style=\"vertical-align: inherit;\"><span style=\"vertical-align: inherit;\"><span style=\"vertical-align: inherit;\"><span style=\"vertical-align: inherit;\"><span style=\"vertical-align: inherit;\"><span style=\"vertical-align: inherit;\"><span style=\"vertical-align: inherit;\"><span style=\"vertical-align: inherit;\"><span style=\"vertical-align: inherit;\"><span style=\"vertical-align: inherit;\">A den\u00fancia segue para o Minist\u00e9rio P\u00fablico<\/span><\/span><\/span><\/span><\/span><\/span><\/span><\/span><\/span><\/span><\/span><\/span><\/strong><br \/>\n<span style=\"vertical-align: inherit;\"><span style=\"vertical-align: inherit;\"><span style=\"vertical-align: inherit;\"><span style=\"vertical-align: inherit;\"><span style=\"vertical-align: inherit;\"><span style=\"vertical-align: inherit;\"><span style=\"vertical-align: inherit;\"><span style=\"vertical-align: inherit;\"><span style=\"vertical-align: inherit;\"><span style=\"vertical-align: inherit;\"><span style=\"vertical-align: inherit;\"><span style=\"vertical-align: inherit;\"> A C\u00e2mara decidiu arquivar, mas o advogado Roberto de Bem Ramos, autor da den\u00fancia, j\u00e1 informou que transferiu o caso para o Minist\u00e9rio P\u00fablico. Agora, caber\u00e1 ao MP analisar as a\u00e7\u00f5es do presidente interino e as graves irregularidades que rondaram este processo.<\/span><\/span><\/span><\/span><\/span><\/span><\/span><\/span><\/span><\/span><\/span><\/span><\/p>\n<p><strong><span style=\"vertical-align: inherit;\"><span style=\"vertical-align: inherit;\"><span style=\"vertical-align: inherit;\"><span style=\"vertical-align: inherit;\"><span style=\"vertical-align: inherit;\"><span style=\"vertical-align: inherit;\"><span style=\"vertical-align: inherit;\"><span style=\"vertical-align: inherit;\"><span style=\"vertical-align: inherit;\"><span style=\"vertical-align: inherit;\"><span style=\"vertical-align: inherit;\"><span style=\"vertical-align: inherit;\">Um Legislativo contra o povo<\/span><\/span><\/span><\/span><\/span><\/span><\/span><\/span><\/span><\/span><\/span><\/span><\/strong><br \/>\n<span style=\"vertical-align: inherit;\"><span style=\"vertical-align: inherit;\"><span style=\"vertical-align: inherit;\"><span style=\"vertical-align: inherit;\"><span style=\"vertical-align: inherit;\"><span style=\"vertical-align: inherit;\"><span style=\"vertical-align: inherit;\"><span style=\"vertical-align: inherit;\"><span style=\"vertical-align: inherit;\"><span style=\"vertical-align: inherit;\"><span style=\"vertical-align: inherit;\"><span style=\"vertical-align: inherit;\"> A situa\u00e7\u00e3o \u00e9 clara: a C\u00e2mara de Laguna virou as costas para a popula\u00e7\u00e3o e abra\u00e7ou um modelo de poder que prioriza a cobertura de seus pr\u00f3prios membros em detrimento da transpar\u00eancia. A Casa que deveria zelar pela legalidade transformou-se em um bunker de conchavos e favorecimentos escancarados.<\/span><\/span><\/span><\/span><\/span><\/span><\/span><\/span><\/span><\/span><\/span><\/span><\/p>\n<p><span style=\"vertical-align: inherit;\"><span style=\"vertical-align: inherit;\"><span style=\"vertical-align: inherit;\"><span style=\"vertical-align: inherit;\"><span style=\"vertical-align: inherit;\"><span style=\"vertical-align: inherit;\"><span style=\"vertical-align: inherit;\"><span style=\"vertical-align: inherit;\"><span style=\"vertical-align: inherit;\"><span style=\"vertical-align: inherit;\"><span style=\"vertical-align: inherit;\"><span style=\"vertical-align: inherit;\">Cleosmar Fernandes agiu como um presidente que manipula as engrenagens da pr\u00f3pria den\u00fancia contra si, algo que em qualquer cen\u00e1rio minimamente s\u00e9rio, s\u00e9rio alvo de uma investiga\u00e7\u00e3o interna e de san\u00e7\u00f5es imediatas. Mas em Laguna, virou apenas mais um cap\u00edtulo da novela da blindagem pol\u00edtica.<\/span><\/span><\/span><\/span><\/span><\/span><\/span><\/span><\/span><\/span><\/span><\/span><\/p>\n<p><span style=\"vertical-align: inherit;\"><span style=\"vertical-align: inherit;\"><span style=\"vertical-align: inherit;\"><span style=\"vertical-align: inherit;\"><span style=\"vertical-align: inherit;\"><span style=\"vertical-align: inherit;\"><span style=\"vertical-align: inherit;\"><span style=\"vertical-align: inherit;\"><span style=\"vertical-align: inherit;\"><span style=\"vertical-align: inherit;\"><span style=\"vertical-align: inherit;\"><span style=\"vertical-align: inherit;\">Enquanto isso, nas ruas de Laguna\u2026 <\/span><\/span><\/span><\/span><\/span><\/span><\/span><\/span><\/span><\/span><\/span><\/span><br \/>\n<span style=\"vertical-align: inherit;\"><span style=\"vertical-align: inherit;\"><span style=\"vertical-align: inherit;\"><span style=\"vertical-align: inherit;\"><span style=\"vertical-align: inherit;\"><span style=\"vertical-align: inherit;\"><span style=\"vertical-align: inherit;\"><span style=\"vertical-align: inherit;\"><span style=\"vertical-align: inherit;\"><span style=\"vertical-align: inherit;\"><span style=\"vertical-align: inherit;\"><span style=\"vertical-align: inherit;\">A cidade, perplexa, acompanha mais uma demonstra\u00e7\u00e3o p\u00fablica de como a \u00e9tica \u00e9 atropelada em nome do poder. O cidad\u00e3o comum, que luta diariamente por servi\u00e7os b\u00e1sicos e dignidade, v\u00ea uma C\u00e2mara ocupada em proteger o pr\u00f3prio umbigo, ao inv\u00e9s de servir como verdadeira guardi\u00e3 da democracia e da moralidade.<\/span><\/span><\/span><\/span><\/span><\/span><\/span><\/span><\/span><\/span><\/span><\/span><\/p>\n<p><span style=\"vertical-align: inherit;\"><span style=\"vertical-align: inherit;\"><span style=\"vertical-align: inherit;\"><span style=\"vertical-align: inherit;\"><span style=\"vertical-align: inherit;\"><span style=\"vertical-align: inherit;\"><span style=\"vertical-align: inherit;\"><span style=\"vertical-align: inherit;\"><span style=\"vertical-align: inherit;\"><span style=\"vertical-align: inherit;\"><span style=\"vertical-align: inherit;\"><span style=\"vertical-align: inherit;\">O recado que fica \u00e9: em Laguna, a regra n\u00e3o escrita parece ser proteger aliados, ignorar den\u00fancias e sufocar a transpar\u00eancia.<\/span><\/span><\/span><\/span><\/span><\/span><\/span><\/span><\/span><\/span><\/span><\/span><\/p>\n<p><span style=\"vertical-align: inherit;\"><span style=\"vertical-align: inherit;\"><span style=\"vertical-align: inherit;\"><span style=\"vertical-align: inherit;\"><span style=\"vertical-align: inherit;\"><span style=\"vertical-align: inherit;\"><span style=\"vertical-align: inherit;\"><span style=\"vertical-align: inherit;\"><span style=\"vertical-align: inherit;\"><span style=\"vertical-align: inherit;\"><span style=\"vertical-align: inherit;\"><span style=\"vertical-align: inherit;\">C\u00e2mara de Laguna: a casa onde o povo bate e n\u00e3o entra <\/span><\/span><\/span><\/span><\/span><\/span><\/span><\/span><\/span><\/span><\/span><\/span><br \/>\n<span style=\"vertical-align: inherit;\"><span style=\"vertical-align: inherit;\"><span style=\"vertical-align: inherit;\"><span style=\"vertical-align: inherit;\"><span style=\"vertical-align: inherit;\"><span style=\"vertical-align: inherit;\"><span style=\"vertical-align: inherit;\"><span style=\"vertical-align: inherit;\"><span style=\"vertical-align: inherit;\"><span style=\"vertical-align: inherit;\"><span style=\"vertical-align: inherit;\"><span style=\"vertical-align: inherit;\">Enquanto a sociedade clama por justi\u00e7a, o Legislativo aperta o cadeado da autoprote\u00e7\u00e3o.<\/span><\/span><\/span><\/span><\/span><\/span><\/span><\/span><\/span><\/span><\/span><\/span><\/p>\n<p><span style=\"vertical-align: inherit;\"><span style=\"vertical-align: inherit;\"><span style=\"vertical-align: inherit;\"><span style=\"vertical-align: inherit;\"><span style=\"vertical-align: inherit;\"><span style=\"vertical-align: inherit;\"><span style=\"vertical-align: inherit;\"><span style=\"vertical-align: inherit;\"><span style=\"vertical-align: inherit;\"><span style=\"vertical-align: inherit;\"><span style=\"vertical-align: inherit;\"><span style=\"vertical-align: inherit;\">O que aconteceu nesta sess\u00e3o vai al\u00e9m de uma derrota regimental. \u00c9 uma frente direta ao eleitor lagunense, que agora precisa reagir e cobrar nas ruas, nas redes sociais e onde mais for poss\u00edvel. Porque quando o Legislativo transforma a autoprote\u00e7\u00e3o em norma, uma cidade inteira perde.<\/span><\/span><\/span><\/span><\/span><\/span><\/span><\/span><\/span><\/span><\/span><\/span><\/p>\n<p><span style=\"vertical-align: inherit;\"><span style=\"vertical-align: inherit;\"><span style=\"vertical-align: inherit;\"><span style=\"vertical-align: inherit;\"><span style=\"vertical-align: inherit;\"><span style=\"vertical-align: inherit;\"><span style=\"vertical-align: inherit;\"><span style=\"vertical-align: inherit;\"><span style=\"vertical-align: inherit;\"><span style=\"vertical-align: inherit;\"><span style=\"vertical-align: inherit;\"><span style=\"vertical-align: inherit;\">Afinal, quantos absurdos mais Laguna precisar\u00e1 engolir at\u00e9 que o povo ocupe o espa\u00e7o que foi tomado?<\/span><\/span><\/span><\/span><\/span><\/span><\/span><\/span><\/span><\/span><\/span><\/span><\/p>\n<p><b>Confira na integra a den\u00fancia abaixo:<\/b><\/p>\n<p><img decoding=\"async\" class=\"aligncenter size-full wp-image-21501\" src=\"http:\/\/sulsc.com\/wp-content\/uploads\/2025\/03\/A-8.jpg\" alt=\"\" width=\"1080\" height=\"1495\" srcset=\"https:\/\/sulsc.com\/wp-content\/uploads\/2025\/03\/A-8.jpg 1080w, https:\/\/sulsc.com\/wp-content\/uploads\/2025\/03\/A-8-217x300.jpg 217w, https:\/\/sulsc.com\/wp-content\/uploads\/2025\/03\/A-8-740x1024.jpg 740w, https:\/\/sulsc.com\/wp-content\/uploads\/2025\/03\/A-8-768x1063.jpg 768w\" sizes=\"(max-width: 1080px) 100vw, 1080px\" \/><\/p>\n<p><img decoding=\"async\" class=\"aligncenter size-full wp-image-21502\" src=\"http:\/\/sulsc.com\/wp-content\/uploads\/2025\/03\/A2-9.jpg\" alt=\"\" width=\"1080\" height=\"1459\" srcset=\"https:\/\/sulsc.com\/wp-content\/uploads\/2025\/03\/A2-9.jpg 1080w, https:\/\/sulsc.com\/wp-content\/uploads\/2025\/03\/A2-9-222x300.jpg 222w, https:\/\/sulsc.com\/wp-content\/uploads\/2025\/03\/A2-9-758x1024.jpg 758w, https:\/\/sulsc.com\/wp-content\/uploads\/2025\/03\/A2-9-768x1038.jpg 768w\" sizes=\"(max-width: 1080px) 100vw, 1080px\" \/><\/p>\n<p><img loading=\"lazy\" decoding=\"async\" class=\"aligncenter size-full wp-image-21503\" src=\"http:\/\/sulsc.com\/wp-content\/uploads\/2025\/03\/A3-12.jpg\" alt=\"\" width=\"1045\" height=\"1414\" srcset=\"https:\/\/sulsc.com\/wp-content\/uploads\/2025\/03\/A3-12.jpg 1045w, https:\/\/sulsc.com\/wp-content\/uploads\/2025\/03\/A3-12-222x300.jpg 222w, https:\/\/sulsc.com\/wp-content\/uploads\/2025\/03\/A3-12-757x1024.jpg 757w, https:\/\/sulsc.com\/wp-content\/uploads\/2025\/03\/A3-12-768x1039.jpg 768w\" sizes=\"(max-width: 1045px) 100vw, 1045px\" \/><\/p>\n<p><img loading=\"lazy\" decoding=\"async\" class=\"aligncenter size-full wp-image-21504\" src=\"http:\/\/sulsc.com\/wp-content\/uploads\/2025\/03\/A4-5.jpg\" alt=\"\" width=\"1080\" height=\"1475\" srcset=\"https:\/\/sulsc.com\/wp-content\/uploads\/2025\/03\/A4-5.jpg 1080w, https:\/\/sulsc.com\/wp-content\/uploads\/2025\/03\/A4-5-220x300.jpg 220w, https:\/\/sulsc.com\/wp-content\/uploads\/2025\/03\/A4-5-750x1024.jpg 750w, https:\/\/sulsc.com\/wp-content\/uploads\/2025\/03\/A4-5-768x1049.jpg 768w\" sizes=\"(max-width: 1080px) 100vw, 1080px\" \/><\/p>\n<p><img loading=\"lazy\" decoding=\"async\" class=\"aligncenter size-full wp-image-21505\" src=\"http:\/\/sulsc.com\/wp-content\/uploads\/2025\/03\/A5-5.jpg\" alt=\"\" width=\"1080\" height=\"1455\" srcset=\"https:\/\/sulsc.com\/wp-content\/uploads\/2025\/03\/A5-5.jpg 1080w, https:\/\/sulsc.com\/wp-content\/uploads\/2025\/03\/A5-5-223x300.jpg 223w, https:\/\/sulsc.com\/wp-content\/uploads\/2025\/03\/A5-5-760x1024.jpg 760w, https:\/\/sulsc.com\/wp-content\/uploads\/2025\/03\/A5-5-768x1035.jpg 768w\" sizes=\"(max-width: 1080px) 100vw, 1080px\" \/><\/p>\n<p><img loading=\"lazy\" decoding=\"async\" class=\"aligncenter size-full wp-image-21506\" src=\"http:\/\/sulsc.com\/wp-content\/uploads\/2025\/03\/A6-4.jpg\" alt=\"\" width=\"1080\" height=\"1465\" srcset=\"https:\/\/sulsc.com\/wp-content\/uploads\/2025\/03\/A6-4.jpg 1080w, https:\/\/sulsc.com\/wp-content\/uploads\/2025\/03\/A6-4-221x300.jpg 221w, https:\/\/sulsc.com\/wp-content\/uploads\/2025\/03\/A6-4-755x1024.jpg 755w, https:\/\/sulsc.com\/wp-content\/uploads\/2025\/03\/A6-4-768x1042.jpg 768w\" sizes=\"(max-width: 1080px) 100vw, 1080px\" \/><\/p>\n<p>&nbsp;<\/p>\n<p><img loading=\"lazy\" decoding=\"async\" class=\"aligncenter size-full wp-image-21508\" src=\"http:\/\/sulsc.com\/wp-content\/uploads\/2025\/03\/A7-2.jpg\" alt=\"\" width=\"1080\" height=\"1445\" srcset=\"https:\/\/sulsc.com\/wp-content\/uploads\/2025\/03\/A7-2.jpg 1080w, https:\/\/sulsc.com\/wp-content\/uploads\/2025\/03\/A7-2-224x300.jpg 224w, https:\/\/sulsc.com\/wp-content\/uploads\/2025\/03\/A7-2-765x1024.jpg 765w, https:\/\/sulsc.com\/wp-content\/uploads\/2025\/03\/A7-2-768x1028.jpg 768w\" sizes=\"(max-width: 1080px) 100vw, 1080px\" \/><\/p>\n<p><img loading=\"lazy\" decoding=\"async\" class=\"aligncenter size-full wp-image-21507\" src=\"http:\/\/sulsc.com\/wp-content\/uploads\/2025\/03\/A8-1.jpg\" alt=\"\" width=\"1063\" height=\"1364\" srcset=\"https:\/\/sulsc.com\/wp-content\/uploads\/2025\/03\/A8-1.jpg 1063w, https:\/\/sulsc.com\/wp-content\/uploads\/2025\/03\/A8-1-234x300.jpg 234w, https:\/\/sulsc.com\/wp-content\/uploads\/2025\/03\/A8-1-798x1024.jpg 798w, https:\/\/sulsc.com\/wp-content\/uploads\/2025\/03\/A8-1-768x985.jpg 768w\" sizes=\"(max-width: 1063px) 100vw, 1063px\" \/><\/p>\n<p>&nbsp;<\/p>\n","protected":false},"excerpt":{"rendered":"<p>Se a popula\u00e7\u00e3o de Laguna ainda nutria alguma esperan\u00e7a em rela\u00e7\u00e3o \u00e0 seriedade do seu Legislativo, na noite desta segunda-feira (17) tratou de sepultar de vez essa expectativa. Em uma manobra que fere de morte a moralidade e o decoro parlamentar, a C\u00e2mara de Vereadores de Laguna rejeitou a den\u00fancia contra o presidente interino Cleosmar &hellip;<\/p>\n<p class=\"read-more\"> <a class=\"\" href=\"https:\/\/sulsc.com\/index.php\/2025\/03\/18\/giro-politico-camara-de-laguna-bunker-sepulta-denuncia-contra-presidente-interino-em-manobra-escandalosa\/\"> <span class=\"screen-reader-text\">Giro Politico &#8211; C\u00e2mara de Laguna &#8220;BUNKER&#8221; sepulta den\u00fancia contra presidente interino em manobra escandalosa<\/span> Read More &raquo;<\/a><\/p>\n","protected":false},"author":3,"featured_media":21488,"comment_status":"open","ping_status":"open","sticky":false,"template":"","format":"standard","meta":{"site-sidebar-layout":"default","site-content-layout":"","ast-site-content-layout":"default","site-content-style":"default","site-sidebar-style":"default","ast-global-header-display":"","ast-banner-title-visibility":"","ast-main-header-display":"","ast-hfb-above-header-display":"","ast-hfb-below-header-display":"","ast-hfb-mobile-header-display":"","site-post-title":"","ast-breadcrumbs-content":"","ast-featured-img":"","footer-sml-layout":"","theme-transparent-header-meta":"default","adv-header-id-meta":"","stick-header-meta":"","header-above-stick-meta":"","header-main-stick-meta":"","header-below-stick-meta":"","astra-migrate-meta-layouts":"set","footnotes":""},"categories":[13],"tags":[1788],"yoast_head":"<!-- This site is optimized with the Yoast SEO plugin v21.4 - https:\/\/yoast.com\/wordpress\/plugins\/seo\/ -->\n<title>Giro Politico - C\u00e2mara de Laguna &quot;BUNKER&quot; sepulta den\u00fancia contra presidente interino em manobra escandalosa -<\/title>\n<meta name=\"robots\" content=\"index, follow, max-snippet:-1, max-image-preview:large, max-video-preview:-1\" \/>\n<link rel=\"canonical\" href=\"https:\/\/sulsc.com\/index.php\/2025\/03\/18\/giro-politico-camara-de-laguna-bunker-sepulta-denuncia-contra-presidente-interino-em-manobra-escandalosa\/\" \/>\n<meta property=\"og:locale\" content=\"en_US\" \/>\n<meta property=\"og:type\" content=\"article\" \/>\n<meta property=\"og:title\" content=\"Giro Politico - C\u00e2mara de Laguna &quot;BUNKER&quot; sepulta den\u00fancia contra presidente interino em manobra escandalosa -\" \/>\n<meta property=\"og:description\" content=\"Se a popula\u00e7\u00e3o de Laguna ainda nutria alguma esperan\u00e7a em rela\u00e7\u00e3o \u00e0 seriedade do seu Legislativo, na noite desta segunda-feira (17) tratou de sepultar de vez essa expectativa. Em uma manobra que fere de morte a moralidade e o decoro parlamentar, a C\u00e2mara de Vereadores de Laguna rejeitou a den\u00fancia contra o presidente interino Cleosmar &hellip; Giro Politico &#8211; C\u00e2mara de Laguna &#8220;BUNKER&#8221; sepulta den\u00fancia contra presidente interino em manobra escandalosa Read More &raquo;\" \/>\n<meta property=\"og:url\" content=\"https:\/\/sulsc.com\/index.php\/2025\/03\/18\/giro-politico-camara-de-laguna-bunker-sepulta-denuncia-contra-presidente-interino-em-manobra-escandalosa\/\" \/>\n<meta property=\"article:author\" content=\"https:\/\/www.facebook.com\/profile.php?id=61559278119680\" \/>\n<meta property=\"article:published_time\" content=\"2025-03-18T21:21:14+00:00\" \/>\n<meta property=\"article:modified_time\" content=\"2025-03-18T21:54:53+00:00\" \/>\n<meta property=\"og:image\" content=\"http:\/\/sulsc.com\/wp-content\/uploads\/2025\/03\/A7-1.jpg\" \/>\n\t<meta property=\"og:image:width\" content=\"1080\" \/>\n\t<meta property=\"og:image:height\" content=\"770\" \/>\n\t<meta property=\"og:image:type\" content=\"image\/jpeg\" \/>\n<meta name=\"author\" content=\"Reda\u00e7\u00e3o Sul SC\" \/>\n<meta name=\"twitter:card\" content=\"summary_large_image\" \/>\n<meta name=\"twitter:creator\" content=\"@https:\/\/twitter.com\/PortalSulSC\" \/>\n<meta name=\"twitter:label1\" content=\"Written by\" \/>\n\t<meta name=\"twitter:data1\" content=\"Reda\u00e7\u00e3o Sul SC\" \/>\n\t<meta name=\"twitter:label2\" content=\"Est. reading time\" \/>\n\t<meta name=\"twitter:data2\" content=\"5 minutes\" \/>\n<script type=\"application\/ld+json\" class=\"yoast-schema-graph\">{\"@context\":\"https:\/\/schema.org\",\"@graph\":[{\"@type\":\"WebPage\",\"@id\":\"https:\/\/sulsc.com\/index.php\/2025\/03\/18\/giro-politico-camara-de-laguna-bunker-sepulta-denuncia-contra-presidente-interino-em-manobra-escandalosa\/\",\"url\":\"https:\/\/sulsc.com\/index.php\/2025\/03\/18\/giro-politico-camara-de-laguna-bunker-sepulta-denuncia-contra-presidente-interino-em-manobra-escandalosa\/\",\"name\":\"Giro Politico - C\u00e2mara de Laguna \\\"BUNKER\\\" sepulta den\u00fancia contra presidente interino em manobra escandalosa -\",\"isPartOf\":{\"@id\":\"https:\/\/sulsc.com\/#website\"},\"datePublished\":\"2025-03-18T21:21:14+00:00\",\"dateModified\":\"2025-03-18T21:54:53+00:00\",\"author\":{\"@id\":\"https:\/\/sulsc.com\/#\/schema\/person\/84d2fc571684f6248ba83092f07750a3\"},\"breadcrumb\":{\"@id\":\"https:\/\/sulsc.com\/index.php\/2025\/03\/18\/giro-politico-camara-de-laguna-bunker-sepulta-denuncia-contra-presidente-interino-em-manobra-escandalosa\/#breadcrumb\"},\"inLanguage\":\"en-US\",\"potentialAction\":[{\"@type\":\"ReadAction\",\"target\":[\"https:\/\/sulsc.com\/index.php\/2025\/03\/18\/giro-politico-camara-de-laguna-bunker-sepulta-denuncia-contra-presidente-interino-em-manobra-escandalosa\/\"]}]},{\"@type\":\"BreadcrumbList\",\"@id\":\"https:\/\/sulsc.com\/index.php\/2025\/03\/18\/giro-politico-camara-de-laguna-bunker-sepulta-denuncia-contra-presidente-interino-em-manobra-escandalosa\/#breadcrumb\",\"itemListElement\":[{\"@type\":\"ListItem\",\"position\":1,\"name\":\"In\u00edcio\",\"item\":\"https:\/\/sulsc.com\/\"},{\"@type\":\"ListItem\",\"position\":2,\"name\":\"Giro Politico &#8211; C\u00e2mara de Laguna &#8220;BUNKER&#8221; sepulta den\u00fancia contra presidente interino em manobra escandalosa\"}]},{\"@type\":\"WebSite\",\"@id\":\"https:\/\/sulsc.com\/#website\",\"url\":\"https:\/\/sulsc.com\/\",\"name\":\"\",\"description\":\"\",\"potentialAction\":[{\"@type\":\"SearchAction\",\"target\":{\"@type\":\"EntryPoint\",\"urlTemplate\":\"https:\/\/sulsc.com\/?s={search_term_string}\"},\"query-input\":\"required name=search_term_string\"}],\"inLanguage\":\"en-US\"},{\"@type\":\"Person\",\"@id\":\"https:\/\/sulsc.com\/#\/schema\/person\/84d2fc571684f6248ba83092f07750a3\",\"name\":\"Reda\u00e7\u00e3o Sul SC\",\"image\":{\"@type\":\"ImageObject\",\"inLanguage\":\"en-US\",\"@id\":\"https:\/\/sulsc.com\/#\/schema\/person\/image\/e08d7fe2cc4ed596372063bbe852b8d0\",\"url\":\"https:\/\/sulsc.com\/wp-content\/uploads\/2023\/09\/redacao.png\",\"contentUrl\":\"https:\/\/sulsc.com\/wp-content\/uploads\/2023\/09\/redacao.png\",\"caption\":\"Reda\u00e7\u00e3o Sul SC\"},\"description\":\"Foco em um jornalismo imparcial, voltado \u00e0 qualidade dos seus conte\u00fados e, assim, levar informa\u00e7\u00e3o de valor que agregue \u00e0 vida dos leitores. Esta \u00e9 grande miss\u00e3o do Portal de Not\u00edcias Sul SC. N\u00e3o \u00e9 quantidade que muda o mundo, sempre foi e seguir\u00e1 sendo qualidade!\",\"sameAs\":[\"https:\/\/sulsc.com\/\",\"https:\/\/www.facebook.com\/profile.php?id=61559278119680\",\"https:\/\/www.instagram.com\/sulscportal\/?hl=pt-br\",\"https:\/\/twitter.com\/https:\/\/twitter.com\/PortalSulSC\",\"https:\/\/www.youtube.com\/channel\/UCv_BE8GeySluDov2n8qhVmw\"],\"url\":\"https:\/\/sulsc.com\/index.php\/author\/redacao\/\"}]}<\/script>\n<!-- \/ Yoast SEO plugin. -->","yoast_head_json":{"title":"Giro Politico - C\u00e2mara de Laguna \"BUNKER\" sepulta den\u00fancia contra presidente interino em manobra escandalosa -","robots":{"index":"index","follow":"follow","max-snippet":"max-snippet:-1","max-image-preview":"max-image-preview:large","max-video-preview":"max-video-preview:-1"},"canonical":"https:\/\/sulsc.com\/index.php\/2025\/03\/18\/giro-politico-camara-de-laguna-bunker-sepulta-denuncia-contra-presidente-interino-em-manobra-escandalosa\/","og_locale":"en_US","og_type":"article","og_title":"Giro Politico - C\u00e2mara de Laguna \"BUNKER\" sepulta den\u00fancia contra presidente interino em manobra escandalosa -","og_description":"Se a popula\u00e7\u00e3o de Laguna ainda nutria alguma esperan\u00e7a em rela\u00e7\u00e3o \u00e0 seriedade do seu Legislativo, na noite desta segunda-feira (17) tratou de sepultar de vez essa expectativa. Em uma manobra que fere de morte a moralidade e o decoro parlamentar, a C\u00e2mara de Vereadores de Laguna rejeitou a den\u00fancia contra o presidente interino Cleosmar &hellip; Giro Politico &#8211; C\u00e2mara de Laguna &#8220;BUNKER&#8221; sepulta den\u00fancia contra presidente interino em manobra escandalosa Read More &raquo;","og_url":"https:\/\/sulsc.com\/index.php\/2025\/03\/18\/giro-politico-camara-de-laguna-bunker-sepulta-denuncia-contra-presidente-interino-em-manobra-escandalosa\/","article_author":"https:\/\/www.facebook.com\/profile.php?id=61559278119680","article_published_time":"2025-03-18T21:21:14+00:00","article_modified_time":"2025-03-18T21:54:53+00:00","og_image":[{"width":1080,"height":770,"url":"http:\/\/sulsc.com\/wp-content\/uploads\/2025\/03\/A7-1.jpg","type":"image\/jpeg"}],"author":"Reda\u00e7\u00e3o Sul SC","twitter_card":"summary_large_image","twitter_creator":"@https:\/\/twitter.com\/PortalSulSC","twitter_misc":{"Written by":"Reda\u00e7\u00e3o Sul SC","Est. reading time":"5 minutes"},"schema":{"@context":"https:\/\/schema.org","@graph":[{"@type":"WebPage","@id":"https:\/\/sulsc.com\/index.php\/2025\/03\/18\/giro-politico-camara-de-laguna-bunker-sepulta-denuncia-contra-presidente-interino-em-manobra-escandalosa\/","url":"https:\/\/sulsc.com\/index.php\/2025\/03\/18\/giro-politico-camara-de-laguna-bunker-sepulta-denuncia-contra-presidente-interino-em-manobra-escandalosa\/","name":"Giro Politico - C\u00e2mara de Laguna \"BUNKER\" sepulta den\u00fancia contra presidente interino em manobra escandalosa -","isPartOf":{"@id":"https:\/\/sulsc.com\/#website"},"datePublished":"2025-03-18T21:21:14+00:00","dateModified":"2025-03-18T21:54:53+00:00","author":{"@id":"https:\/\/sulsc.com\/#\/schema\/person\/84d2fc571684f6248ba83092f07750a3"},"breadcrumb":{"@id":"https:\/\/sulsc.com\/index.php\/2025\/03\/18\/giro-politico-camara-de-laguna-bunker-sepulta-denuncia-contra-presidente-interino-em-manobra-escandalosa\/#breadcrumb"},"inLanguage":"en-US","potentialAction":[{"@type":"ReadAction","target":["https:\/\/sulsc.com\/index.php\/2025\/03\/18\/giro-politico-camara-de-laguna-bunker-sepulta-denuncia-contra-presidente-interino-em-manobra-escandalosa\/"]}]},{"@type":"BreadcrumbList","@id":"https:\/\/sulsc.com\/index.php\/2025\/03\/18\/giro-politico-camara-de-laguna-bunker-sepulta-denuncia-contra-presidente-interino-em-manobra-escandalosa\/#breadcrumb","itemListElement":[{"@type":"ListItem","position":1,"name":"In\u00edcio","item":"https:\/\/sulsc.com\/"},{"@type":"ListItem","position":2,"name":"Giro Politico &#8211; C\u00e2mara de Laguna &#8220;BUNKER&#8221; sepulta den\u00fancia contra presidente interino em manobra escandalosa"}]},{"@type":"WebSite","@id":"https:\/\/sulsc.com\/#website","url":"https:\/\/sulsc.com\/","name":"","description":"","potentialAction":[{"@type":"SearchAction","target":{"@type":"EntryPoint","urlTemplate":"https:\/\/sulsc.com\/?s={search_term_string}"},"query-input":"required name=search_term_string"}],"inLanguage":"en-US"},{"@type":"Person","@id":"https:\/\/sulsc.com\/#\/schema\/person\/84d2fc571684f6248ba83092f07750a3","name":"Reda\u00e7\u00e3o Sul SC","image":{"@type":"ImageObject","inLanguage":"en-US","@id":"https:\/\/sulsc.com\/#\/schema\/person\/image\/e08d7fe2cc4ed596372063bbe852b8d0","url":"https:\/\/sulsc.com\/wp-content\/uploads\/2023\/09\/redacao.png","contentUrl":"https:\/\/sulsc.com\/wp-content\/uploads\/2023\/09\/redacao.png","caption":"Reda\u00e7\u00e3o Sul SC"},"description":"Foco em um jornalismo imparcial, voltado \u00e0 qualidade dos seus conte\u00fados e, assim, levar informa\u00e7\u00e3o de valor que agregue \u00e0 vida dos leitores. Esta \u00e9 grande miss\u00e3o do Portal de Not\u00edcias Sul SC. N\u00e3o \u00e9 quantidade que muda o mundo, sempre foi e seguir\u00e1 sendo qualidade!","sameAs":["https:\/\/sulsc.com\/","https:\/\/www.facebook.com\/profile.php?id=61559278119680","https:\/\/www.instagram.com\/sulscportal\/?hl=pt-br","https:\/\/twitter.com\/https:\/\/twitter.com\/PortalSulSC","https:\/\/www.youtube.com\/channel\/UCv_BE8GeySluDov2n8qhVmw"],"url":"https:\/\/sulsc.com\/index.php\/author\/redacao\/"}]}},"authors":[],"_links":{"self":[{"href":"https:\/\/sulsc.com\/index.php\/wp-json\/wp\/v2\/posts\/21485"}],"collection":[{"href":"https:\/\/sulsc.com\/index.php\/wp-json\/wp\/v2\/posts"}],"about":[{"href":"https:\/\/sulsc.com\/index.php\/wp-json\/wp\/v2\/types\/post"}],"author":[{"embeddable":true,"href":"https:\/\/sulsc.com\/index.php\/wp-json\/wp\/v2\/users\/3"}],"replies":[{"embeddable":true,"href":"https:\/\/sulsc.com\/index.php\/wp-json\/wp\/v2\/comments?post=21485"}],"version-history":[{"count":13,"href":"https:\/\/sulsc.com\/index.php\/wp-json\/wp\/v2\/posts\/21485\/revisions"}],"predecessor-version":[{"id":21510,"href":"https:\/\/sulsc.com\/index.php\/wp-json\/wp\/v2\/posts\/21485\/revisions\/21510"}],"wp:featuredmedia":[{"embeddable":true,"href":"https:\/\/sulsc.com\/index.php\/wp-json\/wp\/v2\/media\/21488"}],"wp:attachment":[{"href":"https:\/\/sulsc.com\/index.php\/wp-json\/wp\/v2\/media?parent=21485"}],"wp:term":[{"taxonomy":"category","embeddable":true,"href":"https:\/\/sulsc.com\/index.php\/wp-json\/wp\/v2\/categories?post=21485"},{"taxonomy":"post_tag","embeddable":true,"href":"https:\/\/sulsc.com\/index.php\/wp-json\/wp\/v2\/tags?post=21485"}],"curies":[{"name":"wp","href":"https:\/\/api.w.org\/{rel}","templated":true}]}}