{"id":2149,"date":"2023-10-10T18:30:04","date_gmt":"2023-10-10T21:30:04","guid":{"rendered":"https:\/\/sulsc.com\/?p=2149"},"modified":"2023-10-10T17:16:26","modified_gmt":"2023-10-10T20:16:26","slug":"operacao-tapa-buracos-prefeitura-intensifica-revitalizacao-de-ruas-em-criciuma","status":"publish","type":"post","link":"https:\/\/sulsc.com\/index.php\/2023\/10\/10\/operacao-tapa-buracos-prefeitura-intensifica-revitalizacao-de-ruas-em-criciuma\/","title":{"rendered":"Opera\u00e7\u00e3o tapa-buracos: prefeitura intensifica revitaliza\u00e7\u00e3o de ruas em Crici\u00fama"},"content":{"rendered":"<p>Para revitalizar vias danificadas em virtude das fortes chuvas que atingiram a regi\u00e3o carbon\u00edfera nos \u00faltimos dias e garantir a seguran\u00e7a de condutores e pedestres, a Prefeitura de Crici\u00fama intensificou, na manh\u00e3 desta ter\u00e7a-feira (10), os servi\u00e7os de tapa-buracos. Executados pela Secretaria Municipal de Infraestrutura, Planejamento e Mobilidade Urbana, os trabalhos contemplam ruas de todas as regi\u00f5es de Crici\u00fama.<\/p>\n<p>\u201cEstamos mobilizados, com v\u00e1rias frentes de trabalho, incluindo os profissionais do P\u00e1tio de M\u00e1quinas e das intend\u00eancias do Rio Maina, Santa Luzia e Quarta Linha, para revitalizar os trechos de vias danificados\u201d, explica o secret\u00e1rio municipal de Infraestrutura, Planejamento e Mobilidade Urbana, Tita Belloli.<\/p>\n<p><img fetchpriority=\"high\" decoding=\"async\" class=\"alignnone size-large wp-image-2152\" src=\"http:\/\/sulsc.com\/wp-content\/uploads\/2023\/10\/feche-acima-do-caldeirao-grande-com-agua-de-chuva-suja-da-estrada-1024x683.jpg\" alt=\"\" width=\"1024\" height=\"683\" srcset=\"https:\/\/sulsc.com\/wp-content\/uploads\/2023\/10\/feche-acima-do-caldeirao-grande-com-agua-de-chuva-suja-da-estrada-1024x683.jpg 1024w, https:\/\/sulsc.com\/wp-content\/uploads\/2023\/10\/feche-acima-do-caldeirao-grande-com-agua-de-chuva-suja-da-estrada-300x200.jpg 300w, https:\/\/sulsc.com\/wp-content\/uploads\/2023\/10\/feche-acima-do-caldeirao-grande-com-agua-de-chuva-suja-da-estrada-768x512.jpg 768w, https:\/\/sulsc.com\/wp-content\/uploads\/2023\/10\/feche-acima-do-caldeirao-grande-com-agua-de-chuva-suja-da-estrada-1536x1024.jpg 1536w, https:\/\/sulsc.com\/wp-content\/uploads\/2023\/10\/feche-acima-do-caldeirao-grande-com-agua-de-chuva-suja-da-estrada-2048x1366.jpg 2048w\" sizes=\"(max-width: 1024px) 100vw, 1024px\" \/><\/p>\n<p><strong>Limpeza de bocas de lobo<\/strong><br \/>\nNos \u00faltimos dias, a Administra\u00e7\u00e3o Municipal executou, tamb\u00e9m, uma for\u00e7a-tarefa para limpar bocas de lobo em comunidades de Crici\u00fama. \u201cO trabalho de limpeza de bocas de lobo \u00e9 realizado de forma peri\u00f3dica pela prefeitura. Por\u00e9m, intensificamos as limpezas, principalmente, nas \u00e1reas que mais sofrem em dias chuvosos. Pedimos, tamb\u00e9m, a colabora\u00e7\u00e3o dos moradores: n\u00e3o descartem lixo nas ruas\u201d, finaliza Belloli.<\/p>\n<p>&nbsp;<\/p>\n<p>Fonte: Pref. Crici\u00fama<\/p>\n","protected":false},"excerpt":{"rendered":"<p>Para revitalizar vias danificadas em virtude das fortes chuvas que atingiram a regi\u00e3o carbon\u00edfera nos \u00faltimos dias e garantir a seguran\u00e7a de condutores e pedestres, a Prefeitura de Crici\u00fama intensificou, na manh\u00e3 desta ter\u00e7a-feira (10), os servi\u00e7os de tapa-buracos. Executados pela Secretaria Municipal de Infraestrutura, Planejamento e Mobilidade Urbana, os trabalhos contemplam ruas de todas &hellip;<\/p>\n<p class=\"read-more\"> <a class=\"\" href=\"https:\/\/sulsc.com\/index.php\/2023\/10\/10\/operacao-tapa-buracos-prefeitura-intensifica-revitalizacao-de-ruas-em-criciuma\/\"> <span class=\"screen-reader-text\">Opera\u00e7\u00e3o tapa-buracos: prefeitura intensifica revitaliza\u00e7\u00e3o de ruas em Crici\u00fama<\/span> Read More &raquo;<\/a><\/p>\n","protected":false},"author":3,"featured_media":2150,"comment_status":"open","ping_status":"open","sticky":false,"template":"","format":"standard","meta":{"site-sidebar-layout":"default","site-content-layout":"","ast-site-content-layout":"default","site-content-style":"default","site-sidebar-style":"default","ast-global-header-display":"","ast-banner-title-visibility":"","ast-main-header-display":"","ast-hfb-above-header-display":"","ast-hfb-below-header-display":"","ast-hfb-mobile-header-display":"","site-post-title":"","ast-breadcrumbs-content":"","ast-featured-img":"","footer-sml-layout":"","theme-transparent-header-meta":"default","adv-header-id-meta":"","stick-header-meta":"","header-above-stick-meta":"","header-main-stick-meta":"","header-below-stick-meta":"","astra-migrate-meta-layouts":"set","footnotes":""},"categories":[23,1],"tags":[],"yoast_head":"<!-- This site is optimized with the Yoast SEO plugin v21.4 - https:\/\/yoast.com\/wordpress\/plugins\/seo\/ -->\n<title>Opera\u00e7\u00e3o tapa-buracos: prefeitura intensifica revitaliza\u00e7\u00e3o de ruas em Crici\u00fama -<\/title>\n<meta name=\"robots\" content=\"index, follow, max-snippet:-1, max-image-preview:large, max-video-preview:-1\" \/>\n<link rel=\"canonical\" href=\"https:\/\/sulsc.com\/index.php\/2023\/10\/10\/operacao-tapa-buracos-prefeitura-intensifica-revitalizacao-de-ruas-em-criciuma\/\" \/>\n<meta property=\"og:locale\" content=\"en_US\" \/>\n<meta property=\"og:type\" content=\"article\" \/>\n<meta property=\"og:title\" content=\"Opera\u00e7\u00e3o tapa-buracos: prefeitura intensifica revitaliza\u00e7\u00e3o de ruas em Crici\u00fama -\" \/>\n<meta property=\"og:description\" content=\"Para revitalizar vias danificadas em virtude das fortes chuvas que atingiram a regi\u00e3o carbon\u00edfera nos \u00faltimos dias e garantir a seguran\u00e7a de condutores e pedestres, a Prefeitura de Crici\u00fama intensificou, na manh\u00e3 desta ter\u00e7a-feira (10), os servi\u00e7os de tapa-buracos. Executados pela Secretaria Municipal de Infraestrutura, Planejamento e Mobilidade Urbana, os trabalhos contemplam ruas de todas &hellip; Opera\u00e7\u00e3o tapa-buracos: prefeitura intensifica revitaliza\u00e7\u00e3o de ruas em Crici\u00fama Read More &raquo;\" \/>\n<meta property=\"og:url\" content=\"https:\/\/sulsc.com\/index.php\/2023\/10\/10\/operacao-tapa-buracos-prefeitura-intensifica-revitalizacao-de-ruas-em-criciuma\/\" \/>\n<meta property=\"article:author\" content=\"https:\/\/www.facebook.com\/profile.php?id=61559278119680\" \/>\n<meta property=\"article:published_time\" content=\"2023-10-10T21:30:04+00:00\" \/>\n<meta property=\"article:modified_time\" content=\"2023-10-10T20:16:26+00:00\" \/>\n<meta property=\"og:image\" content=\"https:\/\/sulsc.com\/wp-content\/uploads\/2023\/10\/Prefeitura_intensifica_revitalizacao_de_ruas_em_Criciuma_Foto_de_Divulgacao_Decom_1.jpeg\" \/>\n\t<meta property=\"og:image:width\" content=\"1311\" \/>\n\t<meta property=\"og:image:height\" content=\"1016\" \/>\n\t<meta property=\"og:image:type\" content=\"image\/jpeg\" \/>\n<meta name=\"author\" content=\"Reda\u00e7\u00e3o Sul SC\" \/>\n<meta name=\"twitter:card\" content=\"summary_large_image\" \/>\n<meta name=\"twitter:creator\" content=\"@https:\/\/twitter.com\/PortalSulSC\" \/>\n<meta name=\"twitter:label1\" content=\"Written by\" \/>\n\t<meta name=\"twitter:data1\" content=\"Reda\u00e7\u00e3o Sul SC\" \/>\n\t<meta name=\"twitter:label2\" content=\"Est. reading time\" \/>\n\t<meta name=\"twitter:data2\" content=\"1 minute\" \/>\n<script type=\"application\/ld+json\" class=\"yoast-schema-graph\">{\"@context\":\"https:\/\/schema.org\",\"@graph\":[{\"@type\":\"WebPage\",\"@id\":\"https:\/\/sulsc.com\/index.php\/2023\/10\/10\/operacao-tapa-buracos-prefeitura-intensifica-revitalizacao-de-ruas-em-criciuma\/\",\"url\":\"https:\/\/sulsc.com\/index.php\/2023\/10\/10\/operacao-tapa-buracos-prefeitura-intensifica-revitalizacao-de-ruas-em-criciuma\/\",\"name\":\"Opera\u00e7\u00e3o tapa-buracos: prefeitura intensifica revitaliza\u00e7\u00e3o de ruas em Crici\u00fama -\",\"isPartOf\":{\"@id\":\"https:\/\/sulsc.com\/#website\"},\"datePublished\":\"2023-10-10T21:30:04+00:00\",\"dateModified\":\"2023-10-10T20:16:26+00:00\",\"author\":{\"@id\":\"https:\/\/sulsc.com\/#\/schema\/person\/84d2fc571684f6248ba83092f07750a3\"},\"breadcrumb\":{\"@id\":\"https:\/\/sulsc.com\/index.php\/2023\/10\/10\/operacao-tapa-buracos-prefeitura-intensifica-revitalizacao-de-ruas-em-criciuma\/#breadcrumb\"},\"inLanguage\":\"en-US\",\"potentialAction\":[{\"@type\":\"ReadAction\",\"target\":[\"https:\/\/sulsc.com\/index.php\/2023\/10\/10\/operacao-tapa-buracos-prefeitura-intensifica-revitalizacao-de-ruas-em-criciuma\/\"]}]},{\"@type\":\"BreadcrumbList\",\"@id\":\"https:\/\/sulsc.com\/index.php\/2023\/10\/10\/operacao-tapa-buracos-prefeitura-intensifica-revitalizacao-de-ruas-em-criciuma\/#breadcrumb\",\"itemListElement\":[{\"@type\":\"ListItem\",\"position\":1,\"name\":\"In\u00edcio\",\"item\":\"https:\/\/sulsc.com\/\"},{\"@type\":\"ListItem\",\"position\":2,\"name\":\"Opera\u00e7\u00e3o tapa-buracos: prefeitura intensifica revitaliza\u00e7\u00e3o de ruas em Crici\u00fama\"}]},{\"@type\":\"WebSite\",\"@id\":\"https:\/\/sulsc.com\/#website\",\"url\":\"https:\/\/sulsc.com\/\",\"name\":\"\",\"description\":\"\",\"potentialAction\":[{\"@type\":\"SearchAction\",\"target\":{\"@type\":\"EntryPoint\",\"urlTemplate\":\"https:\/\/sulsc.com\/?s={search_term_string}\"},\"query-input\":\"required name=search_term_string\"}],\"inLanguage\":\"en-US\"},{\"@type\":\"Person\",\"@id\":\"https:\/\/sulsc.com\/#\/schema\/person\/84d2fc571684f6248ba83092f07750a3\",\"name\":\"Reda\u00e7\u00e3o Sul SC\",\"image\":{\"@type\":\"ImageObject\",\"inLanguage\":\"en-US\",\"@id\":\"https:\/\/sulsc.com\/#\/schema\/person\/image\/e08d7fe2cc4ed596372063bbe852b8d0\",\"url\":\"https:\/\/sulsc.com\/wp-content\/uploads\/2023\/09\/redacao.png\",\"contentUrl\":\"https:\/\/sulsc.com\/wp-content\/uploads\/2023\/09\/redacao.png\",\"caption\":\"Reda\u00e7\u00e3o Sul SC\"},\"description\":\"Foco em um jornalismo imparcial, voltado \u00e0 qualidade dos seus conte\u00fados e, assim, levar informa\u00e7\u00e3o de valor que agregue \u00e0 vida dos leitores. Esta \u00e9 grande miss\u00e3o do Portal de Not\u00edcias Sul SC. N\u00e3o \u00e9 quantidade que muda o mundo, sempre foi e seguir\u00e1 sendo qualidade!\",\"sameAs\":[\"https:\/\/sulsc.com\/\",\"https:\/\/www.facebook.com\/profile.php?id=61559278119680\",\"https:\/\/www.instagram.com\/sulscportal\/?hl=pt-br\",\"https:\/\/twitter.com\/https:\/\/twitter.com\/PortalSulSC\",\"https:\/\/www.youtube.com\/channel\/UCv_BE8GeySluDov2n8qhVmw\"],\"url\":\"https:\/\/sulsc.com\/index.php\/author\/redacao\/\"}]}<\/script>\n<!-- \/ Yoast SEO plugin. -->","yoast_head_json":{"title":"Opera\u00e7\u00e3o tapa-buracos: prefeitura intensifica revitaliza\u00e7\u00e3o de ruas em Crici\u00fama -","robots":{"index":"index","follow":"follow","max-snippet":"max-snippet:-1","max-image-preview":"max-image-preview:large","max-video-preview":"max-video-preview:-1"},"canonical":"https:\/\/sulsc.com\/index.php\/2023\/10\/10\/operacao-tapa-buracos-prefeitura-intensifica-revitalizacao-de-ruas-em-criciuma\/","og_locale":"en_US","og_type":"article","og_title":"Opera\u00e7\u00e3o tapa-buracos: prefeitura intensifica revitaliza\u00e7\u00e3o de ruas em Crici\u00fama -","og_description":"Para revitalizar vias danificadas em virtude das fortes chuvas que atingiram a regi\u00e3o carbon\u00edfera nos \u00faltimos dias e garantir a seguran\u00e7a de condutores e pedestres, a Prefeitura de Crici\u00fama intensificou, na manh\u00e3 desta ter\u00e7a-feira (10), os servi\u00e7os de tapa-buracos. Executados pela Secretaria Municipal de Infraestrutura, Planejamento e Mobilidade Urbana, os trabalhos contemplam ruas de todas &hellip; Opera\u00e7\u00e3o tapa-buracos: prefeitura intensifica revitaliza\u00e7\u00e3o de ruas em Crici\u00fama Read More &raquo;","og_url":"https:\/\/sulsc.com\/index.php\/2023\/10\/10\/operacao-tapa-buracos-prefeitura-intensifica-revitalizacao-de-ruas-em-criciuma\/","article_author":"https:\/\/www.facebook.com\/profile.php?id=61559278119680","article_published_time":"2023-10-10T21:30:04+00:00","article_modified_time":"2023-10-10T20:16:26+00:00","og_image":[{"width":1311,"height":1016,"url":"https:\/\/sulsc.com\/wp-content\/uploads\/2023\/10\/Prefeitura_intensifica_revitalizacao_de_ruas_em_Criciuma_Foto_de_Divulgacao_Decom_1.jpeg","type":"image\/jpeg"}],"author":"Reda\u00e7\u00e3o Sul SC","twitter_card":"summary_large_image","twitter_creator":"@https:\/\/twitter.com\/PortalSulSC","twitter_misc":{"Written by":"Reda\u00e7\u00e3o Sul SC","Est. reading time":"1 minute"},"schema":{"@context":"https:\/\/schema.org","@graph":[{"@type":"WebPage","@id":"https:\/\/sulsc.com\/index.php\/2023\/10\/10\/operacao-tapa-buracos-prefeitura-intensifica-revitalizacao-de-ruas-em-criciuma\/","url":"https:\/\/sulsc.com\/index.php\/2023\/10\/10\/operacao-tapa-buracos-prefeitura-intensifica-revitalizacao-de-ruas-em-criciuma\/","name":"Opera\u00e7\u00e3o tapa-buracos: prefeitura intensifica revitaliza\u00e7\u00e3o de ruas em Crici\u00fama -","isPartOf":{"@id":"https:\/\/sulsc.com\/#website"},"datePublished":"2023-10-10T21:30:04+00:00","dateModified":"2023-10-10T20:16:26+00:00","author":{"@id":"https:\/\/sulsc.com\/#\/schema\/person\/84d2fc571684f6248ba83092f07750a3"},"breadcrumb":{"@id":"https:\/\/sulsc.com\/index.php\/2023\/10\/10\/operacao-tapa-buracos-prefeitura-intensifica-revitalizacao-de-ruas-em-criciuma\/#breadcrumb"},"inLanguage":"en-US","potentialAction":[{"@type":"ReadAction","target":["https:\/\/sulsc.com\/index.php\/2023\/10\/10\/operacao-tapa-buracos-prefeitura-intensifica-revitalizacao-de-ruas-em-criciuma\/"]}]},{"@type":"BreadcrumbList","@id":"https:\/\/sulsc.com\/index.php\/2023\/10\/10\/operacao-tapa-buracos-prefeitura-intensifica-revitalizacao-de-ruas-em-criciuma\/#breadcrumb","itemListElement":[{"@type":"ListItem","position":1,"name":"In\u00edcio","item":"https:\/\/sulsc.com\/"},{"@type":"ListItem","position":2,"name":"Opera\u00e7\u00e3o tapa-buracos: prefeitura intensifica revitaliza\u00e7\u00e3o de ruas em Crici\u00fama"}]},{"@type":"WebSite","@id":"https:\/\/sulsc.com\/#website","url":"https:\/\/sulsc.com\/","name":"","description":"","potentialAction":[{"@type":"SearchAction","target":{"@type":"EntryPoint","urlTemplate":"https:\/\/sulsc.com\/?s={search_term_string}"},"query-input":"required name=search_term_string"}],"inLanguage":"en-US"},{"@type":"Person","@id":"https:\/\/sulsc.com\/#\/schema\/person\/84d2fc571684f6248ba83092f07750a3","name":"Reda\u00e7\u00e3o Sul SC","image":{"@type":"ImageObject","inLanguage":"en-US","@id":"https:\/\/sulsc.com\/#\/schema\/person\/image\/e08d7fe2cc4ed596372063bbe852b8d0","url":"https:\/\/sulsc.com\/wp-content\/uploads\/2023\/09\/redacao.png","contentUrl":"https:\/\/sulsc.com\/wp-content\/uploads\/2023\/09\/redacao.png","caption":"Reda\u00e7\u00e3o Sul SC"},"description":"Foco em um jornalismo imparcial, voltado \u00e0 qualidade dos seus conte\u00fados e, assim, levar informa\u00e7\u00e3o de valor que agregue \u00e0 vida dos leitores. Esta \u00e9 grande miss\u00e3o do Portal de Not\u00edcias Sul SC. N\u00e3o \u00e9 quantidade que muda o mundo, sempre foi e seguir\u00e1 sendo qualidade!","sameAs":["https:\/\/sulsc.com\/","https:\/\/www.facebook.com\/profile.php?id=61559278119680","https:\/\/www.instagram.com\/sulscportal\/?hl=pt-br","https:\/\/twitter.com\/https:\/\/twitter.com\/PortalSulSC","https:\/\/www.youtube.com\/channel\/UCv_BE8GeySluDov2n8qhVmw"],"url":"https:\/\/sulsc.com\/index.php\/author\/redacao\/"}]}},"authors":[],"_links":{"self":[{"href":"https:\/\/sulsc.com\/index.php\/wp-json\/wp\/v2\/posts\/2149"}],"collection":[{"href":"https:\/\/sulsc.com\/index.php\/wp-json\/wp\/v2\/posts"}],"about":[{"href":"https:\/\/sulsc.com\/index.php\/wp-json\/wp\/v2\/types\/post"}],"author":[{"embeddable":true,"href":"https:\/\/sulsc.com\/index.php\/wp-json\/wp\/v2\/users\/3"}],"replies":[{"embeddable":true,"href":"https:\/\/sulsc.com\/index.php\/wp-json\/wp\/v2\/comments?post=2149"}],"version-history":[{"count":2,"href":"https:\/\/sulsc.com\/index.php\/wp-json\/wp\/v2\/posts\/2149\/revisions"}],"predecessor-version":[{"id":2153,"href":"https:\/\/sulsc.com\/index.php\/wp-json\/wp\/v2\/posts\/2149\/revisions\/2153"}],"wp:featuredmedia":[{"embeddable":true,"href":"https:\/\/sulsc.com\/index.php\/wp-json\/wp\/v2\/media\/2150"}],"wp:attachment":[{"href":"https:\/\/sulsc.com\/index.php\/wp-json\/wp\/v2\/media?parent=2149"}],"wp:term":[{"taxonomy":"category","embeddable":true,"href":"https:\/\/sulsc.com\/index.php\/wp-json\/wp\/v2\/categories?post=2149"},{"taxonomy":"post_tag","embeddable":true,"href":"https:\/\/sulsc.com\/index.php\/wp-json\/wp\/v2\/tags?post=2149"}],"curies":[{"name":"wp","href":"https:\/\/api.w.org\/{rel}","templated":true}]}}